{"id":12160,"date":"2021-05-17T15:15:00","date_gmt":"2021-05-17T13:15:00","guid":{"rendered":"https:\/\/lightweb.dev\/l\/svm-temp\/nyheter\/stranderna-ska-bli-i-toppskick\/"},"modified":"2021-05-17T15:15:00","modified_gmt":"2021-05-17T13:15:00","slug":"stranderna-ska-bli-i-toppskick","status":"publish","type":"post","link":"https:\/\/lightweb.dev\/l\/svm-temp\/nyheter\/stranderna-ska-bli-i-toppskick\/","title":{"rendered":"Str\u00e4nderna ska bli i toppskick"},"content":{"rendered":"<p> Med h\u00f6gsommarv\u00e4dret i helgen inleddes strandlivet p\u00e5 allvar. J\u00e4mf\u00f6rt med ifjol blir det f\u00e4rre begr\u00e4nsningar. I skrivande stund \u00e4r det bara Marbella kommun som har inf\u00f6rt ett f\u00f6rbud mot att samlas p\u00e5 stranden fr\u00e5n midnatt fram till klockan 6. Det beslutet tas f\u00f6r att undvika strandfester nattetid efter att barer och restauranger har st\u00e4ngt.<\/p>\n<p>Stormar och h\u00e5rt v\u00e4der som drabbat kusten under vintern och v\u00e5ren har g\u00e5tt illa \u00e5t str\u00e4nder i Rinc\u00f3n de la Victoria, Estepona, V\u00e9lez-M\u00e1laga, Marbella och Fuengirola. Det \u00e4r kommuner som \u00e4r i behov av sand. H\u00e4r p\u00e5g\u00e5r arbetet med att \u00e5terst\u00e4lla flera str\u00e4nder.<\/p>\n<p>Fuengirola drabbades h\u00e5rt i v\u00e5ras av stormar. Utsiktstorn som livr\u00e4ddarna anv\u00e4nder sig av liksom duschplattformar flyttades eller v\u00e4ltes av stora v\u00e5gor.<\/p>\n<p>Marbella har beg\u00e4rt att f\u00e5 200.000 kubikmeter sand till str\u00e4nderna Venus och Punta Anc\u00f3n som har drabbats h\u00e5rdast. I Estepona \u00e4r det sex str\u00e4nder och framf\u00f6r allt El Padr\u00f3n och El \u00c1ngel som m\u00e5ste \u00e5tg\u00e4rdas och \u00e5terst\u00e4llas.<\/p>\n<p>Mijas kommun v\u00e4ntar p\u00e5 15.000 kubikmeter sand.<\/p>\n<p>\u00c4ven i Axarqu\u00eda \u00f6ster om M\u00e1laga \u00e5tg\u00e4rdas str\u00e4nder som Los Rubios i Torre de Benagalb\u00f3n samt Arroyo Granadillas i Rinc\u00f3n de la Victoria. I V\u00e9lez-M\u00e1laga \u00e4r det fr\u00e4mst str\u00e4nder i Torre del Mar, Chilches, Valle-Niza och La Caleta de V\u00e9lez som ska breddas och \u00e5tg\u00e4rdas. Liksom Pe\u00f1oncillo i Torrox.<\/p>\n<p>Den 15 juni inleds h\u00f6gs\u00e4songen officiellt och fram till dess ska samtliga str\u00e4nder vara i toppskick.<\/p>\n<p>Enligt Diario SUR som har gjort en genomg\u00e5ng av vilka planer kustkommunerna har inf\u00f6r sommaren kan det skilja sig \u00e5t en smula. Samtliga kommuner har strandvakter, totalt 200. Vilken information och hur de sedan agerar kan skilja sig \u00e5t.<\/p>\n<p>B\u00e5de Estepona och Rinc\u00f3n de la Victoria meddelar att deras strandvakter ska agera som \u00f6vervakare f\u00f6r att rapportera om aktuella Covid-\u00e5tg\u00e4rder. \u00c4ven samordnare finns p\u00e5 plats f\u00f6r att se efter s\u00e5 att \u00e5tg\u00e4rderna f\u00f6ljs.<\/p>\n<p>Precis som sommaren ifjol g\u00f6rs stora insatser kring hygien- och desinfektions\u00e5tg\u00e4rder av toalettmoduler, duschar och av ramper ned till str\u00e4nderna.<\/p>\n<p>I exempelvis Estepona \u00e4r strandtoaletterna \u00f6ppna mellan klockan 12 till 20 och reng\u00f6rs fyra g\u00e5nger om dagen.<\/p>\n<p>I V\u00e9lez-M\u00e1laga p\u00e5 \u00f6stra Costa del Sol delas str\u00e4nderna in i rutn\u00e4t s\u00e5 att s\u00e4kerhetsavst\u00e5nd kan h\u00e5llas mellan g\u00e4ster som inte bor ihop. Kommunen planerar att g\u00f6ra som ifjol. D\u00e5 delades gr\u00f6na flaggor ut till strandg\u00e4sterna av livvakterna och dessa kunde d\u00e5 markera sin zon.<\/p>\n<p>Fr\u00e5n den 15 juni \u00f6kar antalet livr\u00e4ddare och strandvakter. I Marbella kommun \u00e4r ett 40-tal i verksamhet. Estepona har 23 strandvakter, Rinc\u00f3n de la Victoria 30, Torrox 20 och Mijas 73. Strandvakterna p\u00e5 Mijas Costa kommer \u00e4ven att anv\u00e4nda sig av dr\u00f6nare i arbetet med att bevaka kapaciteten p\u00e5 str\u00e4nderna.<\/p>\n<p>Dr\u00f6narna ska i framtiden kunna transportera flytv\u00e4star till personer som \u00e4r i n\u00f6dsituationer.<\/p>\n<p>Under tidiga morgontimmar st\u00e4das str\u00e4nderna. <\/p>\n<p>\u00c4ven de tio kustkommunerna p\u00e5 Costa Tropical planerar f\u00f6r den andra pandemisommaren i rad. Livr\u00e4ddare och strandvakter kommer att finnas p\u00e5 plats som tidigare. D\u00e4remot kommer inte regionregeringen att bidra med 80 strandassistenter som under sommaren 2020.<\/p>\n<p>Under fjol\u00e5ret fick tillfarterna till str\u00e4nder som playa de La Rijana, San Crist\u00f3bal, Calabaj\u00edo och La Herradura st\u00e4nga tillf\u00e4lligt p\u00e5 s\u00f6ndagar p\u00e5 grund av alla strandg\u00e4ster. Str\u00e4nderna ans\u00e5gs fullbelagda. <\/p>\n<p>Kommunalr\u00e5det med ansvar f\u00f6r str\u00e4nder i Almu\u00f1\u00e9car, Daniel Barbero, s\u00e4ger att i \u00e5r kommer st\u00e4dpersonal och renh\u00e5llningspersonal att \u00f6ka.<\/p>\n","protected":false},"excerpt":{"rendered":"<p>Med h\u00f6gsommarv\u00e4dret i helgen inleddes strandlivet p\u00e5 allvar. J\u00e4mf\u00f6rt med ifjol blir det f\u00e4rre begr\u00e4nsningar. I skrivande stund \u00e4r det bara Marbella kommun som har inf\u00f6rt ett f\u00f6rbud mot att samlas p\u00e5 stranden fr\u00e5n midnatt fram till klockan 6. Det beslutet tas f\u00f6r att undvika strandfester nattetid efter att barer och restauranger har st\u00e4ngt. Stormar [&hellip;]<\/p>\n","protected":false},"author":8,"featured_media":12161,"comment_status":"open","ping_status":"open","sticky":false,"template":"","format":"standard","meta":{"_et_pb_use_builder":"","_et_pb_old_content":"","_et_gb_content_width":"","footnotes":""},"categories":[395,3],"tags":[],"class_list":["post-12160","post","type-post","status-publish","format-standard","has-post-thumbnail","hentry","category-arkiv-nyheter","category-nyheter"],"yoast_head":"<!-- This site is optimized with the Yoast SEO Premium plugin v26.2 (Yoast SEO v27.4) - https:\/\/yoast.com\/product\/yoast-seo-premium-wordpress\/ -->\n<title>Str\u00e4nderna ska bli i toppskick - Svenska Magasinet<\/title>\n<meta name=\"robots\" content=\"noindex, follow, max-snippet:-1, max-image-preview:large, max-video-preview:-1\" \/>\n<meta property=\"og:locale\" content=\"sv_SE\" \/>\n<meta property=\"og:type\" content=\"article\" \/>\n<meta property=\"og:title\" content=\"Str\u00e4nderna ska bli i toppskick\" \/>\n<meta property=\"og:description\" content=\"Med h\u00f6gsommarv\u00e4dret i helgen inleddes strandlivet p\u00e5 allvar. J\u00e4mf\u00f6rt med ifjol blir det f\u00e4rre begr\u00e4nsningar. I skrivande stund \u00e4r det bara Marbella kommun som har inf\u00f6rt ett f\u00f6rbud mot att samlas p\u00e5 stranden fr\u00e5n midnatt fram till klockan 6. Det beslutet tas f\u00f6r att undvika strandfester nattetid efter att barer och restauranger har st\u00e4ngt. Stormar [&hellip;]\" \/>\n<meta property=\"og:url\" content=\"https:\/\/lightweb.dev\/l\/svm-temp\/nyheter\/stranderna-ska-bli-i-toppskick\/\" \/>\n<meta property=\"og:site_name\" content=\"Svenska Magasinet\" \/>\n<meta property=\"article:publisher\" content=\"https:\/\/www.facebook.com\/svenskamagasinet\" \/>\n<meta property=\"article:published_time\" content=\"2021-05-17T13:15:00+00:00\" \/>\n<meta property=\"og:image\" content=\"https:\/\/lightweb.dev\/l\/svm-temp\/wp-content\/uploads\/2022\/06\/stranderna-ska-bli-i-toppskick.png\" \/>\n\t<meta property=\"og:image:width\" content=\"500\" \/>\n\t<meta property=\"og:image:height\" content=\"300\" \/>\n\t<meta property=\"og:image:type\" content=\"image\/png\" \/>\n<meta name=\"author\" content=\"Redaktionen SvM\" \/>\n<meta name=\"twitter:card\" content=\"summary_large_image\" \/>\n<meta name=\"twitter:creator\" content=\"@SvenskaMagasine\" \/>\n<meta name=\"twitter:site\" content=\"@SvenskaMagasine\" \/>\n<script type=\"application\/ld+json\" class=\"yoast-schema-graph\">{\"@context\":\"https:\\\/\\\/schema.org\",\"@graph\":[{\"@type\":\"Article\",\"@id\":\"https:\\\/\\\/lightweb.dev\\\/l\\\/svm-temp\\\/nyheter\\\/stranderna-ska-bli-i-toppskick\\\/#article\",\"isPartOf\":{\"@id\":\"https:\\\/\\\/lightweb.dev\\\/l\\\/svm-temp\\\/nyheter\\\/stranderna-ska-bli-i-toppskick\\\/\"},\"author\":{\"name\":\"Redaktionen SvM\",\"@id\":\"https:\\\/\\\/lightweb.dev\\\/l\\\/svm-temp\\\/#\\\/schema\\\/person\\\/206a3bda5b607b0c25e1749191e4d837\"},\"headline\":\"Str\u00e4nderna ska bli i toppskick\",\"datePublished\":\"2021-05-17T13:15:00+00:00\",\"mainEntityOfPage\":{\"@id\":\"https:\\\/\\\/lightweb.dev\\\/l\\\/svm-temp\\\/nyheter\\\/stranderna-ska-bli-i-toppskick\\\/\"},\"wordCount\":642,\"commentCount\":0,\"publisher\":{\"@id\":\"https:\\\/\\\/lightweb.dev\\\/l\\\/svm-temp\\\/#organization\"},\"image\":{\"@id\":\"https:\\\/\\\/lightweb.dev\\\/l\\\/svm-temp\\\/nyheter\\\/stranderna-ska-bli-i-toppskick\\\/#primaryimage\"},\"thumbnailUrl\":\"https:\\\/\\\/lightweb.dev\\\/l\\\/svm-temp\\\/wp-content\\\/uploads\\\/2022\\\/06\\\/stranderna-ska-bli-i-toppskick.png\",\"articleSection\":[\"Arkiv\",\"Nyheter\"],\"inLanguage\":\"sv-SE\"},{\"@type\":\"WebPage\",\"@id\":\"https:\\\/\\\/lightweb.dev\\\/l\\\/svm-temp\\\/nyheter\\\/stranderna-ska-bli-i-toppskick\\\/\",\"url\":\"https:\\\/\\\/lightweb.dev\\\/l\\\/svm-temp\\\/nyheter\\\/stranderna-ska-bli-i-toppskick\\\/\",\"name\":\"Str\u00e4nderna ska bli i toppskick - Svenska Magasinet\",\"isPartOf\":{\"@id\":\"https:\\\/\\\/lightweb.dev\\\/l\\\/svm-temp\\\/#website\"},\"primaryImageOfPage\":{\"@id\":\"https:\\\/\\\/lightweb.dev\\\/l\\\/svm-temp\\\/nyheter\\\/stranderna-ska-bli-i-toppskick\\\/#primaryimage\"},\"image\":{\"@id\":\"https:\\\/\\\/lightweb.dev\\\/l\\\/svm-temp\\\/nyheter\\\/stranderna-ska-bli-i-toppskick\\\/#primaryimage\"},\"thumbnailUrl\":\"https:\\\/\\\/lightweb.dev\\\/l\\\/svm-temp\\\/wp-content\\\/uploads\\\/2022\\\/06\\\/stranderna-ska-bli-i-toppskick.png\",\"datePublished\":\"2021-05-17T13:15:00+00:00\",\"breadcrumb\":{\"@id\":\"https:\\\/\\\/lightweb.dev\\\/l\\\/svm-temp\\\/nyheter\\\/stranderna-ska-bli-i-toppskick\\\/#breadcrumb\"},\"inLanguage\":\"sv-SE\",\"potentialAction\":[{\"@type\":\"ReadAction\",\"target\":[\"https:\\\/\\\/lightweb.dev\\\/l\\\/svm-temp\\\/nyheter\\\/stranderna-ska-bli-i-toppskick\\\/\"]}]},{\"@type\":\"ImageObject\",\"inLanguage\":\"sv-SE\",\"@id\":\"https:\\\/\\\/lightweb.dev\\\/l\\\/svm-temp\\\/nyheter\\\/stranderna-ska-bli-i-toppskick\\\/#primaryimage\",\"url\":\"https:\\\/\\\/lightweb.dev\\\/l\\\/svm-temp\\\/wp-content\\\/uploads\\\/2022\\\/06\\\/stranderna-ska-bli-i-toppskick.png\",\"contentUrl\":\"https:\\\/\\\/lightweb.dev\\\/l\\\/svm-temp\\\/wp-content\\\/uploads\\\/2022\\\/06\\\/stranderna-ska-bli-i-toppskick.png\",\"width\":500,\"height\":300},{\"@type\":\"BreadcrumbList\",\"@id\":\"https:\\\/\\\/lightweb.dev\\\/l\\\/svm-temp\\\/nyheter\\\/stranderna-ska-bli-i-toppskick\\\/#breadcrumb\",\"itemListElement\":[{\"@type\":\"ListItem\",\"position\":1,\"name\":\"Hem\",\"item\":\"https:\\\/\\\/lightweb.dev\\\/l\\\/svm-temp\\\/\"},{\"@type\":\"ListItem\",\"position\":2,\"name\":\"Str\u00e4nderna ska bli i toppskick\"}]},{\"@type\":\"WebSite\",\"@id\":\"https:\\\/\\\/lightweb.dev\\\/l\\\/svm-temp\\\/#website\",\"url\":\"https:\\\/\\\/lightweb.dev\\\/l\\\/svm-temp\\\/\",\"name\":\"Svenska Magasinet\",\"description\":\"Dina Spanska nyheter p&aring; Svenska\",\"publisher\":{\"@id\":\"https:\\\/\\\/lightweb.dev\\\/l\\\/svm-temp\\\/#organization\"},\"potentialAction\":[{\"@type\":\"SearchAction\",\"target\":{\"@type\":\"EntryPoint\",\"urlTemplate\":\"https:\\\/\\\/lightweb.dev\\\/l\\\/svm-temp\\\/?s={search_term_string}\"},\"query-input\":{\"@type\":\"PropertyValueSpecification\",\"valueRequired\":true,\"valueName\":\"search_term_string\"}}],\"inLanguage\":\"sv-SE\"},{\"@type\":\"Organization\",\"@id\":\"https:\\\/\\\/lightweb.dev\\\/l\\\/svm-temp\\\/#organization\",\"name\":\"Melkerson y Nott SL\",\"alternateName\":\"Svenska Magasinet\",\"url\":\"https:\\\/\\\/lightweb.dev\\\/l\\\/svm-temp\\\/\",\"logo\":{\"@type\":\"ImageObject\",\"inLanguage\":\"sv-SE\",\"@id\":\"https:\\\/\\\/lightweb.dev\\\/l\\\/svm-temp\\\/#\\\/schema\\\/logo\\\/image\\\/\",\"url\":\"https:\\\/\\\/lightweb.dev\\\/l\\\/svm-temp\\\/wp-content\\\/uploads\\\/2025\\\/02\\\/SvM-logo-Xtra-Centrerad-SVART.png\",\"contentUrl\":\"https:\\\/\\\/lightweb.dev\\\/l\\\/svm-temp\\\/wp-content\\\/uploads\\\/2025\\\/02\\\/SvM-logo-Xtra-Centrerad-SVART.png\",\"width\":300,\"height\":99,\"caption\":\"Melkerson y Nott SL\"},\"image\":{\"@id\":\"https:\\\/\\\/lightweb.dev\\\/l\\\/svm-temp\\\/#\\\/schema\\\/logo\\\/image\\\/\"},\"sameAs\":[\"https:\\\/\\\/www.facebook.com\\\/svenskamagasinet\",\"https:\\\/\\\/x.com\\\/SvenskaMagasine\"]},{\"@type\":\"Person\",\"@id\":\"https:\\\/\\\/lightweb.dev\\\/l\\\/svm-temp\\\/#\\\/schema\\\/person\\\/206a3bda5b607b0c25e1749191e4d837\",\"name\":\"Redaktionen SvM\",\"description\":\"Redaktionen\",\"sameAs\":[\"https:\\\/\\\/lightweb.dev\\\/l\\\/svm-temp\"],\"url\":\"https:\\\/\\\/lightweb.dev\\\/l\\\/svm-temp\\\/reporter\\\/redaktionen\\\/\"}]}<\/script>\n<!-- \/ Yoast SEO Premium plugin. -->","yoast_head_json":{"title":"Str\u00e4nderna ska bli i toppskick - Svenska Magasinet","robots":{"index":"noindex","follow":"follow","max-snippet":"max-snippet:-1","max-image-preview":"max-image-preview:large","max-video-preview":"max-video-preview:-1"},"og_locale":"sv_SE","og_type":"article","og_title":"Str\u00e4nderna ska bli i toppskick","og_description":"Med h\u00f6gsommarv\u00e4dret i helgen inleddes strandlivet p\u00e5 allvar. J\u00e4mf\u00f6rt med ifjol blir det f\u00e4rre begr\u00e4nsningar. I skrivande stund \u00e4r det bara Marbella kommun som har inf\u00f6rt ett f\u00f6rbud mot att samlas p\u00e5 stranden fr\u00e5n midnatt fram till klockan 6. Det beslutet tas f\u00f6r att undvika strandfester nattetid efter att barer och restauranger har st\u00e4ngt. Stormar [&hellip;]","og_url":"https:\/\/lightweb.dev\/l\/svm-temp\/nyheter\/stranderna-ska-bli-i-toppskick\/","og_site_name":"Svenska Magasinet","article_publisher":"https:\/\/www.facebook.com\/svenskamagasinet","article_published_time":"2021-05-17T13:15:00+00:00","og_image":[{"width":500,"height":300,"url":"https:\/\/lightweb.dev\/l\/svm-temp\/wp-content\/uploads\/2022\/06\/stranderna-ska-bli-i-toppskick.png","type":"image\/png"}],"author":"Redaktionen SvM","twitter_card":"summary_large_image","twitter_creator":"@SvenskaMagasine","twitter_site":"@SvenskaMagasine","schema":{"@context":"https:\/\/schema.org","@graph":[{"@type":"Article","@id":"https:\/\/lightweb.dev\/l\/svm-temp\/nyheter\/stranderna-ska-bli-i-toppskick\/#article","isPartOf":{"@id":"https:\/\/lightweb.dev\/l\/svm-temp\/nyheter\/stranderna-ska-bli-i-toppskick\/"},"author":{"name":"Redaktionen SvM","@id":"https:\/\/lightweb.dev\/l\/svm-temp\/#\/schema\/person\/206a3bda5b607b0c25e1749191e4d837"},"headline":"Str\u00e4nderna ska bli i toppskick","datePublished":"2021-05-17T13:15:00+00:00","mainEntityOfPage":{"@id":"https:\/\/lightweb.dev\/l\/svm-temp\/nyheter\/stranderna-ska-bli-i-toppskick\/"},"wordCount":642,"commentCount":0,"publisher":{"@id":"https:\/\/lightweb.dev\/l\/svm-temp\/#organization"},"image":{"@id":"https:\/\/lightweb.dev\/l\/svm-temp\/nyheter\/stranderna-ska-bli-i-toppskick\/#primaryimage"},"thumbnailUrl":"https:\/\/lightweb.dev\/l\/svm-temp\/wp-content\/uploads\/2022\/06\/stranderna-ska-bli-i-toppskick.png","articleSection":["Arkiv","Nyheter"],"inLanguage":"sv-SE"},{"@type":"WebPage","@id":"https:\/\/lightweb.dev\/l\/svm-temp\/nyheter\/stranderna-ska-bli-i-toppskick\/","url":"https:\/\/lightweb.dev\/l\/svm-temp\/nyheter\/stranderna-ska-bli-i-toppskick\/","name":"Str\u00e4nderna ska bli i toppskick - Svenska Magasinet","isPartOf":{"@id":"https:\/\/lightweb.dev\/l\/svm-temp\/#website"},"primaryImageOfPage":{"@id":"https:\/\/lightweb.dev\/l\/svm-temp\/nyheter\/stranderna-ska-bli-i-toppskick\/#primaryimage"},"image":{"@id":"https:\/\/lightweb.dev\/l\/svm-temp\/nyheter\/stranderna-ska-bli-i-toppskick\/#primaryimage"},"thumbnailUrl":"https:\/\/lightweb.dev\/l\/svm-temp\/wp-content\/uploads\/2022\/06\/stranderna-ska-bli-i-toppskick.png","datePublished":"2021-05-17T13:15:00+00:00","breadcrumb":{"@id":"https:\/\/lightweb.dev\/l\/svm-temp\/nyheter\/stranderna-ska-bli-i-toppskick\/#breadcrumb"},"inLanguage":"sv-SE","potentialAction":[{"@type":"ReadAction","target":["https:\/\/lightweb.dev\/l\/svm-temp\/nyheter\/stranderna-ska-bli-i-toppskick\/"]}]},{"@type":"ImageObject","inLanguage":"sv-SE","@id":"https:\/\/lightweb.dev\/l\/svm-temp\/nyheter\/stranderna-ska-bli-i-toppskick\/#primaryimage","url":"https:\/\/lightweb.dev\/l\/svm-temp\/wp-content\/uploads\/2022\/06\/stranderna-ska-bli-i-toppskick.png","contentUrl":"https:\/\/lightweb.dev\/l\/svm-temp\/wp-content\/uploads\/2022\/06\/stranderna-ska-bli-i-toppskick.png","width":500,"height":300},{"@type":"BreadcrumbList","@id":"https:\/\/lightweb.dev\/l\/svm-temp\/nyheter\/stranderna-ska-bli-i-toppskick\/#breadcrumb","itemListElement":[{"@type":"ListItem","position":1,"name":"Hem","item":"https:\/\/lightweb.dev\/l\/svm-temp\/"},{"@type":"ListItem","position":2,"name":"Str\u00e4nderna ska bli i toppskick"}]},{"@type":"WebSite","@id":"https:\/\/lightweb.dev\/l\/svm-temp\/#website","url":"https:\/\/lightweb.dev\/l\/svm-temp\/","name":"Svenska Magasinet","description":"Dina Spanska nyheter p&aring; Svenska","publisher":{"@id":"https:\/\/lightweb.dev\/l\/svm-temp\/#organization"},"potentialAction":[{"@type":"SearchAction","target":{"@type":"EntryPoint","urlTemplate":"https:\/\/lightweb.dev\/l\/svm-temp\/?s={search_term_string}"},"query-input":{"@type":"PropertyValueSpecification","valueRequired":true,"valueName":"search_term_string"}}],"inLanguage":"sv-SE"},{"@type":"Organization","@id":"https:\/\/lightweb.dev\/l\/svm-temp\/#organization","name":"Melkerson y Nott SL","alternateName":"Svenska Magasinet","url":"https:\/\/lightweb.dev\/l\/svm-temp\/","logo":{"@type":"ImageObject","inLanguage":"sv-SE","@id":"https:\/\/lightweb.dev\/l\/svm-temp\/#\/schema\/logo\/image\/","url":"https:\/\/lightweb.dev\/l\/svm-temp\/wp-content\/uploads\/2025\/02\/SvM-logo-Xtra-Centrerad-SVART.png","contentUrl":"https:\/\/lightweb.dev\/l\/svm-temp\/wp-content\/uploads\/2025\/02\/SvM-logo-Xtra-Centrerad-SVART.png","width":300,"height":99,"caption":"Melkerson y Nott SL"},"image":{"@id":"https:\/\/lightweb.dev\/l\/svm-temp\/#\/schema\/logo\/image\/"},"sameAs":["https:\/\/www.facebook.com\/svenskamagasinet","https:\/\/x.com\/SvenskaMagasine"]},{"@type":"Person","@id":"https:\/\/lightweb.dev\/l\/svm-temp\/#\/schema\/person\/206a3bda5b607b0c25e1749191e4d837","name":"Redaktionen SvM","description":"Redaktionen","sameAs":["https:\/\/lightweb.dev\/l\/svm-temp"],"url":"https:\/\/lightweb.dev\/l\/svm-temp\/reporter\/redaktionen\/"}]}},"_links":{"self":[{"href":"https:\/\/lightweb.dev\/l\/svm-temp\/wp-json\/wp\/v2\/posts\/12160","targetHints":{"allow":["GET"]}}],"collection":[{"href":"https:\/\/lightweb.dev\/l\/svm-temp\/wp-json\/wp\/v2\/posts"}],"about":[{"href":"https:\/\/lightweb.dev\/l\/svm-temp\/wp-json\/wp\/v2\/types\/post"}],"author":[{"embeddable":true,"href":"https:\/\/lightweb.dev\/l\/svm-temp\/wp-json\/wp\/v2\/users\/8"}],"replies":[{"embeddable":true,"href":"https:\/\/lightweb.dev\/l\/svm-temp\/wp-json\/wp\/v2\/comments?post=12160"}],"version-history":[{"count":0,"href":"https:\/\/lightweb.dev\/l\/svm-temp\/wp-json\/wp\/v2\/posts\/12160\/revisions"}],"wp:featuredmedia":[{"embeddable":true,"href":"https:\/\/lightweb.dev\/l\/svm-temp\/wp-json\/wp\/v2\/media\/12161"}],"wp:attachment":[{"href":"https:\/\/lightweb.dev\/l\/svm-temp\/wp-json\/wp\/v2\/media?parent=12160"}],"wp:term":[{"taxonomy":"category","embeddable":true,"href":"https:\/\/lightweb.dev\/l\/svm-temp\/wp-json\/wp\/v2\/categories?post=12160"},{"taxonomy":"post_tag","embeddable":true,"href":"https:\/\/lightweb.dev\/l\/svm-temp\/wp-json\/wp\/v2\/tags?post=12160"}],"curies":[{"name":"wp","href":"https:\/\/api.w.org\/{rel}","templated":true}]}}