{"id":12166,"date":"2021-05-14T10:27:00","date_gmt":"2021-05-14T08:27:00","guid":{"rendered":"https:\/\/lightweb.dev\/l\/svm-temp\/nyheter\/fredagsvinet-bara-25-procent-ar-smak-doft-och-farg\/"},"modified":"2021-05-14T10:27:00","modified_gmt":"2021-05-14T08:27:00","slug":"fredagsvinet-bara-25-procent-ar-smak-doft-och-farg","status":"publish","type":"post","link":"https:\/\/lightweb.dev\/l\/svm-temp\/nyheter\/fredagsvinet-bara-25-procent-ar-smak-doft-och-farg\/","title":{"rendered":"Fredagsvinet: Bara 2,5 procent \u00e4r smak, doft och f\u00e4rg"},"content":{"rendered":"<p> Filosofera \u00f6ver inneh\u00e5llet i buteljen ing\u00e5r i uppgiften att f\u00f6rs\u00f6ka skrapa lite p\u00e5 ytan och l\u00e4ra sig n\u00e5got om vin. Det \u00e4r bara det, att ju mer man l\u00e4r sig, desto mer f\u00f6rst\u00e5r man hur lite man vet. Det \u00e4r sv\u00e5rt att bli klok p\u00e5 inneh\u00e5llet. I regel \u00e4r 12,5 procent av inneh\u00e5llet alkohol. Men vad \u00e4r resten? Den k\u00e4nde vinkritikern Mikael M\u00f6lstad i Svenska Dagbladet skrev f\u00f6r en del \u00e5r sedan en intressant text om hur vinproducenter hade funderat hur exporten av varan kunde bli l\u00e4ttare.<\/p>\n<p>Var det s\u00e5 att producenten skulle kunna dra ut smak, doft och f\u00e4rg, l\u00e4gga den i en tub och skicka den p\u00e5 export som de g\u00f6r med Coca Cola? V\u00e4l framme skulle uppk\u00f6paren eller den lokale distribut\u00f6ren fylla p\u00e5 med vatten och alkohol och vinet var klart.<\/p>\n<p>Nej, det g\u00e5r inte. F\u00f6r vin \u00e4r en levande produkt som utvecklas.<\/p>\n<p>Texten av Mikael M\u00f6lstad f\u00e5ngade min uppm\u00e4rksamhet eftersom den beskrev inneh\u00e5llet i flaskan. F\u00f6rutom 12,5 procent alkohol inneh\u00e5ller flaskan 85 procent vatten! Ja, t\u00e4nk, att du sl\u00e4par hem v\u00e4ldigt dyrt vatten fr\u00e5n din vinbutik.<\/p>\n<p>S\u00e5 \u00e5terst\u00e5r det 2,5 procent. Just i dessa f\u00e5 procent sitter smaken, doften och f\u00e4rgen!<\/p>\n<p>V\u00e4rt att t\u00e4nka p\u00e5 n\u00e4r du \u00f6ppnar en butelj och njuter av v\u00e4rldens b\u00e4sta m\u00e5ltidsdryck.<\/p>\n<p>Utm\u00e4rkelse<br \/>\nJag tycker det \u00e4r riktigt trevligt n\u00e4r lokala viner fr\u00e5n provinsen M\u00e1laga visar framf\u00f6tterna ute i v\u00e4rlden och vinner utm\u00e4rkelser. Speciellt n\u00e4r det \u00e4r viner som Svenska Magasinet tidigare har rekommenderat.<\/p>\n<p>Redan den 10 april 2015 tipsade jag l\u00e4sekretsen om att h\u00e5lla \u00f6gonen p\u00e5 Bodega Do\u00f1a Felisa Chinchilla och deras utm\u00e4rkta vin Seis+Seis. Och jag rekommenderade vinet s\u00e5 sent som den 6 november i fjol:<\/p>\n<p>\u201dIntensiv vacker k\u00f6rsb\u00e4rsr\u00f6d f\u00e4rg med aromer av skogsb\u00e4r. Mogna tanniner. Ett vin med bra kropp, koncentrerat med balanserad syra och v\u00e4lintegrerad ek. P\u00e5 Tempranillo, 60%, och Syrah, 40%. Nio m\u00e5nader p\u00e5 fat. Pris: 11,80 euro\u201d.<\/p>\n<p>Bodega Do\u00f1a Felisa i Ronda \u00e4r en producent som g\u00e5r fr\u00e5n klarhet till klarhet. Deras utm\u00e4rkta r\u00f6dviner som seis+seis och Doble Doce har tidigare vunnit pris i Paris.<\/p>\n<p>Och nyligen var det dags igen, vid London Wine Competition, d\u00e4r viner fr\u00e5n 36 l\u00e4nder deltog. Seis+Seis fick 91 av totalt 100 po\u00e4ng och tog med det en av guldmedaljerna.<\/p>\n<p>Juryn vid LWC bestod av kunnigt folk med titeln masters of wine, sommelier och vink\u00e4nnare vid hotell och restauranger i London.<\/p>\n<p>Bodega Do\u00f1a Felisa grundades 1999 av paret Gema Alonso och Jos\u00e9 Mar\u00eda Losantos. Vi lyfter p\u00e5 hatten och gratulerar till \u00e4nnu en utm\u00e4rkelse.<\/p>\n<p>Och n\u00e4r vi \u00e4nd\u00e5 \u00e4r inne p\u00e5 lokala vintips s\u00e5 kommer ett till:<\/p>\n<p>N\u00e4r jag nyligen bes\u00f6kte den kombinerade mat- och turistm\u00e4ssan Sal\u00f3n de la Innovaci\u00f3n en la Hosteler\u00eda H&#038;T den 26 till 28 april i M\u00e1laga s\u00e5 fick jag m\u00f6jlighet att smaka en uts\u00f6kt getkilling till den serverades Rediel Blanc fr\u00e5n Bodegas Excelencia i Ronda.<\/p>\n<p>En torr vit p\u00e5 Moscatel morisco, Pedro Ximenez och Doradilla. Nyanser av persika, aprikos och tropiska frukter. Friskt, balanserad syra med en touch av s\u00e4lta. Utm\u00e4rkt dessutom till stekt dorada. Pris: 6,95 euro.<\/p>\n<p>Nya vintips regelbundet p\u00e5 Twitter under hashtag #spanskaviner<\/p>\n<p>Vinm\u00e4ssan Verema M\u00e1laga<br \/>\nL\u00e4gg den 24 maj p\u00e5 minnet. D\u00e5 \u00e4r det \u00e4ntligen dags f\u00f6r Experiencia Verema i M\u00e1laga p\u00e5 Gran Hotel Miramar GL p\u00e5 Paseo Paseo Reding 22, 24. \u00d6ppet mellan klockan 12 till 15:00 och 17 till 21. F\u00f6rhandsbokning via webbplatsen verema. D\u00e5 kostar intr\u00e4det 10 euro. Annars 15 euro.<\/p>\n<p>MER OM VIN HITTAR DU H\u00c4R:<\/p>\n<p>Vacker av vin och resveratrol<br \/>\nVin fr\u00e5n Manilva och Mallorca<br \/>\nVin motverkar f\u00f6rkyning<br \/>\nSnyggare och charmigare av vin<br \/>\nR\u00f6dvin f\u00f6rbr\u00e4nner fettceller<br \/>\nVintips: Hj\u00e4lper dig att g\u00e5 ned i vikt<\/p>\n","protected":false},"excerpt":{"rendered":"<p>Filosofera \u00f6ver inneh\u00e5llet i buteljen ing\u00e5r i uppgiften att f\u00f6rs\u00f6ka skrapa lite p\u00e5 ytan och l\u00e4ra sig n\u00e5got om vin. Det \u00e4r bara det, att ju mer man l\u00e4r sig, desto mer f\u00f6rst\u00e5r man hur lite man vet. Det \u00e4r sv\u00e5rt att bli klok p\u00e5 inneh\u00e5llet. I regel \u00e4r 12,5 procent av inneh\u00e5llet alkohol. Men [&hellip;]<\/p>\n","protected":false},"author":8,"featured_media":12167,"comment_status":"open","ping_status":"open","sticky":false,"template":"","format":"standard","meta":{"_et_pb_use_builder":"","_et_pb_old_content":"","_et_gb_content_width":"","footnotes":""},"categories":[395,3],"tags":[],"class_list":["post-12166","post","type-post","status-publish","format-standard","has-post-thumbnail","hentry","category-arkiv-nyheter","category-nyheter"],"yoast_head":"<!-- This site is optimized with the Yoast SEO Premium plugin v26.2 (Yoast SEO v27.4) - https:\/\/yoast.com\/product\/yoast-seo-premium-wordpress\/ -->\n<title>Fredagsvinet: Bara 2,5 procent \u00e4r smak, doft och f\u00e4rg - Svenska Magasinet<\/title>\n<meta name=\"robots\" content=\"noindex, follow, max-snippet:-1, max-image-preview:large, max-video-preview:-1\" \/>\n<meta property=\"og:locale\" content=\"sv_SE\" \/>\n<meta property=\"og:type\" content=\"article\" \/>\n<meta property=\"og:title\" content=\"Fredagsvinet: Bara 2,5 procent \u00e4r smak, doft och f\u00e4rg\" \/>\n<meta property=\"og:description\" content=\"Filosofera \u00f6ver inneh\u00e5llet i buteljen ing\u00e5r i uppgiften att f\u00f6rs\u00f6ka skrapa lite p\u00e5 ytan och l\u00e4ra sig n\u00e5got om vin. Det \u00e4r bara det, att ju mer man l\u00e4r sig, desto mer f\u00f6rst\u00e5r man hur lite man vet. Det \u00e4r sv\u00e5rt att bli klok p\u00e5 inneh\u00e5llet. I regel \u00e4r 12,5 procent av inneh\u00e5llet alkohol. Men [&hellip;]\" \/>\n<meta property=\"og:url\" content=\"https:\/\/lightweb.dev\/l\/svm-temp\/nyheter\/fredagsvinet-bara-25-procent-ar-smak-doft-och-farg\/\" \/>\n<meta property=\"og:site_name\" content=\"Svenska Magasinet\" \/>\n<meta property=\"article:publisher\" content=\"https:\/\/www.facebook.com\/svenskamagasinet\" \/>\n<meta property=\"article:published_time\" content=\"2021-05-14T08:27:00+00:00\" \/>\n<meta property=\"og:image\" content=\"https:\/\/lightweb.dev\/l\/svm-temp\/wp-content\/uploads\/2022\/06\/fredagsvinet-bara-25-procent-ar-smak-doft-och-farg.png\" \/>\n\t<meta property=\"og:image:width\" content=\"500\" \/>\n\t<meta property=\"og:image:height\" content=\"300\" \/>\n\t<meta property=\"og:image:type\" content=\"image\/png\" \/>\n<meta name=\"author\" content=\"Redaktionen SvM\" \/>\n<meta name=\"twitter:card\" content=\"summary_large_image\" \/>\n<meta name=\"twitter:creator\" content=\"@SvenskaMagasine\" \/>\n<meta name=\"twitter:site\" content=\"@SvenskaMagasine\" \/>\n<script type=\"application\/ld+json\" class=\"yoast-schema-graph\">{\"@context\":\"https:\\\/\\\/schema.org\",\"@graph\":[{\"@type\":\"Article\",\"@id\":\"https:\\\/\\\/lightweb.dev\\\/l\\\/svm-temp\\\/nyheter\\\/fredagsvinet-bara-25-procent-ar-smak-doft-och-farg\\\/#article\",\"isPartOf\":{\"@id\":\"https:\\\/\\\/lightweb.dev\\\/l\\\/svm-temp\\\/nyheter\\\/fredagsvinet-bara-25-procent-ar-smak-doft-och-farg\\\/\"},\"author\":{\"name\":\"Redaktionen SvM\",\"@id\":\"https:\\\/\\\/lightweb.dev\\\/l\\\/svm-temp\\\/#\\\/schema\\\/person\\\/206a3bda5b607b0c25e1749191e4d837\"},\"headline\":\"Fredagsvinet: Bara 2,5 procent \u00e4r smak, doft och f\u00e4rg\",\"datePublished\":\"2021-05-14T08:27:00+00:00\",\"mainEntityOfPage\":{\"@id\":\"https:\\\/\\\/lightweb.dev\\\/l\\\/svm-temp\\\/nyheter\\\/fredagsvinet-bara-25-procent-ar-smak-doft-och-farg\\\/\"},\"wordCount\":685,\"commentCount\":0,\"publisher\":{\"@id\":\"https:\\\/\\\/lightweb.dev\\\/l\\\/svm-temp\\\/#organization\"},\"image\":{\"@id\":\"https:\\\/\\\/lightweb.dev\\\/l\\\/svm-temp\\\/nyheter\\\/fredagsvinet-bara-25-procent-ar-smak-doft-och-farg\\\/#primaryimage\"},\"thumbnailUrl\":\"https:\\\/\\\/lightweb.dev\\\/l\\\/svm-temp\\\/wp-content\\\/uploads\\\/2022\\\/06\\\/fredagsvinet-bara-25-procent-ar-smak-doft-och-farg.png\",\"articleSection\":[\"Arkiv\",\"Nyheter\"],\"inLanguage\":\"sv-SE\"},{\"@type\":\"WebPage\",\"@id\":\"https:\\\/\\\/lightweb.dev\\\/l\\\/svm-temp\\\/nyheter\\\/fredagsvinet-bara-25-procent-ar-smak-doft-och-farg\\\/\",\"url\":\"https:\\\/\\\/lightweb.dev\\\/l\\\/svm-temp\\\/nyheter\\\/fredagsvinet-bara-25-procent-ar-smak-doft-och-farg\\\/\",\"name\":\"Fredagsvinet: Bara 2,5 procent \u00e4r smak, doft och f\u00e4rg - Svenska Magasinet\",\"isPartOf\":{\"@id\":\"https:\\\/\\\/lightweb.dev\\\/l\\\/svm-temp\\\/#website\"},\"primaryImageOfPage\":{\"@id\":\"https:\\\/\\\/lightweb.dev\\\/l\\\/svm-temp\\\/nyheter\\\/fredagsvinet-bara-25-procent-ar-smak-doft-och-farg\\\/#primaryimage\"},\"image\":{\"@id\":\"https:\\\/\\\/lightweb.dev\\\/l\\\/svm-temp\\\/nyheter\\\/fredagsvinet-bara-25-procent-ar-smak-doft-och-farg\\\/#primaryimage\"},\"thumbnailUrl\":\"https:\\\/\\\/lightweb.dev\\\/l\\\/svm-temp\\\/wp-content\\\/uploads\\\/2022\\\/06\\\/fredagsvinet-bara-25-procent-ar-smak-doft-och-farg.png\",\"datePublished\":\"2021-05-14T08:27:00+00:00\",\"breadcrumb\":{\"@id\":\"https:\\\/\\\/lightweb.dev\\\/l\\\/svm-temp\\\/nyheter\\\/fredagsvinet-bara-25-procent-ar-smak-doft-och-farg\\\/#breadcrumb\"},\"inLanguage\":\"sv-SE\",\"potentialAction\":[{\"@type\":\"ReadAction\",\"target\":[\"https:\\\/\\\/lightweb.dev\\\/l\\\/svm-temp\\\/nyheter\\\/fredagsvinet-bara-25-procent-ar-smak-doft-och-farg\\\/\"]}]},{\"@type\":\"ImageObject\",\"inLanguage\":\"sv-SE\",\"@id\":\"https:\\\/\\\/lightweb.dev\\\/l\\\/svm-temp\\\/nyheter\\\/fredagsvinet-bara-25-procent-ar-smak-doft-och-farg\\\/#primaryimage\",\"url\":\"https:\\\/\\\/lightweb.dev\\\/l\\\/svm-temp\\\/wp-content\\\/uploads\\\/2022\\\/06\\\/fredagsvinet-bara-25-procent-ar-smak-doft-och-farg.png\",\"contentUrl\":\"https:\\\/\\\/lightweb.dev\\\/l\\\/svm-temp\\\/wp-content\\\/uploads\\\/2022\\\/06\\\/fredagsvinet-bara-25-procent-ar-smak-doft-och-farg.png\",\"width\":500,\"height\":300},{\"@type\":\"BreadcrumbList\",\"@id\":\"https:\\\/\\\/lightweb.dev\\\/l\\\/svm-temp\\\/nyheter\\\/fredagsvinet-bara-25-procent-ar-smak-doft-och-farg\\\/#breadcrumb\",\"itemListElement\":[{\"@type\":\"ListItem\",\"position\":1,\"name\":\"Hem\",\"item\":\"https:\\\/\\\/lightweb.dev\\\/l\\\/svm-temp\\\/\"},{\"@type\":\"ListItem\",\"position\":2,\"name\":\"Fredagsvinet: Bara 2,5 procent \u00e4r smak, doft och f\u00e4rg\"}]},{\"@type\":\"WebSite\",\"@id\":\"https:\\\/\\\/lightweb.dev\\\/l\\\/svm-temp\\\/#website\",\"url\":\"https:\\\/\\\/lightweb.dev\\\/l\\\/svm-temp\\\/\",\"name\":\"Svenska Magasinet\",\"description\":\"Dina Spanska nyheter p&aring; Svenska\",\"publisher\":{\"@id\":\"https:\\\/\\\/lightweb.dev\\\/l\\\/svm-temp\\\/#organization\"},\"potentialAction\":[{\"@type\":\"SearchAction\",\"target\":{\"@type\":\"EntryPoint\",\"urlTemplate\":\"https:\\\/\\\/lightweb.dev\\\/l\\\/svm-temp\\\/?s={search_term_string}\"},\"query-input\":{\"@type\":\"PropertyValueSpecification\",\"valueRequired\":true,\"valueName\":\"search_term_string\"}}],\"inLanguage\":\"sv-SE\"},{\"@type\":\"Organization\",\"@id\":\"https:\\\/\\\/lightweb.dev\\\/l\\\/svm-temp\\\/#organization\",\"name\":\"Melkerson y Nott SL\",\"alternateName\":\"Svenska Magasinet\",\"url\":\"https:\\\/\\\/lightweb.dev\\\/l\\\/svm-temp\\\/\",\"logo\":{\"@type\":\"ImageObject\",\"inLanguage\":\"sv-SE\",\"@id\":\"https:\\\/\\\/lightweb.dev\\\/l\\\/svm-temp\\\/#\\\/schema\\\/logo\\\/image\\\/\",\"url\":\"https:\\\/\\\/lightweb.dev\\\/l\\\/svm-temp\\\/wp-content\\\/uploads\\\/2025\\\/02\\\/SvM-logo-Xtra-Centrerad-SVART.png\",\"contentUrl\":\"https:\\\/\\\/lightweb.dev\\\/l\\\/svm-temp\\\/wp-content\\\/uploads\\\/2025\\\/02\\\/SvM-logo-Xtra-Centrerad-SVART.png\",\"width\":300,\"height\":99,\"caption\":\"Melkerson y Nott SL\"},\"image\":{\"@id\":\"https:\\\/\\\/lightweb.dev\\\/l\\\/svm-temp\\\/#\\\/schema\\\/logo\\\/image\\\/\"},\"sameAs\":[\"https:\\\/\\\/www.facebook.com\\\/svenskamagasinet\",\"https:\\\/\\\/x.com\\\/SvenskaMagasine\"]},{\"@type\":\"Person\",\"@id\":\"https:\\\/\\\/lightweb.dev\\\/l\\\/svm-temp\\\/#\\\/schema\\\/person\\\/206a3bda5b607b0c25e1749191e4d837\",\"name\":\"Redaktionen SvM\",\"description\":\"Redaktionen\",\"sameAs\":[\"https:\\\/\\\/lightweb.dev\\\/l\\\/svm-temp\"],\"url\":\"https:\\\/\\\/lightweb.dev\\\/l\\\/svm-temp\\\/reporter\\\/redaktionen\\\/\"}]}<\/script>\n<!-- \/ Yoast SEO Premium plugin. -->","yoast_head_json":{"title":"Fredagsvinet: Bara 2,5 procent \u00e4r smak, doft och f\u00e4rg - Svenska Magasinet","robots":{"index":"noindex","follow":"follow","max-snippet":"max-snippet:-1","max-image-preview":"max-image-preview:large","max-video-preview":"max-video-preview:-1"},"og_locale":"sv_SE","og_type":"article","og_title":"Fredagsvinet: Bara 2,5 procent \u00e4r smak, doft och f\u00e4rg","og_description":"Filosofera \u00f6ver inneh\u00e5llet i buteljen ing\u00e5r i uppgiften att f\u00f6rs\u00f6ka skrapa lite p\u00e5 ytan och l\u00e4ra sig n\u00e5got om vin. Det \u00e4r bara det, att ju mer man l\u00e4r sig, desto mer f\u00f6rst\u00e5r man hur lite man vet. Det \u00e4r sv\u00e5rt att bli klok p\u00e5 inneh\u00e5llet. I regel \u00e4r 12,5 procent av inneh\u00e5llet alkohol. Men [&hellip;]","og_url":"https:\/\/lightweb.dev\/l\/svm-temp\/nyheter\/fredagsvinet-bara-25-procent-ar-smak-doft-och-farg\/","og_site_name":"Svenska Magasinet","article_publisher":"https:\/\/www.facebook.com\/svenskamagasinet","article_published_time":"2021-05-14T08:27:00+00:00","og_image":[{"width":500,"height":300,"url":"https:\/\/lightweb.dev\/l\/svm-temp\/wp-content\/uploads\/2022\/06\/fredagsvinet-bara-25-procent-ar-smak-doft-och-farg.png","type":"image\/png"}],"author":"Redaktionen SvM","twitter_card":"summary_large_image","twitter_creator":"@SvenskaMagasine","twitter_site":"@SvenskaMagasine","schema":{"@context":"https:\/\/schema.org","@graph":[{"@type":"Article","@id":"https:\/\/lightweb.dev\/l\/svm-temp\/nyheter\/fredagsvinet-bara-25-procent-ar-smak-doft-och-farg\/#article","isPartOf":{"@id":"https:\/\/lightweb.dev\/l\/svm-temp\/nyheter\/fredagsvinet-bara-25-procent-ar-smak-doft-och-farg\/"},"author":{"name":"Redaktionen SvM","@id":"https:\/\/lightweb.dev\/l\/svm-temp\/#\/schema\/person\/206a3bda5b607b0c25e1749191e4d837"},"headline":"Fredagsvinet: Bara 2,5 procent \u00e4r smak, doft och f\u00e4rg","datePublished":"2021-05-14T08:27:00+00:00","mainEntityOfPage":{"@id":"https:\/\/lightweb.dev\/l\/svm-temp\/nyheter\/fredagsvinet-bara-25-procent-ar-smak-doft-och-farg\/"},"wordCount":685,"commentCount":0,"publisher":{"@id":"https:\/\/lightweb.dev\/l\/svm-temp\/#organization"},"image":{"@id":"https:\/\/lightweb.dev\/l\/svm-temp\/nyheter\/fredagsvinet-bara-25-procent-ar-smak-doft-och-farg\/#primaryimage"},"thumbnailUrl":"https:\/\/lightweb.dev\/l\/svm-temp\/wp-content\/uploads\/2022\/06\/fredagsvinet-bara-25-procent-ar-smak-doft-och-farg.png","articleSection":["Arkiv","Nyheter"],"inLanguage":"sv-SE"},{"@type":"WebPage","@id":"https:\/\/lightweb.dev\/l\/svm-temp\/nyheter\/fredagsvinet-bara-25-procent-ar-smak-doft-och-farg\/","url":"https:\/\/lightweb.dev\/l\/svm-temp\/nyheter\/fredagsvinet-bara-25-procent-ar-smak-doft-och-farg\/","name":"Fredagsvinet: Bara 2,5 procent \u00e4r smak, doft och f\u00e4rg - Svenska Magasinet","isPartOf":{"@id":"https:\/\/lightweb.dev\/l\/svm-temp\/#website"},"primaryImageOfPage":{"@id":"https:\/\/lightweb.dev\/l\/svm-temp\/nyheter\/fredagsvinet-bara-25-procent-ar-smak-doft-och-farg\/#primaryimage"},"image":{"@id":"https:\/\/lightweb.dev\/l\/svm-temp\/nyheter\/fredagsvinet-bara-25-procent-ar-smak-doft-och-farg\/#primaryimage"},"thumbnailUrl":"https:\/\/lightweb.dev\/l\/svm-temp\/wp-content\/uploads\/2022\/06\/fredagsvinet-bara-25-procent-ar-smak-doft-och-farg.png","datePublished":"2021-05-14T08:27:00+00:00","breadcrumb":{"@id":"https:\/\/lightweb.dev\/l\/svm-temp\/nyheter\/fredagsvinet-bara-25-procent-ar-smak-doft-och-farg\/#breadcrumb"},"inLanguage":"sv-SE","potentialAction":[{"@type":"ReadAction","target":["https:\/\/lightweb.dev\/l\/svm-temp\/nyheter\/fredagsvinet-bara-25-procent-ar-smak-doft-och-farg\/"]}]},{"@type":"ImageObject","inLanguage":"sv-SE","@id":"https:\/\/lightweb.dev\/l\/svm-temp\/nyheter\/fredagsvinet-bara-25-procent-ar-smak-doft-och-farg\/#primaryimage","url":"https:\/\/lightweb.dev\/l\/svm-temp\/wp-content\/uploads\/2022\/06\/fredagsvinet-bara-25-procent-ar-smak-doft-och-farg.png","contentUrl":"https:\/\/lightweb.dev\/l\/svm-temp\/wp-content\/uploads\/2022\/06\/fredagsvinet-bara-25-procent-ar-smak-doft-och-farg.png","width":500,"height":300},{"@type":"BreadcrumbList","@id":"https:\/\/lightweb.dev\/l\/svm-temp\/nyheter\/fredagsvinet-bara-25-procent-ar-smak-doft-och-farg\/#breadcrumb","itemListElement":[{"@type":"ListItem","position":1,"name":"Hem","item":"https:\/\/lightweb.dev\/l\/svm-temp\/"},{"@type":"ListItem","position":2,"name":"Fredagsvinet: Bara 2,5 procent \u00e4r smak, doft och f\u00e4rg"}]},{"@type":"WebSite","@id":"https:\/\/lightweb.dev\/l\/svm-temp\/#website","url":"https:\/\/lightweb.dev\/l\/svm-temp\/","name":"Svenska Magasinet","description":"Dina Spanska nyheter p&aring; Svenska","publisher":{"@id":"https:\/\/lightweb.dev\/l\/svm-temp\/#organization"},"potentialAction":[{"@type":"SearchAction","target":{"@type":"EntryPoint","urlTemplate":"https:\/\/lightweb.dev\/l\/svm-temp\/?s={search_term_string}"},"query-input":{"@type":"PropertyValueSpecification","valueRequired":true,"valueName":"search_term_string"}}],"inLanguage":"sv-SE"},{"@type":"Organization","@id":"https:\/\/lightweb.dev\/l\/svm-temp\/#organization","name":"Melkerson y Nott SL","alternateName":"Svenska Magasinet","url":"https:\/\/lightweb.dev\/l\/svm-temp\/","logo":{"@type":"ImageObject","inLanguage":"sv-SE","@id":"https:\/\/lightweb.dev\/l\/svm-temp\/#\/schema\/logo\/image\/","url":"https:\/\/lightweb.dev\/l\/svm-temp\/wp-content\/uploads\/2025\/02\/SvM-logo-Xtra-Centrerad-SVART.png","contentUrl":"https:\/\/lightweb.dev\/l\/svm-temp\/wp-content\/uploads\/2025\/02\/SvM-logo-Xtra-Centrerad-SVART.png","width":300,"height":99,"caption":"Melkerson y Nott SL"},"image":{"@id":"https:\/\/lightweb.dev\/l\/svm-temp\/#\/schema\/logo\/image\/"},"sameAs":["https:\/\/www.facebook.com\/svenskamagasinet","https:\/\/x.com\/SvenskaMagasine"]},{"@type":"Person","@id":"https:\/\/lightweb.dev\/l\/svm-temp\/#\/schema\/person\/206a3bda5b607b0c25e1749191e4d837","name":"Redaktionen SvM","description":"Redaktionen","sameAs":["https:\/\/lightweb.dev\/l\/svm-temp"],"url":"https:\/\/lightweb.dev\/l\/svm-temp\/reporter\/redaktionen\/"}]}},"_links":{"self":[{"href":"https:\/\/lightweb.dev\/l\/svm-temp\/wp-json\/wp\/v2\/posts\/12166","targetHints":{"allow":["GET"]}}],"collection":[{"href":"https:\/\/lightweb.dev\/l\/svm-temp\/wp-json\/wp\/v2\/posts"}],"about":[{"href":"https:\/\/lightweb.dev\/l\/svm-temp\/wp-json\/wp\/v2\/types\/post"}],"author":[{"embeddable":true,"href":"https:\/\/lightweb.dev\/l\/svm-temp\/wp-json\/wp\/v2\/users\/8"}],"replies":[{"embeddable":true,"href":"https:\/\/lightweb.dev\/l\/svm-temp\/wp-json\/wp\/v2\/comments?post=12166"}],"version-history":[{"count":0,"href":"https:\/\/lightweb.dev\/l\/svm-temp\/wp-json\/wp\/v2\/posts\/12166\/revisions"}],"wp:featuredmedia":[{"embeddable":true,"href":"https:\/\/lightweb.dev\/l\/svm-temp\/wp-json\/wp\/v2\/media\/12167"}],"wp:attachment":[{"href":"https:\/\/lightweb.dev\/l\/svm-temp\/wp-json\/wp\/v2\/media?parent=12166"}],"wp:term":[{"taxonomy":"category","embeddable":true,"href":"https:\/\/lightweb.dev\/l\/svm-temp\/wp-json\/wp\/v2\/categories?post=12166"},{"taxonomy":"post_tag","embeddable":true,"href":"https:\/\/lightweb.dev\/l\/svm-temp\/wp-json\/wp\/v2\/tags?post=12166"}],"curies":[{"name":"wp","href":"https:\/\/api.w.org\/{rel}","templated":true}]}}