{"id":12168,"date":"2021-05-14T10:41:00","date_gmt":"2021-05-14T08:41:00","guid":{"rendered":"https:\/\/lightweb.dev\/l\/svm-temp\/nyheter\/kanarieoarna-varldens-basta-klimat-efterlyser-en-distansarbetare\/"},"modified":"2021-05-14T10:41:00","modified_gmt":"2021-05-14T08:41:00","slug":"kanarieoarna-varldens-basta-klimat-efterlyser-en-distansarbetare","status":"publish","type":"post","link":"https:\/\/lightweb.dev\/l\/svm-temp\/nyheter\/kanarieoarna-varldens-basta-klimat-efterlyser-en-distansarbetare\/","title":{"rendered":"Kanarie\u00f6arna: V\u00e4rldens b\u00e4sta klimat efterlyser en distansarbetare"},"content":{"rendered":"<p> Kanarie\u00f6arna vill locka distansarbetare och lanserar en t\u00e4vling f\u00f6r att hitta en digital nomad som vill ha en arbetsplats med v\u00e4rldens b\u00e4sta klimat under sex m\u00e5nader. \u00d6gruppen erbjuder m\u00f6jligheten att vinna sex m\u00e5naders workation med betald resa, boende, kontorsplats och extra aktiviteter. Kanarie\u00f6arnas regering satsar p\u00e5 att locka 30.000 distansarbetare till \u00f6gruppen inom fem \u00e5r.<\/p>\n<p> Pandemin har p\u00e5skyndat utvecklingen av distansarbete med tio \u00e5r och det \u00e4r en utveckling som kommer fortsatta \u00e4ven n\u00e4r pandemin \u00e4r \u00f6ver. Redan f\u00f6rra \u00e5ret p\u00e5b\u00f6rjade Kanarie\u00f6arna arbetet f\u00f6r att bli ledande inom det nya blomstrande turismsegmentet; distansarbetare. Kanarie\u00f6arnas regering har satt ig\u00e5ng kampanjen &#8221;Kontoret med v\u00e4rldens b\u00e4sta klimat&#8221; och lanserat en plan p\u00e5 500.000 euro f\u00f6r att attrahera cirka 30 000 distansarbetare inom ett decennium, ett m\u00e5l som de nu \u00f6nskar uppfylla inom fem \u00e5r.<\/p>\n<p>Med kampanjen &#8221;V\u00e4rldens b\u00e4sta klimat efterlyser en distansarbetare&#8221; vill Kanarie\u00f6arna nu s\u00e4kra sin plats som en av v\u00e4rldens b\u00e4sta destinationer f\u00f6r workation.<\/p>\n<p>\u201dVi letat efter den b\u00e4sta distansarbetaren som vill utveckla sitt projekt fr\u00e5n Kanarie\u00f6arna. Den som blir utvald f\u00e5r m\u00f6jligheten att arbeta med sitt projekt fr\u00e5n Kanarie\u00f6arna och f\u00e5r resekostnader, gemensamt boende, gemensamt kontor och kompletterande aktiviteter betalt under en maximal period p\u00e5 sex m\u00e5nader\u201d, f\u00f6rklarar Jos\u00e9 Juan Lorenzo, VD f\u00f6r Kanarie\u00f6arnas turism.<\/p>\n<p>T\u00e4vlingen b\u00f6rjar onsdagen den 12 maj och kommer p\u00e5g\u00e5 i 30 dagar. Alla som vill delta kan g\u00f6ra det genom att svara p\u00e5 n\u00e5gra enkla fr\u00e5gor p\u00e5 Kanarie\u00f6arnas sociala mediekanaler (Facebook, Twitter, Instagram, Linkedin och Youtube). Det kommer att utses en vinnare, som annonseras den 30 juni i samma kanaler. Vinnaren kommer v\u00e4ljas av en jury best\u00e5ende av fem medlemmar, inklusive experter inom turismmarknadsf\u00f6ring och inom distansarbete.<\/p>\n<p>F\u00f6r arbetsplatser och f\u00f6retag \u00e4r m\u00f6jligheten f\u00f6r distansarbete ett s\u00e4tt att utvidga sitt v\u00e4rdeerbjudande f\u00f6r de anst\u00e4llda. F\u00f6r att locka talanger kr\u00e4vs mer \u00e4n bara en bra l\u00f6n.<\/p>\n<p>\u201dI kampen om att hitta de b\u00e4sta talangerna inom teknik, forskning eller konsultverksamhet m\u00e5ste man erbjuda mer \u00e4n bara en bra l\u00f6n. De letar efter arbetsplatser som \u00f6kar livskvaliteten. Talangfulla anst\u00e4llda kan v\u00e4lja vem de vill arbeta f\u00f6r och v\u00e4ljer det f\u00f6retag som har det mest attraktiva erbjudandet, en kombination av l\u00f6n, ledarskap, f\u00f6retagskultur och flexibilitet.\u201d s\u00e4ger Carlos Gonz\u00e1lez, professor vid ESIC Business School.<\/p>\n<p>\u201dAtt attrahera distansarbetare kommer att st\u00e4rka Kanarie\u00f6arnas turismmodell och ge oss en m\u00f6jlighet att f\u00f6ryngra destinationen. Distansarbetare stannar l\u00e4ngre hos oss och spenderar mer, vilket kommer att ha en direkt inverkan p\u00e5 hela Kanarie\u00f6arnas ekonomi\u201d, f\u00f6rklarar Yaiza Castilla, minister f\u00f6r turism, industri och handel f\u00f6r Kanarie\u00f6arnas regering.<\/p>\n<p>Kanarie\u00f6arnas har m\u00e5nga f\u00f6rdelar som knutpunkt f\u00f6r distansarbetare \u2013 b\u00e4ttre bredband \u00e4n det europeiska genomsnittet, bra klimat \u00e5ret runt, extraordin\u00e4r natur och m\u00e5ngfald av \u00f6ar, landskap, sporter och aktiviteter, n\u00e4rhet till Europa och ett stort antal anslutande flyglinjer, en s\u00e4ker destinationen som erbjuder st\u00e4der med en livlig atmosf\u00e4r samt arbetstidens kompatibilitet med b\u00e5de USA, Europa och en stor del av v\u00e4rlden. Allt detta g\u00f6r Kanarie\u00f6arna till ett ledande resm\u00e5l f\u00f6r dem som arbetar p\u00e5 distans.<\/p>\n<p>All information om t\u00e4vlingen finns h\u00e4r fr\u00e5n och med 12 maj:<br \/>\nwww.remoteworkerwanted.com<\/p>\n<p>Lanseringsvideo<\/p>\n","protected":false},"excerpt":{"rendered":"<p>Kanarie\u00f6arna vill locka distansarbetare och lanserar en t\u00e4vling f\u00f6r att hitta en digital nomad som vill ha en arbetsplats med v\u00e4rldens b\u00e4sta klimat under sex m\u00e5nader. \u00d6gruppen erbjuder m\u00f6jligheten att vinna sex m\u00e5naders workation med betald resa, boende, kontorsplats och extra aktiviteter. Kanarie\u00f6arnas regering satsar p\u00e5 att locka 30.000 distansarbetare till \u00f6gruppen inom fem \u00e5r. [&hellip;]<\/p>\n","protected":false},"author":8,"featured_media":12169,"comment_status":"open","ping_status":"open","sticky":false,"template":"","format":"standard","meta":{"_et_pb_use_builder":"","_et_pb_old_content":"","_et_gb_content_width":"","footnotes":""},"categories":[395,3],"tags":[],"class_list":["post-12168","post","type-post","status-publish","format-standard","has-post-thumbnail","hentry","category-arkiv-nyheter","category-nyheter"],"yoast_head":"<!-- This site is optimized with the Yoast SEO Premium plugin v26.2 (Yoast SEO v27.4) - https:\/\/yoast.com\/product\/yoast-seo-premium-wordpress\/ -->\n<title>Kanarie\u00f6arna: V\u00e4rldens b\u00e4sta klimat efterlyser en distansarbetare - Svenska Magasinet<\/title>\n<meta name=\"robots\" content=\"noindex, follow, max-snippet:-1, max-image-preview:large, max-video-preview:-1\" \/>\n<meta property=\"og:locale\" content=\"sv_SE\" \/>\n<meta property=\"og:type\" content=\"article\" \/>\n<meta property=\"og:title\" content=\"Kanarie\u00f6arna: V\u00e4rldens b\u00e4sta klimat efterlyser en distansarbetare\" \/>\n<meta property=\"og:description\" content=\"Kanarie\u00f6arna vill locka distansarbetare och lanserar en t\u00e4vling f\u00f6r att hitta en digital nomad som vill ha en arbetsplats med v\u00e4rldens b\u00e4sta klimat under sex m\u00e5nader. \u00d6gruppen erbjuder m\u00f6jligheten att vinna sex m\u00e5naders workation med betald resa, boende, kontorsplats och extra aktiviteter. Kanarie\u00f6arnas regering satsar p\u00e5 att locka 30.000 distansarbetare till \u00f6gruppen inom fem \u00e5r. [&hellip;]\" \/>\n<meta property=\"og:url\" content=\"https:\/\/lightweb.dev\/l\/svm-temp\/nyheter\/kanarieoarna-varldens-basta-klimat-efterlyser-en-distansarbetare\/\" \/>\n<meta property=\"og:site_name\" content=\"Svenska Magasinet\" \/>\n<meta property=\"article:publisher\" content=\"https:\/\/www.facebook.com\/svenskamagasinet\" \/>\n<meta property=\"article:published_time\" content=\"2021-05-14T08:41:00+00:00\" \/>\n<meta property=\"og:image\" content=\"https:\/\/lightweb.dev\/l\/svm-temp\/wp-content\/uploads\/2022\/06\/kanarieoarna-varldens-basta-klimat-efterlyser-en-distansarbetare.png\" \/>\n\t<meta property=\"og:image:width\" content=\"500\" \/>\n\t<meta property=\"og:image:height\" content=\"300\" \/>\n\t<meta property=\"og:image:type\" content=\"image\/png\" \/>\n<meta name=\"author\" content=\"Redaktionen SvM\" \/>\n<meta name=\"twitter:card\" content=\"summary_large_image\" \/>\n<meta name=\"twitter:creator\" content=\"@SvenskaMagasine\" \/>\n<meta name=\"twitter:site\" content=\"@SvenskaMagasine\" \/>\n<script type=\"application\/ld+json\" class=\"yoast-schema-graph\">{\"@context\":\"https:\\\/\\\/schema.org\",\"@graph\":[{\"@type\":\"Article\",\"@id\":\"https:\\\/\\\/lightweb.dev\\\/l\\\/svm-temp\\\/nyheter\\\/kanarieoarna-varldens-basta-klimat-efterlyser-en-distansarbetare\\\/#article\",\"isPartOf\":{\"@id\":\"https:\\\/\\\/lightweb.dev\\\/l\\\/svm-temp\\\/nyheter\\\/kanarieoarna-varldens-basta-klimat-efterlyser-en-distansarbetare\\\/\"},\"author\":{\"name\":\"Redaktionen SvM\",\"@id\":\"https:\\\/\\\/lightweb.dev\\\/l\\\/svm-temp\\\/#\\\/schema\\\/person\\\/206a3bda5b607b0c25e1749191e4d837\"},\"headline\":\"Kanarie\u00f6arna: V\u00e4rldens b\u00e4sta klimat efterlyser en distansarbetare\",\"datePublished\":\"2021-05-14T08:41:00+00:00\",\"mainEntityOfPage\":{\"@id\":\"https:\\\/\\\/lightweb.dev\\\/l\\\/svm-temp\\\/nyheter\\\/kanarieoarna-varldens-basta-klimat-efterlyser-en-distansarbetare\\\/\"},\"wordCount\":606,\"commentCount\":0,\"publisher\":{\"@id\":\"https:\\\/\\\/lightweb.dev\\\/l\\\/svm-temp\\\/#organization\"},\"image\":{\"@id\":\"https:\\\/\\\/lightweb.dev\\\/l\\\/svm-temp\\\/nyheter\\\/kanarieoarna-varldens-basta-klimat-efterlyser-en-distansarbetare\\\/#primaryimage\"},\"thumbnailUrl\":\"https:\\\/\\\/lightweb.dev\\\/l\\\/svm-temp\\\/wp-content\\\/uploads\\\/2022\\\/06\\\/kanarieoarna-varldens-basta-klimat-efterlyser-en-distansarbetare.png\",\"articleSection\":[\"Arkiv\",\"Nyheter\"],\"inLanguage\":\"sv-SE\"},{\"@type\":\"WebPage\",\"@id\":\"https:\\\/\\\/lightweb.dev\\\/l\\\/svm-temp\\\/nyheter\\\/kanarieoarna-varldens-basta-klimat-efterlyser-en-distansarbetare\\\/\",\"url\":\"https:\\\/\\\/lightweb.dev\\\/l\\\/svm-temp\\\/nyheter\\\/kanarieoarna-varldens-basta-klimat-efterlyser-en-distansarbetare\\\/\",\"name\":\"Kanarie\u00f6arna: V\u00e4rldens b\u00e4sta klimat efterlyser en distansarbetare - Svenska Magasinet\",\"isPartOf\":{\"@id\":\"https:\\\/\\\/lightweb.dev\\\/l\\\/svm-temp\\\/#website\"},\"primaryImageOfPage\":{\"@id\":\"https:\\\/\\\/lightweb.dev\\\/l\\\/svm-temp\\\/nyheter\\\/kanarieoarna-varldens-basta-klimat-efterlyser-en-distansarbetare\\\/#primaryimage\"},\"image\":{\"@id\":\"https:\\\/\\\/lightweb.dev\\\/l\\\/svm-temp\\\/nyheter\\\/kanarieoarna-varldens-basta-klimat-efterlyser-en-distansarbetare\\\/#primaryimage\"},\"thumbnailUrl\":\"https:\\\/\\\/lightweb.dev\\\/l\\\/svm-temp\\\/wp-content\\\/uploads\\\/2022\\\/06\\\/kanarieoarna-varldens-basta-klimat-efterlyser-en-distansarbetare.png\",\"datePublished\":\"2021-05-14T08:41:00+00:00\",\"breadcrumb\":{\"@id\":\"https:\\\/\\\/lightweb.dev\\\/l\\\/svm-temp\\\/nyheter\\\/kanarieoarna-varldens-basta-klimat-efterlyser-en-distansarbetare\\\/#breadcrumb\"},\"inLanguage\":\"sv-SE\",\"potentialAction\":[{\"@type\":\"ReadAction\",\"target\":[\"https:\\\/\\\/lightweb.dev\\\/l\\\/svm-temp\\\/nyheter\\\/kanarieoarna-varldens-basta-klimat-efterlyser-en-distansarbetare\\\/\"]}]},{\"@type\":\"ImageObject\",\"inLanguage\":\"sv-SE\",\"@id\":\"https:\\\/\\\/lightweb.dev\\\/l\\\/svm-temp\\\/nyheter\\\/kanarieoarna-varldens-basta-klimat-efterlyser-en-distansarbetare\\\/#primaryimage\",\"url\":\"https:\\\/\\\/lightweb.dev\\\/l\\\/svm-temp\\\/wp-content\\\/uploads\\\/2022\\\/06\\\/kanarieoarna-varldens-basta-klimat-efterlyser-en-distansarbetare.png\",\"contentUrl\":\"https:\\\/\\\/lightweb.dev\\\/l\\\/svm-temp\\\/wp-content\\\/uploads\\\/2022\\\/06\\\/kanarieoarna-varldens-basta-klimat-efterlyser-en-distansarbetare.png\",\"width\":500,\"height\":300},{\"@type\":\"BreadcrumbList\",\"@id\":\"https:\\\/\\\/lightweb.dev\\\/l\\\/svm-temp\\\/nyheter\\\/kanarieoarna-varldens-basta-klimat-efterlyser-en-distansarbetare\\\/#breadcrumb\",\"itemListElement\":[{\"@type\":\"ListItem\",\"position\":1,\"name\":\"Hem\",\"item\":\"https:\\\/\\\/lightweb.dev\\\/l\\\/svm-temp\\\/\"},{\"@type\":\"ListItem\",\"position\":2,\"name\":\"Kanarie\u00f6arna: V\u00e4rldens b\u00e4sta klimat efterlyser en distansarbetare\"}]},{\"@type\":\"WebSite\",\"@id\":\"https:\\\/\\\/lightweb.dev\\\/l\\\/svm-temp\\\/#website\",\"url\":\"https:\\\/\\\/lightweb.dev\\\/l\\\/svm-temp\\\/\",\"name\":\"Svenska Magasinet\",\"description\":\"Dina Spanska nyheter p&aring; Svenska\",\"publisher\":{\"@id\":\"https:\\\/\\\/lightweb.dev\\\/l\\\/svm-temp\\\/#organization\"},\"potentialAction\":[{\"@type\":\"SearchAction\",\"target\":{\"@type\":\"EntryPoint\",\"urlTemplate\":\"https:\\\/\\\/lightweb.dev\\\/l\\\/svm-temp\\\/?s={search_term_string}\"},\"query-input\":{\"@type\":\"PropertyValueSpecification\",\"valueRequired\":true,\"valueName\":\"search_term_string\"}}],\"inLanguage\":\"sv-SE\"},{\"@type\":\"Organization\",\"@id\":\"https:\\\/\\\/lightweb.dev\\\/l\\\/svm-temp\\\/#organization\",\"name\":\"Melkerson y Nott SL\",\"alternateName\":\"Svenska Magasinet\",\"url\":\"https:\\\/\\\/lightweb.dev\\\/l\\\/svm-temp\\\/\",\"logo\":{\"@type\":\"ImageObject\",\"inLanguage\":\"sv-SE\",\"@id\":\"https:\\\/\\\/lightweb.dev\\\/l\\\/svm-temp\\\/#\\\/schema\\\/logo\\\/image\\\/\",\"url\":\"https:\\\/\\\/lightweb.dev\\\/l\\\/svm-temp\\\/wp-content\\\/uploads\\\/2025\\\/02\\\/SvM-logo-Xtra-Centrerad-SVART.png\",\"contentUrl\":\"https:\\\/\\\/lightweb.dev\\\/l\\\/svm-temp\\\/wp-content\\\/uploads\\\/2025\\\/02\\\/SvM-logo-Xtra-Centrerad-SVART.png\",\"width\":300,\"height\":99,\"caption\":\"Melkerson y Nott SL\"},\"image\":{\"@id\":\"https:\\\/\\\/lightweb.dev\\\/l\\\/svm-temp\\\/#\\\/schema\\\/logo\\\/image\\\/\"},\"sameAs\":[\"https:\\\/\\\/www.facebook.com\\\/svenskamagasinet\",\"https:\\\/\\\/x.com\\\/SvenskaMagasine\"]},{\"@type\":\"Person\",\"@id\":\"https:\\\/\\\/lightweb.dev\\\/l\\\/svm-temp\\\/#\\\/schema\\\/person\\\/206a3bda5b607b0c25e1749191e4d837\",\"name\":\"Redaktionen SvM\",\"description\":\"Redaktionen\",\"sameAs\":[\"https:\\\/\\\/lightweb.dev\\\/l\\\/svm-temp\"],\"url\":\"https:\\\/\\\/lightweb.dev\\\/l\\\/svm-temp\\\/reporter\\\/redaktionen\\\/\"}]}<\/script>\n<!-- \/ Yoast SEO Premium plugin. -->","yoast_head_json":{"title":"Kanarie\u00f6arna: V\u00e4rldens b\u00e4sta klimat efterlyser en distansarbetare - Svenska Magasinet","robots":{"index":"noindex","follow":"follow","max-snippet":"max-snippet:-1","max-image-preview":"max-image-preview:large","max-video-preview":"max-video-preview:-1"},"og_locale":"sv_SE","og_type":"article","og_title":"Kanarie\u00f6arna: V\u00e4rldens b\u00e4sta klimat efterlyser en distansarbetare","og_description":"Kanarie\u00f6arna vill locka distansarbetare och lanserar en t\u00e4vling f\u00f6r att hitta en digital nomad som vill ha en arbetsplats med v\u00e4rldens b\u00e4sta klimat under sex m\u00e5nader. \u00d6gruppen erbjuder m\u00f6jligheten att vinna sex m\u00e5naders workation med betald resa, boende, kontorsplats och extra aktiviteter. Kanarie\u00f6arnas regering satsar p\u00e5 att locka 30.000 distansarbetare till \u00f6gruppen inom fem \u00e5r. [&hellip;]","og_url":"https:\/\/lightweb.dev\/l\/svm-temp\/nyheter\/kanarieoarna-varldens-basta-klimat-efterlyser-en-distansarbetare\/","og_site_name":"Svenska Magasinet","article_publisher":"https:\/\/www.facebook.com\/svenskamagasinet","article_published_time":"2021-05-14T08:41:00+00:00","og_image":[{"width":500,"height":300,"url":"https:\/\/lightweb.dev\/l\/svm-temp\/wp-content\/uploads\/2022\/06\/kanarieoarna-varldens-basta-klimat-efterlyser-en-distansarbetare.png","type":"image\/png"}],"author":"Redaktionen SvM","twitter_card":"summary_large_image","twitter_creator":"@SvenskaMagasine","twitter_site":"@SvenskaMagasine","schema":{"@context":"https:\/\/schema.org","@graph":[{"@type":"Article","@id":"https:\/\/lightweb.dev\/l\/svm-temp\/nyheter\/kanarieoarna-varldens-basta-klimat-efterlyser-en-distansarbetare\/#article","isPartOf":{"@id":"https:\/\/lightweb.dev\/l\/svm-temp\/nyheter\/kanarieoarna-varldens-basta-klimat-efterlyser-en-distansarbetare\/"},"author":{"name":"Redaktionen SvM","@id":"https:\/\/lightweb.dev\/l\/svm-temp\/#\/schema\/person\/206a3bda5b607b0c25e1749191e4d837"},"headline":"Kanarie\u00f6arna: V\u00e4rldens b\u00e4sta klimat efterlyser en distansarbetare","datePublished":"2021-05-14T08:41:00+00:00","mainEntityOfPage":{"@id":"https:\/\/lightweb.dev\/l\/svm-temp\/nyheter\/kanarieoarna-varldens-basta-klimat-efterlyser-en-distansarbetare\/"},"wordCount":606,"commentCount":0,"publisher":{"@id":"https:\/\/lightweb.dev\/l\/svm-temp\/#organization"},"image":{"@id":"https:\/\/lightweb.dev\/l\/svm-temp\/nyheter\/kanarieoarna-varldens-basta-klimat-efterlyser-en-distansarbetare\/#primaryimage"},"thumbnailUrl":"https:\/\/lightweb.dev\/l\/svm-temp\/wp-content\/uploads\/2022\/06\/kanarieoarna-varldens-basta-klimat-efterlyser-en-distansarbetare.png","articleSection":["Arkiv","Nyheter"],"inLanguage":"sv-SE"},{"@type":"WebPage","@id":"https:\/\/lightweb.dev\/l\/svm-temp\/nyheter\/kanarieoarna-varldens-basta-klimat-efterlyser-en-distansarbetare\/","url":"https:\/\/lightweb.dev\/l\/svm-temp\/nyheter\/kanarieoarna-varldens-basta-klimat-efterlyser-en-distansarbetare\/","name":"Kanarie\u00f6arna: V\u00e4rldens b\u00e4sta klimat efterlyser en distansarbetare - Svenska Magasinet","isPartOf":{"@id":"https:\/\/lightweb.dev\/l\/svm-temp\/#website"},"primaryImageOfPage":{"@id":"https:\/\/lightweb.dev\/l\/svm-temp\/nyheter\/kanarieoarna-varldens-basta-klimat-efterlyser-en-distansarbetare\/#primaryimage"},"image":{"@id":"https:\/\/lightweb.dev\/l\/svm-temp\/nyheter\/kanarieoarna-varldens-basta-klimat-efterlyser-en-distansarbetare\/#primaryimage"},"thumbnailUrl":"https:\/\/lightweb.dev\/l\/svm-temp\/wp-content\/uploads\/2022\/06\/kanarieoarna-varldens-basta-klimat-efterlyser-en-distansarbetare.png","datePublished":"2021-05-14T08:41:00+00:00","breadcrumb":{"@id":"https:\/\/lightweb.dev\/l\/svm-temp\/nyheter\/kanarieoarna-varldens-basta-klimat-efterlyser-en-distansarbetare\/#breadcrumb"},"inLanguage":"sv-SE","potentialAction":[{"@type":"ReadAction","target":["https:\/\/lightweb.dev\/l\/svm-temp\/nyheter\/kanarieoarna-varldens-basta-klimat-efterlyser-en-distansarbetare\/"]}]},{"@type":"ImageObject","inLanguage":"sv-SE","@id":"https:\/\/lightweb.dev\/l\/svm-temp\/nyheter\/kanarieoarna-varldens-basta-klimat-efterlyser-en-distansarbetare\/#primaryimage","url":"https:\/\/lightweb.dev\/l\/svm-temp\/wp-content\/uploads\/2022\/06\/kanarieoarna-varldens-basta-klimat-efterlyser-en-distansarbetare.png","contentUrl":"https:\/\/lightweb.dev\/l\/svm-temp\/wp-content\/uploads\/2022\/06\/kanarieoarna-varldens-basta-klimat-efterlyser-en-distansarbetare.png","width":500,"height":300},{"@type":"BreadcrumbList","@id":"https:\/\/lightweb.dev\/l\/svm-temp\/nyheter\/kanarieoarna-varldens-basta-klimat-efterlyser-en-distansarbetare\/#breadcrumb","itemListElement":[{"@type":"ListItem","position":1,"name":"Hem","item":"https:\/\/lightweb.dev\/l\/svm-temp\/"},{"@type":"ListItem","position":2,"name":"Kanarie\u00f6arna: V\u00e4rldens b\u00e4sta klimat efterlyser en distansarbetare"}]},{"@type":"WebSite","@id":"https:\/\/lightweb.dev\/l\/svm-temp\/#website","url":"https:\/\/lightweb.dev\/l\/svm-temp\/","name":"Svenska Magasinet","description":"Dina Spanska nyheter p&aring; Svenska","publisher":{"@id":"https:\/\/lightweb.dev\/l\/svm-temp\/#organization"},"potentialAction":[{"@type":"SearchAction","target":{"@type":"EntryPoint","urlTemplate":"https:\/\/lightweb.dev\/l\/svm-temp\/?s={search_term_string}"},"query-input":{"@type":"PropertyValueSpecification","valueRequired":true,"valueName":"search_term_string"}}],"inLanguage":"sv-SE"},{"@type":"Organization","@id":"https:\/\/lightweb.dev\/l\/svm-temp\/#organization","name":"Melkerson y Nott SL","alternateName":"Svenska Magasinet","url":"https:\/\/lightweb.dev\/l\/svm-temp\/","logo":{"@type":"ImageObject","inLanguage":"sv-SE","@id":"https:\/\/lightweb.dev\/l\/svm-temp\/#\/schema\/logo\/image\/","url":"https:\/\/lightweb.dev\/l\/svm-temp\/wp-content\/uploads\/2025\/02\/SvM-logo-Xtra-Centrerad-SVART.png","contentUrl":"https:\/\/lightweb.dev\/l\/svm-temp\/wp-content\/uploads\/2025\/02\/SvM-logo-Xtra-Centrerad-SVART.png","width":300,"height":99,"caption":"Melkerson y Nott SL"},"image":{"@id":"https:\/\/lightweb.dev\/l\/svm-temp\/#\/schema\/logo\/image\/"},"sameAs":["https:\/\/www.facebook.com\/svenskamagasinet","https:\/\/x.com\/SvenskaMagasine"]},{"@type":"Person","@id":"https:\/\/lightweb.dev\/l\/svm-temp\/#\/schema\/person\/206a3bda5b607b0c25e1749191e4d837","name":"Redaktionen SvM","description":"Redaktionen","sameAs":["https:\/\/lightweb.dev\/l\/svm-temp"],"url":"https:\/\/lightweb.dev\/l\/svm-temp\/reporter\/redaktionen\/"}]}},"_links":{"self":[{"href":"https:\/\/lightweb.dev\/l\/svm-temp\/wp-json\/wp\/v2\/posts\/12168","targetHints":{"allow":["GET"]}}],"collection":[{"href":"https:\/\/lightweb.dev\/l\/svm-temp\/wp-json\/wp\/v2\/posts"}],"about":[{"href":"https:\/\/lightweb.dev\/l\/svm-temp\/wp-json\/wp\/v2\/types\/post"}],"author":[{"embeddable":true,"href":"https:\/\/lightweb.dev\/l\/svm-temp\/wp-json\/wp\/v2\/users\/8"}],"replies":[{"embeddable":true,"href":"https:\/\/lightweb.dev\/l\/svm-temp\/wp-json\/wp\/v2\/comments?post=12168"}],"version-history":[{"count":0,"href":"https:\/\/lightweb.dev\/l\/svm-temp\/wp-json\/wp\/v2\/posts\/12168\/revisions"}],"wp:featuredmedia":[{"embeddable":true,"href":"https:\/\/lightweb.dev\/l\/svm-temp\/wp-json\/wp\/v2\/media\/12169"}],"wp:attachment":[{"href":"https:\/\/lightweb.dev\/l\/svm-temp\/wp-json\/wp\/v2\/media?parent=12168"}],"wp:term":[{"taxonomy":"category","embeddable":true,"href":"https:\/\/lightweb.dev\/l\/svm-temp\/wp-json\/wp\/v2\/categories?post=12168"},{"taxonomy":"post_tag","embeddable":true,"href":"https:\/\/lightweb.dev\/l\/svm-temp\/wp-json\/wp\/v2\/tags?post=12168"}],"curies":[{"name":"wp","href":"https:\/\/api.w.org\/{rel}","templated":true}]}}