{"id":12174,"date":"2021-05-13T10:32:00","date_gmt":"2021-05-13T08:32:00","guid":{"rendered":"https:\/\/lightweb.dev\/l\/svm-temp\/nyheter\/dramatisk-vandringsstig-oppnar-i-nerja-inom-kort\/"},"modified":"2021-05-13T10:32:00","modified_gmt":"2021-05-13T08:32:00","slug":"dramatisk-vandringsstig-oppnar-i-nerja-inom-kort","status":"publish","type":"post","link":"https:\/\/lightweb.dev\/l\/svm-temp\/nyheter\/dramatisk-vandringsstig-oppnar-i-nerja-inom-kort\/","title":{"rendered":"Dramatisk vandringsstig \u00f6ppnar i Nerja inom kort"},"content":{"rendered":"<p> Efter att ha varit st\u00e4ngd i 19 \u00e5rs tid kommer den lilla vandringsstigen paseo de los Carabineros som g\u00e5r mellan str\u00e4nderna Calahonda och Burriana i Nerja att \u00f6ppna inom kort. Renoveringsarbetet med den 200 meter l\u00e5nga delen av den totalt kilometerl\u00e5nga vandringsstigen ska vara f\u00e4rdig i slutet p\u00e5 maj m\u00e5nad.<\/p>\n<p>Kommunen har \u00e4ven lagt ut ett anbudsf\u00f6rfarande p\u00e5 den strandbar eller chiringuito som ligger p\u00e5 Calahondastranden i utbyte mot avgift p\u00e5 20.000 euro per \u00e5r.<\/p>\n<p>Den lilla dramatiska vandringsstigen paseo de los Carabineros som g\u00e5r l\u00e4ngs klipporna n\u00e4ra havet har en budgeterad kostnad p\u00e5 313.837,67 euro. Det \u00e4r provinsstyrelse Diputaci\u00f3n som finansierar renoveringen av vandringsstigen som ing\u00e5r i Senda Litoral som str\u00e4cker sig fr\u00e5n Manilva i v\u00e4ster till Nerja i \u00f6ster.<\/p>\n<p>F\u00f6retaget Actua Infraestructuras ber\u00e4knar att avsluta projektet under maj m\u00e5nad. Bland annat byggs tv\u00e5 nya utsiktsplatser l\u00e4ngs leden.<\/p>\n<p>&#8211; Den nya infrastrukturen och nya utsiktsplatser medf\u00f6r en f\u00f6rvandling f\u00f6r stranden Calahonda och omr\u00e5det runt Balc\u00f3n de Europa. \u00c4ven antalet offentliga toaletter och \u00f6vrig service ut\u00f6kas, s\u00e4ger borgm\u00e4staren Jos\u00e9 Alberto Armijo (PP).<\/p>\n<p> Reningsverket<br \/>\nDet kan till\u00e4ggas att testperioden med det nybyggda reningsverket Edar (Estaci\u00f3n Depuradora de Aguas Residuales) forts\u00e4tter i Nerja. Testk\u00f6rningen av reningsverket inleddes i oktober.<\/p>\n<p>Testperioden har blivit l\u00e4ngre \u00e4n vad som f\u00f6rst planerades p\u00e5 grund av flera akuta arbeten med vattenledningsn\u00e4tverket som fick \u00e5tg\u00e4rdas.<\/p>\n<p>Till sommaren f\u00f6rv\u00e4ntas reningsverket k\u00f6ra f\u00f6r fullt. Kapaciteten ligger p\u00e5 att rena 25.000 kubikmeter vilket motsvarar en kommun p\u00e5 125.000 inv\u00e5nare.<\/p>\n<p>Det blir f\u00f6retaget Aguas de Narixa som ska driva anl\u00e4ggningen.<\/p>\n","protected":false},"excerpt":{"rendered":"<p>Efter att ha varit st\u00e4ngd i 19 \u00e5rs tid kommer den lilla vandringsstigen paseo de los Carabineros som g\u00e5r mellan str\u00e4nderna Calahonda och Burriana i Nerja att \u00f6ppna inom kort. Renoveringsarbetet med den 200 meter l\u00e5nga delen av den totalt kilometerl\u00e5nga vandringsstigen ska vara f\u00e4rdig i slutet p\u00e5 maj m\u00e5nad. Kommunen har \u00e4ven lagt ut [&hellip;]<\/p>\n","protected":false},"author":8,"featured_media":12176,"comment_status":"open","ping_status":"open","sticky":false,"template":"","format":"standard","meta":{"_et_pb_use_builder":"","_et_pb_old_content":"","_et_gb_content_width":"","footnotes":""},"categories":[395,3],"tags":[],"class_list":["post-12174","post","type-post","status-publish","format-standard","has-post-thumbnail","hentry","category-arkiv-nyheter","category-nyheter"],"yoast_head":"<!-- This site is optimized with the Yoast SEO Premium plugin v26.2 (Yoast SEO v27.4) - https:\/\/yoast.com\/product\/yoast-seo-premium-wordpress\/ -->\n<title>Dramatisk vandringsstig \u00f6ppnar i Nerja inom kort - Svenska Magasinet<\/title>\n<meta name=\"robots\" content=\"noindex, follow, max-snippet:-1, max-image-preview:large, max-video-preview:-1\" \/>\n<meta property=\"og:locale\" content=\"sv_SE\" \/>\n<meta property=\"og:type\" content=\"article\" \/>\n<meta property=\"og:title\" content=\"Dramatisk vandringsstig \u00f6ppnar i Nerja inom kort\" \/>\n<meta property=\"og:description\" content=\"Efter att ha varit st\u00e4ngd i 19 \u00e5rs tid kommer den lilla vandringsstigen paseo de los Carabineros som g\u00e5r mellan str\u00e4nderna Calahonda och Burriana i Nerja att \u00f6ppna inom kort. Renoveringsarbetet med den 200 meter l\u00e5nga delen av den totalt kilometerl\u00e5nga vandringsstigen ska vara f\u00e4rdig i slutet p\u00e5 maj m\u00e5nad. Kommunen har \u00e4ven lagt ut [&hellip;]\" \/>\n<meta property=\"og:url\" content=\"https:\/\/lightweb.dev\/l\/svm-temp\/nyheter\/dramatisk-vandringsstig-oppnar-i-nerja-inom-kort\/\" \/>\n<meta property=\"og:site_name\" content=\"Svenska Magasinet\" \/>\n<meta property=\"article:publisher\" content=\"https:\/\/www.facebook.com\/svenskamagasinet\" \/>\n<meta property=\"article:published_time\" content=\"2021-05-13T08:32:00+00:00\" \/>\n<meta property=\"og:image\" content=\"https:\/\/lightweb.dev\/l\/svm-temp\/wp-content\/uploads\/2022\/06\/dramatisk-vandringsstig-oppnar-i-nerja-inom-kort.png\" \/>\n\t<meta property=\"og:image:width\" content=\"500\" \/>\n\t<meta property=\"og:image:height\" content=\"300\" \/>\n\t<meta property=\"og:image:type\" content=\"image\/png\" \/>\n<meta name=\"author\" content=\"Redaktionen SvM\" \/>\n<meta name=\"twitter:card\" content=\"summary_large_image\" \/>\n<meta name=\"twitter:creator\" content=\"@SvenskaMagasine\" \/>\n<meta name=\"twitter:site\" content=\"@SvenskaMagasine\" \/>\n<script type=\"application\/ld+json\" class=\"yoast-schema-graph\">{\"@context\":\"https:\\\/\\\/schema.org\",\"@graph\":[{\"@type\":\"Article\",\"@id\":\"https:\\\/\\\/lightweb.dev\\\/l\\\/svm-temp\\\/nyheter\\\/dramatisk-vandringsstig-oppnar-i-nerja-inom-kort\\\/#article\",\"isPartOf\":{\"@id\":\"https:\\\/\\\/lightweb.dev\\\/l\\\/svm-temp\\\/nyheter\\\/dramatisk-vandringsstig-oppnar-i-nerja-inom-kort\\\/\"},\"author\":{\"name\":\"Redaktionen SvM\",\"@id\":\"https:\\\/\\\/lightweb.dev\\\/l\\\/svm-temp\\\/#\\\/schema\\\/person\\\/206a3bda5b607b0c25e1749191e4d837\"},\"headline\":\"Dramatisk vandringsstig \u00f6ppnar i Nerja inom kort\",\"datePublished\":\"2021-05-13T08:32:00+00:00\",\"mainEntityOfPage\":{\"@id\":\"https:\\\/\\\/lightweb.dev\\\/l\\\/svm-temp\\\/nyheter\\\/dramatisk-vandringsstig-oppnar-i-nerja-inom-kort\\\/\"},\"wordCount\":292,\"commentCount\":0,\"publisher\":{\"@id\":\"https:\\\/\\\/lightweb.dev\\\/l\\\/svm-temp\\\/#organization\"},\"image\":{\"@id\":\"https:\\\/\\\/lightweb.dev\\\/l\\\/svm-temp\\\/nyheter\\\/dramatisk-vandringsstig-oppnar-i-nerja-inom-kort\\\/#primaryimage\"},\"thumbnailUrl\":\"https:\\\/\\\/lightweb.dev\\\/l\\\/svm-temp\\\/wp-content\\\/uploads\\\/2022\\\/06\\\/dramatisk-vandringsstig-oppnar-i-nerja-inom-kort.png\",\"articleSection\":[\"Arkiv\",\"Nyheter\"],\"inLanguage\":\"sv-SE\"},{\"@type\":\"WebPage\",\"@id\":\"https:\\\/\\\/lightweb.dev\\\/l\\\/svm-temp\\\/nyheter\\\/dramatisk-vandringsstig-oppnar-i-nerja-inom-kort\\\/\",\"url\":\"https:\\\/\\\/lightweb.dev\\\/l\\\/svm-temp\\\/nyheter\\\/dramatisk-vandringsstig-oppnar-i-nerja-inom-kort\\\/\",\"name\":\"Dramatisk vandringsstig \u00f6ppnar i Nerja inom kort - Svenska Magasinet\",\"isPartOf\":{\"@id\":\"https:\\\/\\\/lightweb.dev\\\/l\\\/svm-temp\\\/#website\"},\"primaryImageOfPage\":{\"@id\":\"https:\\\/\\\/lightweb.dev\\\/l\\\/svm-temp\\\/nyheter\\\/dramatisk-vandringsstig-oppnar-i-nerja-inom-kort\\\/#primaryimage\"},\"image\":{\"@id\":\"https:\\\/\\\/lightweb.dev\\\/l\\\/svm-temp\\\/nyheter\\\/dramatisk-vandringsstig-oppnar-i-nerja-inom-kort\\\/#primaryimage\"},\"thumbnailUrl\":\"https:\\\/\\\/lightweb.dev\\\/l\\\/svm-temp\\\/wp-content\\\/uploads\\\/2022\\\/06\\\/dramatisk-vandringsstig-oppnar-i-nerja-inom-kort.png\",\"datePublished\":\"2021-05-13T08:32:00+00:00\",\"breadcrumb\":{\"@id\":\"https:\\\/\\\/lightweb.dev\\\/l\\\/svm-temp\\\/nyheter\\\/dramatisk-vandringsstig-oppnar-i-nerja-inom-kort\\\/#breadcrumb\"},\"inLanguage\":\"sv-SE\",\"potentialAction\":[{\"@type\":\"ReadAction\",\"target\":[\"https:\\\/\\\/lightweb.dev\\\/l\\\/svm-temp\\\/nyheter\\\/dramatisk-vandringsstig-oppnar-i-nerja-inom-kort\\\/\"]}]},{\"@type\":\"ImageObject\",\"inLanguage\":\"sv-SE\",\"@id\":\"https:\\\/\\\/lightweb.dev\\\/l\\\/svm-temp\\\/nyheter\\\/dramatisk-vandringsstig-oppnar-i-nerja-inom-kort\\\/#primaryimage\",\"url\":\"https:\\\/\\\/lightweb.dev\\\/l\\\/svm-temp\\\/wp-content\\\/uploads\\\/2022\\\/06\\\/dramatisk-vandringsstig-oppnar-i-nerja-inom-kort.png\",\"contentUrl\":\"https:\\\/\\\/lightweb.dev\\\/l\\\/svm-temp\\\/wp-content\\\/uploads\\\/2022\\\/06\\\/dramatisk-vandringsstig-oppnar-i-nerja-inom-kort.png\",\"width\":500,\"height\":300},{\"@type\":\"BreadcrumbList\",\"@id\":\"https:\\\/\\\/lightweb.dev\\\/l\\\/svm-temp\\\/nyheter\\\/dramatisk-vandringsstig-oppnar-i-nerja-inom-kort\\\/#breadcrumb\",\"itemListElement\":[{\"@type\":\"ListItem\",\"position\":1,\"name\":\"Hem\",\"item\":\"https:\\\/\\\/lightweb.dev\\\/l\\\/svm-temp\\\/\"},{\"@type\":\"ListItem\",\"position\":2,\"name\":\"Dramatisk vandringsstig \u00f6ppnar i Nerja inom kort\"}]},{\"@type\":\"WebSite\",\"@id\":\"https:\\\/\\\/lightweb.dev\\\/l\\\/svm-temp\\\/#website\",\"url\":\"https:\\\/\\\/lightweb.dev\\\/l\\\/svm-temp\\\/\",\"name\":\"Svenska Magasinet\",\"description\":\"Dina Spanska nyheter p&aring; Svenska\",\"publisher\":{\"@id\":\"https:\\\/\\\/lightweb.dev\\\/l\\\/svm-temp\\\/#organization\"},\"potentialAction\":[{\"@type\":\"SearchAction\",\"target\":{\"@type\":\"EntryPoint\",\"urlTemplate\":\"https:\\\/\\\/lightweb.dev\\\/l\\\/svm-temp\\\/?s={search_term_string}\"},\"query-input\":{\"@type\":\"PropertyValueSpecification\",\"valueRequired\":true,\"valueName\":\"search_term_string\"}}],\"inLanguage\":\"sv-SE\"},{\"@type\":\"Organization\",\"@id\":\"https:\\\/\\\/lightweb.dev\\\/l\\\/svm-temp\\\/#organization\",\"name\":\"Melkerson y Nott SL\",\"alternateName\":\"Svenska Magasinet\",\"url\":\"https:\\\/\\\/lightweb.dev\\\/l\\\/svm-temp\\\/\",\"logo\":{\"@type\":\"ImageObject\",\"inLanguage\":\"sv-SE\",\"@id\":\"https:\\\/\\\/lightweb.dev\\\/l\\\/svm-temp\\\/#\\\/schema\\\/logo\\\/image\\\/\",\"url\":\"https:\\\/\\\/lightweb.dev\\\/l\\\/svm-temp\\\/wp-content\\\/uploads\\\/2025\\\/02\\\/SvM-logo-Xtra-Centrerad-SVART.png\",\"contentUrl\":\"https:\\\/\\\/lightweb.dev\\\/l\\\/svm-temp\\\/wp-content\\\/uploads\\\/2025\\\/02\\\/SvM-logo-Xtra-Centrerad-SVART.png\",\"width\":300,\"height\":99,\"caption\":\"Melkerson y Nott SL\"},\"image\":{\"@id\":\"https:\\\/\\\/lightweb.dev\\\/l\\\/svm-temp\\\/#\\\/schema\\\/logo\\\/image\\\/\"},\"sameAs\":[\"https:\\\/\\\/www.facebook.com\\\/svenskamagasinet\",\"https:\\\/\\\/x.com\\\/SvenskaMagasine\"]},{\"@type\":\"Person\",\"@id\":\"https:\\\/\\\/lightweb.dev\\\/l\\\/svm-temp\\\/#\\\/schema\\\/person\\\/206a3bda5b607b0c25e1749191e4d837\",\"name\":\"Redaktionen SvM\",\"description\":\"Redaktionen\",\"sameAs\":[\"https:\\\/\\\/lightweb.dev\\\/l\\\/svm-temp\"],\"url\":\"https:\\\/\\\/lightweb.dev\\\/l\\\/svm-temp\\\/reporter\\\/redaktionen\\\/\"}]}<\/script>\n<!-- \/ Yoast SEO Premium plugin. -->","yoast_head_json":{"title":"Dramatisk vandringsstig \u00f6ppnar i Nerja inom kort - Svenska Magasinet","robots":{"index":"noindex","follow":"follow","max-snippet":"max-snippet:-1","max-image-preview":"max-image-preview:large","max-video-preview":"max-video-preview:-1"},"og_locale":"sv_SE","og_type":"article","og_title":"Dramatisk vandringsstig \u00f6ppnar i Nerja inom kort","og_description":"Efter att ha varit st\u00e4ngd i 19 \u00e5rs tid kommer den lilla vandringsstigen paseo de los Carabineros som g\u00e5r mellan str\u00e4nderna Calahonda och Burriana i Nerja att \u00f6ppna inom kort. Renoveringsarbetet med den 200 meter l\u00e5nga delen av den totalt kilometerl\u00e5nga vandringsstigen ska vara f\u00e4rdig i slutet p\u00e5 maj m\u00e5nad. Kommunen har \u00e4ven lagt ut [&hellip;]","og_url":"https:\/\/lightweb.dev\/l\/svm-temp\/nyheter\/dramatisk-vandringsstig-oppnar-i-nerja-inom-kort\/","og_site_name":"Svenska Magasinet","article_publisher":"https:\/\/www.facebook.com\/svenskamagasinet","article_published_time":"2021-05-13T08:32:00+00:00","og_image":[{"width":500,"height":300,"url":"https:\/\/lightweb.dev\/l\/svm-temp\/wp-content\/uploads\/2022\/06\/dramatisk-vandringsstig-oppnar-i-nerja-inom-kort.png","type":"image\/png"}],"author":"Redaktionen SvM","twitter_card":"summary_large_image","twitter_creator":"@SvenskaMagasine","twitter_site":"@SvenskaMagasine","schema":{"@context":"https:\/\/schema.org","@graph":[{"@type":"Article","@id":"https:\/\/lightweb.dev\/l\/svm-temp\/nyheter\/dramatisk-vandringsstig-oppnar-i-nerja-inom-kort\/#article","isPartOf":{"@id":"https:\/\/lightweb.dev\/l\/svm-temp\/nyheter\/dramatisk-vandringsstig-oppnar-i-nerja-inom-kort\/"},"author":{"name":"Redaktionen SvM","@id":"https:\/\/lightweb.dev\/l\/svm-temp\/#\/schema\/person\/206a3bda5b607b0c25e1749191e4d837"},"headline":"Dramatisk vandringsstig \u00f6ppnar i Nerja inom kort","datePublished":"2021-05-13T08:32:00+00:00","mainEntityOfPage":{"@id":"https:\/\/lightweb.dev\/l\/svm-temp\/nyheter\/dramatisk-vandringsstig-oppnar-i-nerja-inom-kort\/"},"wordCount":292,"commentCount":0,"publisher":{"@id":"https:\/\/lightweb.dev\/l\/svm-temp\/#organization"},"image":{"@id":"https:\/\/lightweb.dev\/l\/svm-temp\/nyheter\/dramatisk-vandringsstig-oppnar-i-nerja-inom-kort\/#primaryimage"},"thumbnailUrl":"https:\/\/lightweb.dev\/l\/svm-temp\/wp-content\/uploads\/2022\/06\/dramatisk-vandringsstig-oppnar-i-nerja-inom-kort.png","articleSection":["Arkiv","Nyheter"],"inLanguage":"sv-SE"},{"@type":"WebPage","@id":"https:\/\/lightweb.dev\/l\/svm-temp\/nyheter\/dramatisk-vandringsstig-oppnar-i-nerja-inom-kort\/","url":"https:\/\/lightweb.dev\/l\/svm-temp\/nyheter\/dramatisk-vandringsstig-oppnar-i-nerja-inom-kort\/","name":"Dramatisk vandringsstig \u00f6ppnar i Nerja inom kort - Svenska Magasinet","isPartOf":{"@id":"https:\/\/lightweb.dev\/l\/svm-temp\/#website"},"primaryImageOfPage":{"@id":"https:\/\/lightweb.dev\/l\/svm-temp\/nyheter\/dramatisk-vandringsstig-oppnar-i-nerja-inom-kort\/#primaryimage"},"image":{"@id":"https:\/\/lightweb.dev\/l\/svm-temp\/nyheter\/dramatisk-vandringsstig-oppnar-i-nerja-inom-kort\/#primaryimage"},"thumbnailUrl":"https:\/\/lightweb.dev\/l\/svm-temp\/wp-content\/uploads\/2022\/06\/dramatisk-vandringsstig-oppnar-i-nerja-inom-kort.png","datePublished":"2021-05-13T08:32:00+00:00","breadcrumb":{"@id":"https:\/\/lightweb.dev\/l\/svm-temp\/nyheter\/dramatisk-vandringsstig-oppnar-i-nerja-inom-kort\/#breadcrumb"},"inLanguage":"sv-SE","potentialAction":[{"@type":"ReadAction","target":["https:\/\/lightweb.dev\/l\/svm-temp\/nyheter\/dramatisk-vandringsstig-oppnar-i-nerja-inom-kort\/"]}]},{"@type":"ImageObject","inLanguage":"sv-SE","@id":"https:\/\/lightweb.dev\/l\/svm-temp\/nyheter\/dramatisk-vandringsstig-oppnar-i-nerja-inom-kort\/#primaryimage","url":"https:\/\/lightweb.dev\/l\/svm-temp\/wp-content\/uploads\/2022\/06\/dramatisk-vandringsstig-oppnar-i-nerja-inom-kort.png","contentUrl":"https:\/\/lightweb.dev\/l\/svm-temp\/wp-content\/uploads\/2022\/06\/dramatisk-vandringsstig-oppnar-i-nerja-inom-kort.png","width":500,"height":300},{"@type":"BreadcrumbList","@id":"https:\/\/lightweb.dev\/l\/svm-temp\/nyheter\/dramatisk-vandringsstig-oppnar-i-nerja-inom-kort\/#breadcrumb","itemListElement":[{"@type":"ListItem","position":1,"name":"Hem","item":"https:\/\/lightweb.dev\/l\/svm-temp\/"},{"@type":"ListItem","position":2,"name":"Dramatisk vandringsstig \u00f6ppnar i Nerja inom kort"}]},{"@type":"WebSite","@id":"https:\/\/lightweb.dev\/l\/svm-temp\/#website","url":"https:\/\/lightweb.dev\/l\/svm-temp\/","name":"Svenska Magasinet","description":"Dina Spanska nyheter p&aring; Svenska","publisher":{"@id":"https:\/\/lightweb.dev\/l\/svm-temp\/#organization"},"potentialAction":[{"@type":"SearchAction","target":{"@type":"EntryPoint","urlTemplate":"https:\/\/lightweb.dev\/l\/svm-temp\/?s={search_term_string}"},"query-input":{"@type":"PropertyValueSpecification","valueRequired":true,"valueName":"search_term_string"}}],"inLanguage":"sv-SE"},{"@type":"Organization","@id":"https:\/\/lightweb.dev\/l\/svm-temp\/#organization","name":"Melkerson y Nott SL","alternateName":"Svenska Magasinet","url":"https:\/\/lightweb.dev\/l\/svm-temp\/","logo":{"@type":"ImageObject","inLanguage":"sv-SE","@id":"https:\/\/lightweb.dev\/l\/svm-temp\/#\/schema\/logo\/image\/","url":"https:\/\/lightweb.dev\/l\/svm-temp\/wp-content\/uploads\/2025\/02\/SvM-logo-Xtra-Centrerad-SVART.png","contentUrl":"https:\/\/lightweb.dev\/l\/svm-temp\/wp-content\/uploads\/2025\/02\/SvM-logo-Xtra-Centrerad-SVART.png","width":300,"height":99,"caption":"Melkerson y Nott SL"},"image":{"@id":"https:\/\/lightweb.dev\/l\/svm-temp\/#\/schema\/logo\/image\/"},"sameAs":["https:\/\/www.facebook.com\/svenskamagasinet","https:\/\/x.com\/SvenskaMagasine"]},{"@type":"Person","@id":"https:\/\/lightweb.dev\/l\/svm-temp\/#\/schema\/person\/206a3bda5b607b0c25e1749191e4d837","name":"Redaktionen SvM","description":"Redaktionen","sameAs":["https:\/\/lightweb.dev\/l\/svm-temp"],"url":"https:\/\/lightweb.dev\/l\/svm-temp\/reporter\/redaktionen\/"}]}},"_links":{"self":[{"href":"https:\/\/lightweb.dev\/l\/svm-temp\/wp-json\/wp\/v2\/posts\/12174","targetHints":{"allow":["GET"]}}],"collection":[{"href":"https:\/\/lightweb.dev\/l\/svm-temp\/wp-json\/wp\/v2\/posts"}],"about":[{"href":"https:\/\/lightweb.dev\/l\/svm-temp\/wp-json\/wp\/v2\/types\/post"}],"author":[{"embeddable":true,"href":"https:\/\/lightweb.dev\/l\/svm-temp\/wp-json\/wp\/v2\/users\/8"}],"replies":[{"embeddable":true,"href":"https:\/\/lightweb.dev\/l\/svm-temp\/wp-json\/wp\/v2\/comments?post=12174"}],"version-history":[{"count":0,"href":"https:\/\/lightweb.dev\/l\/svm-temp\/wp-json\/wp\/v2\/posts\/12174\/revisions"}],"wp:featuredmedia":[{"embeddable":true,"href":"https:\/\/lightweb.dev\/l\/svm-temp\/wp-json\/wp\/v2\/media\/12176"}],"wp:attachment":[{"href":"https:\/\/lightweb.dev\/l\/svm-temp\/wp-json\/wp\/v2\/media?parent=12174"}],"wp:term":[{"taxonomy":"category","embeddable":true,"href":"https:\/\/lightweb.dev\/l\/svm-temp\/wp-json\/wp\/v2\/categories?post=12174"},{"taxonomy":"post_tag","embeddable":true,"href":"https:\/\/lightweb.dev\/l\/svm-temp\/wp-json\/wp\/v2\/tags?post=12174"}],"curies":[{"name":"wp","href":"https:\/\/api.w.org\/{rel}","templated":true}]}}