{"id":12177,"date":"2021-05-13T11:10:00","date_gmt":"2021-05-13T09:10:00","guid":{"rendered":"https:\/\/lightweb.dev\/l\/svm-temp\/nyheter\/spansk-ekonomi-forvantas-vaxa-mest-i-eu\/"},"modified":"2021-05-13T11:10:00","modified_gmt":"2021-05-13T09:10:00","slug":"spansk-ekonomi-forvantas-vaxa-mest-i-eu","status":"publish","type":"post","link":"https:\/\/lightweb.dev\/l\/svm-temp\/nyheter\/spansk-ekonomi-forvantas-vaxa-mest-i-eu\/","title":{"rendered":"Spansk ekonomi f\u00f6rv\u00e4ntas v\u00e4xa mest i EU"},"content":{"rendered":"<p> Optimism men ocks\u00e5 en gnutta pessimism. S\u00e5 kan sammanfattningen som EU-kommissionen g\u00f6r av Spanien de n\u00e4rmaste \u00e5ren beskrivas. Spaniens ekonomi v\u00e4xer mer \u00e4n genomsnittet i EU 2021 och 2022. Men arbetsl\u00f6sheten ligger fortsatt h\u00f6gt.<\/p>\n<p>Bryssel f\u00f6rutsp\u00e5r BNP-\u00f6kningar p\u00e5 5,9 respektive och 6,8 procent i Spanien tack vare \u00e5terh\u00e4mtningsplanen, slutet p\u00e5 coronarestriktioner och vaccination.<\/p>\n<p>S\u00e5 ser de makroekonomiska prognoserna ut i Bryssel n\u00e4r EU gasar p\u00e5 och h\u00f6jer sin tidigare prognos f\u00f6r Spanien med tre tiondelar f\u00f6r 2021 och 1,5 procent f\u00f6r 2022 j\u00e4mf\u00f6rt med den prognos som gjordes i februari.<\/p>\n<p>Spanien precis som EU f\u00f6rv\u00e4ntas dra nytta av de goda tillv\u00e4xtutsikterna f\u00f6r de stora ekonomierna USA och Kina.<\/p>\n<p>Spaniens \u00e5terh\u00e4mtningsplan kommer att bli avg\u00f6rande f\u00f6r att ekonomin tar fart och v\u00e4xer.<\/p>\n<p>&#8211; Sammantaget \u00e4r utsikterna mycket positiva, s\u00e4ger EU-kommission\u00e4ren inom ekonomi, Paolo Gentolini.<\/p>\n<p>\u00c4ven turistsektorn f\u00f6rv\u00e4ntas \u00e5terg\u00e5 till normala f\u00f6rh\u00e5llanden 2022 samtidigt som efterfr\u00e5gan p\u00e5 hemmaplan \u00f6kar.<\/p>\n<p>Men det finns \u00e4ven m\u00f6rka moln p\u00e5 den spanska himlen. Det \u00e4r en fortsatt h\u00f6g arbetsl\u00f6shet. Arbetsl\u00f6sheten f\u00f6rv\u00e4ntas sjunka fr\u00e5n \u00e5rets 15,7 procent till 14,4 procent 2022 vilket \u00e4r h\u00f6gst bland EU:s stora l\u00e4nder och betydligt st\u00f6rre \u00e4n det f\u00f6rv\u00e4ntade genomsnittet p\u00e5 7,8 procent.<\/p>\n<p>Spaniens utlandsskuld f\u00f6rv\u00e4ntas minska fr\u00e5n 119,6 procent av BNP (2021) till 116,9 (2022). Genomsnittet i EU minskar fr\u00e5n 102,4 till 100,8.<\/p>\n","protected":false},"excerpt":{"rendered":"<p>Optimism men ocks\u00e5 en gnutta pessimism. S\u00e5 kan sammanfattningen som EU-kommissionen g\u00f6r av Spanien de n\u00e4rmaste \u00e5ren beskrivas. Spaniens ekonomi v\u00e4xer mer \u00e4n genomsnittet i EU 2021 och 2022. Men arbetsl\u00f6sheten ligger fortsatt h\u00f6gt. Bryssel f\u00f6rutsp\u00e5r BNP-\u00f6kningar p\u00e5 5,9 respektive och 6,8 procent i Spanien tack vare \u00e5terh\u00e4mtningsplanen, slutet p\u00e5 coronarestriktioner och vaccination. S\u00e5 ser [&hellip;]<\/p>\n","protected":false},"author":8,"featured_media":12178,"comment_status":"open","ping_status":"open","sticky":false,"template":"","format":"standard","meta":{"_et_pb_use_builder":"","_et_pb_old_content":"","_et_gb_content_width":"","footnotes":""},"categories":[395,3],"tags":[],"class_list":["post-12177","post","type-post","status-publish","format-standard","has-post-thumbnail","hentry","category-arkiv-nyheter","category-nyheter"],"yoast_head":"<!-- This site is optimized with the Yoast SEO Premium plugin v26.2 (Yoast SEO v27.4) - https:\/\/yoast.com\/product\/yoast-seo-premium-wordpress\/ -->\n<title>Spansk ekonomi f\u00f6rv\u00e4ntas v\u00e4xa mest i EU - Svenska Magasinet<\/title>\n<meta name=\"robots\" content=\"noindex, follow, max-snippet:-1, max-image-preview:large, max-video-preview:-1\" \/>\n<meta property=\"og:locale\" content=\"sv_SE\" \/>\n<meta property=\"og:type\" content=\"article\" \/>\n<meta property=\"og:title\" content=\"Spansk ekonomi f\u00f6rv\u00e4ntas v\u00e4xa mest i EU\" \/>\n<meta property=\"og:description\" content=\"Optimism men ocks\u00e5 en gnutta pessimism. S\u00e5 kan sammanfattningen som EU-kommissionen g\u00f6r av Spanien de n\u00e4rmaste \u00e5ren beskrivas. Spaniens ekonomi v\u00e4xer mer \u00e4n genomsnittet i EU 2021 och 2022. Men arbetsl\u00f6sheten ligger fortsatt h\u00f6gt. Bryssel f\u00f6rutsp\u00e5r BNP-\u00f6kningar p\u00e5 5,9 respektive och 6,8 procent i Spanien tack vare \u00e5terh\u00e4mtningsplanen, slutet p\u00e5 coronarestriktioner och vaccination. S\u00e5 ser [&hellip;]\" \/>\n<meta property=\"og:url\" content=\"https:\/\/lightweb.dev\/l\/svm-temp\/nyheter\/spansk-ekonomi-forvantas-vaxa-mest-i-eu\/\" \/>\n<meta property=\"og:site_name\" content=\"Svenska Magasinet\" \/>\n<meta property=\"article:publisher\" content=\"https:\/\/www.facebook.com\/svenskamagasinet\" \/>\n<meta property=\"article:published_time\" content=\"2021-05-13T09:10:00+00:00\" \/>\n<meta property=\"og:image\" content=\"https:\/\/lightweb.dev\/l\/svm-temp\/wp-content\/uploads\/2022\/06\/spansk-ekonomi-forvantas-vaxa-mest-i-eu.png\" \/>\n\t<meta property=\"og:image:width\" content=\"501\" \/>\n\t<meta property=\"og:image:height\" content=\"300\" \/>\n\t<meta property=\"og:image:type\" content=\"image\/png\" \/>\n<meta name=\"author\" content=\"Redaktionen SvM\" \/>\n<meta name=\"twitter:card\" content=\"summary_large_image\" \/>\n<meta name=\"twitter:creator\" content=\"@SvenskaMagasine\" \/>\n<meta name=\"twitter:site\" content=\"@SvenskaMagasine\" \/>\n<script type=\"application\/ld+json\" class=\"yoast-schema-graph\">{\"@context\":\"https:\\\/\\\/schema.org\",\"@graph\":[{\"@type\":\"Article\",\"@id\":\"https:\\\/\\\/lightweb.dev\\\/l\\\/svm-temp\\\/nyheter\\\/spansk-ekonomi-forvantas-vaxa-mest-i-eu\\\/#article\",\"isPartOf\":{\"@id\":\"https:\\\/\\\/lightweb.dev\\\/l\\\/svm-temp\\\/nyheter\\\/spansk-ekonomi-forvantas-vaxa-mest-i-eu\\\/\"},\"author\":{\"name\":\"Redaktionen SvM\",\"@id\":\"https:\\\/\\\/lightweb.dev\\\/l\\\/svm-temp\\\/#\\\/schema\\\/person\\\/206a3bda5b607b0c25e1749191e4d837\"},\"headline\":\"Spansk ekonomi f\u00f6rv\u00e4ntas v\u00e4xa mest i EU\",\"datePublished\":\"2021-05-13T09:10:00+00:00\",\"mainEntityOfPage\":{\"@id\":\"https:\\\/\\\/lightweb.dev\\\/l\\\/svm-temp\\\/nyheter\\\/spansk-ekonomi-forvantas-vaxa-mest-i-eu\\\/\"},\"wordCount\":252,\"commentCount\":0,\"publisher\":{\"@id\":\"https:\\\/\\\/lightweb.dev\\\/l\\\/svm-temp\\\/#organization\"},\"image\":{\"@id\":\"https:\\\/\\\/lightweb.dev\\\/l\\\/svm-temp\\\/nyheter\\\/spansk-ekonomi-forvantas-vaxa-mest-i-eu\\\/#primaryimage\"},\"thumbnailUrl\":\"https:\\\/\\\/lightweb.dev\\\/l\\\/svm-temp\\\/wp-content\\\/uploads\\\/2022\\\/06\\\/spansk-ekonomi-forvantas-vaxa-mest-i-eu.png\",\"articleSection\":[\"Arkiv\",\"Nyheter\"],\"inLanguage\":\"sv-SE\"},{\"@type\":\"WebPage\",\"@id\":\"https:\\\/\\\/lightweb.dev\\\/l\\\/svm-temp\\\/nyheter\\\/spansk-ekonomi-forvantas-vaxa-mest-i-eu\\\/\",\"url\":\"https:\\\/\\\/lightweb.dev\\\/l\\\/svm-temp\\\/nyheter\\\/spansk-ekonomi-forvantas-vaxa-mest-i-eu\\\/\",\"name\":\"Spansk ekonomi f\u00f6rv\u00e4ntas v\u00e4xa mest i EU - Svenska Magasinet\",\"isPartOf\":{\"@id\":\"https:\\\/\\\/lightweb.dev\\\/l\\\/svm-temp\\\/#website\"},\"primaryImageOfPage\":{\"@id\":\"https:\\\/\\\/lightweb.dev\\\/l\\\/svm-temp\\\/nyheter\\\/spansk-ekonomi-forvantas-vaxa-mest-i-eu\\\/#primaryimage\"},\"image\":{\"@id\":\"https:\\\/\\\/lightweb.dev\\\/l\\\/svm-temp\\\/nyheter\\\/spansk-ekonomi-forvantas-vaxa-mest-i-eu\\\/#primaryimage\"},\"thumbnailUrl\":\"https:\\\/\\\/lightweb.dev\\\/l\\\/svm-temp\\\/wp-content\\\/uploads\\\/2022\\\/06\\\/spansk-ekonomi-forvantas-vaxa-mest-i-eu.png\",\"datePublished\":\"2021-05-13T09:10:00+00:00\",\"breadcrumb\":{\"@id\":\"https:\\\/\\\/lightweb.dev\\\/l\\\/svm-temp\\\/nyheter\\\/spansk-ekonomi-forvantas-vaxa-mest-i-eu\\\/#breadcrumb\"},\"inLanguage\":\"sv-SE\",\"potentialAction\":[{\"@type\":\"ReadAction\",\"target\":[\"https:\\\/\\\/lightweb.dev\\\/l\\\/svm-temp\\\/nyheter\\\/spansk-ekonomi-forvantas-vaxa-mest-i-eu\\\/\"]}]},{\"@type\":\"ImageObject\",\"inLanguage\":\"sv-SE\",\"@id\":\"https:\\\/\\\/lightweb.dev\\\/l\\\/svm-temp\\\/nyheter\\\/spansk-ekonomi-forvantas-vaxa-mest-i-eu\\\/#primaryimage\",\"url\":\"https:\\\/\\\/lightweb.dev\\\/l\\\/svm-temp\\\/wp-content\\\/uploads\\\/2022\\\/06\\\/spansk-ekonomi-forvantas-vaxa-mest-i-eu.png\",\"contentUrl\":\"https:\\\/\\\/lightweb.dev\\\/l\\\/svm-temp\\\/wp-content\\\/uploads\\\/2022\\\/06\\\/spansk-ekonomi-forvantas-vaxa-mest-i-eu.png\",\"width\":501,\"height\":300},{\"@type\":\"BreadcrumbList\",\"@id\":\"https:\\\/\\\/lightweb.dev\\\/l\\\/svm-temp\\\/nyheter\\\/spansk-ekonomi-forvantas-vaxa-mest-i-eu\\\/#breadcrumb\",\"itemListElement\":[{\"@type\":\"ListItem\",\"position\":1,\"name\":\"Hem\",\"item\":\"https:\\\/\\\/lightweb.dev\\\/l\\\/svm-temp\\\/\"},{\"@type\":\"ListItem\",\"position\":2,\"name\":\"Spansk ekonomi f\u00f6rv\u00e4ntas v\u00e4xa mest i EU\"}]},{\"@type\":\"WebSite\",\"@id\":\"https:\\\/\\\/lightweb.dev\\\/l\\\/svm-temp\\\/#website\",\"url\":\"https:\\\/\\\/lightweb.dev\\\/l\\\/svm-temp\\\/\",\"name\":\"Svenska Magasinet\",\"description\":\"Dina Spanska nyheter p&aring; Svenska\",\"publisher\":{\"@id\":\"https:\\\/\\\/lightweb.dev\\\/l\\\/svm-temp\\\/#organization\"},\"potentialAction\":[{\"@type\":\"SearchAction\",\"target\":{\"@type\":\"EntryPoint\",\"urlTemplate\":\"https:\\\/\\\/lightweb.dev\\\/l\\\/svm-temp\\\/?s={search_term_string}\"},\"query-input\":{\"@type\":\"PropertyValueSpecification\",\"valueRequired\":true,\"valueName\":\"search_term_string\"}}],\"inLanguage\":\"sv-SE\"},{\"@type\":\"Organization\",\"@id\":\"https:\\\/\\\/lightweb.dev\\\/l\\\/svm-temp\\\/#organization\",\"name\":\"Melkerson y Nott SL\",\"alternateName\":\"Svenska Magasinet\",\"url\":\"https:\\\/\\\/lightweb.dev\\\/l\\\/svm-temp\\\/\",\"logo\":{\"@type\":\"ImageObject\",\"inLanguage\":\"sv-SE\",\"@id\":\"https:\\\/\\\/lightweb.dev\\\/l\\\/svm-temp\\\/#\\\/schema\\\/logo\\\/image\\\/\",\"url\":\"https:\\\/\\\/lightweb.dev\\\/l\\\/svm-temp\\\/wp-content\\\/uploads\\\/2025\\\/02\\\/SvM-logo-Xtra-Centrerad-SVART.png\",\"contentUrl\":\"https:\\\/\\\/lightweb.dev\\\/l\\\/svm-temp\\\/wp-content\\\/uploads\\\/2025\\\/02\\\/SvM-logo-Xtra-Centrerad-SVART.png\",\"width\":300,\"height\":99,\"caption\":\"Melkerson y Nott SL\"},\"image\":{\"@id\":\"https:\\\/\\\/lightweb.dev\\\/l\\\/svm-temp\\\/#\\\/schema\\\/logo\\\/image\\\/\"},\"sameAs\":[\"https:\\\/\\\/www.facebook.com\\\/svenskamagasinet\",\"https:\\\/\\\/x.com\\\/SvenskaMagasine\"]},{\"@type\":\"Person\",\"@id\":\"https:\\\/\\\/lightweb.dev\\\/l\\\/svm-temp\\\/#\\\/schema\\\/person\\\/206a3bda5b607b0c25e1749191e4d837\",\"name\":\"Redaktionen SvM\",\"description\":\"Redaktionen\",\"sameAs\":[\"https:\\\/\\\/lightweb.dev\\\/l\\\/svm-temp\"],\"url\":\"https:\\\/\\\/lightweb.dev\\\/l\\\/svm-temp\\\/reporter\\\/redaktionen\\\/\"}]}<\/script>\n<!-- \/ Yoast SEO Premium plugin. -->","yoast_head_json":{"title":"Spansk ekonomi f\u00f6rv\u00e4ntas v\u00e4xa mest i EU - Svenska Magasinet","robots":{"index":"noindex","follow":"follow","max-snippet":"max-snippet:-1","max-image-preview":"max-image-preview:large","max-video-preview":"max-video-preview:-1"},"og_locale":"sv_SE","og_type":"article","og_title":"Spansk ekonomi f\u00f6rv\u00e4ntas v\u00e4xa mest i EU","og_description":"Optimism men ocks\u00e5 en gnutta pessimism. S\u00e5 kan sammanfattningen som EU-kommissionen g\u00f6r av Spanien de n\u00e4rmaste \u00e5ren beskrivas. Spaniens ekonomi v\u00e4xer mer \u00e4n genomsnittet i EU 2021 och 2022. Men arbetsl\u00f6sheten ligger fortsatt h\u00f6gt. Bryssel f\u00f6rutsp\u00e5r BNP-\u00f6kningar p\u00e5 5,9 respektive och 6,8 procent i Spanien tack vare \u00e5terh\u00e4mtningsplanen, slutet p\u00e5 coronarestriktioner och vaccination. S\u00e5 ser [&hellip;]","og_url":"https:\/\/lightweb.dev\/l\/svm-temp\/nyheter\/spansk-ekonomi-forvantas-vaxa-mest-i-eu\/","og_site_name":"Svenska Magasinet","article_publisher":"https:\/\/www.facebook.com\/svenskamagasinet","article_published_time":"2021-05-13T09:10:00+00:00","og_image":[{"width":501,"height":300,"url":"https:\/\/lightweb.dev\/l\/svm-temp\/wp-content\/uploads\/2022\/06\/spansk-ekonomi-forvantas-vaxa-mest-i-eu.png","type":"image\/png"}],"author":"Redaktionen SvM","twitter_card":"summary_large_image","twitter_creator":"@SvenskaMagasine","twitter_site":"@SvenskaMagasine","schema":{"@context":"https:\/\/schema.org","@graph":[{"@type":"Article","@id":"https:\/\/lightweb.dev\/l\/svm-temp\/nyheter\/spansk-ekonomi-forvantas-vaxa-mest-i-eu\/#article","isPartOf":{"@id":"https:\/\/lightweb.dev\/l\/svm-temp\/nyheter\/spansk-ekonomi-forvantas-vaxa-mest-i-eu\/"},"author":{"name":"Redaktionen SvM","@id":"https:\/\/lightweb.dev\/l\/svm-temp\/#\/schema\/person\/206a3bda5b607b0c25e1749191e4d837"},"headline":"Spansk ekonomi f\u00f6rv\u00e4ntas v\u00e4xa mest i EU","datePublished":"2021-05-13T09:10:00+00:00","mainEntityOfPage":{"@id":"https:\/\/lightweb.dev\/l\/svm-temp\/nyheter\/spansk-ekonomi-forvantas-vaxa-mest-i-eu\/"},"wordCount":252,"commentCount":0,"publisher":{"@id":"https:\/\/lightweb.dev\/l\/svm-temp\/#organization"},"image":{"@id":"https:\/\/lightweb.dev\/l\/svm-temp\/nyheter\/spansk-ekonomi-forvantas-vaxa-mest-i-eu\/#primaryimage"},"thumbnailUrl":"https:\/\/lightweb.dev\/l\/svm-temp\/wp-content\/uploads\/2022\/06\/spansk-ekonomi-forvantas-vaxa-mest-i-eu.png","articleSection":["Arkiv","Nyheter"],"inLanguage":"sv-SE"},{"@type":"WebPage","@id":"https:\/\/lightweb.dev\/l\/svm-temp\/nyheter\/spansk-ekonomi-forvantas-vaxa-mest-i-eu\/","url":"https:\/\/lightweb.dev\/l\/svm-temp\/nyheter\/spansk-ekonomi-forvantas-vaxa-mest-i-eu\/","name":"Spansk ekonomi f\u00f6rv\u00e4ntas v\u00e4xa mest i EU - Svenska Magasinet","isPartOf":{"@id":"https:\/\/lightweb.dev\/l\/svm-temp\/#website"},"primaryImageOfPage":{"@id":"https:\/\/lightweb.dev\/l\/svm-temp\/nyheter\/spansk-ekonomi-forvantas-vaxa-mest-i-eu\/#primaryimage"},"image":{"@id":"https:\/\/lightweb.dev\/l\/svm-temp\/nyheter\/spansk-ekonomi-forvantas-vaxa-mest-i-eu\/#primaryimage"},"thumbnailUrl":"https:\/\/lightweb.dev\/l\/svm-temp\/wp-content\/uploads\/2022\/06\/spansk-ekonomi-forvantas-vaxa-mest-i-eu.png","datePublished":"2021-05-13T09:10:00+00:00","breadcrumb":{"@id":"https:\/\/lightweb.dev\/l\/svm-temp\/nyheter\/spansk-ekonomi-forvantas-vaxa-mest-i-eu\/#breadcrumb"},"inLanguage":"sv-SE","potentialAction":[{"@type":"ReadAction","target":["https:\/\/lightweb.dev\/l\/svm-temp\/nyheter\/spansk-ekonomi-forvantas-vaxa-mest-i-eu\/"]}]},{"@type":"ImageObject","inLanguage":"sv-SE","@id":"https:\/\/lightweb.dev\/l\/svm-temp\/nyheter\/spansk-ekonomi-forvantas-vaxa-mest-i-eu\/#primaryimage","url":"https:\/\/lightweb.dev\/l\/svm-temp\/wp-content\/uploads\/2022\/06\/spansk-ekonomi-forvantas-vaxa-mest-i-eu.png","contentUrl":"https:\/\/lightweb.dev\/l\/svm-temp\/wp-content\/uploads\/2022\/06\/spansk-ekonomi-forvantas-vaxa-mest-i-eu.png","width":501,"height":300},{"@type":"BreadcrumbList","@id":"https:\/\/lightweb.dev\/l\/svm-temp\/nyheter\/spansk-ekonomi-forvantas-vaxa-mest-i-eu\/#breadcrumb","itemListElement":[{"@type":"ListItem","position":1,"name":"Hem","item":"https:\/\/lightweb.dev\/l\/svm-temp\/"},{"@type":"ListItem","position":2,"name":"Spansk ekonomi f\u00f6rv\u00e4ntas v\u00e4xa mest i EU"}]},{"@type":"WebSite","@id":"https:\/\/lightweb.dev\/l\/svm-temp\/#website","url":"https:\/\/lightweb.dev\/l\/svm-temp\/","name":"Svenska Magasinet","description":"Dina Spanska nyheter p&aring; Svenska","publisher":{"@id":"https:\/\/lightweb.dev\/l\/svm-temp\/#organization"},"potentialAction":[{"@type":"SearchAction","target":{"@type":"EntryPoint","urlTemplate":"https:\/\/lightweb.dev\/l\/svm-temp\/?s={search_term_string}"},"query-input":{"@type":"PropertyValueSpecification","valueRequired":true,"valueName":"search_term_string"}}],"inLanguage":"sv-SE"},{"@type":"Organization","@id":"https:\/\/lightweb.dev\/l\/svm-temp\/#organization","name":"Melkerson y Nott SL","alternateName":"Svenska Magasinet","url":"https:\/\/lightweb.dev\/l\/svm-temp\/","logo":{"@type":"ImageObject","inLanguage":"sv-SE","@id":"https:\/\/lightweb.dev\/l\/svm-temp\/#\/schema\/logo\/image\/","url":"https:\/\/lightweb.dev\/l\/svm-temp\/wp-content\/uploads\/2025\/02\/SvM-logo-Xtra-Centrerad-SVART.png","contentUrl":"https:\/\/lightweb.dev\/l\/svm-temp\/wp-content\/uploads\/2025\/02\/SvM-logo-Xtra-Centrerad-SVART.png","width":300,"height":99,"caption":"Melkerson y Nott SL"},"image":{"@id":"https:\/\/lightweb.dev\/l\/svm-temp\/#\/schema\/logo\/image\/"},"sameAs":["https:\/\/www.facebook.com\/svenskamagasinet","https:\/\/x.com\/SvenskaMagasine"]},{"@type":"Person","@id":"https:\/\/lightweb.dev\/l\/svm-temp\/#\/schema\/person\/206a3bda5b607b0c25e1749191e4d837","name":"Redaktionen SvM","description":"Redaktionen","sameAs":["https:\/\/lightweb.dev\/l\/svm-temp"],"url":"https:\/\/lightweb.dev\/l\/svm-temp\/reporter\/redaktionen\/"}]}},"_links":{"self":[{"href":"https:\/\/lightweb.dev\/l\/svm-temp\/wp-json\/wp\/v2\/posts\/12177","targetHints":{"allow":["GET"]}}],"collection":[{"href":"https:\/\/lightweb.dev\/l\/svm-temp\/wp-json\/wp\/v2\/posts"}],"about":[{"href":"https:\/\/lightweb.dev\/l\/svm-temp\/wp-json\/wp\/v2\/types\/post"}],"author":[{"embeddable":true,"href":"https:\/\/lightweb.dev\/l\/svm-temp\/wp-json\/wp\/v2\/users\/8"}],"replies":[{"embeddable":true,"href":"https:\/\/lightweb.dev\/l\/svm-temp\/wp-json\/wp\/v2\/comments?post=12177"}],"version-history":[{"count":0,"href":"https:\/\/lightweb.dev\/l\/svm-temp\/wp-json\/wp\/v2\/posts\/12177\/revisions"}],"wp:featuredmedia":[{"embeddable":true,"href":"https:\/\/lightweb.dev\/l\/svm-temp\/wp-json\/wp\/v2\/media\/12178"}],"wp:attachment":[{"href":"https:\/\/lightweb.dev\/l\/svm-temp\/wp-json\/wp\/v2\/media?parent=12177"}],"wp:term":[{"taxonomy":"category","embeddable":true,"href":"https:\/\/lightweb.dev\/l\/svm-temp\/wp-json\/wp\/v2\/categories?post=12177"},{"taxonomy":"post_tag","embeddable":true,"href":"https:\/\/lightweb.dev\/l\/svm-temp\/wp-json\/wp\/v2\/tags?post=12177"}],"curies":[{"name":"wp","href":"https:\/\/api.w.org\/{rel}","templated":true}]}}