{"id":12179,"date":"2021-05-13T15:50:00","date_gmt":"2021-05-13T13:50:00","guid":{"rendered":"https:\/\/lightweb.dev\/l\/svm-temp\/nyheter\/nar-upphor-det-obligatoriska-munskyddskravet-utomhus\/"},"modified":"2021-05-13T15:50:00","modified_gmt":"2021-05-13T13:50:00","slug":"nar-upphor-det-obligatoriska-munskyddskravet-utomhus","status":"publish","type":"post","link":"https:\/\/lightweb.dev\/l\/svm-temp\/nyheter\/nar-upphor-det-obligatoriska-munskyddskravet-utomhus\/","title":{"rendered":"N\u00e4r upph\u00f6r det obligatoriska munskyddskravet utomhus?"},"content":{"rendered":"<p> Allt fler b\u00e4r munskyddet under hakan. Fr\u00e5gan \u00e4r uppe till diskussion. N\u00e4r \u00e4r de vackra leenden tillbaka? N\u00e4r h\u00e4vs det obligatoriska munskyddskravet utomhus? Men i det decentraliserade Spanien kanske vi f\u00e5r se olika bud och f\u00f6rslag fr\u00e5n de olika regionerna.<br \/>\n Gibraltar har redan h\u00e4vt munskyddskravet utomhus. Chefsministern Fabian Picardo meddelade i b\u00f6rjan p\u00e5 april att kravet som tidigare hade h\u00e4vts utomhus \u00e4ven upph\u00f6rde inomhus i barer, restauranger och gym. I forts\u00e4ttningen g\u00e4llde kravet endast i butiker, kollektivtrafik och skolor.<\/p>\n<p>Israel har h\u00e4vt kravet med munskydd utomhus. Och snart v\u00e4ntar Italien att ta samma beslut.<\/p>\n<p>Under g\u00e5rdagen sa Galiciens regionpresident Alberto N\u00fa\u00f1ez Feij\u00f3o:<\/p>\n<p>&#8211; Om utvecklingen forts\u00e4tter som den g\u00f6r med f\u00e4rre smittade och fler vaccinerade, sex, \u00e5tta veckor ytterligare \u00e4r jag \u00f6vertygad om att vi i juli eller augusti kan se m\u00e4nniskor ute p\u00e5 gatan utan munskydd.<\/p>\n<p>Och tv-kanalen LaSexta uppger att H\u00e4lsov\u00e5rdsdepartementet planerar att h\u00e4va munskyddskravet utomhus n\u00e4r mellan 50 till 70 procent \u00e4r vaccinerade. Regeringen tror att detta ska intr\u00e4ffa n\u00e5gon g\u00e5ng runt den 18 augusti.<\/p>\n<p>\u00c4ven landets samordnare vid akuta kriser, Fernando Sim\u00f3n, s\u00e4ger till radiokanalen Onda Cero att kravet ska \u00e4ndras fram\u00f6ver och att h\u00e4lsov\u00e5rden redan diskuterar fr\u00e5gan med regionerna.<\/p>\n<p>H\u00e4lsov\u00e5rdsdepartementet har redan tagit beslutet att h\u00e4va kravet p\u00e5 munskydd i samband med vila p\u00e5 str\u00e4nder och vid pooler. D\u00e4remot \u00e4r det fortsatt obligatoriskt under promenader l\u00e4ngs stranden.<\/p>\n<p>Valenciaregionen som har det l\u00e4gsta incidenstalet av landets regioner med 32 smittade per 100.000 inv\u00e5nare de senaste 14 dagarna kom med ett f\u00f6rtydligande under g\u00e5rdagen. <\/p>\n<p>Att det obligatoriska munskyddskravet fortsatt g\u00e4ller p\u00e5 stranden utom vid bad, motionssporter i vattenmilj\u00f6n eller under viloperioder. Viloperioderna avser situationer d\u00e4r personen respekterar avst\u00e5ndet p\u00e5 1,5 meter till en person som inte bor under samma tak.<\/p>\n<p>Det \u00e4r samma budskap som Andalusien tidigare har meddelat. Hur l\u00e4nge besluten g\u00e4ller framg\u00e5r inte.<\/p>\n<p>Hur det blir inomhus \u00e5terst\u00e5r att se. P\u00e5 torsdagen meddelade regionregeringen i Andalusien att munskyddskravet f\u00f6r skolklasser troligtvis kommer att g\u00e4la under n\u00e4sta l\u00e4s\u00e5r 2021\/2022. D\u00e4remot kommer kravet p\u00e5 avst\u00e5nd mellan eleverna att minska n\u00e5got f\u00f6r att kunna \u00f6ka kapaciteten av elever i klassrummen.<\/p>\n<p>Det var den 15 juli 2020 som Spanien inf\u00f6rde obligatoriskt munskyddskrav \u00f6verallt i offentliga milj\u00f6er \u00e4ven utomhus.<\/p>\n","protected":false},"excerpt":{"rendered":"<p>Allt fler b\u00e4r munskyddet under hakan. Fr\u00e5gan \u00e4r uppe till diskussion. N\u00e4r \u00e4r de vackra leenden tillbaka? N\u00e4r h\u00e4vs det obligatoriska munskyddskravet utomhus? Men i det decentraliserade Spanien kanske vi f\u00e5r se olika bud och f\u00f6rslag fr\u00e5n de olika regionerna. Gibraltar har redan h\u00e4vt munskyddskravet utomhus. Chefsministern Fabian Picardo meddelade i b\u00f6rjan p\u00e5 april att [&hellip;]<\/p>\n","protected":false},"author":8,"featured_media":12180,"comment_status":"open","ping_status":"open","sticky":false,"template":"","format":"standard","meta":{"_et_pb_use_builder":"","_et_pb_old_content":"","_et_gb_content_width":"","footnotes":""},"categories":[395,3],"tags":[],"class_list":["post-12179","post","type-post","status-publish","format-standard","has-post-thumbnail","hentry","category-arkiv-nyheter","category-nyheter"],"yoast_head":"<!-- This site is optimized with the Yoast SEO Premium plugin v26.2 (Yoast SEO v27.4) - https:\/\/yoast.com\/product\/yoast-seo-premium-wordpress\/ -->\n<title>N\u00e4r upph\u00f6r det obligatoriska munskyddskravet utomhus? - Svenska Magasinet<\/title>\n<meta name=\"robots\" content=\"noindex, follow, max-snippet:-1, max-image-preview:large, max-video-preview:-1\" \/>\n<meta property=\"og:locale\" content=\"sv_SE\" \/>\n<meta property=\"og:type\" content=\"article\" \/>\n<meta property=\"og:title\" content=\"N\u00e4r upph\u00f6r det obligatoriska munskyddskravet utomhus?\" \/>\n<meta property=\"og:description\" content=\"Allt fler b\u00e4r munskyddet under hakan. Fr\u00e5gan \u00e4r uppe till diskussion. N\u00e4r \u00e4r de vackra leenden tillbaka? N\u00e4r h\u00e4vs det obligatoriska munskyddskravet utomhus? Men i det decentraliserade Spanien kanske vi f\u00e5r se olika bud och f\u00f6rslag fr\u00e5n de olika regionerna. Gibraltar har redan h\u00e4vt munskyddskravet utomhus. Chefsministern Fabian Picardo meddelade i b\u00f6rjan p\u00e5 april att [&hellip;]\" \/>\n<meta property=\"og:url\" content=\"https:\/\/lightweb.dev\/l\/svm-temp\/nyheter\/nar-upphor-det-obligatoriska-munskyddskravet-utomhus\/\" \/>\n<meta property=\"og:site_name\" content=\"Svenska Magasinet\" \/>\n<meta property=\"article:publisher\" content=\"https:\/\/www.facebook.com\/svenskamagasinet\" \/>\n<meta property=\"article:published_time\" content=\"2021-05-13T13:50:00+00:00\" \/>\n<meta property=\"og:image\" content=\"https:\/\/lightweb.dev\/l\/svm-temp\/wp-content\/uploads\/2022\/06\/nar-upphor-det-obligatoriska-munskyddskravet-utomhus.png\" \/>\n\t<meta property=\"og:image:width\" content=\"500\" \/>\n\t<meta property=\"og:image:height\" content=\"300\" \/>\n\t<meta property=\"og:image:type\" content=\"image\/png\" \/>\n<meta name=\"author\" content=\"Redaktionen SvM\" \/>\n<meta name=\"twitter:card\" content=\"summary_large_image\" \/>\n<meta name=\"twitter:creator\" content=\"@SvenskaMagasine\" \/>\n<meta name=\"twitter:site\" content=\"@SvenskaMagasine\" \/>\n<script type=\"application\/ld+json\" class=\"yoast-schema-graph\">{\"@context\":\"https:\\\/\\\/schema.org\",\"@graph\":[{\"@type\":\"Article\",\"@id\":\"https:\\\/\\\/lightweb.dev\\\/l\\\/svm-temp\\\/nyheter\\\/nar-upphor-det-obligatoriska-munskyddskravet-utomhus\\\/#article\",\"isPartOf\":{\"@id\":\"https:\\\/\\\/lightweb.dev\\\/l\\\/svm-temp\\\/nyheter\\\/nar-upphor-det-obligatoriska-munskyddskravet-utomhus\\\/\"},\"author\":{\"name\":\"Redaktionen SvM\",\"@id\":\"https:\\\/\\\/lightweb.dev\\\/l\\\/svm-temp\\\/#\\\/schema\\\/person\\\/206a3bda5b607b0c25e1749191e4d837\"},\"headline\":\"N\u00e4r upph\u00f6r det obligatoriska munskyddskravet utomhus?\",\"datePublished\":\"2021-05-13T13:50:00+00:00\",\"mainEntityOfPage\":{\"@id\":\"https:\\\/\\\/lightweb.dev\\\/l\\\/svm-temp\\\/nyheter\\\/nar-upphor-det-obligatoriska-munskyddskravet-utomhus\\\/\"},\"wordCount\":422,\"commentCount\":0,\"publisher\":{\"@id\":\"https:\\\/\\\/lightweb.dev\\\/l\\\/svm-temp\\\/#organization\"},\"image\":{\"@id\":\"https:\\\/\\\/lightweb.dev\\\/l\\\/svm-temp\\\/nyheter\\\/nar-upphor-det-obligatoriska-munskyddskravet-utomhus\\\/#primaryimage\"},\"thumbnailUrl\":\"https:\\\/\\\/lightweb.dev\\\/l\\\/svm-temp\\\/wp-content\\\/uploads\\\/2022\\\/06\\\/nar-upphor-det-obligatoriska-munskyddskravet-utomhus.png\",\"articleSection\":[\"Arkiv\",\"Nyheter\"],\"inLanguage\":\"sv-SE\"},{\"@type\":\"WebPage\",\"@id\":\"https:\\\/\\\/lightweb.dev\\\/l\\\/svm-temp\\\/nyheter\\\/nar-upphor-det-obligatoriska-munskyddskravet-utomhus\\\/\",\"url\":\"https:\\\/\\\/lightweb.dev\\\/l\\\/svm-temp\\\/nyheter\\\/nar-upphor-det-obligatoriska-munskyddskravet-utomhus\\\/\",\"name\":\"N\u00e4r upph\u00f6r det obligatoriska munskyddskravet utomhus? - Svenska Magasinet\",\"isPartOf\":{\"@id\":\"https:\\\/\\\/lightweb.dev\\\/l\\\/svm-temp\\\/#website\"},\"primaryImageOfPage\":{\"@id\":\"https:\\\/\\\/lightweb.dev\\\/l\\\/svm-temp\\\/nyheter\\\/nar-upphor-det-obligatoriska-munskyddskravet-utomhus\\\/#primaryimage\"},\"image\":{\"@id\":\"https:\\\/\\\/lightweb.dev\\\/l\\\/svm-temp\\\/nyheter\\\/nar-upphor-det-obligatoriska-munskyddskravet-utomhus\\\/#primaryimage\"},\"thumbnailUrl\":\"https:\\\/\\\/lightweb.dev\\\/l\\\/svm-temp\\\/wp-content\\\/uploads\\\/2022\\\/06\\\/nar-upphor-det-obligatoriska-munskyddskravet-utomhus.png\",\"datePublished\":\"2021-05-13T13:50:00+00:00\",\"breadcrumb\":{\"@id\":\"https:\\\/\\\/lightweb.dev\\\/l\\\/svm-temp\\\/nyheter\\\/nar-upphor-det-obligatoriska-munskyddskravet-utomhus\\\/#breadcrumb\"},\"inLanguage\":\"sv-SE\",\"potentialAction\":[{\"@type\":\"ReadAction\",\"target\":[\"https:\\\/\\\/lightweb.dev\\\/l\\\/svm-temp\\\/nyheter\\\/nar-upphor-det-obligatoriska-munskyddskravet-utomhus\\\/\"]}]},{\"@type\":\"ImageObject\",\"inLanguage\":\"sv-SE\",\"@id\":\"https:\\\/\\\/lightweb.dev\\\/l\\\/svm-temp\\\/nyheter\\\/nar-upphor-det-obligatoriska-munskyddskravet-utomhus\\\/#primaryimage\",\"url\":\"https:\\\/\\\/lightweb.dev\\\/l\\\/svm-temp\\\/wp-content\\\/uploads\\\/2022\\\/06\\\/nar-upphor-det-obligatoriska-munskyddskravet-utomhus.png\",\"contentUrl\":\"https:\\\/\\\/lightweb.dev\\\/l\\\/svm-temp\\\/wp-content\\\/uploads\\\/2022\\\/06\\\/nar-upphor-det-obligatoriska-munskyddskravet-utomhus.png\",\"width\":500,\"height\":300},{\"@type\":\"BreadcrumbList\",\"@id\":\"https:\\\/\\\/lightweb.dev\\\/l\\\/svm-temp\\\/nyheter\\\/nar-upphor-det-obligatoriska-munskyddskravet-utomhus\\\/#breadcrumb\",\"itemListElement\":[{\"@type\":\"ListItem\",\"position\":1,\"name\":\"Hem\",\"item\":\"https:\\\/\\\/lightweb.dev\\\/l\\\/svm-temp\\\/\"},{\"@type\":\"ListItem\",\"position\":2,\"name\":\"N\u00e4r upph\u00f6r det obligatoriska munskyddskravet utomhus?\"}]},{\"@type\":\"WebSite\",\"@id\":\"https:\\\/\\\/lightweb.dev\\\/l\\\/svm-temp\\\/#website\",\"url\":\"https:\\\/\\\/lightweb.dev\\\/l\\\/svm-temp\\\/\",\"name\":\"Svenska Magasinet\",\"description\":\"Dina Spanska nyheter p&aring; Svenska\",\"publisher\":{\"@id\":\"https:\\\/\\\/lightweb.dev\\\/l\\\/svm-temp\\\/#organization\"},\"potentialAction\":[{\"@type\":\"SearchAction\",\"target\":{\"@type\":\"EntryPoint\",\"urlTemplate\":\"https:\\\/\\\/lightweb.dev\\\/l\\\/svm-temp\\\/?s={search_term_string}\"},\"query-input\":{\"@type\":\"PropertyValueSpecification\",\"valueRequired\":true,\"valueName\":\"search_term_string\"}}],\"inLanguage\":\"sv-SE\"},{\"@type\":\"Organization\",\"@id\":\"https:\\\/\\\/lightweb.dev\\\/l\\\/svm-temp\\\/#organization\",\"name\":\"Melkerson y Nott SL\",\"alternateName\":\"Svenska Magasinet\",\"url\":\"https:\\\/\\\/lightweb.dev\\\/l\\\/svm-temp\\\/\",\"logo\":{\"@type\":\"ImageObject\",\"inLanguage\":\"sv-SE\",\"@id\":\"https:\\\/\\\/lightweb.dev\\\/l\\\/svm-temp\\\/#\\\/schema\\\/logo\\\/image\\\/\",\"url\":\"https:\\\/\\\/lightweb.dev\\\/l\\\/svm-temp\\\/wp-content\\\/uploads\\\/2025\\\/02\\\/SvM-logo-Xtra-Centrerad-SVART.png\",\"contentUrl\":\"https:\\\/\\\/lightweb.dev\\\/l\\\/svm-temp\\\/wp-content\\\/uploads\\\/2025\\\/02\\\/SvM-logo-Xtra-Centrerad-SVART.png\",\"width\":300,\"height\":99,\"caption\":\"Melkerson y Nott SL\"},\"image\":{\"@id\":\"https:\\\/\\\/lightweb.dev\\\/l\\\/svm-temp\\\/#\\\/schema\\\/logo\\\/image\\\/\"},\"sameAs\":[\"https:\\\/\\\/www.facebook.com\\\/svenskamagasinet\",\"https:\\\/\\\/x.com\\\/SvenskaMagasine\"]},{\"@type\":\"Person\",\"@id\":\"https:\\\/\\\/lightweb.dev\\\/l\\\/svm-temp\\\/#\\\/schema\\\/person\\\/206a3bda5b607b0c25e1749191e4d837\",\"name\":\"Redaktionen SvM\",\"description\":\"Redaktionen\",\"sameAs\":[\"https:\\\/\\\/lightweb.dev\\\/l\\\/svm-temp\"],\"url\":\"https:\\\/\\\/lightweb.dev\\\/l\\\/svm-temp\\\/reporter\\\/redaktionen\\\/\"}]}<\/script>\n<!-- \/ Yoast SEO Premium plugin. -->","yoast_head_json":{"title":"N\u00e4r upph\u00f6r det obligatoriska munskyddskravet utomhus? - Svenska Magasinet","robots":{"index":"noindex","follow":"follow","max-snippet":"max-snippet:-1","max-image-preview":"max-image-preview:large","max-video-preview":"max-video-preview:-1"},"og_locale":"sv_SE","og_type":"article","og_title":"N\u00e4r upph\u00f6r det obligatoriska munskyddskravet utomhus?","og_description":"Allt fler b\u00e4r munskyddet under hakan. Fr\u00e5gan \u00e4r uppe till diskussion. N\u00e4r \u00e4r de vackra leenden tillbaka? N\u00e4r h\u00e4vs det obligatoriska munskyddskravet utomhus? Men i det decentraliserade Spanien kanske vi f\u00e5r se olika bud och f\u00f6rslag fr\u00e5n de olika regionerna. Gibraltar har redan h\u00e4vt munskyddskravet utomhus. Chefsministern Fabian Picardo meddelade i b\u00f6rjan p\u00e5 april att [&hellip;]","og_url":"https:\/\/lightweb.dev\/l\/svm-temp\/nyheter\/nar-upphor-det-obligatoriska-munskyddskravet-utomhus\/","og_site_name":"Svenska Magasinet","article_publisher":"https:\/\/www.facebook.com\/svenskamagasinet","article_published_time":"2021-05-13T13:50:00+00:00","og_image":[{"width":500,"height":300,"url":"https:\/\/lightweb.dev\/l\/svm-temp\/wp-content\/uploads\/2022\/06\/nar-upphor-det-obligatoriska-munskyddskravet-utomhus.png","type":"image\/png"}],"author":"Redaktionen SvM","twitter_card":"summary_large_image","twitter_creator":"@SvenskaMagasine","twitter_site":"@SvenskaMagasine","schema":{"@context":"https:\/\/schema.org","@graph":[{"@type":"Article","@id":"https:\/\/lightweb.dev\/l\/svm-temp\/nyheter\/nar-upphor-det-obligatoriska-munskyddskravet-utomhus\/#article","isPartOf":{"@id":"https:\/\/lightweb.dev\/l\/svm-temp\/nyheter\/nar-upphor-det-obligatoriska-munskyddskravet-utomhus\/"},"author":{"name":"Redaktionen SvM","@id":"https:\/\/lightweb.dev\/l\/svm-temp\/#\/schema\/person\/206a3bda5b607b0c25e1749191e4d837"},"headline":"N\u00e4r upph\u00f6r det obligatoriska munskyddskravet utomhus?","datePublished":"2021-05-13T13:50:00+00:00","mainEntityOfPage":{"@id":"https:\/\/lightweb.dev\/l\/svm-temp\/nyheter\/nar-upphor-det-obligatoriska-munskyddskravet-utomhus\/"},"wordCount":422,"commentCount":0,"publisher":{"@id":"https:\/\/lightweb.dev\/l\/svm-temp\/#organization"},"image":{"@id":"https:\/\/lightweb.dev\/l\/svm-temp\/nyheter\/nar-upphor-det-obligatoriska-munskyddskravet-utomhus\/#primaryimage"},"thumbnailUrl":"https:\/\/lightweb.dev\/l\/svm-temp\/wp-content\/uploads\/2022\/06\/nar-upphor-det-obligatoriska-munskyddskravet-utomhus.png","articleSection":["Arkiv","Nyheter"],"inLanguage":"sv-SE"},{"@type":"WebPage","@id":"https:\/\/lightweb.dev\/l\/svm-temp\/nyheter\/nar-upphor-det-obligatoriska-munskyddskravet-utomhus\/","url":"https:\/\/lightweb.dev\/l\/svm-temp\/nyheter\/nar-upphor-det-obligatoriska-munskyddskravet-utomhus\/","name":"N\u00e4r upph\u00f6r det obligatoriska munskyddskravet utomhus? - Svenska Magasinet","isPartOf":{"@id":"https:\/\/lightweb.dev\/l\/svm-temp\/#website"},"primaryImageOfPage":{"@id":"https:\/\/lightweb.dev\/l\/svm-temp\/nyheter\/nar-upphor-det-obligatoriska-munskyddskravet-utomhus\/#primaryimage"},"image":{"@id":"https:\/\/lightweb.dev\/l\/svm-temp\/nyheter\/nar-upphor-det-obligatoriska-munskyddskravet-utomhus\/#primaryimage"},"thumbnailUrl":"https:\/\/lightweb.dev\/l\/svm-temp\/wp-content\/uploads\/2022\/06\/nar-upphor-det-obligatoriska-munskyddskravet-utomhus.png","datePublished":"2021-05-13T13:50:00+00:00","breadcrumb":{"@id":"https:\/\/lightweb.dev\/l\/svm-temp\/nyheter\/nar-upphor-det-obligatoriska-munskyddskravet-utomhus\/#breadcrumb"},"inLanguage":"sv-SE","potentialAction":[{"@type":"ReadAction","target":["https:\/\/lightweb.dev\/l\/svm-temp\/nyheter\/nar-upphor-det-obligatoriska-munskyddskravet-utomhus\/"]}]},{"@type":"ImageObject","inLanguage":"sv-SE","@id":"https:\/\/lightweb.dev\/l\/svm-temp\/nyheter\/nar-upphor-det-obligatoriska-munskyddskravet-utomhus\/#primaryimage","url":"https:\/\/lightweb.dev\/l\/svm-temp\/wp-content\/uploads\/2022\/06\/nar-upphor-det-obligatoriska-munskyddskravet-utomhus.png","contentUrl":"https:\/\/lightweb.dev\/l\/svm-temp\/wp-content\/uploads\/2022\/06\/nar-upphor-det-obligatoriska-munskyddskravet-utomhus.png","width":500,"height":300},{"@type":"BreadcrumbList","@id":"https:\/\/lightweb.dev\/l\/svm-temp\/nyheter\/nar-upphor-det-obligatoriska-munskyddskravet-utomhus\/#breadcrumb","itemListElement":[{"@type":"ListItem","position":1,"name":"Hem","item":"https:\/\/lightweb.dev\/l\/svm-temp\/"},{"@type":"ListItem","position":2,"name":"N\u00e4r upph\u00f6r det obligatoriska munskyddskravet utomhus?"}]},{"@type":"WebSite","@id":"https:\/\/lightweb.dev\/l\/svm-temp\/#website","url":"https:\/\/lightweb.dev\/l\/svm-temp\/","name":"Svenska Magasinet","description":"Dina Spanska nyheter p&aring; Svenska","publisher":{"@id":"https:\/\/lightweb.dev\/l\/svm-temp\/#organization"},"potentialAction":[{"@type":"SearchAction","target":{"@type":"EntryPoint","urlTemplate":"https:\/\/lightweb.dev\/l\/svm-temp\/?s={search_term_string}"},"query-input":{"@type":"PropertyValueSpecification","valueRequired":true,"valueName":"search_term_string"}}],"inLanguage":"sv-SE"},{"@type":"Organization","@id":"https:\/\/lightweb.dev\/l\/svm-temp\/#organization","name":"Melkerson y Nott SL","alternateName":"Svenska Magasinet","url":"https:\/\/lightweb.dev\/l\/svm-temp\/","logo":{"@type":"ImageObject","inLanguage":"sv-SE","@id":"https:\/\/lightweb.dev\/l\/svm-temp\/#\/schema\/logo\/image\/","url":"https:\/\/lightweb.dev\/l\/svm-temp\/wp-content\/uploads\/2025\/02\/SvM-logo-Xtra-Centrerad-SVART.png","contentUrl":"https:\/\/lightweb.dev\/l\/svm-temp\/wp-content\/uploads\/2025\/02\/SvM-logo-Xtra-Centrerad-SVART.png","width":300,"height":99,"caption":"Melkerson y Nott SL"},"image":{"@id":"https:\/\/lightweb.dev\/l\/svm-temp\/#\/schema\/logo\/image\/"},"sameAs":["https:\/\/www.facebook.com\/svenskamagasinet","https:\/\/x.com\/SvenskaMagasine"]},{"@type":"Person","@id":"https:\/\/lightweb.dev\/l\/svm-temp\/#\/schema\/person\/206a3bda5b607b0c25e1749191e4d837","name":"Redaktionen SvM","description":"Redaktionen","sameAs":["https:\/\/lightweb.dev\/l\/svm-temp"],"url":"https:\/\/lightweb.dev\/l\/svm-temp\/reporter\/redaktionen\/"}]}},"_links":{"self":[{"href":"https:\/\/lightweb.dev\/l\/svm-temp\/wp-json\/wp\/v2\/posts\/12179","targetHints":{"allow":["GET"]}}],"collection":[{"href":"https:\/\/lightweb.dev\/l\/svm-temp\/wp-json\/wp\/v2\/posts"}],"about":[{"href":"https:\/\/lightweb.dev\/l\/svm-temp\/wp-json\/wp\/v2\/types\/post"}],"author":[{"embeddable":true,"href":"https:\/\/lightweb.dev\/l\/svm-temp\/wp-json\/wp\/v2\/users\/8"}],"replies":[{"embeddable":true,"href":"https:\/\/lightweb.dev\/l\/svm-temp\/wp-json\/wp\/v2\/comments?post=12179"}],"version-history":[{"count":0,"href":"https:\/\/lightweb.dev\/l\/svm-temp\/wp-json\/wp\/v2\/posts\/12179\/revisions"}],"wp:featuredmedia":[{"embeddable":true,"href":"https:\/\/lightweb.dev\/l\/svm-temp\/wp-json\/wp\/v2\/media\/12180"}],"wp:attachment":[{"href":"https:\/\/lightweb.dev\/l\/svm-temp\/wp-json\/wp\/v2\/media?parent=12179"}],"wp:term":[{"taxonomy":"category","embeddable":true,"href":"https:\/\/lightweb.dev\/l\/svm-temp\/wp-json\/wp\/v2\/categories?post=12179"},{"taxonomy":"post_tag","embeddable":true,"href":"https:\/\/lightweb.dev\/l\/svm-temp\/wp-json\/wp\/v2\/tags?post=12179"}],"curies":[{"name":"wp","href":"https:\/\/api.w.org\/{rel}","templated":true}]}}