{"id":12183,"date":"2021-05-12T10:27:00","date_gmt":"2021-05-12T08:27:00","guid":{"rendered":"https:\/\/lightweb.dev\/l\/svm-temp\/nyheter\/18-ar-gammalt-svenskt-rekord-slogs-senast-nu-vantar-ny-regatta\/"},"modified":"2021-05-12T10:27:00","modified_gmt":"2021-05-12T08:27:00","slug":"18-ar-gammalt-svenskt-rekord-slogs-senast-nu-vantar-ny-regatta","status":"publish","type":"post","link":"https:\/\/lightweb.dev\/l\/svm-temp\/nyheter\/18-ar-gammalt-svenskt-rekord-slogs-senast-nu-vantar-ny-regatta\/","title":{"rendered":"18 \u00e5r gammalt svenskt rekord slogs senast &#8211; nu v\u00e4ntar ny regatta"},"content":{"rendered":"<p> Vid tv\u00e5 tillf\u00e4llen senaste vinterhalv\u00e5ret har regattan Mar de Albor\u00e1n blivit inst\u00e4lld. Nu till helgen v\u00e4ntar den 43:e upplagan av regattan Mar de Albor\u00e1n. Senast slogs ett 18 \u00e5r gammalt rekord som den svensk\u00e4gda segelb\u00e5ten Cielo Mijas hade. Sirius VI (bilden) med skepparen Jorge Flethes vann.<\/p>\n<p>Efter storm kommer lugn. S\u00e5 presenterades Regata Mar de Albor\u00e1n under g\u00e5rdagen vid en presstr\u00e4ff i fritidshamnen Real Club El Candado i M\u00e1laga. T\u00e4vlingen \u00e4r den \u00e4ldsta kappseglingst\u00e4vlingen p\u00e5 kusten som arrangeras f\u00f6r 43:e g\u00e5ngen.<\/p>\n<p>Vid tv\u00e5 tillf\u00e4llen sedan oktober har den blivit inst\u00e4lld. F\u00f6rst p\u00e5 grund av d\u00e5ligt v\u00e4der. Senare kom coronarestriktioner i v\u00e4gen.<\/p>\n<p>Start sker klockan 17 p\u00e5 fredagen och b\u00e5tarna ber\u00e4knas vara i hamn p\u00e5 s\u00f6ndag. Ett tjugotal segelb\u00e5tar finns med p\u00e5 startlinjen med en bes\u00e4ttning p\u00e5 totalt 150 personer.<\/p>\n<p>Sirius VI som vann senast \u00e4r en av b\u00e5tarna som finns med \u00e4ven i \u00e5r. Andra intressanta b\u00e5tar \u00e4r Ciudad de Melilla och Tareis T.<\/p>\n<p>T\u00e4vlingen som arrangeras av Club N\u00e1utico El Candado i M\u00e1laga best\u00e5r av tv\u00e5 rutter. A-rutten \u00e4r p\u00e5 190 sj\u00f6mil fr\u00e5n fritidshamnen El Candado till \u00f6n Albor\u00e1n. B-rutten \u00e4r p\u00e5 70 sj\u00f6mil till Punta de la Mona n\u00e4ra Almu\u00f1ecar och till hamnen El Candado.<\/p>\n<p>Under helgen v\u00e4ntas v\u00e4stliga vindar f\u00f6rst p\u00e5 20 till 25 knop och senare p\u00e5 l\u00f6rdagen mellan 12 till 15 knop.<\/p>\n<p>Rekordet p\u00e5 A-rutten hade tidigare den svensk\u00e4gda segelb\u00e5ten \u201dCielo Mijas\u201d som 2001 seglade till \u00f6n Albor\u00e1n p\u00e5 8 timmar, 11 minuter och 32 sekunder. 2001 ingick Johan Ting\u00e5, tidigare annonschef p\u00e5 Svenska Magasinet, i bes\u00e4ttningen p\u00e5 Cielo Mijas som \u00e4gdes av svensken Sven Lindahl.<\/p>\n<p>Vid den senaste t\u00e4vlingen seglade Sirius VI A-rutten p\u00e5 6 timmar, 56 minuter och 6 sekunder.<\/p>\n","protected":false},"excerpt":{"rendered":"<p>Vid tv\u00e5 tillf\u00e4llen senaste vinterhalv\u00e5ret har regattan Mar de Albor\u00e1n blivit inst\u00e4lld. Nu till helgen v\u00e4ntar den 43:e upplagan av regattan Mar de Albor\u00e1n. Senast slogs ett 18 \u00e5r gammalt rekord som den svensk\u00e4gda segelb\u00e5ten Cielo Mijas hade. Sirius VI (bilden) med skepparen Jorge Flethes vann. Efter storm kommer lugn. S\u00e5 presenterades Regata Mar de [&hellip;]<\/p>\n","protected":false},"author":8,"featured_media":12184,"comment_status":"open","ping_status":"open","sticky":false,"template":"","format":"standard","meta":{"_et_pb_use_builder":"","_et_pb_old_content":"","_et_gb_content_width":"","footnotes":""},"categories":[395,3],"tags":[],"class_list":["post-12183","post","type-post","status-publish","format-standard","has-post-thumbnail","hentry","category-arkiv-nyheter","category-nyheter"],"yoast_head":"<!-- This site is optimized with the Yoast SEO Premium plugin v26.2 (Yoast SEO v27.4) - https:\/\/yoast.com\/product\/yoast-seo-premium-wordpress\/ -->\n<title>18 \u00e5r gammalt svenskt rekord slogs senast - nu v\u00e4ntar ny regatta - Svenska Magasinet<\/title>\n<meta name=\"robots\" content=\"noindex, follow, max-snippet:-1, max-image-preview:large, max-video-preview:-1\" \/>\n<meta property=\"og:locale\" content=\"sv_SE\" \/>\n<meta property=\"og:type\" content=\"article\" \/>\n<meta property=\"og:title\" content=\"18 \u00e5r gammalt svenskt rekord slogs senast - nu v\u00e4ntar ny regatta\" \/>\n<meta property=\"og:description\" content=\"Vid tv\u00e5 tillf\u00e4llen senaste vinterhalv\u00e5ret har regattan Mar de Albor\u00e1n blivit inst\u00e4lld. Nu till helgen v\u00e4ntar den 43:e upplagan av regattan Mar de Albor\u00e1n. Senast slogs ett 18 \u00e5r gammalt rekord som den svensk\u00e4gda segelb\u00e5ten Cielo Mijas hade. Sirius VI (bilden) med skepparen Jorge Flethes vann. Efter storm kommer lugn. S\u00e5 presenterades Regata Mar de [&hellip;]\" \/>\n<meta property=\"og:url\" content=\"https:\/\/lightweb.dev\/l\/svm-temp\/nyheter\/18-ar-gammalt-svenskt-rekord-slogs-senast-nu-vantar-ny-regatta\/\" \/>\n<meta property=\"og:site_name\" content=\"Svenska Magasinet\" \/>\n<meta property=\"article:publisher\" content=\"https:\/\/www.facebook.com\/svenskamagasinet\" \/>\n<meta property=\"article:published_time\" content=\"2021-05-12T08:27:00+00:00\" \/>\n<meta property=\"og:image\" content=\"https:\/\/lightweb.dev\/l\/svm-temp\/wp-content\/uploads\/2022\/06\/18-ar-gammalt-svenskt-rekord-slogs-senast-nu-vantar-ny-regatta.png\" \/>\n\t<meta property=\"og:image:width\" content=\"500\" \/>\n\t<meta property=\"og:image:height\" content=\"300\" \/>\n\t<meta property=\"og:image:type\" content=\"image\/png\" \/>\n<meta name=\"author\" content=\"Redaktionen SvM\" \/>\n<meta name=\"twitter:card\" content=\"summary_large_image\" \/>\n<meta name=\"twitter:creator\" content=\"@SvenskaMagasine\" \/>\n<meta name=\"twitter:site\" content=\"@SvenskaMagasine\" \/>\n<script type=\"application\/ld+json\" class=\"yoast-schema-graph\">{\"@context\":\"https:\\\/\\\/schema.org\",\"@graph\":[{\"@type\":\"Article\",\"@id\":\"https:\\\/\\\/lightweb.dev\\\/l\\\/svm-temp\\\/nyheter\\\/18-ar-gammalt-svenskt-rekord-slogs-senast-nu-vantar-ny-regatta\\\/#article\",\"isPartOf\":{\"@id\":\"https:\\\/\\\/lightweb.dev\\\/l\\\/svm-temp\\\/nyheter\\\/18-ar-gammalt-svenskt-rekord-slogs-senast-nu-vantar-ny-regatta\\\/\"},\"author\":{\"name\":\"Redaktionen SvM\",\"@id\":\"https:\\\/\\\/lightweb.dev\\\/l\\\/svm-temp\\\/#\\\/schema\\\/person\\\/206a3bda5b607b0c25e1749191e4d837\"},\"headline\":\"18 \u00e5r gammalt svenskt rekord slogs senast &#8211; nu v\u00e4ntar ny regatta\",\"datePublished\":\"2021-05-12T08:27:00+00:00\",\"mainEntityOfPage\":{\"@id\":\"https:\\\/\\\/lightweb.dev\\\/l\\\/svm-temp\\\/nyheter\\\/18-ar-gammalt-svenskt-rekord-slogs-senast-nu-vantar-ny-regatta\\\/\"},\"wordCount\":320,\"commentCount\":0,\"publisher\":{\"@id\":\"https:\\\/\\\/lightweb.dev\\\/l\\\/svm-temp\\\/#organization\"},\"image\":{\"@id\":\"https:\\\/\\\/lightweb.dev\\\/l\\\/svm-temp\\\/nyheter\\\/18-ar-gammalt-svenskt-rekord-slogs-senast-nu-vantar-ny-regatta\\\/#primaryimage\"},\"thumbnailUrl\":\"https:\\\/\\\/lightweb.dev\\\/l\\\/svm-temp\\\/wp-content\\\/uploads\\\/2022\\\/06\\\/18-ar-gammalt-svenskt-rekord-slogs-senast-nu-vantar-ny-regatta.png\",\"articleSection\":[\"Arkiv\",\"Nyheter\"],\"inLanguage\":\"sv-SE\"},{\"@type\":\"WebPage\",\"@id\":\"https:\\\/\\\/lightweb.dev\\\/l\\\/svm-temp\\\/nyheter\\\/18-ar-gammalt-svenskt-rekord-slogs-senast-nu-vantar-ny-regatta\\\/\",\"url\":\"https:\\\/\\\/lightweb.dev\\\/l\\\/svm-temp\\\/nyheter\\\/18-ar-gammalt-svenskt-rekord-slogs-senast-nu-vantar-ny-regatta\\\/\",\"name\":\"18 \u00e5r gammalt svenskt rekord slogs senast - nu v\u00e4ntar ny regatta - Svenska Magasinet\",\"isPartOf\":{\"@id\":\"https:\\\/\\\/lightweb.dev\\\/l\\\/svm-temp\\\/#website\"},\"primaryImageOfPage\":{\"@id\":\"https:\\\/\\\/lightweb.dev\\\/l\\\/svm-temp\\\/nyheter\\\/18-ar-gammalt-svenskt-rekord-slogs-senast-nu-vantar-ny-regatta\\\/#primaryimage\"},\"image\":{\"@id\":\"https:\\\/\\\/lightweb.dev\\\/l\\\/svm-temp\\\/nyheter\\\/18-ar-gammalt-svenskt-rekord-slogs-senast-nu-vantar-ny-regatta\\\/#primaryimage\"},\"thumbnailUrl\":\"https:\\\/\\\/lightweb.dev\\\/l\\\/svm-temp\\\/wp-content\\\/uploads\\\/2022\\\/06\\\/18-ar-gammalt-svenskt-rekord-slogs-senast-nu-vantar-ny-regatta.png\",\"datePublished\":\"2021-05-12T08:27:00+00:00\",\"breadcrumb\":{\"@id\":\"https:\\\/\\\/lightweb.dev\\\/l\\\/svm-temp\\\/nyheter\\\/18-ar-gammalt-svenskt-rekord-slogs-senast-nu-vantar-ny-regatta\\\/#breadcrumb\"},\"inLanguage\":\"sv-SE\",\"potentialAction\":[{\"@type\":\"ReadAction\",\"target\":[\"https:\\\/\\\/lightweb.dev\\\/l\\\/svm-temp\\\/nyheter\\\/18-ar-gammalt-svenskt-rekord-slogs-senast-nu-vantar-ny-regatta\\\/\"]}]},{\"@type\":\"ImageObject\",\"inLanguage\":\"sv-SE\",\"@id\":\"https:\\\/\\\/lightweb.dev\\\/l\\\/svm-temp\\\/nyheter\\\/18-ar-gammalt-svenskt-rekord-slogs-senast-nu-vantar-ny-regatta\\\/#primaryimage\",\"url\":\"https:\\\/\\\/lightweb.dev\\\/l\\\/svm-temp\\\/wp-content\\\/uploads\\\/2022\\\/06\\\/18-ar-gammalt-svenskt-rekord-slogs-senast-nu-vantar-ny-regatta.png\",\"contentUrl\":\"https:\\\/\\\/lightweb.dev\\\/l\\\/svm-temp\\\/wp-content\\\/uploads\\\/2022\\\/06\\\/18-ar-gammalt-svenskt-rekord-slogs-senast-nu-vantar-ny-regatta.png\",\"width\":500,\"height\":300},{\"@type\":\"BreadcrumbList\",\"@id\":\"https:\\\/\\\/lightweb.dev\\\/l\\\/svm-temp\\\/nyheter\\\/18-ar-gammalt-svenskt-rekord-slogs-senast-nu-vantar-ny-regatta\\\/#breadcrumb\",\"itemListElement\":[{\"@type\":\"ListItem\",\"position\":1,\"name\":\"Hem\",\"item\":\"https:\\\/\\\/lightweb.dev\\\/l\\\/svm-temp\\\/\"},{\"@type\":\"ListItem\",\"position\":2,\"name\":\"18 \u00e5r gammalt svenskt rekord slogs senast &#8211; nu v\u00e4ntar ny regatta\"}]},{\"@type\":\"WebSite\",\"@id\":\"https:\\\/\\\/lightweb.dev\\\/l\\\/svm-temp\\\/#website\",\"url\":\"https:\\\/\\\/lightweb.dev\\\/l\\\/svm-temp\\\/\",\"name\":\"Svenska Magasinet\",\"description\":\"Dina Spanska nyheter p&aring; Svenska\",\"publisher\":{\"@id\":\"https:\\\/\\\/lightweb.dev\\\/l\\\/svm-temp\\\/#organization\"},\"potentialAction\":[{\"@type\":\"SearchAction\",\"target\":{\"@type\":\"EntryPoint\",\"urlTemplate\":\"https:\\\/\\\/lightweb.dev\\\/l\\\/svm-temp\\\/?s={search_term_string}\"},\"query-input\":{\"@type\":\"PropertyValueSpecification\",\"valueRequired\":true,\"valueName\":\"search_term_string\"}}],\"inLanguage\":\"sv-SE\"},{\"@type\":\"Organization\",\"@id\":\"https:\\\/\\\/lightweb.dev\\\/l\\\/svm-temp\\\/#organization\",\"name\":\"Melkerson y Nott SL\",\"alternateName\":\"Svenska Magasinet\",\"url\":\"https:\\\/\\\/lightweb.dev\\\/l\\\/svm-temp\\\/\",\"logo\":{\"@type\":\"ImageObject\",\"inLanguage\":\"sv-SE\",\"@id\":\"https:\\\/\\\/lightweb.dev\\\/l\\\/svm-temp\\\/#\\\/schema\\\/logo\\\/image\\\/\",\"url\":\"https:\\\/\\\/lightweb.dev\\\/l\\\/svm-temp\\\/wp-content\\\/uploads\\\/2025\\\/02\\\/SvM-logo-Xtra-Centrerad-SVART.png\",\"contentUrl\":\"https:\\\/\\\/lightweb.dev\\\/l\\\/svm-temp\\\/wp-content\\\/uploads\\\/2025\\\/02\\\/SvM-logo-Xtra-Centrerad-SVART.png\",\"width\":300,\"height\":99,\"caption\":\"Melkerson y Nott SL\"},\"image\":{\"@id\":\"https:\\\/\\\/lightweb.dev\\\/l\\\/svm-temp\\\/#\\\/schema\\\/logo\\\/image\\\/\"},\"sameAs\":[\"https:\\\/\\\/www.facebook.com\\\/svenskamagasinet\",\"https:\\\/\\\/x.com\\\/SvenskaMagasine\"]},{\"@type\":\"Person\",\"@id\":\"https:\\\/\\\/lightweb.dev\\\/l\\\/svm-temp\\\/#\\\/schema\\\/person\\\/206a3bda5b607b0c25e1749191e4d837\",\"name\":\"Redaktionen SvM\",\"description\":\"Redaktionen\",\"sameAs\":[\"https:\\\/\\\/lightweb.dev\\\/l\\\/svm-temp\"],\"url\":\"https:\\\/\\\/lightweb.dev\\\/l\\\/svm-temp\\\/reporter\\\/redaktionen\\\/\"}]}<\/script>\n<!-- \/ Yoast SEO Premium plugin. -->","yoast_head_json":{"title":"18 \u00e5r gammalt svenskt rekord slogs senast - nu v\u00e4ntar ny regatta - Svenska Magasinet","robots":{"index":"noindex","follow":"follow","max-snippet":"max-snippet:-1","max-image-preview":"max-image-preview:large","max-video-preview":"max-video-preview:-1"},"og_locale":"sv_SE","og_type":"article","og_title":"18 \u00e5r gammalt svenskt rekord slogs senast - nu v\u00e4ntar ny regatta","og_description":"Vid tv\u00e5 tillf\u00e4llen senaste vinterhalv\u00e5ret har regattan Mar de Albor\u00e1n blivit inst\u00e4lld. Nu till helgen v\u00e4ntar den 43:e upplagan av regattan Mar de Albor\u00e1n. Senast slogs ett 18 \u00e5r gammalt rekord som den svensk\u00e4gda segelb\u00e5ten Cielo Mijas hade. Sirius VI (bilden) med skepparen Jorge Flethes vann. Efter storm kommer lugn. S\u00e5 presenterades Regata Mar de [&hellip;]","og_url":"https:\/\/lightweb.dev\/l\/svm-temp\/nyheter\/18-ar-gammalt-svenskt-rekord-slogs-senast-nu-vantar-ny-regatta\/","og_site_name":"Svenska Magasinet","article_publisher":"https:\/\/www.facebook.com\/svenskamagasinet","article_published_time":"2021-05-12T08:27:00+00:00","og_image":[{"width":500,"height":300,"url":"https:\/\/lightweb.dev\/l\/svm-temp\/wp-content\/uploads\/2022\/06\/18-ar-gammalt-svenskt-rekord-slogs-senast-nu-vantar-ny-regatta.png","type":"image\/png"}],"author":"Redaktionen SvM","twitter_card":"summary_large_image","twitter_creator":"@SvenskaMagasine","twitter_site":"@SvenskaMagasine","schema":{"@context":"https:\/\/schema.org","@graph":[{"@type":"Article","@id":"https:\/\/lightweb.dev\/l\/svm-temp\/nyheter\/18-ar-gammalt-svenskt-rekord-slogs-senast-nu-vantar-ny-regatta\/#article","isPartOf":{"@id":"https:\/\/lightweb.dev\/l\/svm-temp\/nyheter\/18-ar-gammalt-svenskt-rekord-slogs-senast-nu-vantar-ny-regatta\/"},"author":{"name":"Redaktionen SvM","@id":"https:\/\/lightweb.dev\/l\/svm-temp\/#\/schema\/person\/206a3bda5b607b0c25e1749191e4d837"},"headline":"18 \u00e5r gammalt svenskt rekord slogs senast &#8211; nu v\u00e4ntar ny regatta","datePublished":"2021-05-12T08:27:00+00:00","mainEntityOfPage":{"@id":"https:\/\/lightweb.dev\/l\/svm-temp\/nyheter\/18-ar-gammalt-svenskt-rekord-slogs-senast-nu-vantar-ny-regatta\/"},"wordCount":320,"commentCount":0,"publisher":{"@id":"https:\/\/lightweb.dev\/l\/svm-temp\/#organization"},"image":{"@id":"https:\/\/lightweb.dev\/l\/svm-temp\/nyheter\/18-ar-gammalt-svenskt-rekord-slogs-senast-nu-vantar-ny-regatta\/#primaryimage"},"thumbnailUrl":"https:\/\/lightweb.dev\/l\/svm-temp\/wp-content\/uploads\/2022\/06\/18-ar-gammalt-svenskt-rekord-slogs-senast-nu-vantar-ny-regatta.png","articleSection":["Arkiv","Nyheter"],"inLanguage":"sv-SE"},{"@type":"WebPage","@id":"https:\/\/lightweb.dev\/l\/svm-temp\/nyheter\/18-ar-gammalt-svenskt-rekord-slogs-senast-nu-vantar-ny-regatta\/","url":"https:\/\/lightweb.dev\/l\/svm-temp\/nyheter\/18-ar-gammalt-svenskt-rekord-slogs-senast-nu-vantar-ny-regatta\/","name":"18 \u00e5r gammalt svenskt rekord slogs senast - nu v\u00e4ntar ny regatta - Svenska Magasinet","isPartOf":{"@id":"https:\/\/lightweb.dev\/l\/svm-temp\/#website"},"primaryImageOfPage":{"@id":"https:\/\/lightweb.dev\/l\/svm-temp\/nyheter\/18-ar-gammalt-svenskt-rekord-slogs-senast-nu-vantar-ny-regatta\/#primaryimage"},"image":{"@id":"https:\/\/lightweb.dev\/l\/svm-temp\/nyheter\/18-ar-gammalt-svenskt-rekord-slogs-senast-nu-vantar-ny-regatta\/#primaryimage"},"thumbnailUrl":"https:\/\/lightweb.dev\/l\/svm-temp\/wp-content\/uploads\/2022\/06\/18-ar-gammalt-svenskt-rekord-slogs-senast-nu-vantar-ny-regatta.png","datePublished":"2021-05-12T08:27:00+00:00","breadcrumb":{"@id":"https:\/\/lightweb.dev\/l\/svm-temp\/nyheter\/18-ar-gammalt-svenskt-rekord-slogs-senast-nu-vantar-ny-regatta\/#breadcrumb"},"inLanguage":"sv-SE","potentialAction":[{"@type":"ReadAction","target":["https:\/\/lightweb.dev\/l\/svm-temp\/nyheter\/18-ar-gammalt-svenskt-rekord-slogs-senast-nu-vantar-ny-regatta\/"]}]},{"@type":"ImageObject","inLanguage":"sv-SE","@id":"https:\/\/lightweb.dev\/l\/svm-temp\/nyheter\/18-ar-gammalt-svenskt-rekord-slogs-senast-nu-vantar-ny-regatta\/#primaryimage","url":"https:\/\/lightweb.dev\/l\/svm-temp\/wp-content\/uploads\/2022\/06\/18-ar-gammalt-svenskt-rekord-slogs-senast-nu-vantar-ny-regatta.png","contentUrl":"https:\/\/lightweb.dev\/l\/svm-temp\/wp-content\/uploads\/2022\/06\/18-ar-gammalt-svenskt-rekord-slogs-senast-nu-vantar-ny-regatta.png","width":500,"height":300},{"@type":"BreadcrumbList","@id":"https:\/\/lightweb.dev\/l\/svm-temp\/nyheter\/18-ar-gammalt-svenskt-rekord-slogs-senast-nu-vantar-ny-regatta\/#breadcrumb","itemListElement":[{"@type":"ListItem","position":1,"name":"Hem","item":"https:\/\/lightweb.dev\/l\/svm-temp\/"},{"@type":"ListItem","position":2,"name":"18 \u00e5r gammalt svenskt rekord slogs senast &#8211; nu v\u00e4ntar ny regatta"}]},{"@type":"WebSite","@id":"https:\/\/lightweb.dev\/l\/svm-temp\/#website","url":"https:\/\/lightweb.dev\/l\/svm-temp\/","name":"Svenska Magasinet","description":"Dina Spanska nyheter p&aring; Svenska","publisher":{"@id":"https:\/\/lightweb.dev\/l\/svm-temp\/#organization"},"potentialAction":[{"@type":"SearchAction","target":{"@type":"EntryPoint","urlTemplate":"https:\/\/lightweb.dev\/l\/svm-temp\/?s={search_term_string}"},"query-input":{"@type":"PropertyValueSpecification","valueRequired":true,"valueName":"search_term_string"}}],"inLanguage":"sv-SE"},{"@type":"Organization","@id":"https:\/\/lightweb.dev\/l\/svm-temp\/#organization","name":"Melkerson y Nott SL","alternateName":"Svenska Magasinet","url":"https:\/\/lightweb.dev\/l\/svm-temp\/","logo":{"@type":"ImageObject","inLanguage":"sv-SE","@id":"https:\/\/lightweb.dev\/l\/svm-temp\/#\/schema\/logo\/image\/","url":"https:\/\/lightweb.dev\/l\/svm-temp\/wp-content\/uploads\/2025\/02\/SvM-logo-Xtra-Centrerad-SVART.png","contentUrl":"https:\/\/lightweb.dev\/l\/svm-temp\/wp-content\/uploads\/2025\/02\/SvM-logo-Xtra-Centrerad-SVART.png","width":300,"height":99,"caption":"Melkerson y Nott SL"},"image":{"@id":"https:\/\/lightweb.dev\/l\/svm-temp\/#\/schema\/logo\/image\/"},"sameAs":["https:\/\/www.facebook.com\/svenskamagasinet","https:\/\/x.com\/SvenskaMagasine"]},{"@type":"Person","@id":"https:\/\/lightweb.dev\/l\/svm-temp\/#\/schema\/person\/206a3bda5b607b0c25e1749191e4d837","name":"Redaktionen SvM","description":"Redaktionen","sameAs":["https:\/\/lightweb.dev\/l\/svm-temp"],"url":"https:\/\/lightweb.dev\/l\/svm-temp\/reporter\/redaktionen\/"}]}},"_links":{"self":[{"href":"https:\/\/lightweb.dev\/l\/svm-temp\/wp-json\/wp\/v2\/posts\/12183","targetHints":{"allow":["GET"]}}],"collection":[{"href":"https:\/\/lightweb.dev\/l\/svm-temp\/wp-json\/wp\/v2\/posts"}],"about":[{"href":"https:\/\/lightweb.dev\/l\/svm-temp\/wp-json\/wp\/v2\/types\/post"}],"author":[{"embeddable":true,"href":"https:\/\/lightweb.dev\/l\/svm-temp\/wp-json\/wp\/v2\/users\/8"}],"replies":[{"embeddable":true,"href":"https:\/\/lightweb.dev\/l\/svm-temp\/wp-json\/wp\/v2\/comments?post=12183"}],"version-history":[{"count":0,"href":"https:\/\/lightweb.dev\/l\/svm-temp\/wp-json\/wp\/v2\/posts\/12183\/revisions"}],"wp:featuredmedia":[{"embeddable":true,"href":"https:\/\/lightweb.dev\/l\/svm-temp\/wp-json\/wp\/v2\/media\/12184"}],"wp:attachment":[{"href":"https:\/\/lightweb.dev\/l\/svm-temp\/wp-json\/wp\/v2\/media?parent=12183"}],"wp:term":[{"taxonomy":"category","embeddable":true,"href":"https:\/\/lightweb.dev\/l\/svm-temp\/wp-json\/wp\/v2\/categories?post=12183"},{"taxonomy":"post_tag","embeddable":true,"href":"https:\/\/lightweb.dev\/l\/svm-temp\/wp-json\/wp\/v2\/tags?post=12183"}],"curies":[{"name":"wp","href":"https:\/\/api.w.org\/{rel}","templated":true}]}}