{"id":12185,"date":"2021-05-12T10:59:00","date_gmt":"2021-05-12T08:59:00","guid":{"rendered":"https:\/\/lightweb.dev\/l\/svm-temp\/nyheter\/janssen-till-personer-mellan-50-och-59-ar\/"},"modified":"2021-05-12T10:59:00","modified_gmt":"2021-05-12T08:59:00","slug":"janssen-till-personer-mellan-50-och-59-ar","status":"publish","type":"post","link":"https:\/\/lightweb.dev\/l\/svm-temp\/nyheter\/janssen-till-personer-mellan-50-och-59-ar\/","title":{"rendered":"Janssen till personer mellan 50 och 59 \u00e5r"},"content":{"rendered":"<p> F\u00f6r att p\u00e5skynda vaccineringen har spanska h\u00e4lsov\u00e5rdsmyndigheten till slut godk\u00e4nt Janssen till personer mellan 50 och 59 \u00e5r. S\u00e5 sent som i april pausade Spanien vaccineringen av Janssen efter rapporter om sex kvinnor i USA i \u00e5ldern 18 till 48 \u00e5r hade drabbats av blodproppar.<\/p>\n<p>Klockan 16 p\u00e5 onsdagen tr\u00e4ffas det interterritoriella r\u00e5det f\u00f6r folkh\u00e4lsov\u00e5rd CISNS (Consejo Interterritorial del Sistema Nacional de Salud) och de v\u00e4ntas ge gr\u00f6nt ljus till beslutet. En presskonferens \u00e4r planerad till 18.30.<\/p>\n<p>Totalt \u00e4r det sex miljoner m\u00e4nniskor i Spanien som kommer att f\u00e5 vaccinet fr\u00e5n Johnson &#038; Johnson och som \u00e4r f\u00f6dda mellan 1971 till 1962. Det \u00e4r personer som tidigare inte blivit vaccinerade eftersom de inte \u00e4r sjukv\u00e5rdsanst\u00e4llda, l\u00e4rare, polis, brandm\u00e4n eller milit\u00e4r.<\/p>\n<p>F\u00f6rdelen med Janssen \u00e4r att det bara beh\u00f6vs en vaccindos.<\/p>\n<p>F\u00f6rutom gruppen mellan 50 till 59 \u00e5r kommer Janssen att anv\u00e4ndas till personer \u00f6ver 18 \u00e5r som befinner sig i utsatta situationer som heml\u00f6sa, s\u00e4songsarbetare eller pappersl\u00f6sa migranter.<\/p>\n<p>Hittills har Spanien bara mottagit 272.400 doser Janssen vilket \u00e4r n\u00e5got f\u00e4rre \u00e4n vad som har lovats. I slutet av andra kvartalet f\u00f6rv\u00e4ntar sig h\u00e4lsov\u00e5rden att ha f\u00e5tt 5,5 miljoner doser av Janssenvaccinet.<br \/>\n Vaccinering av 50-plussare under maj<\/p>\n","protected":false},"excerpt":{"rendered":"<p>F\u00f6r att p\u00e5skynda vaccineringen har spanska h\u00e4lsov\u00e5rdsmyndigheten till slut godk\u00e4nt Janssen till personer mellan 50 och 59 \u00e5r. S\u00e5 sent som i april pausade Spanien vaccineringen av Janssen efter rapporter om sex kvinnor i USA i \u00e5ldern 18 till 48 \u00e5r hade drabbats av blodproppar. Klockan 16 p\u00e5 onsdagen tr\u00e4ffas det interterritoriella r\u00e5det f\u00f6r folkh\u00e4lsov\u00e5rd [&hellip;]<\/p>\n","protected":false},"author":8,"featured_media":12186,"comment_status":"open","ping_status":"open","sticky":false,"template":"","format":"standard","meta":{"_et_pb_use_builder":"","_et_pb_old_content":"","_et_gb_content_width":"","footnotes":""},"categories":[395,3],"tags":[],"class_list":["post-12185","post","type-post","status-publish","format-standard","has-post-thumbnail","hentry","category-arkiv-nyheter","category-nyheter"],"yoast_head":"<!-- This site is optimized with the Yoast SEO Premium plugin v26.2 (Yoast SEO v27.4) - https:\/\/yoast.com\/product\/yoast-seo-premium-wordpress\/ -->\n<title>Janssen till personer mellan 50 och 59 \u00e5r - Svenska Magasinet<\/title>\n<meta name=\"robots\" content=\"noindex, follow, max-snippet:-1, max-image-preview:large, max-video-preview:-1\" \/>\n<meta property=\"og:locale\" content=\"sv_SE\" \/>\n<meta property=\"og:type\" content=\"article\" \/>\n<meta property=\"og:title\" content=\"Janssen till personer mellan 50 och 59 \u00e5r\" \/>\n<meta property=\"og:description\" content=\"F\u00f6r att p\u00e5skynda vaccineringen har spanska h\u00e4lsov\u00e5rdsmyndigheten till slut godk\u00e4nt Janssen till personer mellan 50 och 59 \u00e5r. S\u00e5 sent som i april pausade Spanien vaccineringen av Janssen efter rapporter om sex kvinnor i USA i \u00e5ldern 18 till 48 \u00e5r hade drabbats av blodproppar. Klockan 16 p\u00e5 onsdagen tr\u00e4ffas det interterritoriella r\u00e5det f\u00f6r folkh\u00e4lsov\u00e5rd [&hellip;]\" \/>\n<meta property=\"og:url\" content=\"https:\/\/lightweb.dev\/l\/svm-temp\/nyheter\/janssen-till-personer-mellan-50-och-59-ar\/\" \/>\n<meta property=\"og:site_name\" content=\"Svenska Magasinet\" \/>\n<meta property=\"article:publisher\" content=\"https:\/\/www.facebook.com\/svenskamagasinet\" \/>\n<meta property=\"article:published_time\" content=\"2021-05-12T08:59:00+00:00\" \/>\n<meta property=\"og:image\" content=\"https:\/\/lightweb.dev\/l\/svm-temp\/wp-content\/uploads\/2022\/06\/janssen-till-personer-mellan-50-och-59-ar.png\" \/>\n\t<meta property=\"og:image:width\" content=\"500\" \/>\n\t<meta property=\"og:image:height\" content=\"300\" \/>\n\t<meta property=\"og:image:type\" content=\"image\/png\" \/>\n<meta name=\"author\" content=\"Redaktionen SvM\" \/>\n<meta name=\"twitter:card\" content=\"summary_large_image\" \/>\n<meta name=\"twitter:creator\" content=\"@SvenskaMagasine\" \/>\n<meta name=\"twitter:site\" content=\"@SvenskaMagasine\" \/>\n<script type=\"application\/ld+json\" class=\"yoast-schema-graph\">{\"@context\":\"https:\\\/\\\/schema.org\",\"@graph\":[{\"@type\":\"Article\",\"@id\":\"https:\\\/\\\/lightweb.dev\\\/l\\\/svm-temp\\\/nyheter\\\/janssen-till-personer-mellan-50-och-59-ar\\\/#article\",\"isPartOf\":{\"@id\":\"https:\\\/\\\/lightweb.dev\\\/l\\\/svm-temp\\\/nyheter\\\/janssen-till-personer-mellan-50-och-59-ar\\\/\"},\"author\":{\"name\":\"Redaktionen SvM\",\"@id\":\"https:\\\/\\\/lightweb.dev\\\/l\\\/svm-temp\\\/#\\\/schema\\\/person\\\/206a3bda5b607b0c25e1749191e4d837\"},\"headline\":\"Janssen till personer mellan 50 och 59 \u00e5r\",\"datePublished\":\"2021-05-12T08:59:00+00:00\",\"mainEntityOfPage\":{\"@id\":\"https:\\\/\\\/lightweb.dev\\\/l\\\/svm-temp\\\/nyheter\\\/janssen-till-personer-mellan-50-och-59-ar\\\/\"},\"wordCount\":222,\"commentCount\":0,\"publisher\":{\"@id\":\"https:\\\/\\\/lightweb.dev\\\/l\\\/svm-temp\\\/#organization\"},\"image\":{\"@id\":\"https:\\\/\\\/lightweb.dev\\\/l\\\/svm-temp\\\/nyheter\\\/janssen-till-personer-mellan-50-och-59-ar\\\/#primaryimage\"},\"thumbnailUrl\":\"https:\\\/\\\/lightweb.dev\\\/l\\\/svm-temp\\\/wp-content\\\/uploads\\\/2022\\\/06\\\/janssen-till-personer-mellan-50-och-59-ar.png\",\"articleSection\":[\"Arkiv\",\"Nyheter\"],\"inLanguage\":\"sv-SE\"},{\"@type\":\"WebPage\",\"@id\":\"https:\\\/\\\/lightweb.dev\\\/l\\\/svm-temp\\\/nyheter\\\/janssen-till-personer-mellan-50-och-59-ar\\\/\",\"url\":\"https:\\\/\\\/lightweb.dev\\\/l\\\/svm-temp\\\/nyheter\\\/janssen-till-personer-mellan-50-och-59-ar\\\/\",\"name\":\"Janssen till personer mellan 50 och 59 \u00e5r - Svenska Magasinet\",\"isPartOf\":{\"@id\":\"https:\\\/\\\/lightweb.dev\\\/l\\\/svm-temp\\\/#website\"},\"primaryImageOfPage\":{\"@id\":\"https:\\\/\\\/lightweb.dev\\\/l\\\/svm-temp\\\/nyheter\\\/janssen-till-personer-mellan-50-och-59-ar\\\/#primaryimage\"},\"image\":{\"@id\":\"https:\\\/\\\/lightweb.dev\\\/l\\\/svm-temp\\\/nyheter\\\/janssen-till-personer-mellan-50-och-59-ar\\\/#primaryimage\"},\"thumbnailUrl\":\"https:\\\/\\\/lightweb.dev\\\/l\\\/svm-temp\\\/wp-content\\\/uploads\\\/2022\\\/06\\\/janssen-till-personer-mellan-50-och-59-ar.png\",\"datePublished\":\"2021-05-12T08:59:00+00:00\",\"breadcrumb\":{\"@id\":\"https:\\\/\\\/lightweb.dev\\\/l\\\/svm-temp\\\/nyheter\\\/janssen-till-personer-mellan-50-och-59-ar\\\/#breadcrumb\"},\"inLanguage\":\"sv-SE\",\"potentialAction\":[{\"@type\":\"ReadAction\",\"target\":[\"https:\\\/\\\/lightweb.dev\\\/l\\\/svm-temp\\\/nyheter\\\/janssen-till-personer-mellan-50-och-59-ar\\\/\"]}]},{\"@type\":\"ImageObject\",\"inLanguage\":\"sv-SE\",\"@id\":\"https:\\\/\\\/lightweb.dev\\\/l\\\/svm-temp\\\/nyheter\\\/janssen-till-personer-mellan-50-och-59-ar\\\/#primaryimage\",\"url\":\"https:\\\/\\\/lightweb.dev\\\/l\\\/svm-temp\\\/wp-content\\\/uploads\\\/2022\\\/06\\\/janssen-till-personer-mellan-50-och-59-ar.png\",\"contentUrl\":\"https:\\\/\\\/lightweb.dev\\\/l\\\/svm-temp\\\/wp-content\\\/uploads\\\/2022\\\/06\\\/janssen-till-personer-mellan-50-och-59-ar.png\",\"width\":500,\"height\":300},{\"@type\":\"BreadcrumbList\",\"@id\":\"https:\\\/\\\/lightweb.dev\\\/l\\\/svm-temp\\\/nyheter\\\/janssen-till-personer-mellan-50-och-59-ar\\\/#breadcrumb\",\"itemListElement\":[{\"@type\":\"ListItem\",\"position\":1,\"name\":\"Hem\",\"item\":\"https:\\\/\\\/lightweb.dev\\\/l\\\/svm-temp\\\/\"},{\"@type\":\"ListItem\",\"position\":2,\"name\":\"Janssen till personer mellan 50 och 59 \u00e5r\"}]},{\"@type\":\"WebSite\",\"@id\":\"https:\\\/\\\/lightweb.dev\\\/l\\\/svm-temp\\\/#website\",\"url\":\"https:\\\/\\\/lightweb.dev\\\/l\\\/svm-temp\\\/\",\"name\":\"Svenska Magasinet\",\"description\":\"Dina Spanska nyheter p&aring; Svenska\",\"publisher\":{\"@id\":\"https:\\\/\\\/lightweb.dev\\\/l\\\/svm-temp\\\/#organization\"},\"potentialAction\":[{\"@type\":\"SearchAction\",\"target\":{\"@type\":\"EntryPoint\",\"urlTemplate\":\"https:\\\/\\\/lightweb.dev\\\/l\\\/svm-temp\\\/?s={search_term_string}\"},\"query-input\":{\"@type\":\"PropertyValueSpecification\",\"valueRequired\":true,\"valueName\":\"search_term_string\"}}],\"inLanguage\":\"sv-SE\"},{\"@type\":\"Organization\",\"@id\":\"https:\\\/\\\/lightweb.dev\\\/l\\\/svm-temp\\\/#organization\",\"name\":\"Melkerson y Nott SL\",\"alternateName\":\"Svenska Magasinet\",\"url\":\"https:\\\/\\\/lightweb.dev\\\/l\\\/svm-temp\\\/\",\"logo\":{\"@type\":\"ImageObject\",\"inLanguage\":\"sv-SE\",\"@id\":\"https:\\\/\\\/lightweb.dev\\\/l\\\/svm-temp\\\/#\\\/schema\\\/logo\\\/image\\\/\",\"url\":\"https:\\\/\\\/lightweb.dev\\\/l\\\/svm-temp\\\/wp-content\\\/uploads\\\/2025\\\/02\\\/SvM-logo-Xtra-Centrerad-SVART.png\",\"contentUrl\":\"https:\\\/\\\/lightweb.dev\\\/l\\\/svm-temp\\\/wp-content\\\/uploads\\\/2025\\\/02\\\/SvM-logo-Xtra-Centrerad-SVART.png\",\"width\":300,\"height\":99,\"caption\":\"Melkerson y Nott SL\"},\"image\":{\"@id\":\"https:\\\/\\\/lightweb.dev\\\/l\\\/svm-temp\\\/#\\\/schema\\\/logo\\\/image\\\/\"},\"sameAs\":[\"https:\\\/\\\/www.facebook.com\\\/svenskamagasinet\",\"https:\\\/\\\/x.com\\\/SvenskaMagasine\"]},{\"@type\":\"Person\",\"@id\":\"https:\\\/\\\/lightweb.dev\\\/l\\\/svm-temp\\\/#\\\/schema\\\/person\\\/206a3bda5b607b0c25e1749191e4d837\",\"name\":\"Redaktionen SvM\",\"description\":\"Redaktionen\",\"sameAs\":[\"https:\\\/\\\/lightweb.dev\\\/l\\\/svm-temp\"],\"url\":\"https:\\\/\\\/lightweb.dev\\\/l\\\/svm-temp\\\/reporter\\\/redaktionen\\\/\"}]}<\/script>\n<!-- \/ Yoast SEO Premium plugin. -->","yoast_head_json":{"title":"Janssen till personer mellan 50 och 59 \u00e5r - Svenska Magasinet","robots":{"index":"noindex","follow":"follow","max-snippet":"max-snippet:-1","max-image-preview":"max-image-preview:large","max-video-preview":"max-video-preview:-1"},"og_locale":"sv_SE","og_type":"article","og_title":"Janssen till personer mellan 50 och 59 \u00e5r","og_description":"F\u00f6r att p\u00e5skynda vaccineringen har spanska h\u00e4lsov\u00e5rdsmyndigheten till slut godk\u00e4nt Janssen till personer mellan 50 och 59 \u00e5r. S\u00e5 sent som i april pausade Spanien vaccineringen av Janssen efter rapporter om sex kvinnor i USA i \u00e5ldern 18 till 48 \u00e5r hade drabbats av blodproppar. Klockan 16 p\u00e5 onsdagen tr\u00e4ffas det interterritoriella r\u00e5det f\u00f6r folkh\u00e4lsov\u00e5rd [&hellip;]","og_url":"https:\/\/lightweb.dev\/l\/svm-temp\/nyheter\/janssen-till-personer-mellan-50-och-59-ar\/","og_site_name":"Svenska Magasinet","article_publisher":"https:\/\/www.facebook.com\/svenskamagasinet","article_published_time":"2021-05-12T08:59:00+00:00","og_image":[{"width":500,"height":300,"url":"https:\/\/lightweb.dev\/l\/svm-temp\/wp-content\/uploads\/2022\/06\/janssen-till-personer-mellan-50-och-59-ar.png","type":"image\/png"}],"author":"Redaktionen SvM","twitter_card":"summary_large_image","twitter_creator":"@SvenskaMagasine","twitter_site":"@SvenskaMagasine","schema":{"@context":"https:\/\/schema.org","@graph":[{"@type":"Article","@id":"https:\/\/lightweb.dev\/l\/svm-temp\/nyheter\/janssen-till-personer-mellan-50-och-59-ar\/#article","isPartOf":{"@id":"https:\/\/lightweb.dev\/l\/svm-temp\/nyheter\/janssen-till-personer-mellan-50-och-59-ar\/"},"author":{"name":"Redaktionen SvM","@id":"https:\/\/lightweb.dev\/l\/svm-temp\/#\/schema\/person\/206a3bda5b607b0c25e1749191e4d837"},"headline":"Janssen till personer mellan 50 och 59 \u00e5r","datePublished":"2021-05-12T08:59:00+00:00","mainEntityOfPage":{"@id":"https:\/\/lightweb.dev\/l\/svm-temp\/nyheter\/janssen-till-personer-mellan-50-och-59-ar\/"},"wordCount":222,"commentCount":0,"publisher":{"@id":"https:\/\/lightweb.dev\/l\/svm-temp\/#organization"},"image":{"@id":"https:\/\/lightweb.dev\/l\/svm-temp\/nyheter\/janssen-till-personer-mellan-50-och-59-ar\/#primaryimage"},"thumbnailUrl":"https:\/\/lightweb.dev\/l\/svm-temp\/wp-content\/uploads\/2022\/06\/janssen-till-personer-mellan-50-och-59-ar.png","articleSection":["Arkiv","Nyheter"],"inLanguage":"sv-SE"},{"@type":"WebPage","@id":"https:\/\/lightweb.dev\/l\/svm-temp\/nyheter\/janssen-till-personer-mellan-50-och-59-ar\/","url":"https:\/\/lightweb.dev\/l\/svm-temp\/nyheter\/janssen-till-personer-mellan-50-och-59-ar\/","name":"Janssen till personer mellan 50 och 59 \u00e5r - Svenska Magasinet","isPartOf":{"@id":"https:\/\/lightweb.dev\/l\/svm-temp\/#website"},"primaryImageOfPage":{"@id":"https:\/\/lightweb.dev\/l\/svm-temp\/nyheter\/janssen-till-personer-mellan-50-och-59-ar\/#primaryimage"},"image":{"@id":"https:\/\/lightweb.dev\/l\/svm-temp\/nyheter\/janssen-till-personer-mellan-50-och-59-ar\/#primaryimage"},"thumbnailUrl":"https:\/\/lightweb.dev\/l\/svm-temp\/wp-content\/uploads\/2022\/06\/janssen-till-personer-mellan-50-och-59-ar.png","datePublished":"2021-05-12T08:59:00+00:00","breadcrumb":{"@id":"https:\/\/lightweb.dev\/l\/svm-temp\/nyheter\/janssen-till-personer-mellan-50-och-59-ar\/#breadcrumb"},"inLanguage":"sv-SE","potentialAction":[{"@type":"ReadAction","target":["https:\/\/lightweb.dev\/l\/svm-temp\/nyheter\/janssen-till-personer-mellan-50-och-59-ar\/"]}]},{"@type":"ImageObject","inLanguage":"sv-SE","@id":"https:\/\/lightweb.dev\/l\/svm-temp\/nyheter\/janssen-till-personer-mellan-50-och-59-ar\/#primaryimage","url":"https:\/\/lightweb.dev\/l\/svm-temp\/wp-content\/uploads\/2022\/06\/janssen-till-personer-mellan-50-och-59-ar.png","contentUrl":"https:\/\/lightweb.dev\/l\/svm-temp\/wp-content\/uploads\/2022\/06\/janssen-till-personer-mellan-50-och-59-ar.png","width":500,"height":300},{"@type":"BreadcrumbList","@id":"https:\/\/lightweb.dev\/l\/svm-temp\/nyheter\/janssen-till-personer-mellan-50-och-59-ar\/#breadcrumb","itemListElement":[{"@type":"ListItem","position":1,"name":"Hem","item":"https:\/\/lightweb.dev\/l\/svm-temp\/"},{"@type":"ListItem","position":2,"name":"Janssen till personer mellan 50 och 59 \u00e5r"}]},{"@type":"WebSite","@id":"https:\/\/lightweb.dev\/l\/svm-temp\/#website","url":"https:\/\/lightweb.dev\/l\/svm-temp\/","name":"Svenska Magasinet","description":"Dina Spanska nyheter p&aring; Svenska","publisher":{"@id":"https:\/\/lightweb.dev\/l\/svm-temp\/#organization"},"potentialAction":[{"@type":"SearchAction","target":{"@type":"EntryPoint","urlTemplate":"https:\/\/lightweb.dev\/l\/svm-temp\/?s={search_term_string}"},"query-input":{"@type":"PropertyValueSpecification","valueRequired":true,"valueName":"search_term_string"}}],"inLanguage":"sv-SE"},{"@type":"Organization","@id":"https:\/\/lightweb.dev\/l\/svm-temp\/#organization","name":"Melkerson y Nott SL","alternateName":"Svenska Magasinet","url":"https:\/\/lightweb.dev\/l\/svm-temp\/","logo":{"@type":"ImageObject","inLanguage":"sv-SE","@id":"https:\/\/lightweb.dev\/l\/svm-temp\/#\/schema\/logo\/image\/","url":"https:\/\/lightweb.dev\/l\/svm-temp\/wp-content\/uploads\/2025\/02\/SvM-logo-Xtra-Centrerad-SVART.png","contentUrl":"https:\/\/lightweb.dev\/l\/svm-temp\/wp-content\/uploads\/2025\/02\/SvM-logo-Xtra-Centrerad-SVART.png","width":300,"height":99,"caption":"Melkerson y Nott SL"},"image":{"@id":"https:\/\/lightweb.dev\/l\/svm-temp\/#\/schema\/logo\/image\/"},"sameAs":["https:\/\/www.facebook.com\/svenskamagasinet","https:\/\/x.com\/SvenskaMagasine"]},{"@type":"Person","@id":"https:\/\/lightweb.dev\/l\/svm-temp\/#\/schema\/person\/206a3bda5b607b0c25e1749191e4d837","name":"Redaktionen SvM","description":"Redaktionen","sameAs":["https:\/\/lightweb.dev\/l\/svm-temp"],"url":"https:\/\/lightweb.dev\/l\/svm-temp\/reporter\/redaktionen\/"}]}},"_links":{"self":[{"href":"https:\/\/lightweb.dev\/l\/svm-temp\/wp-json\/wp\/v2\/posts\/12185","targetHints":{"allow":["GET"]}}],"collection":[{"href":"https:\/\/lightweb.dev\/l\/svm-temp\/wp-json\/wp\/v2\/posts"}],"about":[{"href":"https:\/\/lightweb.dev\/l\/svm-temp\/wp-json\/wp\/v2\/types\/post"}],"author":[{"embeddable":true,"href":"https:\/\/lightweb.dev\/l\/svm-temp\/wp-json\/wp\/v2\/users\/8"}],"replies":[{"embeddable":true,"href":"https:\/\/lightweb.dev\/l\/svm-temp\/wp-json\/wp\/v2\/comments?post=12185"}],"version-history":[{"count":0,"href":"https:\/\/lightweb.dev\/l\/svm-temp\/wp-json\/wp\/v2\/posts\/12185\/revisions"}],"wp:featuredmedia":[{"embeddable":true,"href":"https:\/\/lightweb.dev\/l\/svm-temp\/wp-json\/wp\/v2\/media\/12186"}],"wp:attachment":[{"href":"https:\/\/lightweb.dev\/l\/svm-temp\/wp-json\/wp\/v2\/media?parent=12185"}],"wp:term":[{"taxonomy":"category","embeddable":true,"href":"https:\/\/lightweb.dev\/l\/svm-temp\/wp-json\/wp\/v2\/categories?post=12185"},{"taxonomy":"post_tag","embeddable":true,"href":"https:\/\/lightweb.dev\/l\/svm-temp\/wp-json\/wp\/v2\/tags?post=12185"}],"curies":[{"name":"wp","href":"https:\/\/api.w.org\/{rel}","templated":true}]}}