{"id":12187,"date":"2021-05-12T15:43:00","date_gmt":"2021-05-12T13:43:00","guid":{"rendered":"https:\/\/lightweb.dev\/l\/svm-temp\/nyheter\/over-50-badplatser-med-bla-flagg\/"},"modified":"2021-05-12T15:43:00","modified_gmt":"2021-05-12T13:43:00","slug":"over-50-badplatser-med-bla-flagg","status":"publish","type":"post","link":"https:\/\/lightweb.dev\/l\/svm-temp\/nyheter\/over-50-badplatser-med-bla-flagg\/","title":{"rendered":"\u00d6ver 50 badplatser med Bl\u00e5 Flagg"},"content":{"rendered":"<p> Elva str\u00e4nder p\u00e5 Costa Tropical plus 41 str\u00e4nder p\u00e5 Costa del Sol. Dessutom har Ardales med s\u00f6tvattenreservoaren Conde del Guadalhorce mer k\u00e4nd under namnet El Chorro f\u00e5tt utm\u00e4rkelsen Bl\u00e5 Flagg.<br \/>\n Bl\u00e5 Flagg \u00e4r en internationell milj\u00f6utm\u00e4rkelse som beviljas badplatser och sm\u00e5b\u00e5tshamnar som uppfyller vissa kriterier som r\u00f6r vattenkvalitet, s\u00e4kerhet, service och milj\u00f6information. Bl\u00e5 flagg startades 1985 av milj\u00f6f\u00f6respr\u00e5kare i Frankrike, som v\u00e4rnade om de marina milj\u00f6erna<\/p>\n<p>\u00c5rets stora nyhet \u00e4r att s\u00f6tvattensj\u00f6arna (bilden) vid Ardales har f\u00e5tt utm\u00e4rkelsen Bl\u00e5 Flagg. Det \u00e4r f\u00f6rsta g\u00e5ngen en s\u00f6tvattensj\u00f6 i Andalusien f\u00e5r utm\u00e4rkelsen.<\/p>\n<p>Ardales borgm\u00e4stare Juan Alberto Naranjo \u00e4r mycket n\u00f6jd.<br \/>\n&#8211; Jag k\u00e4nner en stolthet med att vi \u00e4r f\u00f6rst. En s\u00e5dan utm\u00e4rkelse \u00e4r bra f\u00f6r syssels\u00e4ttning, turism och f\u00f6r n\u00e4ringslivet.<\/p>\n<p>De badv\u00e4nliga s\u00f6tvattensj\u00f6arna vid El Chorro ligger bara 600 meter fr\u00e5n vandringsleden Caminito del Rey som \u00e4r ett popul\u00e4rt utflyktsm\u00e5l.<\/p>\n<p>2021 har provinsen M\u00e1laga f\u00e5tt elva fler utm\u00e4rkelser \u00e4n ifjol. Totalt 41 Bl\u00e5 Flaggor till str\u00e4nder men \u00e4ven till fem fritidshamnar. <\/p>\n<p>Och systerkusten Costa Tropical i Granadaprovinsen s\u00e4tter nytt rekord i \u00e5r med elva str\u00e4nder plus fritidshamnen Marina del Este som f\u00e5tt betyget Bl\u00e5 Flagg.<\/p>\n<p>H\u00e4r \u00e4r samtliga badstr\u00e4nder plus fritidshamnar:<\/p>\n<p>M\u00e1lagaprovinsen (Costa del Sol)<br \/>\nAlgarrobo Costa (Algarrobo)<br \/>\nFuente de la Salud, Torrebermeja-Santa Ana (Benalm\u00e1dena)<br \/>\nAncha (Casares)<br \/>\nBoliches-Gaviotas, Carvajal, Castillo och playa Fuengirola (Fuengirola)<br \/>\nLa Caleta, El Dedo, El Palo, La Malagueta, Misericordia, Pedregalejo, San Andr\u00e9s (M\u00e1laga)<br \/>\nCasablanca, El Cable, El Faro, Puerto Ban\u00fas-Levante San Pedro Alc\u00e1ntara-Guadalmina, Venus-Bajadilla, Adelfas-Alicate (Marbella)<br \/>\nCalahonda I, El Bombo, La Cala (Mijas)<br \/>\nBurriana och Torrecilla (Nerja)<br \/>\nLos \u00c1lamos (Torremolinos)<br \/>\nFerrara och El Morche (Torrox)<br \/>\nBenajarafe, La Caleta -Paseo-, Torre del Mar (V\u00e9lez-M\u00e1laga).<\/p>\n<p>Granadaprovinsen (Costa Tropical)<br \/>\nSan Crist\u00f3bal, Puerta del Mar, Velilla, La Herradura och Marina del Este (Almu\u00f1\u00e9car)<br \/>\nCa\u00f1\u00f3n de Torrenueva Costa (Torrenueva Costa)<br \/>\nTorrenueva<br \/>\nLa Guardia (Salobre\u00f1a)<br \/>\nCalahonda<br \/>\nSotillo Castell<\/p>\n<p>Fritidshamnar<br \/>\nPuerto deportivo Marina del Este (Almu\u00f1\u00e9car)<br \/>\nPuerto Marina, (Benalm\u00e1dena)<br \/>\nCaleta de V\u00e9lez (V\u00e9lez-M\u00e1laga)<br \/>\nEstepona<br \/>\nLa Duquesa (Manilva)<br \/>\nPuerto Deportivo, (Marbella) <\/p>\n","protected":false},"excerpt":{"rendered":"<p>Elva str\u00e4nder p\u00e5 Costa Tropical plus 41 str\u00e4nder p\u00e5 Costa del Sol. Dessutom har Ardales med s\u00f6tvattenreservoaren Conde del Guadalhorce mer k\u00e4nd under namnet El Chorro f\u00e5tt utm\u00e4rkelsen Bl\u00e5 Flagg. Bl\u00e5 Flagg \u00e4r en internationell milj\u00f6utm\u00e4rkelse som beviljas badplatser och sm\u00e5b\u00e5tshamnar som uppfyller vissa kriterier som r\u00f6r vattenkvalitet, s\u00e4kerhet, service och milj\u00f6information. Bl\u00e5 flagg startades [&hellip;]<\/p>\n","protected":false},"author":8,"featured_media":12188,"comment_status":"open","ping_status":"open","sticky":false,"template":"","format":"standard","meta":{"_et_pb_use_builder":"","_et_pb_old_content":"","_et_gb_content_width":"","footnotes":""},"categories":[395,3],"tags":[],"class_list":["post-12187","post","type-post","status-publish","format-standard","has-post-thumbnail","hentry","category-arkiv-nyheter","category-nyheter"],"yoast_head":"<!-- This site is optimized with the Yoast SEO Premium plugin v26.2 (Yoast SEO v27.4) - https:\/\/yoast.com\/product\/yoast-seo-premium-wordpress\/ -->\n<title>\u00d6ver 50 badplatser med Bl\u00e5 Flagg - Svenska Magasinet<\/title>\n<meta name=\"robots\" content=\"noindex, follow, max-snippet:-1, max-image-preview:large, max-video-preview:-1\" \/>\n<meta property=\"og:locale\" content=\"sv_SE\" \/>\n<meta property=\"og:type\" content=\"article\" \/>\n<meta property=\"og:title\" content=\"\u00d6ver 50 badplatser med Bl\u00e5 Flagg\" \/>\n<meta property=\"og:description\" content=\"Elva str\u00e4nder p\u00e5 Costa Tropical plus 41 str\u00e4nder p\u00e5 Costa del Sol. Dessutom har Ardales med s\u00f6tvattenreservoaren Conde del Guadalhorce mer k\u00e4nd under namnet El Chorro f\u00e5tt utm\u00e4rkelsen Bl\u00e5 Flagg. Bl\u00e5 Flagg \u00e4r en internationell milj\u00f6utm\u00e4rkelse som beviljas badplatser och sm\u00e5b\u00e5tshamnar som uppfyller vissa kriterier som r\u00f6r vattenkvalitet, s\u00e4kerhet, service och milj\u00f6information. Bl\u00e5 flagg startades [&hellip;]\" \/>\n<meta property=\"og:url\" content=\"https:\/\/lightweb.dev\/l\/svm-temp\/nyheter\/over-50-badplatser-med-bla-flagg\/\" \/>\n<meta property=\"og:site_name\" content=\"Svenska Magasinet\" \/>\n<meta property=\"article:publisher\" content=\"https:\/\/www.facebook.com\/svenskamagasinet\" \/>\n<meta property=\"article:published_time\" content=\"2021-05-12T13:43:00+00:00\" \/>\n<meta property=\"og:image\" content=\"https:\/\/lightweb.dev\/l\/svm-temp\/wp-content\/uploads\/2022\/06\/over-50-badplatser-med-bla-flagg.png\" \/>\n\t<meta property=\"og:image:width\" content=\"500\" \/>\n\t<meta property=\"og:image:height\" content=\"300\" \/>\n\t<meta property=\"og:image:type\" content=\"image\/png\" \/>\n<meta name=\"author\" content=\"Redaktionen SvM\" \/>\n<meta name=\"twitter:card\" content=\"summary_large_image\" \/>\n<meta name=\"twitter:creator\" content=\"@SvenskaMagasine\" \/>\n<meta name=\"twitter:site\" content=\"@SvenskaMagasine\" \/>\n<script type=\"application\/ld+json\" class=\"yoast-schema-graph\">{\"@context\":\"https:\\\/\\\/schema.org\",\"@graph\":[{\"@type\":\"Article\",\"@id\":\"https:\\\/\\\/lightweb.dev\\\/l\\\/svm-temp\\\/nyheter\\\/over-50-badplatser-med-bla-flagg\\\/#article\",\"isPartOf\":{\"@id\":\"https:\\\/\\\/lightweb.dev\\\/l\\\/svm-temp\\\/nyheter\\\/over-50-badplatser-med-bla-flagg\\\/\"},\"author\":{\"name\":\"Redaktionen SvM\",\"@id\":\"https:\\\/\\\/lightweb.dev\\\/l\\\/svm-temp\\\/#\\\/schema\\\/person\\\/206a3bda5b607b0c25e1749191e4d837\"},\"headline\":\"\u00d6ver 50 badplatser med Bl\u00e5 Flagg\",\"datePublished\":\"2021-05-12T13:43:00+00:00\",\"mainEntityOfPage\":{\"@id\":\"https:\\\/\\\/lightweb.dev\\\/l\\\/svm-temp\\\/nyheter\\\/over-50-badplatser-med-bla-flagg\\\/\"},\"wordCount\":385,\"commentCount\":0,\"publisher\":{\"@id\":\"https:\\\/\\\/lightweb.dev\\\/l\\\/svm-temp\\\/#organization\"},\"image\":{\"@id\":\"https:\\\/\\\/lightweb.dev\\\/l\\\/svm-temp\\\/nyheter\\\/over-50-badplatser-med-bla-flagg\\\/#primaryimage\"},\"thumbnailUrl\":\"https:\\\/\\\/lightweb.dev\\\/l\\\/svm-temp\\\/wp-content\\\/uploads\\\/2022\\\/06\\\/over-50-badplatser-med-bla-flagg.png\",\"articleSection\":[\"Arkiv\",\"Nyheter\"],\"inLanguage\":\"sv-SE\"},{\"@type\":\"WebPage\",\"@id\":\"https:\\\/\\\/lightweb.dev\\\/l\\\/svm-temp\\\/nyheter\\\/over-50-badplatser-med-bla-flagg\\\/\",\"url\":\"https:\\\/\\\/lightweb.dev\\\/l\\\/svm-temp\\\/nyheter\\\/over-50-badplatser-med-bla-flagg\\\/\",\"name\":\"\u00d6ver 50 badplatser med Bl\u00e5 Flagg - Svenska Magasinet\",\"isPartOf\":{\"@id\":\"https:\\\/\\\/lightweb.dev\\\/l\\\/svm-temp\\\/#website\"},\"primaryImageOfPage\":{\"@id\":\"https:\\\/\\\/lightweb.dev\\\/l\\\/svm-temp\\\/nyheter\\\/over-50-badplatser-med-bla-flagg\\\/#primaryimage\"},\"image\":{\"@id\":\"https:\\\/\\\/lightweb.dev\\\/l\\\/svm-temp\\\/nyheter\\\/over-50-badplatser-med-bla-flagg\\\/#primaryimage\"},\"thumbnailUrl\":\"https:\\\/\\\/lightweb.dev\\\/l\\\/svm-temp\\\/wp-content\\\/uploads\\\/2022\\\/06\\\/over-50-badplatser-med-bla-flagg.png\",\"datePublished\":\"2021-05-12T13:43:00+00:00\",\"breadcrumb\":{\"@id\":\"https:\\\/\\\/lightweb.dev\\\/l\\\/svm-temp\\\/nyheter\\\/over-50-badplatser-med-bla-flagg\\\/#breadcrumb\"},\"inLanguage\":\"sv-SE\",\"potentialAction\":[{\"@type\":\"ReadAction\",\"target\":[\"https:\\\/\\\/lightweb.dev\\\/l\\\/svm-temp\\\/nyheter\\\/over-50-badplatser-med-bla-flagg\\\/\"]}]},{\"@type\":\"ImageObject\",\"inLanguage\":\"sv-SE\",\"@id\":\"https:\\\/\\\/lightweb.dev\\\/l\\\/svm-temp\\\/nyheter\\\/over-50-badplatser-med-bla-flagg\\\/#primaryimage\",\"url\":\"https:\\\/\\\/lightweb.dev\\\/l\\\/svm-temp\\\/wp-content\\\/uploads\\\/2022\\\/06\\\/over-50-badplatser-med-bla-flagg.png\",\"contentUrl\":\"https:\\\/\\\/lightweb.dev\\\/l\\\/svm-temp\\\/wp-content\\\/uploads\\\/2022\\\/06\\\/over-50-badplatser-med-bla-flagg.png\",\"width\":500,\"height\":300},{\"@type\":\"BreadcrumbList\",\"@id\":\"https:\\\/\\\/lightweb.dev\\\/l\\\/svm-temp\\\/nyheter\\\/over-50-badplatser-med-bla-flagg\\\/#breadcrumb\",\"itemListElement\":[{\"@type\":\"ListItem\",\"position\":1,\"name\":\"Hem\",\"item\":\"https:\\\/\\\/lightweb.dev\\\/l\\\/svm-temp\\\/\"},{\"@type\":\"ListItem\",\"position\":2,\"name\":\"\u00d6ver 50 badplatser med Bl\u00e5 Flagg\"}]},{\"@type\":\"WebSite\",\"@id\":\"https:\\\/\\\/lightweb.dev\\\/l\\\/svm-temp\\\/#website\",\"url\":\"https:\\\/\\\/lightweb.dev\\\/l\\\/svm-temp\\\/\",\"name\":\"Svenska Magasinet\",\"description\":\"Dina Spanska nyheter p&aring; Svenska\",\"publisher\":{\"@id\":\"https:\\\/\\\/lightweb.dev\\\/l\\\/svm-temp\\\/#organization\"},\"potentialAction\":[{\"@type\":\"SearchAction\",\"target\":{\"@type\":\"EntryPoint\",\"urlTemplate\":\"https:\\\/\\\/lightweb.dev\\\/l\\\/svm-temp\\\/?s={search_term_string}\"},\"query-input\":{\"@type\":\"PropertyValueSpecification\",\"valueRequired\":true,\"valueName\":\"search_term_string\"}}],\"inLanguage\":\"sv-SE\"},{\"@type\":\"Organization\",\"@id\":\"https:\\\/\\\/lightweb.dev\\\/l\\\/svm-temp\\\/#organization\",\"name\":\"Melkerson y Nott SL\",\"alternateName\":\"Svenska Magasinet\",\"url\":\"https:\\\/\\\/lightweb.dev\\\/l\\\/svm-temp\\\/\",\"logo\":{\"@type\":\"ImageObject\",\"inLanguage\":\"sv-SE\",\"@id\":\"https:\\\/\\\/lightweb.dev\\\/l\\\/svm-temp\\\/#\\\/schema\\\/logo\\\/image\\\/\",\"url\":\"https:\\\/\\\/lightweb.dev\\\/l\\\/svm-temp\\\/wp-content\\\/uploads\\\/2025\\\/02\\\/SvM-logo-Xtra-Centrerad-SVART.png\",\"contentUrl\":\"https:\\\/\\\/lightweb.dev\\\/l\\\/svm-temp\\\/wp-content\\\/uploads\\\/2025\\\/02\\\/SvM-logo-Xtra-Centrerad-SVART.png\",\"width\":300,\"height\":99,\"caption\":\"Melkerson y Nott SL\"},\"image\":{\"@id\":\"https:\\\/\\\/lightweb.dev\\\/l\\\/svm-temp\\\/#\\\/schema\\\/logo\\\/image\\\/\"},\"sameAs\":[\"https:\\\/\\\/www.facebook.com\\\/svenskamagasinet\",\"https:\\\/\\\/x.com\\\/SvenskaMagasine\"]},{\"@type\":\"Person\",\"@id\":\"https:\\\/\\\/lightweb.dev\\\/l\\\/svm-temp\\\/#\\\/schema\\\/person\\\/206a3bda5b607b0c25e1749191e4d837\",\"name\":\"Redaktionen SvM\",\"description\":\"Redaktionen\",\"sameAs\":[\"https:\\\/\\\/lightweb.dev\\\/l\\\/svm-temp\"],\"url\":\"https:\\\/\\\/lightweb.dev\\\/l\\\/svm-temp\\\/reporter\\\/redaktionen\\\/\"}]}<\/script>\n<!-- \/ Yoast SEO Premium plugin. -->","yoast_head_json":{"title":"\u00d6ver 50 badplatser med Bl\u00e5 Flagg - Svenska Magasinet","robots":{"index":"noindex","follow":"follow","max-snippet":"max-snippet:-1","max-image-preview":"max-image-preview:large","max-video-preview":"max-video-preview:-1"},"og_locale":"sv_SE","og_type":"article","og_title":"\u00d6ver 50 badplatser med Bl\u00e5 Flagg","og_description":"Elva str\u00e4nder p\u00e5 Costa Tropical plus 41 str\u00e4nder p\u00e5 Costa del Sol. Dessutom har Ardales med s\u00f6tvattenreservoaren Conde del Guadalhorce mer k\u00e4nd under namnet El Chorro f\u00e5tt utm\u00e4rkelsen Bl\u00e5 Flagg. Bl\u00e5 Flagg \u00e4r en internationell milj\u00f6utm\u00e4rkelse som beviljas badplatser och sm\u00e5b\u00e5tshamnar som uppfyller vissa kriterier som r\u00f6r vattenkvalitet, s\u00e4kerhet, service och milj\u00f6information. Bl\u00e5 flagg startades [&hellip;]","og_url":"https:\/\/lightweb.dev\/l\/svm-temp\/nyheter\/over-50-badplatser-med-bla-flagg\/","og_site_name":"Svenska Magasinet","article_publisher":"https:\/\/www.facebook.com\/svenskamagasinet","article_published_time":"2021-05-12T13:43:00+00:00","og_image":[{"width":500,"height":300,"url":"https:\/\/lightweb.dev\/l\/svm-temp\/wp-content\/uploads\/2022\/06\/over-50-badplatser-med-bla-flagg.png","type":"image\/png"}],"author":"Redaktionen SvM","twitter_card":"summary_large_image","twitter_creator":"@SvenskaMagasine","twitter_site":"@SvenskaMagasine","schema":{"@context":"https:\/\/schema.org","@graph":[{"@type":"Article","@id":"https:\/\/lightweb.dev\/l\/svm-temp\/nyheter\/over-50-badplatser-med-bla-flagg\/#article","isPartOf":{"@id":"https:\/\/lightweb.dev\/l\/svm-temp\/nyheter\/over-50-badplatser-med-bla-flagg\/"},"author":{"name":"Redaktionen SvM","@id":"https:\/\/lightweb.dev\/l\/svm-temp\/#\/schema\/person\/206a3bda5b607b0c25e1749191e4d837"},"headline":"\u00d6ver 50 badplatser med Bl\u00e5 Flagg","datePublished":"2021-05-12T13:43:00+00:00","mainEntityOfPage":{"@id":"https:\/\/lightweb.dev\/l\/svm-temp\/nyheter\/over-50-badplatser-med-bla-flagg\/"},"wordCount":385,"commentCount":0,"publisher":{"@id":"https:\/\/lightweb.dev\/l\/svm-temp\/#organization"},"image":{"@id":"https:\/\/lightweb.dev\/l\/svm-temp\/nyheter\/over-50-badplatser-med-bla-flagg\/#primaryimage"},"thumbnailUrl":"https:\/\/lightweb.dev\/l\/svm-temp\/wp-content\/uploads\/2022\/06\/over-50-badplatser-med-bla-flagg.png","articleSection":["Arkiv","Nyheter"],"inLanguage":"sv-SE"},{"@type":"WebPage","@id":"https:\/\/lightweb.dev\/l\/svm-temp\/nyheter\/over-50-badplatser-med-bla-flagg\/","url":"https:\/\/lightweb.dev\/l\/svm-temp\/nyheter\/over-50-badplatser-med-bla-flagg\/","name":"\u00d6ver 50 badplatser med Bl\u00e5 Flagg - Svenska Magasinet","isPartOf":{"@id":"https:\/\/lightweb.dev\/l\/svm-temp\/#website"},"primaryImageOfPage":{"@id":"https:\/\/lightweb.dev\/l\/svm-temp\/nyheter\/over-50-badplatser-med-bla-flagg\/#primaryimage"},"image":{"@id":"https:\/\/lightweb.dev\/l\/svm-temp\/nyheter\/over-50-badplatser-med-bla-flagg\/#primaryimage"},"thumbnailUrl":"https:\/\/lightweb.dev\/l\/svm-temp\/wp-content\/uploads\/2022\/06\/over-50-badplatser-med-bla-flagg.png","datePublished":"2021-05-12T13:43:00+00:00","breadcrumb":{"@id":"https:\/\/lightweb.dev\/l\/svm-temp\/nyheter\/over-50-badplatser-med-bla-flagg\/#breadcrumb"},"inLanguage":"sv-SE","potentialAction":[{"@type":"ReadAction","target":["https:\/\/lightweb.dev\/l\/svm-temp\/nyheter\/over-50-badplatser-med-bla-flagg\/"]}]},{"@type":"ImageObject","inLanguage":"sv-SE","@id":"https:\/\/lightweb.dev\/l\/svm-temp\/nyheter\/over-50-badplatser-med-bla-flagg\/#primaryimage","url":"https:\/\/lightweb.dev\/l\/svm-temp\/wp-content\/uploads\/2022\/06\/over-50-badplatser-med-bla-flagg.png","contentUrl":"https:\/\/lightweb.dev\/l\/svm-temp\/wp-content\/uploads\/2022\/06\/over-50-badplatser-med-bla-flagg.png","width":500,"height":300},{"@type":"BreadcrumbList","@id":"https:\/\/lightweb.dev\/l\/svm-temp\/nyheter\/over-50-badplatser-med-bla-flagg\/#breadcrumb","itemListElement":[{"@type":"ListItem","position":1,"name":"Hem","item":"https:\/\/lightweb.dev\/l\/svm-temp\/"},{"@type":"ListItem","position":2,"name":"\u00d6ver 50 badplatser med Bl\u00e5 Flagg"}]},{"@type":"WebSite","@id":"https:\/\/lightweb.dev\/l\/svm-temp\/#website","url":"https:\/\/lightweb.dev\/l\/svm-temp\/","name":"Svenska Magasinet","description":"Dina Spanska nyheter p&aring; Svenska","publisher":{"@id":"https:\/\/lightweb.dev\/l\/svm-temp\/#organization"},"potentialAction":[{"@type":"SearchAction","target":{"@type":"EntryPoint","urlTemplate":"https:\/\/lightweb.dev\/l\/svm-temp\/?s={search_term_string}"},"query-input":{"@type":"PropertyValueSpecification","valueRequired":true,"valueName":"search_term_string"}}],"inLanguage":"sv-SE"},{"@type":"Organization","@id":"https:\/\/lightweb.dev\/l\/svm-temp\/#organization","name":"Melkerson y Nott SL","alternateName":"Svenska Magasinet","url":"https:\/\/lightweb.dev\/l\/svm-temp\/","logo":{"@type":"ImageObject","inLanguage":"sv-SE","@id":"https:\/\/lightweb.dev\/l\/svm-temp\/#\/schema\/logo\/image\/","url":"https:\/\/lightweb.dev\/l\/svm-temp\/wp-content\/uploads\/2025\/02\/SvM-logo-Xtra-Centrerad-SVART.png","contentUrl":"https:\/\/lightweb.dev\/l\/svm-temp\/wp-content\/uploads\/2025\/02\/SvM-logo-Xtra-Centrerad-SVART.png","width":300,"height":99,"caption":"Melkerson y Nott SL"},"image":{"@id":"https:\/\/lightweb.dev\/l\/svm-temp\/#\/schema\/logo\/image\/"},"sameAs":["https:\/\/www.facebook.com\/svenskamagasinet","https:\/\/x.com\/SvenskaMagasine"]},{"@type":"Person","@id":"https:\/\/lightweb.dev\/l\/svm-temp\/#\/schema\/person\/206a3bda5b607b0c25e1749191e4d837","name":"Redaktionen SvM","description":"Redaktionen","sameAs":["https:\/\/lightweb.dev\/l\/svm-temp"],"url":"https:\/\/lightweb.dev\/l\/svm-temp\/reporter\/redaktionen\/"}]}},"_links":{"self":[{"href":"https:\/\/lightweb.dev\/l\/svm-temp\/wp-json\/wp\/v2\/posts\/12187","targetHints":{"allow":["GET"]}}],"collection":[{"href":"https:\/\/lightweb.dev\/l\/svm-temp\/wp-json\/wp\/v2\/posts"}],"about":[{"href":"https:\/\/lightweb.dev\/l\/svm-temp\/wp-json\/wp\/v2\/types\/post"}],"author":[{"embeddable":true,"href":"https:\/\/lightweb.dev\/l\/svm-temp\/wp-json\/wp\/v2\/users\/8"}],"replies":[{"embeddable":true,"href":"https:\/\/lightweb.dev\/l\/svm-temp\/wp-json\/wp\/v2\/comments?post=12187"}],"version-history":[{"count":0,"href":"https:\/\/lightweb.dev\/l\/svm-temp\/wp-json\/wp\/v2\/posts\/12187\/revisions"}],"wp:featuredmedia":[{"embeddable":true,"href":"https:\/\/lightweb.dev\/l\/svm-temp\/wp-json\/wp\/v2\/media\/12188"}],"wp:attachment":[{"href":"https:\/\/lightweb.dev\/l\/svm-temp\/wp-json\/wp\/v2\/media?parent=12187"}],"wp:term":[{"taxonomy":"category","embeddable":true,"href":"https:\/\/lightweb.dev\/l\/svm-temp\/wp-json\/wp\/v2\/categories?post=12187"},{"taxonomy":"post_tag","embeddable":true,"href":"https:\/\/lightweb.dev\/l\/svm-temp\/wp-json\/wp\/v2\/tags?post=12187"}],"curies":[{"name":"wp","href":"https:\/\/api.w.org\/{rel}","templated":true}]}}