{"id":12189,"date":"2021-05-11T10:11:00","date_gmt":"2021-05-11T08:11:00","guid":{"rendered":"https:\/\/lightweb.dev\/l\/svm-temp\/nyheter\/vaccinering-av-50-plussare-under-maj\/"},"modified":"2021-05-11T10:11:00","modified_gmt":"2021-05-11T08:11:00","slug":"vaccinering-av-50-plussare-under-maj","status":"publish","type":"post","link":"https:\/\/lightweb.dev\/l\/svm-temp\/nyheter\/vaccinering-av-50-plussare-under-maj\/","title":{"rendered":"Vaccinering av 50-plussare under maj"},"content":{"rendered":"<p> Den regionala andalusiska Folkh\u00e4lsov\u00e5rden r\u00e4knar med att vaccineringen av de \u00f6ver 50 \u00e5r inleds under maj m\u00e5nad. Under juni m\u00e5nad forts\u00e4tter vaccineringen av personer under 50 \u00e5r.<br \/>\n Vaccinationstakten \u00f6kar i och med att m\u00e4ngden vaccinationsdoser \u00f6kar. Nu ligger fokus p\u00e5 att vaccinera \u201dbaby boom\u201d-generationen, de som \u00e4r \u00f6ver femtio \u00e5r.<\/p>\n<p>Det beskrivs som den st\u00f6rsta utmaningen hittills. Antalet personer mellan 50 och 60 \u00e5r i provinsen M\u00e1laga ligger p\u00e5 cirka 250.000, vilket \u00e4r femton procent av befolkningen enligt landets motsvarighet i statistiska centralbyr\u00e5n INE (Instituto Nacional de Estad\u00edstica).<\/p>\n<p>Kampanjen med att vaccinerat personer mellan 57 och 59 \u00e5r har p\u00e5g\u00e5tt n\u00e5gra dagar. Under veckan \u00f6ppnar vaccineringen f\u00f6r personer, 55 och 56 \u00e5r gamla i sjukv\u00e5rdsdistrikten M\u00e1laga och Guadalhorce. H\u00e4r ing\u00e5r \u00e4ven Rinc\u00f3n de la Victoria.<\/p>\n<p>Massvaccinering kommer att \u00e4ga rum i kongresshallarna Palacio de Ferias y Congresos i M\u00e1laga.<\/p>\n<p>N\u00e4r det g\u00e4ller sjukv\u00e5rdsdistriktet Costa del Sol d\u00e4r kommuner som Marbella, Estepona, Mijas, Fuengirola och Torremolinos ing\u00e5r v\u00e4ntas vaccineringen av \u00e5ldersgruppen 57 till 59 \u00e5r avslutas under nuvarande vecka.<\/p>\n<p>Enligt k\u00e4llor som Diario SUR p\u00e5 tisdagen h\u00e4nvisar till kommer personer mellan 50 till 55 \u00e5r att b\u00f6rja vaccineras i slutet p\u00e5 maj m\u00e5nad och i b\u00f6rjan p\u00e5 juni m\u00e5nad.<\/p>\n<p>Mellan juni och juli v\u00e4ntar de \u00f6ver 45 \u00e5r. D\u00e4rn\u00e4st st\u00e5r de mellan 40 och 45 \u00e5r p\u00e5 tur och senare gruppen under 40 \u00e5r.<\/p>\n<p>Andalusiens m\u00e5l \u00e4r att vaccinera en miljon inv\u00e5nare varje vecka. Dock finns det inte tillr\u00e4ckligt med doser. I f\u00f6rra veckan fick regionen runt 600.000 doser.<\/p>\n<p>Folkh\u00e4lsov\u00e5rden skriver p\u00e5 sin webbplats att de som \u00e4r f\u00f6dda 1965 kan boka tid f\u00f6r vaccinering. <\/p>\n<p>Regionpresidenten Juanma Moreno s\u00e4ger att Andalusien kommer att b\u00f6rja vaccinera med AstraZeneca om en m\u00e5nad om de inte f\u00e5r svar fr\u00e5n centralregeringen. <\/p>\n<p>&#8211; Det \u00e4r ingen mening att ha 200.000 vaccin i frysen. Vi kommer att anv\u00e4nda dessa doser till personer som frivilligt vill ha AstraZeneca, s\u00e4ger Juanma Moreno.<\/p>\n<p>Erbjudandet kommer att riktas till personer under 60 \u00e5r som tidigare har f\u00e5tt en f\u00f6rsta dos av AstraZeneca.<\/p>\n<p>L\u00e4s mer:<br \/>\nPersoner mellan 57 till 59 \u00e5r kan boka tid f\u00f6r vaccin<\/p>\n","protected":false},"excerpt":{"rendered":"<p>Den regionala andalusiska Folkh\u00e4lsov\u00e5rden r\u00e4knar med att vaccineringen av de \u00f6ver 50 \u00e5r inleds under maj m\u00e5nad. Under juni m\u00e5nad forts\u00e4tter vaccineringen av personer under 50 \u00e5r. Vaccinationstakten \u00f6kar i och med att m\u00e4ngden vaccinationsdoser \u00f6kar. Nu ligger fokus p\u00e5 att vaccinera \u201dbaby boom\u201d-generationen, de som \u00e4r \u00f6ver femtio \u00e5r. Det beskrivs som den st\u00f6rsta [&hellip;]<\/p>\n","protected":false},"author":8,"featured_media":12190,"comment_status":"open","ping_status":"open","sticky":false,"template":"","format":"standard","meta":{"_et_pb_use_builder":"","_et_pb_old_content":"","_et_gb_content_width":"","footnotes":""},"categories":[395,3],"tags":[],"class_list":["post-12189","post","type-post","status-publish","format-standard","has-post-thumbnail","hentry","category-arkiv-nyheter","category-nyheter"],"yoast_head":"<!-- This site is optimized with the Yoast SEO Premium plugin v26.2 (Yoast SEO v27.4) - https:\/\/yoast.com\/product\/yoast-seo-premium-wordpress\/ -->\n<title>Vaccinering av 50-plussare under maj - Svenska Magasinet<\/title>\n<meta name=\"robots\" content=\"noindex, follow, max-snippet:-1, max-image-preview:large, max-video-preview:-1\" \/>\n<meta property=\"og:locale\" content=\"sv_SE\" \/>\n<meta property=\"og:type\" content=\"article\" \/>\n<meta property=\"og:title\" content=\"Vaccinering av 50-plussare under maj\" \/>\n<meta property=\"og:description\" content=\"Den regionala andalusiska Folkh\u00e4lsov\u00e5rden r\u00e4knar med att vaccineringen av de \u00f6ver 50 \u00e5r inleds under maj m\u00e5nad. Under juni m\u00e5nad forts\u00e4tter vaccineringen av personer under 50 \u00e5r. Vaccinationstakten \u00f6kar i och med att m\u00e4ngden vaccinationsdoser \u00f6kar. Nu ligger fokus p\u00e5 att vaccinera \u201dbaby boom\u201d-generationen, de som \u00e4r \u00f6ver femtio \u00e5r. Det beskrivs som den st\u00f6rsta [&hellip;]\" \/>\n<meta property=\"og:url\" content=\"https:\/\/lightweb.dev\/l\/svm-temp\/nyheter\/vaccinering-av-50-plussare-under-maj\/\" \/>\n<meta property=\"og:site_name\" content=\"Svenska Magasinet\" \/>\n<meta property=\"article:publisher\" content=\"https:\/\/www.facebook.com\/svenskamagasinet\" \/>\n<meta property=\"article:published_time\" content=\"2021-05-11T08:11:00+00:00\" \/>\n<meta property=\"og:image\" content=\"https:\/\/lightweb.dev\/l\/svm-temp\/wp-content\/uploads\/2022\/06\/vaccinering-av-50plussare-under-maj.png\" \/>\n\t<meta property=\"og:image:width\" content=\"500\" \/>\n\t<meta property=\"og:image:height\" content=\"300\" \/>\n\t<meta property=\"og:image:type\" content=\"image\/png\" \/>\n<meta name=\"author\" content=\"Redaktionen SvM\" \/>\n<meta name=\"twitter:card\" content=\"summary_large_image\" \/>\n<meta name=\"twitter:creator\" content=\"@SvenskaMagasine\" \/>\n<meta name=\"twitter:site\" content=\"@SvenskaMagasine\" \/>\n<script type=\"application\/ld+json\" class=\"yoast-schema-graph\">{\"@context\":\"https:\\\/\\\/schema.org\",\"@graph\":[{\"@type\":\"Article\",\"@id\":\"https:\\\/\\\/lightweb.dev\\\/l\\\/svm-temp\\\/nyheter\\\/vaccinering-av-50-plussare-under-maj\\\/#article\",\"isPartOf\":{\"@id\":\"https:\\\/\\\/lightweb.dev\\\/l\\\/svm-temp\\\/nyheter\\\/vaccinering-av-50-plussare-under-maj\\\/\"},\"author\":{\"name\":\"Redaktionen SvM\",\"@id\":\"https:\\\/\\\/lightweb.dev\\\/l\\\/svm-temp\\\/#\\\/schema\\\/person\\\/206a3bda5b607b0c25e1749191e4d837\"},\"headline\":\"Vaccinering av 50-plussare under maj\",\"datePublished\":\"2021-05-11T08:11:00+00:00\",\"mainEntityOfPage\":{\"@id\":\"https:\\\/\\\/lightweb.dev\\\/l\\\/svm-temp\\\/nyheter\\\/vaccinering-av-50-plussare-under-maj\\\/\"},\"wordCount\":383,\"commentCount\":0,\"publisher\":{\"@id\":\"https:\\\/\\\/lightweb.dev\\\/l\\\/svm-temp\\\/#organization\"},\"image\":{\"@id\":\"https:\\\/\\\/lightweb.dev\\\/l\\\/svm-temp\\\/nyheter\\\/vaccinering-av-50-plussare-under-maj\\\/#primaryimage\"},\"thumbnailUrl\":\"https:\\\/\\\/lightweb.dev\\\/l\\\/svm-temp\\\/wp-content\\\/uploads\\\/2022\\\/06\\\/vaccinering-av-50plussare-under-maj.png\",\"articleSection\":[\"Arkiv\",\"Nyheter\"],\"inLanguage\":\"sv-SE\"},{\"@type\":\"WebPage\",\"@id\":\"https:\\\/\\\/lightweb.dev\\\/l\\\/svm-temp\\\/nyheter\\\/vaccinering-av-50-plussare-under-maj\\\/\",\"url\":\"https:\\\/\\\/lightweb.dev\\\/l\\\/svm-temp\\\/nyheter\\\/vaccinering-av-50-plussare-under-maj\\\/\",\"name\":\"Vaccinering av 50-plussare under maj - Svenska Magasinet\",\"isPartOf\":{\"@id\":\"https:\\\/\\\/lightweb.dev\\\/l\\\/svm-temp\\\/#website\"},\"primaryImageOfPage\":{\"@id\":\"https:\\\/\\\/lightweb.dev\\\/l\\\/svm-temp\\\/nyheter\\\/vaccinering-av-50-plussare-under-maj\\\/#primaryimage\"},\"image\":{\"@id\":\"https:\\\/\\\/lightweb.dev\\\/l\\\/svm-temp\\\/nyheter\\\/vaccinering-av-50-plussare-under-maj\\\/#primaryimage\"},\"thumbnailUrl\":\"https:\\\/\\\/lightweb.dev\\\/l\\\/svm-temp\\\/wp-content\\\/uploads\\\/2022\\\/06\\\/vaccinering-av-50plussare-under-maj.png\",\"datePublished\":\"2021-05-11T08:11:00+00:00\",\"breadcrumb\":{\"@id\":\"https:\\\/\\\/lightweb.dev\\\/l\\\/svm-temp\\\/nyheter\\\/vaccinering-av-50-plussare-under-maj\\\/#breadcrumb\"},\"inLanguage\":\"sv-SE\",\"potentialAction\":[{\"@type\":\"ReadAction\",\"target\":[\"https:\\\/\\\/lightweb.dev\\\/l\\\/svm-temp\\\/nyheter\\\/vaccinering-av-50-plussare-under-maj\\\/\"]}]},{\"@type\":\"ImageObject\",\"inLanguage\":\"sv-SE\",\"@id\":\"https:\\\/\\\/lightweb.dev\\\/l\\\/svm-temp\\\/nyheter\\\/vaccinering-av-50-plussare-under-maj\\\/#primaryimage\",\"url\":\"https:\\\/\\\/lightweb.dev\\\/l\\\/svm-temp\\\/wp-content\\\/uploads\\\/2022\\\/06\\\/vaccinering-av-50plussare-under-maj.png\",\"contentUrl\":\"https:\\\/\\\/lightweb.dev\\\/l\\\/svm-temp\\\/wp-content\\\/uploads\\\/2022\\\/06\\\/vaccinering-av-50plussare-under-maj.png\",\"width\":500,\"height\":300},{\"@type\":\"BreadcrumbList\",\"@id\":\"https:\\\/\\\/lightweb.dev\\\/l\\\/svm-temp\\\/nyheter\\\/vaccinering-av-50-plussare-under-maj\\\/#breadcrumb\",\"itemListElement\":[{\"@type\":\"ListItem\",\"position\":1,\"name\":\"Hem\",\"item\":\"https:\\\/\\\/lightweb.dev\\\/l\\\/svm-temp\\\/\"},{\"@type\":\"ListItem\",\"position\":2,\"name\":\"Vaccinering av 50-plussare under maj\"}]},{\"@type\":\"WebSite\",\"@id\":\"https:\\\/\\\/lightweb.dev\\\/l\\\/svm-temp\\\/#website\",\"url\":\"https:\\\/\\\/lightweb.dev\\\/l\\\/svm-temp\\\/\",\"name\":\"Svenska Magasinet\",\"description\":\"Dina Spanska nyheter p&aring; Svenska\",\"publisher\":{\"@id\":\"https:\\\/\\\/lightweb.dev\\\/l\\\/svm-temp\\\/#organization\"},\"potentialAction\":[{\"@type\":\"SearchAction\",\"target\":{\"@type\":\"EntryPoint\",\"urlTemplate\":\"https:\\\/\\\/lightweb.dev\\\/l\\\/svm-temp\\\/?s={search_term_string}\"},\"query-input\":{\"@type\":\"PropertyValueSpecification\",\"valueRequired\":true,\"valueName\":\"search_term_string\"}}],\"inLanguage\":\"sv-SE\"},{\"@type\":\"Organization\",\"@id\":\"https:\\\/\\\/lightweb.dev\\\/l\\\/svm-temp\\\/#organization\",\"name\":\"Melkerson y Nott SL\",\"alternateName\":\"Svenska Magasinet\",\"url\":\"https:\\\/\\\/lightweb.dev\\\/l\\\/svm-temp\\\/\",\"logo\":{\"@type\":\"ImageObject\",\"inLanguage\":\"sv-SE\",\"@id\":\"https:\\\/\\\/lightweb.dev\\\/l\\\/svm-temp\\\/#\\\/schema\\\/logo\\\/image\\\/\",\"url\":\"https:\\\/\\\/lightweb.dev\\\/l\\\/svm-temp\\\/wp-content\\\/uploads\\\/2025\\\/02\\\/SvM-logo-Xtra-Centrerad-SVART.png\",\"contentUrl\":\"https:\\\/\\\/lightweb.dev\\\/l\\\/svm-temp\\\/wp-content\\\/uploads\\\/2025\\\/02\\\/SvM-logo-Xtra-Centrerad-SVART.png\",\"width\":300,\"height\":99,\"caption\":\"Melkerson y Nott SL\"},\"image\":{\"@id\":\"https:\\\/\\\/lightweb.dev\\\/l\\\/svm-temp\\\/#\\\/schema\\\/logo\\\/image\\\/\"},\"sameAs\":[\"https:\\\/\\\/www.facebook.com\\\/svenskamagasinet\",\"https:\\\/\\\/x.com\\\/SvenskaMagasine\"]},{\"@type\":\"Person\",\"@id\":\"https:\\\/\\\/lightweb.dev\\\/l\\\/svm-temp\\\/#\\\/schema\\\/person\\\/206a3bda5b607b0c25e1749191e4d837\",\"name\":\"Redaktionen SvM\",\"description\":\"Redaktionen\",\"sameAs\":[\"https:\\\/\\\/lightweb.dev\\\/l\\\/svm-temp\"],\"url\":\"https:\\\/\\\/lightweb.dev\\\/l\\\/svm-temp\\\/reporter\\\/redaktionen\\\/\"}]}<\/script>\n<!-- \/ Yoast SEO Premium plugin. -->","yoast_head_json":{"title":"Vaccinering av 50-plussare under maj - Svenska Magasinet","robots":{"index":"noindex","follow":"follow","max-snippet":"max-snippet:-1","max-image-preview":"max-image-preview:large","max-video-preview":"max-video-preview:-1"},"og_locale":"sv_SE","og_type":"article","og_title":"Vaccinering av 50-plussare under maj","og_description":"Den regionala andalusiska Folkh\u00e4lsov\u00e5rden r\u00e4knar med att vaccineringen av de \u00f6ver 50 \u00e5r inleds under maj m\u00e5nad. Under juni m\u00e5nad forts\u00e4tter vaccineringen av personer under 50 \u00e5r. Vaccinationstakten \u00f6kar i och med att m\u00e4ngden vaccinationsdoser \u00f6kar. Nu ligger fokus p\u00e5 att vaccinera \u201dbaby boom\u201d-generationen, de som \u00e4r \u00f6ver femtio \u00e5r. Det beskrivs som den st\u00f6rsta [&hellip;]","og_url":"https:\/\/lightweb.dev\/l\/svm-temp\/nyheter\/vaccinering-av-50-plussare-under-maj\/","og_site_name":"Svenska Magasinet","article_publisher":"https:\/\/www.facebook.com\/svenskamagasinet","article_published_time":"2021-05-11T08:11:00+00:00","og_image":[{"width":500,"height":300,"url":"https:\/\/lightweb.dev\/l\/svm-temp\/wp-content\/uploads\/2022\/06\/vaccinering-av-50plussare-under-maj.png","type":"image\/png"}],"author":"Redaktionen SvM","twitter_card":"summary_large_image","twitter_creator":"@SvenskaMagasine","twitter_site":"@SvenskaMagasine","schema":{"@context":"https:\/\/schema.org","@graph":[{"@type":"Article","@id":"https:\/\/lightweb.dev\/l\/svm-temp\/nyheter\/vaccinering-av-50-plussare-under-maj\/#article","isPartOf":{"@id":"https:\/\/lightweb.dev\/l\/svm-temp\/nyheter\/vaccinering-av-50-plussare-under-maj\/"},"author":{"name":"Redaktionen SvM","@id":"https:\/\/lightweb.dev\/l\/svm-temp\/#\/schema\/person\/206a3bda5b607b0c25e1749191e4d837"},"headline":"Vaccinering av 50-plussare under maj","datePublished":"2021-05-11T08:11:00+00:00","mainEntityOfPage":{"@id":"https:\/\/lightweb.dev\/l\/svm-temp\/nyheter\/vaccinering-av-50-plussare-under-maj\/"},"wordCount":383,"commentCount":0,"publisher":{"@id":"https:\/\/lightweb.dev\/l\/svm-temp\/#organization"},"image":{"@id":"https:\/\/lightweb.dev\/l\/svm-temp\/nyheter\/vaccinering-av-50-plussare-under-maj\/#primaryimage"},"thumbnailUrl":"https:\/\/lightweb.dev\/l\/svm-temp\/wp-content\/uploads\/2022\/06\/vaccinering-av-50plussare-under-maj.png","articleSection":["Arkiv","Nyheter"],"inLanguage":"sv-SE"},{"@type":"WebPage","@id":"https:\/\/lightweb.dev\/l\/svm-temp\/nyheter\/vaccinering-av-50-plussare-under-maj\/","url":"https:\/\/lightweb.dev\/l\/svm-temp\/nyheter\/vaccinering-av-50-plussare-under-maj\/","name":"Vaccinering av 50-plussare under maj - Svenska Magasinet","isPartOf":{"@id":"https:\/\/lightweb.dev\/l\/svm-temp\/#website"},"primaryImageOfPage":{"@id":"https:\/\/lightweb.dev\/l\/svm-temp\/nyheter\/vaccinering-av-50-plussare-under-maj\/#primaryimage"},"image":{"@id":"https:\/\/lightweb.dev\/l\/svm-temp\/nyheter\/vaccinering-av-50-plussare-under-maj\/#primaryimage"},"thumbnailUrl":"https:\/\/lightweb.dev\/l\/svm-temp\/wp-content\/uploads\/2022\/06\/vaccinering-av-50plussare-under-maj.png","datePublished":"2021-05-11T08:11:00+00:00","breadcrumb":{"@id":"https:\/\/lightweb.dev\/l\/svm-temp\/nyheter\/vaccinering-av-50-plussare-under-maj\/#breadcrumb"},"inLanguage":"sv-SE","potentialAction":[{"@type":"ReadAction","target":["https:\/\/lightweb.dev\/l\/svm-temp\/nyheter\/vaccinering-av-50-plussare-under-maj\/"]}]},{"@type":"ImageObject","inLanguage":"sv-SE","@id":"https:\/\/lightweb.dev\/l\/svm-temp\/nyheter\/vaccinering-av-50-plussare-under-maj\/#primaryimage","url":"https:\/\/lightweb.dev\/l\/svm-temp\/wp-content\/uploads\/2022\/06\/vaccinering-av-50plussare-under-maj.png","contentUrl":"https:\/\/lightweb.dev\/l\/svm-temp\/wp-content\/uploads\/2022\/06\/vaccinering-av-50plussare-under-maj.png","width":500,"height":300},{"@type":"BreadcrumbList","@id":"https:\/\/lightweb.dev\/l\/svm-temp\/nyheter\/vaccinering-av-50-plussare-under-maj\/#breadcrumb","itemListElement":[{"@type":"ListItem","position":1,"name":"Hem","item":"https:\/\/lightweb.dev\/l\/svm-temp\/"},{"@type":"ListItem","position":2,"name":"Vaccinering av 50-plussare under maj"}]},{"@type":"WebSite","@id":"https:\/\/lightweb.dev\/l\/svm-temp\/#website","url":"https:\/\/lightweb.dev\/l\/svm-temp\/","name":"Svenska Magasinet","description":"Dina Spanska nyheter p&aring; Svenska","publisher":{"@id":"https:\/\/lightweb.dev\/l\/svm-temp\/#organization"},"potentialAction":[{"@type":"SearchAction","target":{"@type":"EntryPoint","urlTemplate":"https:\/\/lightweb.dev\/l\/svm-temp\/?s={search_term_string}"},"query-input":{"@type":"PropertyValueSpecification","valueRequired":true,"valueName":"search_term_string"}}],"inLanguage":"sv-SE"},{"@type":"Organization","@id":"https:\/\/lightweb.dev\/l\/svm-temp\/#organization","name":"Melkerson y Nott SL","alternateName":"Svenska Magasinet","url":"https:\/\/lightweb.dev\/l\/svm-temp\/","logo":{"@type":"ImageObject","inLanguage":"sv-SE","@id":"https:\/\/lightweb.dev\/l\/svm-temp\/#\/schema\/logo\/image\/","url":"https:\/\/lightweb.dev\/l\/svm-temp\/wp-content\/uploads\/2025\/02\/SvM-logo-Xtra-Centrerad-SVART.png","contentUrl":"https:\/\/lightweb.dev\/l\/svm-temp\/wp-content\/uploads\/2025\/02\/SvM-logo-Xtra-Centrerad-SVART.png","width":300,"height":99,"caption":"Melkerson y Nott SL"},"image":{"@id":"https:\/\/lightweb.dev\/l\/svm-temp\/#\/schema\/logo\/image\/"},"sameAs":["https:\/\/www.facebook.com\/svenskamagasinet","https:\/\/x.com\/SvenskaMagasine"]},{"@type":"Person","@id":"https:\/\/lightweb.dev\/l\/svm-temp\/#\/schema\/person\/206a3bda5b607b0c25e1749191e4d837","name":"Redaktionen SvM","description":"Redaktionen","sameAs":["https:\/\/lightweb.dev\/l\/svm-temp"],"url":"https:\/\/lightweb.dev\/l\/svm-temp\/reporter\/redaktionen\/"}]}},"_links":{"self":[{"href":"https:\/\/lightweb.dev\/l\/svm-temp\/wp-json\/wp\/v2\/posts\/12189","targetHints":{"allow":["GET"]}}],"collection":[{"href":"https:\/\/lightweb.dev\/l\/svm-temp\/wp-json\/wp\/v2\/posts"}],"about":[{"href":"https:\/\/lightweb.dev\/l\/svm-temp\/wp-json\/wp\/v2\/types\/post"}],"author":[{"embeddable":true,"href":"https:\/\/lightweb.dev\/l\/svm-temp\/wp-json\/wp\/v2\/users\/8"}],"replies":[{"embeddable":true,"href":"https:\/\/lightweb.dev\/l\/svm-temp\/wp-json\/wp\/v2\/comments?post=12189"}],"version-history":[{"count":0,"href":"https:\/\/lightweb.dev\/l\/svm-temp\/wp-json\/wp\/v2\/posts\/12189\/revisions"}],"wp:featuredmedia":[{"embeddable":true,"href":"https:\/\/lightweb.dev\/l\/svm-temp\/wp-json\/wp\/v2\/media\/12190"}],"wp:attachment":[{"href":"https:\/\/lightweb.dev\/l\/svm-temp\/wp-json\/wp\/v2\/media?parent=12189"}],"wp:term":[{"taxonomy":"category","embeddable":true,"href":"https:\/\/lightweb.dev\/l\/svm-temp\/wp-json\/wp\/v2\/categories?post=12189"},{"taxonomy":"post_tag","embeddable":true,"href":"https:\/\/lightweb.dev\/l\/svm-temp\/wp-json\/wp\/v2\/tags?post=12189"}],"curies":[{"name":"wp","href":"https:\/\/api.w.org\/{rel}","templated":true}]}}