{"id":12191,"date":"2021-05-11T10:44:00","date_gmt":"2021-05-11T08:44:00","guid":{"rendered":"https:\/\/lightweb.dev\/l\/svm-temp\/nyheter\/varldstenoren-placido-domingo-upptrader-i-marbella\/"},"modified":"2021-05-11T10:44:00","modified_gmt":"2021-05-11T08:44:00","slug":"varldstenoren-placido-domingo-upptrader-i-marbella","status":"publish","type":"post","link":"https:\/\/lightweb.dev\/l\/svm-temp\/nyheter\/varldstenoren-placido-domingo-upptrader-i-marbella\/","title":{"rendered":"V\u00e4rldstenoren Pl\u00e1cido Domingo upptr\u00e4der i Marbella"},"content":{"rendered":"<p> Senast v\u00e4rldstenoren Pl\u00e1cido Domingo upptr\u00e4dde p\u00e5 Solkusten var den 26 oktober 2012. D\u00e5 var det M\u00e1lagas Teatro Cervantes och Festival Pl\u00e1cido Domingo. I \u00e5r \u00e5terv\u00e4nder v\u00e4rldsstj\u00e4rnan till Spanien och ger tv\u00e5 upptr\u00e4danden.<\/p>\n<p>F\u00f6rst den 9 juni v\u00e4ntar Auditorio Nacional i Madrid. Och den 18 augusti kommer Pl\u00e1cido Domingo till Costa del Sol f\u00f6r att upptr\u00e4da vid Starlite festival i Marbella.<\/p>\n<p>Det \u00e4r f\u00f6rsta g\u00e5ngen p\u00e5 ett och ett halvt \u00e5r som Domingo \u00e5terv\u00e4nder till Spanien.<\/p>\n<p>Upptr\u00e4dandet i Madrid har att g\u00f6ra med en v\u00e4lg\u00f6renhetskonsert arrangerad av stiftelsen Fundaci\u00f3n Excelencia till f\u00f6rm\u00e5n f\u00f6r R\u00f6da Korset. Syftet \u00e4r att samla in medel till de mest drabbade under pandemin.<\/p>\n<p>F\u00f6rutom Pl\u00e1cido Domingo upptr\u00e4der Mar\u00eda Jos\u00e9 Siri, Jorge de Le\u00f3n, Nicholas Brownlee, Marina Monz\u00f3, Virginia Tola och Pablo Sainz Villegas bland annat.<\/p>\n<p>I Marbella delar Pl\u00e1cido Domingo scenen med sopranen Ainhoa Arteta.<\/p>\n<p>Senast Pl\u00e1cido Domingo upptr\u00e4dde i Spanien var i december 2019 p\u00e5 Palau de Les Arts i Valencia d\u00e4r han spelade kung Nabucco i operan med samma namn av Giuseppe Verdi. <\/p>\n<p>Nu \u00e5terv\u00e4nder Domingo till Spanien.<br \/>\n&#8211; Det kommer att bli ett stort \u00f6gonblick f\u00f6r mig att f\u00e5 sjunga f\u00f6r det spanska folket igen, s\u00e4ger han.<br \/>\n Recension fr\u00e5n senaste bes\u00f6ket p\u00e5 Solkusten<br \/>\nPl\u00e1cido Domingo i M\u00e1laga &#8211; Det blev ett minne f\u00f6r livet<\/p>\n","protected":false},"excerpt":{"rendered":"<p>Senast v\u00e4rldstenoren Pl\u00e1cido Domingo upptr\u00e4dde p\u00e5 Solkusten var den 26 oktober 2012. D\u00e5 var det M\u00e1lagas Teatro Cervantes och Festival Pl\u00e1cido Domingo. I \u00e5r \u00e5terv\u00e4nder v\u00e4rldsstj\u00e4rnan till Spanien och ger tv\u00e5 upptr\u00e4danden. F\u00f6rst den 9 juni v\u00e4ntar Auditorio Nacional i Madrid. Och den 18 augusti kommer Pl\u00e1cido Domingo till Costa del Sol f\u00f6r att upptr\u00e4da [&hellip;]<\/p>\n","protected":false},"author":8,"featured_media":12192,"comment_status":"open","ping_status":"open","sticky":false,"template":"","format":"standard","meta":{"_et_pb_use_builder":"","_et_pb_old_content":"","_et_gb_content_width":"","footnotes":""},"categories":[395,3],"tags":[],"class_list":["post-12191","post","type-post","status-publish","format-standard","has-post-thumbnail","hentry","category-arkiv-nyheter","category-nyheter"],"yoast_head":"<!-- This site is optimized with the Yoast SEO Premium plugin v26.2 (Yoast SEO v27.4) - https:\/\/yoast.com\/product\/yoast-seo-premium-wordpress\/ -->\n<title>V\u00e4rldstenoren Pl\u00e1cido Domingo upptr\u00e4der i Marbella - Svenska Magasinet<\/title>\n<meta name=\"robots\" content=\"noindex, follow, max-snippet:-1, max-image-preview:large, max-video-preview:-1\" \/>\n<meta property=\"og:locale\" content=\"sv_SE\" \/>\n<meta property=\"og:type\" content=\"article\" \/>\n<meta property=\"og:title\" content=\"V\u00e4rldstenoren Pl\u00e1cido Domingo upptr\u00e4der i Marbella\" \/>\n<meta property=\"og:description\" content=\"Senast v\u00e4rldstenoren Pl\u00e1cido Domingo upptr\u00e4dde p\u00e5 Solkusten var den 26 oktober 2012. D\u00e5 var det M\u00e1lagas Teatro Cervantes och Festival Pl\u00e1cido Domingo. I \u00e5r \u00e5terv\u00e4nder v\u00e4rldsstj\u00e4rnan till Spanien och ger tv\u00e5 upptr\u00e4danden. F\u00f6rst den 9 juni v\u00e4ntar Auditorio Nacional i Madrid. Och den 18 augusti kommer Pl\u00e1cido Domingo till Costa del Sol f\u00f6r att upptr\u00e4da [&hellip;]\" \/>\n<meta property=\"og:url\" content=\"https:\/\/lightweb.dev\/l\/svm-temp\/nyheter\/varldstenoren-placido-domingo-upptrader-i-marbella\/\" \/>\n<meta property=\"og:site_name\" content=\"Svenska Magasinet\" \/>\n<meta property=\"article:publisher\" content=\"https:\/\/www.facebook.com\/svenskamagasinet\" \/>\n<meta property=\"article:published_time\" content=\"2021-05-11T08:44:00+00:00\" \/>\n<meta property=\"og:image\" content=\"https:\/\/lightweb.dev\/l\/svm-temp\/wp-content\/uploads\/2022\/06\/varldstenoren-placido-domingo-upptrader-i-marbella.png\" \/>\n\t<meta property=\"og:image:width\" content=\"500\" \/>\n\t<meta property=\"og:image:height\" content=\"301\" \/>\n\t<meta property=\"og:image:type\" content=\"image\/png\" \/>\n<meta name=\"author\" content=\"Redaktionen SvM\" \/>\n<meta name=\"twitter:card\" content=\"summary_large_image\" \/>\n<meta name=\"twitter:creator\" content=\"@SvenskaMagasine\" \/>\n<meta name=\"twitter:site\" content=\"@SvenskaMagasine\" \/>\n<script type=\"application\/ld+json\" class=\"yoast-schema-graph\">{\"@context\":\"https:\\\/\\\/schema.org\",\"@graph\":[{\"@type\":\"Article\",\"@id\":\"https:\\\/\\\/lightweb.dev\\\/l\\\/svm-temp\\\/nyheter\\\/varldstenoren-placido-domingo-upptrader-i-marbella\\\/#article\",\"isPartOf\":{\"@id\":\"https:\\\/\\\/lightweb.dev\\\/l\\\/svm-temp\\\/nyheter\\\/varldstenoren-placido-domingo-upptrader-i-marbella\\\/\"},\"author\":{\"name\":\"Redaktionen SvM\",\"@id\":\"https:\\\/\\\/lightweb.dev\\\/l\\\/svm-temp\\\/#\\\/schema\\\/person\\\/206a3bda5b607b0c25e1749191e4d837\"},\"headline\":\"V\u00e4rldstenoren Pl\u00e1cido Domingo upptr\u00e4der i Marbella\",\"datePublished\":\"2021-05-11T08:44:00+00:00\",\"mainEntityOfPage\":{\"@id\":\"https:\\\/\\\/lightweb.dev\\\/l\\\/svm-temp\\\/nyheter\\\/varldstenoren-placido-domingo-upptrader-i-marbella\\\/\"},\"wordCount\":258,\"commentCount\":0,\"publisher\":{\"@id\":\"https:\\\/\\\/lightweb.dev\\\/l\\\/svm-temp\\\/#organization\"},\"image\":{\"@id\":\"https:\\\/\\\/lightweb.dev\\\/l\\\/svm-temp\\\/nyheter\\\/varldstenoren-placido-domingo-upptrader-i-marbella\\\/#primaryimage\"},\"thumbnailUrl\":\"https:\\\/\\\/lightweb.dev\\\/l\\\/svm-temp\\\/wp-content\\\/uploads\\\/2022\\\/06\\\/varldstenoren-placido-domingo-upptrader-i-marbella.png\",\"articleSection\":[\"Arkiv\",\"Nyheter\"],\"inLanguage\":\"sv-SE\"},{\"@type\":\"WebPage\",\"@id\":\"https:\\\/\\\/lightweb.dev\\\/l\\\/svm-temp\\\/nyheter\\\/varldstenoren-placido-domingo-upptrader-i-marbella\\\/\",\"url\":\"https:\\\/\\\/lightweb.dev\\\/l\\\/svm-temp\\\/nyheter\\\/varldstenoren-placido-domingo-upptrader-i-marbella\\\/\",\"name\":\"V\u00e4rldstenoren Pl\u00e1cido Domingo upptr\u00e4der i Marbella - Svenska Magasinet\",\"isPartOf\":{\"@id\":\"https:\\\/\\\/lightweb.dev\\\/l\\\/svm-temp\\\/#website\"},\"primaryImageOfPage\":{\"@id\":\"https:\\\/\\\/lightweb.dev\\\/l\\\/svm-temp\\\/nyheter\\\/varldstenoren-placido-domingo-upptrader-i-marbella\\\/#primaryimage\"},\"image\":{\"@id\":\"https:\\\/\\\/lightweb.dev\\\/l\\\/svm-temp\\\/nyheter\\\/varldstenoren-placido-domingo-upptrader-i-marbella\\\/#primaryimage\"},\"thumbnailUrl\":\"https:\\\/\\\/lightweb.dev\\\/l\\\/svm-temp\\\/wp-content\\\/uploads\\\/2022\\\/06\\\/varldstenoren-placido-domingo-upptrader-i-marbella.png\",\"datePublished\":\"2021-05-11T08:44:00+00:00\",\"breadcrumb\":{\"@id\":\"https:\\\/\\\/lightweb.dev\\\/l\\\/svm-temp\\\/nyheter\\\/varldstenoren-placido-domingo-upptrader-i-marbella\\\/#breadcrumb\"},\"inLanguage\":\"sv-SE\",\"potentialAction\":[{\"@type\":\"ReadAction\",\"target\":[\"https:\\\/\\\/lightweb.dev\\\/l\\\/svm-temp\\\/nyheter\\\/varldstenoren-placido-domingo-upptrader-i-marbella\\\/\"]}]},{\"@type\":\"ImageObject\",\"inLanguage\":\"sv-SE\",\"@id\":\"https:\\\/\\\/lightweb.dev\\\/l\\\/svm-temp\\\/nyheter\\\/varldstenoren-placido-domingo-upptrader-i-marbella\\\/#primaryimage\",\"url\":\"https:\\\/\\\/lightweb.dev\\\/l\\\/svm-temp\\\/wp-content\\\/uploads\\\/2022\\\/06\\\/varldstenoren-placido-domingo-upptrader-i-marbella.png\",\"contentUrl\":\"https:\\\/\\\/lightweb.dev\\\/l\\\/svm-temp\\\/wp-content\\\/uploads\\\/2022\\\/06\\\/varldstenoren-placido-domingo-upptrader-i-marbella.png\",\"width\":500,\"height\":301},{\"@type\":\"BreadcrumbList\",\"@id\":\"https:\\\/\\\/lightweb.dev\\\/l\\\/svm-temp\\\/nyheter\\\/varldstenoren-placido-domingo-upptrader-i-marbella\\\/#breadcrumb\",\"itemListElement\":[{\"@type\":\"ListItem\",\"position\":1,\"name\":\"Hem\",\"item\":\"https:\\\/\\\/lightweb.dev\\\/l\\\/svm-temp\\\/\"},{\"@type\":\"ListItem\",\"position\":2,\"name\":\"V\u00e4rldstenoren Pl\u00e1cido Domingo upptr\u00e4der i Marbella\"}]},{\"@type\":\"WebSite\",\"@id\":\"https:\\\/\\\/lightweb.dev\\\/l\\\/svm-temp\\\/#website\",\"url\":\"https:\\\/\\\/lightweb.dev\\\/l\\\/svm-temp\\\/\",\"name\":\"Svenska Magasinet\",\"description\":\"Dina Spanska nyheter p&aring; Svenska\",\"publisher\":{\"@id\":\"https:\\\/\\\/lightweb.dev\\\/l\\\/svm-temp\\\/#organization\"},\"potentialAction\":[{\"@type\":\"SearchAction\",\"target\":{\"@type\":\"EntryPoint\",\"urlTemplate\":\"https:\\\/\\\/lightweb.dev\\\/l\\\/svm-temp\\\/?s={search_term_string}\"},\"query-input\":{\"@type\":\"PropertyValueSpecification\",\"valueRequired\":true,\"valueName\":\"search_term_string\"}}],\"inLanguage\":\"sv-SE\"},{\"@type\":\"Organization\",\"@id\":\"https:\\\/\\\/lightweb.dev\\\/l\\\/svm-temp\\\/#organization\",\"name\":\"Melkerson y Nott SL\",\"alternateName\":\"Svenska Magasinet\",\"url\":\"https:\\\/\\\/lightweb.dev\\\/l\\\/svm-temp\\\/\",\"logo\":{\"@type\":\"ImageObject\",\"inLanguage\":\"sv-SE\",\"@id\":\"https:\\\/\\\/lightweb.dev\\\/l\\\/svm-temp\\\/#\\\/schema\\\/logo\\\/image\\\/\",\"url\":\"https:\\\/\\\/lightweb.dev\\\/l\\\/svm-temp\\\/wp-content\\\/uploads\\\/2025\\\/02\\\/SvM-logo-Xtra-Centrerad-SVART.png\",\"contentUrl\":\"https:\\\/\\\/lightweb.dev\\\/l\\\/svm-temp\\\/wp-content\\\/uploads\\\/2025\\\/02\\\/SvM-logo-Xtra-Centrerad-SVART.png\",\"width\":300,\"height\":99,\"caption\":\"Melkerson y Nott SL\"},\"image\":{\"@id\":\"https:\\\/\\\/lightweb.dev\\\/l\\\/svm-temp\\\/#\\\/schema\\\/logo\\\/image\\\/\"},\"sameAs\":[\"https:\\\/\\\/www.facebook.com\\\/svenskamagasinet\",\"https:\\\/\\\/x.com\\\/SvenskaMagasine\"]},{\"@type\":\"Person\",\"@id\":\"https:\\\/\\\/lightweb.dev\\\/l\\\/svm-temp\\\/#\\\/schema\\\/person\\\/206a3bda5b607b0c25e1749191e4d837\",\"name\":\"Redaktionen SvM\",\"description\":\"Redaktionen\",\"sameAs\":[\"https:\\\/\\\/lightweb.dev\\\/l\\\/svm-temp\"],\"url\":\"https:\\\/\\\/lightweb.dev\\\/l\\\/svm-temp\\\/reporter\\\/redaktionen\\\/\"}]}<\/script>\n<!-- \/ Yoast SEO Premium plugin. -->","yoast_head_json":{"title":"V\u00e4rldstenoren Pl\u00e1cido Domingo upptr\u00e4der i Marbella - Svenska Magasinet","robots":{"index":"noindex","follow":"follow","max-snippet":"max-snippet:-1","max-image-preview":"max-image-preview:large","max-video-preview":"max-video-preview:-1"},"og_locale":"sv_SE","og_type":"article","og_title":"V\u00e4rldstenoren Pl\u00e1cido Domingo upptr\u00e4der i Marbella","og_description":"Senast v\u00e4rldstenoren Pl\u00e1cido Domingo upptr\u00e4dde p\u00e5 Solkusten var den 26 oktober 2012. D\u00e5 var det M\u00e1lagas Teatro Cervantes och Festival Pl\u00e1cido Domingo. I \u00e5r \u00e5terv\u00e4nder v\u00e4rldsstj\u00e4rnan till Spanien och ger tv\u00e5 upptr\u00e4danden. F\u00f6rst den 9 juni v\u00e4ntar Auditorio Nacional i Madrid. Och den 18 augusti kommer Pl\u00e1cido Domingo till Costa del Sol f\u00f6r att upptr\u00e4da [&hellip;]","og_url":"https:\/\/lightweb.dev\/l\/svm-temp\/nyheter\/varldstenoren-placido-domingo-upptrader-i-marbella\/","og_site_name":"Svenska Magasinet","article_publisher":"https:\/\/www.facebook.com\/svenskamagasinet","article_published_time":"2021-05-11T08:44:00+00:00","og_image":[{"width":500,"height":301,"url":"https:\/\/lightweb.dev\/l\/svm-temp\/wp-content\/uploads\/2022\/06\/varldstenoren-placido-domingo-upptrader-i-marbella.png","type":"image\/png"}],"author":"Redaktionen SvM","twitter_card":"summary_large_image","twitter_creator":"@SvenskaMagasine","twitter_site":"@SvenskaMagasine","schema":{"@context":"https:\/\/schema.org","@graph":[{"@type":"Article","@id":"https:\/\/lightweb.dev\/l\/svm-temp\/nyheter\/varldstenoren-placido-domingo-upptrader-i-marbella\/#article","isPartOf":{"@id":"https:\/\/lightweb.dev\/l\/svm-temp\/nyheter\/varldstenoren-placido-domingo-upptrader-i-marbella\/"},"author":{"name":"Redaktionen SvM","@id":"https:\/\/lightweb.dev\/l\/svm-temp\/#\/schema\/person\/206a3bda5b607b0c25e1749191e4d837"},"headline":"V\u00e4rldstenoren Pl\u00e1cido Domingo upptr\u00e4der i Marbella","datePublished":"2021-05-11T08:44:00+00:00","mainEntityOfPage":{"@id":"https:\/\/lightweb.dev\/l\/svm-temp\/nyheter\/varldstenoren-placido-domingo-upptrader-i-marbella\/"},"wordCount":258,"commentCount":0,"publisher":{"@id":"https:\/\/lightweb.dev\/l\/svm-temp\/#organization"},"image":{"@id":"https:\/\/lightweb.dev\/l\/svm-temp\/nyheter\/varldstenoren-placido-domingo-upptrader-i-marbella\/#primaryimage"},"thumbnailUrl":"https:\/\/lightweb.dev\/l\/svm-temp\/wp-content\/uploads\/2022\/06\/varldstenoren-placido-domingo-upptrader-i-marbella.png","articleSection":["Arkiv","Nyheter"],"inLanguage":"sv-SE"},{"@type":"WebPage","@id":"https:\/\/lightweb.dev\/l\/svm-temp\/nyheter\/varldstenoren-placido-domingo-upptrader-i-marbella\/","url":"https:\/\/lightweb.dev\/l\/svm-temp\/nyheter\/varldstenoren-placido-domingo-upptrader-i-marbella\/","name":"V\u00e4rldstenoren Pl\u00e1cido Domingo upptr\u00e4der i Marbella - Svenska Magasinet","isPartOf":{"@id":"https:\/\/lightweb.dev\/l\/svm-temp\/#website"},"primaryImageOfPage":{"@id":"https:\/\/lightweb.dev\/l\/svm-temp\/nyheter\/varldstenoren-placido-domingo-upptrader-i-marbella\/#primaryimage"},"image":{"@id":"https:\/\/lightweb.dev\/l\/svm-temp\/nyheter\/varldstenoren-placido-domingo-upptrader-i-marbella\/#primaryimage"},"thumbnailUrl":"https:\/\/lightweb.dev\/l\/svm-temp\/wp-content\/uploads\/2022\/06\/varldstenoren-placido-domingo-upptrader-i-marbella.png","datePublished":"2021-05-11T08:44:00+00:00","breadcrumb":{"@id":"https:\/\/lightweb.dev\/l\/svm-temp\/nyheter\/varldstenoren-placido-domingo-upptrader-i-marbella\/#breadcrumb"},"inLanguage":"sv-SE","potentialAction":[{"@type":"ReadAction","target":["https:\/\/lightweb.dev\/l\/svm-temp\/nyheter\/varldstenoren-placido-domingo-upptrader-i-marbella\/"]}]},{"@type":"ImageObject","inLanguage":"sv-SE","@id":"https:\/\/lightweb.dev\/l\/svm-temp\/nyheter\/varldstenoren-placido-domingo-upptrader-i-marbella\/#primaryimage","url":"https:\/\/lightweb.dev\/l\/svm-temp\/wp-content\/uploads\/2022\/06\/varldstenoren-placido-domingo-upptrader-i-marbella.png","contentUrl":"https:\/\/lightweb.dev\/l\/svm-temp\/wp-content\/uploads\/2022\/06\/varldstenoren-placido-domingo-upptrader-i-marbella.png","width":500,"height":301},{"@type":"BreadcrumbList","@id":"https:\/\/lightweb.dev\/l\/svm-temp\/nyheter\/varldstenoren-placido-domingo-upptrader-i-marbella\/#breadcrumb","itemListElement":[{"@type":"ListItem","position":1,"name":"Hem","item":"https:\/\/lightweb.dev\/l\/svm-temp\/"},{"@type":"ListItem","position":2,"name":"V\u00e4rldstenoren Pl\u00e1cido Domingo upptr\u00e4der i Marbella"}]},{"@type":"WebSite","@id":"https:\/\/lightweb.dev\/l\/svm-temp\/#website","url":"https:\/\/lightweb.dev\/l\/svm-temp\/","name":"Svenska Magasinet","description":"Dina Spanska nyheter p&aring; Svenska","publisher":{"@id":"https:\/\/lightweb.dev\/l\/svm-temp\/#organization"},"potentialAction":[{"@type":"SearchAction","target":{"@type":"EntryPoint","urlTemplate":"https:\/\/lightweb.dev\/l\/svm-temp\/?s={search_term_string}"},"query-input":{"@type":"PropertyValueSpecification","valueRequired":true,"valueName":"search_term_string"}}],"inLanguage":"sv-SE"},{"@type":"Organization","@id":"https:\/\/lightweb.dev\/l\/svm-temp\/#organization","name":"Melkerson y Nott SL","alternateName":"Svenska Magasinet","url":"https:\/\/lightweb.dev\/l\/svm-temp\/","logo":{"@type":"ImageObject","inLanguage":"sv-SE","@id":"https:\/\/lightweb.dev\/l\/svm-temp\/#\/schema\/logo\/image\/","url":"https:\/\/lightweb.dev\/l\/svm-temp\/wp-content\/uploads\/2025\/02\/SvM-logo-Xtra-Centrerad-SVART.png","contentUrl":"https:\/\/lightweb.dev\/l\/svm-temp\/wp-content\/uploads\/2025\/02\/SvM-logo-Xtra-Centrerad-SVART.png","width":300,"height":99,"caption":"Melkerson y Nott SL"},"image":{"@id":"https:\/\/lightweb.dev\/l\/svm-temp\/#\/schema\/logo\/image\/"},"sameAs":["https:\/\/www.facebook.com\/svenskamagasinet","https:\/\/x.com\/SvenskaMagasine"]},{"@type":"Person","@id":"https:\/\/lightweb.dev\/l\/svm-temp\/#\/schema\/person\/206a3bda5b607b0c25e1749191e4d837","name":"Redaktionen SvM","description":"Redaktionen","sameAs":["https:\/\/lightweb.dev\/l\/svm-temp"],"url":"https:\/\/lightweb.dev\/l\/svm-temp\/reporter\/redaktionen\/"}]}},"_links":{"self":[{"href":"https:\/\/lightweb.dev\/l\/svm-temp\/wp-json\/wp\/v2\/posts\/12191","targetHints":{"allow":["GET"]}}],"collection":[{"href":"https:\/\/lightweb.dev\/l\/svm-temp\/wp-json\/wp\/v2\/posts"}],"about":[{"href":"https:\/\/lightweb.dev\/l\/svm-temp\/wp-json\/wp\/v2\/types\/post"}],"author":[{"embeddable":true,"href":"https:\/\/lightweb.dev\/l\/svm-temp\/wp-json\/wp\/v2\/users\/8"}],"replies":[{"embeddable":true,"href":"https:\/\/lightweb.dev\/l\/svm-temp\/wp-json\/wp\/v2\/comments?post=12191"}],"version-history":[{"count":0,"href":"https:\/\/lightweb.dev\/l\/svm-temp\/wp-json\/wp\/v2\/posts\/12191\/revisions"}],"wp:featuredmedia":[{"embeddable":true,"href":"https:\/\/lightweb.dev\/l\/svm-temp\/wp-json\/wp\/v2\/media\/12192"}],"wp:attachment":[{"href":"https:\/\/lightweb.dev\/l\/svm-temp\/wp-json\/wp\/v2\/media?parent=12191"}],"wp:term":[{"taxonomy":"category","embeddable":true,"href":"https:\/\/lightweb.dev\/l\/svm-temp\/wp-json\/wp\/v2\/categories?post=12191"},{"taxonomy":"post_tag","embeddable":true,"href":"https:\/\/lightweb.dev\/l\/svm-temp\/wp-json\/wp\/v2\/tags?post=12191"}],"curies":[{"name":"wp","href":"https:\/\/api.w.org\/{rel}","templated":true}]}}