{"id":12193,"date":"2021-05-11T11:14:00","date_gmt":"2021-05-11T09:14:00","guid":{"rendered":"https:\/\/lightweb.dev\/l\/svm-temp\/nyheter\/andalusien-runt-pa-cykel-startar-i-la-cala-de-mijas\/"},"modified":"2021-05-11T11:14:00","modified_gmt":"2021-05-11T09:14:00","slug":"andalusien-runt-pa-cykel-startar-i-la-cala-de-mijas","status":"publish","type":"post","link":"https:\/\/lightweb.dev\/l\/svm-temp\/nyheter\/andalusien-runt-pa-cykel-startar-i-la-cala-de-mijas\/","title":{"rendered":"Andalusien runt p\u00e5 cykel startar i La Cala de Mijas"},"content":{"rendered":"<p> Tisdagen den 18 maj inleds den 67:e upplagan av Vuelta Ciclista Andaluc\u00eda Ruta del Sol med start i La Cala de Mijas. Cykelt\u00e4vlingen s\u00e4nds i Eurosport till 130 miljoner hush\u00e5ll i 180 l\u00e4nder. Bilder fr\u00e5n marken och ifr\u00e5n luften blir en bra PR f\u00f6r provinsen M\u00e1laga, s\u00e4ger vice presidenten vid Diputaci\u00f3n de M\u00e1laga, Juan Carlos Maldonado (bilden).<\/p>\n<p>Mellan den 18 till 22 maj blir det regional cykelfest i Andalusien. 807,6 kilometer ska avverkas under fem etapper.<\/p>\n<p>Starten sker i La Cala de Mijas p\u00e5 tisdag och m\u00e5lg\u00e5ng under den f\u00f6rsta etappen blir i Zahara de la Sierra (C\u00e1diz). En str\u00e4cka som m\u00e4ter totalt 152,1 kilometer och har totalt tv\u00e5 bergspass, Puerto de Mijas och Alto de Carratraca.<\/p>\n<p>T\u00e4vlingen passerar \u00e4ven l\u00e4ngs Avenida de Espa\u00f1a i Co\u00edn.<\/p>\n<p>H\u00e4r \u00e4r samtliga etapper:<br \/>\n18 maj: La Cala de Mijas (M\u00e1laga) \u2013 Zahara de la Sierra (C\u00e1diz) | 152,1 km<br \/>\n19 maj: Izn\u00e1jar (C\u00f3rdoba)-Alcal\u00e1 la Real (Ja\u00e9n) | 183 km.<br \/>\n20 maj: Beas de Segura (Ja\u00e9n)-Villarodrigo (Ja\u00e9n) | 175,1 km.<br \/>\n21 maj: Baza (Granada)-C\u00fallar Vega (Granada) | 182,9 km.<br \/>\n22 maj: Vera (Almer\u00eda) \u2013 Geoda de Pulp\u00ed (Almer\u00eda) | 114,5 km.<\/p>\n","protected":false},"excerpt":{"rendered":"<p>Tisdagen den 18 maj inleds den 67:e upplagan av Vuelta Ciclista Andaluc\u00eda Ruta del Sol med start i La Cala de Mijas. Cykelt\u00e4vlingen s\u00e4nds i Eurosport till 130 miljoner hush\u00e5ll i 180 l\u00e4nder. Bilder fr\u00e5n marken och ifr\u00e5n luften blir en bra PR f\u00f6r provinsen M\u00e1laga, s\u00e4ger vice presidenten vid Diputaci\u00f3n de M\u00e1laga, Juan Carlos [&hellip;]<\/p>\n","protected":false},"author":8,"featured_media":12194,"comment_status":"open","ping_status":"open","sticky":false,"template":"","format":"standard","meta":{"_et_pb_use_builder":"","_et_pb_old_content":"","_et_gb_content_width":"","footnotes":""},"categories":[395,3],"tags":[],"class_list":["post-12193","post","type-post","status-publish","format-standard","has-post-thumbnail","hentry","category-arkiv-nyheter","category-nyheter"],"yoast_head":"<!-- This site is optimized with the Yoast SEO Premium plugin v26.2 (Yoast SEO v27.4) - https:\/\/yoast.com\/product\/yoast-seo-premium-wordpress\/ -->\n<title>Andalusien runt p\u00e5 cykel startar i La Cala de Mijas - Svenska Magasinet<\/title>\n<meta name=\"robots\" content=\"noindex, follow, max-snippet:-1, max-image-preview:large, max-video-preview:-1\" \/>\n<meta property=\"og:locale\" content=\"sv_SE\" \/>\n<meta property=\"og:type\" content=\"article\" \/>\n<meta property=\"og:title\" content=\"Andalusien runt p\u00e5 cykel startar i La Cala de Mijas\" \/>\n<meta property=\"og:description\" content=\"Tisdagen den 18 maj inleds den 67:e upplagan av Vuelta Ciclista Andaluc\u00eda Ruta del Sol med start i La Cala de Mijas. Cykelt\u00e4vlingen s\u00e4nds i Eurosport till 130 miljoner hush\u00e5ll i 180 l\u00e4nder. Bilder fr\u00e5n marken och ifr\u00e5n luften blir en bra PR f\u00f6r provinsen M\u00e1laga, s\u00e4ger vice presidenten vid Diputaci\u00f3n de M\u00e1laga, Juan Carlos [&hellip;]\" \/>\n<meta property=\"og:url\" content=\"https:\/\/lightweb.dev\/l\/svm-temp\/nyheter\/andalusien-runt-pa-cykel-startar-i-la-cala-de-mijas\/\" \/>\n<meta property=\"og:site_name\" content=\"Svenska Magasinet\" \/>\n<meta property=\"article:publisher\" content=\"https:\/\/www.facebook.com\/svenskamagasinet\" \/>\n<meta property=\"article:published_time\" content=\"2021-05-11T09:14:00+00:00\" \/>\n<meta property=\"og:image\" content=\"https:\/\/lightweb.dev\/l\/svm-temp\/wp-content\/uploads\/2022\/06\/andalusien-runt-pa-cykel-startar-i-la-cala-de-mijas.png\" \/>\n\t<meta property=\"og:image:width\" content=\"500\" \/>\n\t<meta property=\"og:image:height\" content=\"300\" \/>\n\t<meta property=\"og:image:type\" content=\"image\/png\" \/>\n<meta name=\"author\" content=\"Redaktionen SvM\" \/>\n<meta name=\"twitter:card\" content=\"summary_large_image\" \/>\n<meta name=\"twitter:creator\" content=\"@SvenskaMagasine\" \/>\n<meta name=\"twitter:site\" content=\"@SvenskaMagasine\" \/>\n<script type=\"application\/ld+json\" class=\"yoast-schema-graph\">{\"@context\":\"https:\\\/\\\/schema.org\",\"@graph\":[{\"@type\":\"Article\",\"@id\":\"https:\\\/\\\/lightweb.dev\\\/l\\\/svm-temp\\\/nyheter\\\/andalusien-runt-pa-cykel-startar-i-la-cala-de-mijas\\\/#article\",\"isPartOf\":{\"@id\":\"https:\\\/\\\/lightweb.dev\\\/l\\\/svm-temp\\\/nyheter\\\/andalusien-runt-pa-cykel-startar-i-la-cala-de-mijas\\\/\"},\"author\":{\"name\":\"Redaktionen SvM\",\"@id\":\"https:\\\/\\\/lightweb.dev\\\/l\\\/svm-temp\\\/#\\\/schema\\\/person\\\/206a3bda5b607b0c25e1749191e4d837\"},\"headline\":\"Andalusien runt p\u00e5 cykel startar i La Cala de Mijas\",\"datePublished\":\"2021-05-11T09:14:00+00:00\",\"mainEntityOfPage\":{\"@id\":\"https:\\\/\\\/lightweb.dev\\\/l\\\/svm-temp\\\/nyheter\\\/andalusien-runt-pa-cykel-startar-i-la-cala-de-mijas\\\/\"},\"wordCount\":209,\"commentCount\":0,\"publisher\":{\"@id\":\"https:\\\/\\\/lightweb.dev\\\/l\\\/svm-temp\\\/#organization\"},\"image\":{\"@id\":\"https:\\\/\\\/lightweb.dev\\\/l\\\/svm-temp\\\/nyheter\\\/andalusien-runt-pa-cykel-startar-i-la-cala-de-mijas\\\/#primaryimage\"},\"thumbnailUrl\":\"https:\\\/\\\/lightweb.dev\\\/l\\\/svm-temp\\\/wp-content\\\/uploads\\\/2022\\\/06\\\/andalusien-runt-pa-cykel-startar-i-la-cala-de-mijas.png\",\"articleSection\":[\"Arkiv\",\"Nyheter\"],\"inLanguage\":\"sv-SE\"},{\"@type\":\"WebPage\",\"@id\":\"https:\\\/\\\/lightweb.dev\\\/l\\\/svm-temp\\\/nyheter\\\/andalusien-runt-pa-cykel-startar-i-la-cala-de-mijas\\\/\",\"url\":\"https:\\\/\\\/lightweb.dev\\\/l\\\/svm-temp\\\/nyheter\\\/andalusien-runt-pa-cykel-startar-i-la-cala-de-mijas\\\/\",\"name\":\"Andalusien runt p\u00e5 cykel startar i La Cala de Mijas - Svenska Magasinet\",\"isPartOf\":{\"@id\":\"https:\\\/\\\/lightweb.dev\\\/l\\\/svm-temp\\\/#website\"},\"primaryImageOfPage\":{\"@id\":\"https:\\\/\\\/lightweb.dev\\\/l\\\/svm-temp\\\/nyheter\\\/andalusien-runt-pa-cykel-startar-i-la-cala-de-mijas\\\/#primaryimage\"},\"image\":{\"@id\":\"https:\\\/\\\/lightweb.dev\\\/l\\\/svm-temp\\\/nyheter\\\/andalusien-runt-pa-cykel-startar-i-la-cala-de-mijas\\\/#primaryimage\"},\"thumbnailUrl\":\"https:\\\/\\\/lightweb.dev\\\/l\\\/svm-temp\\\/wp-content\\\/uploads\\\/2022\\\/06\\\/andalusien-runt-pa-cykel-startar-i-la-cala-de-mijas.png\",\"datePublished\":\"2021-05-11T09:14:00+00:00\",\"breadcrumb\":{\"@id\":\"https:\\\/\\\/lightweb.dev\\\/l\\\/svm-temp\\\/nyheter\\\/andalusien-runt-pa-cykel-startar-i-la-cala-de-mijas\\\/#breadcrumb\"},\"inLanguage\":\"sv-SE\",\"potentialAction\":[{\"@type\":\"ReadAction\",\"target\":[\"https:\\\/\\\/lightweb.dev\\\/l\\\/svm-temp\\\/nyheter\\\/andalusien-runt-pa-cykel-startar-i-la-cala-de-mijas\\\/\"]}]},{\"@type\":\"ImageObject\",\"inLanguage\":\"sv-SE\",\"@id\":\"https:\\\/\\\/lightweb.dev\\\/l\\\/svm-temp\\\/nyheter\\\/andalusien-runt-pa-cykel-startar-i-la-cala-de-mijas\\\/#primaryimage\",\"url\":\"https:\\\/\\\/lightweb.dev\\\/l\\\/svm-temp\\\/wp-content\\\/uploads\\\/2022\\\/06\\\/andalusien-runt-pa-cykel-startar-i-la-cala-de-mijas.png\",\"contentUrl\":\"https:\\\/\\\/lightweb.dev\\\/l\\\/svm-temp\\\/wp-content\\\/uploads\\\/2022\\\/06\\\/andalusien-runt-pa-cykel-startar-i-la-cala-de-mijas.png\",\"width\":500,\"height\":300},{\"@type\":\"BreadcrumbList\",\"@id\":\"https:\\\/\\\/lightweb.dev\\\/l\\\/svm-temp\\\/nyheter\\\/andalusien-runt-pa-cykel-startar-i-la-cala-de-mijas\\\/#breadcrumb\",\"itemListElement\":[{\"@type\":\"ListItem\",\"position\":1,\"name\":\"Hem\",\"item\":\"https:\\\/\\\/lightweb.dev\\\/l\\\/svm-temp\\\/\"},{\"@type\":\"ListItem\",\"position\":2,\"name\":\"Andalusien runt p\u00e5 cykel startar i La Cala de Mijas\"}]},{\"@type\":\"WebSite\",\"@id\":\"https:\\\/\\\/lightweb.dev\\\/l\\\/svm-temp\\\/#website\",\"url\":\"https:\\\/\\\/lightweb.dev\\\/l\\\/svm-temp\\\/\",\"name\":\"Svenska Magasinet\",\"description\":\"Dina Spanska nyheter p&aring; Svenska\",\"publisher\":{\"@id\":\"https:\\\/\\\/lightweb.dev\\\/l\\\/svm-temp\\\/#organization\"},\"potentialAction\":[{\"@type\":\"SearchAction\",\"target\":{\"@type\":\"EntryPoint\",\"urlTemplate\":\"https:\\\/\\\/lightweb.dev\\\/l\\\/svm-temp\\\/?s={search_term_string}\"},\"query-input\":{\"@type\":\"PropertyValueSpecification\",\"valueRequired\":true,\"valueName\":\"search_term_string\"}}],\"inLanguage\":\"sv-SE\"},{\"@type\":\"Organization\",\"@id\":\"https:\\\/\\\/lightweb.dev\\\/l\\\/svm-temp\\\/#organization\",\"name\":\"Melkerson y Nott SL\",\"alternateName\":\"Svenska Magasinet\",\"url\":\"https:\\\/\\\/lightweb.dev\\\/l\\\/svm-temp\\\/\",\"logo\":{\"@type\":\"ImageObject\",\"inLanguage\":\"sv-SE\",\"@id\":\"https:\\\/\\\/lightweb.dev\\\/l\\\/svm-temp\\\/#\\\/schema\\\/logo\\\/image\\\/\",\"url\":\"https:\\\/\\\/lightweb.dev\\\/l\\\/svm-temp\\\/wp-content\\\/uploads\\\/2025\\\/02\\\/SvM-logo-Xtra-Centrerad-SVART.png\",\"contentUrl\":\"https:\\\/\\\/lightweb.dev\\\/l\\\/svm-temp\\\/wp-content\\\/uploads\\\/2025\\\/02\\\/SvM-logo-Xtra-Centrerad-SVART.png\",\"width\":300,\"height\":99,\"caption\":\"Melkerson y Nott SL\"},\"image\":{\"@id\":\"https:\\\/\\\/lightweb.dev\\\/l\\\/svm-temp\\\/#\\\/schema\\\/logo\\\/image\\\/\"},\"sameAs\":[\"https:\\\/\\\/www.facebook.com\\\/svenskamagasinet\",\"https:\\\/\\\/x.com\\\/SvenskaMagasine\"]},{\"@type\":\"Person\",\"@id\":\"https:\\\/\\\/lightweb.dev\\\/l\\\/svm-temp\\\/#\\\/schema\\\/person\\\/206a3bda5b607b0c25e1749191e4d837\",\"name\":\"Redaktionen SvM\",\"description\":\"Redaktionen\",\"sameAs\":[\"https:\\\/\\\/lightweb.dev\\\/l\\\/svm-temp\"],\"url\":\"https:\\\/\\\/lightweb.dev\\\/l\\\/svm-temp\\\/reporter\\\/redaktionen\\\/\"}]}<\/script>\n<!-- \/ Yoast SEO Premium plugin. -->","yoast_head_json":{"title":"Andalusien runt p\u00e5 cykel startar i La Cala de Mijas - Svenska Magasinet","robots":{"index":"noindex","follow":"follow","max-snippet":"max-snippet:-1","max-image-preview":"max-image-preview:large","max-video-preview":"max-video-preview:-1"},"og_locale":"sv_SE","og_type":"article","og_title":"Andalusien runt p\u00e5 cykel startar i La Cala de Mijas","og_description":"Tisdagen den 18 maj inleds den 67:e upplagan av Vuelta Ciclista Andaluc\u00eda Ruta del Sol med start i La Cala de Mijas. Cykelt\u00e4vlingen s\u00e4nds i Eurosport till 130 miljoner hush\u00e5ll i 180 l\u00e4nder. Bilder fr\u00e5n marken och ifr\u00e5n luften blir en bra PR f\u00f6r provinsen M\u00e1laga, s\u00e4ger vice presidenten vid Diputaci\u00f3n de M\u00e1laga, Juan Carlos [&hellip;]","og_url":"https:\/\/lightweb.dev\/l\/svm-temp\/nyheter\/andalusien-runt-pa-cykel-startar-i-la-cala-de-mijas\/","og_site_name":"Svenska Magasinet","article_publisher":"https:\/\/www.facebook.com\/svenskamagasinet","article_published_time":"2021-05-11T09:14:00+00:00","og_image":[{"width":500,"height":300,"url":"https:\/\/lightweb.dev\/l\/svm-temp\/wp-content\/uploads\/2022\/06\/andalusien-runt-pa-cykel-startar-i-la-cala-de-mijas.png","type":"image\/png"}],"author":"Redaktionen SvM","twitter_card":"summary_large_image","twitter_creator":"@SvenskaMagasine","twitter_site":"@SvenskaMagasine","schema":{"@context":"https:\/\/schema.org","@graph":[{"@type":"Article","@id":"https:\/\/lightweb.dev\/l\/svm-temp\/nyheter\/andalusien-runt-pa-cykel-startar-i-la-cala-de-mijas\/#article","isPartOf":{"@id":"https:\/\/lightweb.dev\/l\/svm-temp\/nyheter\/andalusien-runt-pa-cykel-startar-i-la-cala-de-mijas\/"},"author":{"name":"Redaktionen SvM","@id":"https:\/\/lightweb.dev\/l\/svm-temp\/#\/schema\/person\/206a3bda5b607b0c25e1749191e4d837"},"headline":"Andalusien runt p\u00e5 cykel startar i La Cala de Mijas","datePublished":"2021-05-11T09:14:00+00:00","mainEntityOfPage":{"@id":"https:\/\/lightweb.dev\/l\/svm-temp\/nyheter\/andalusien-runt-pa-cykel-startar-i-la-cala-de-mijas\/"},"wordCount":209,"commentCount":0,"publisher":{"@id":"https:\/\/lightweb.dev\/l\/svm-temp\/#organization"},"image":{"@id":"https:\/\/lightweb.dev\/l\/svm-temp\/nyheter\/andalusien-runt-pa-cykel-startar-i-la-cala-de-mijas\/#primaryimage"},"thumbnailUrl":"https:\/\/lightweb.dev\/l\/svm-temp\/wp-content\/uploads\/2022\/06\/andalusien-runt-pa-cykel-startar-i-la-cala-de-mijas.png","articleSection":["Arkiv","Nyheter"],"inLanguage":"sv-SE"},{"@type":"WebPage","@id":"https:\/\/lightweb.dev\/l\/svm-temp\/nyheter\/andalusien-runt-pa-cykel-startar-i-la-cala-de-mijas\/","url":"https:\/\/lightweb.dev\/l\/svm-temp\/nyheter\/andalusien-runt-pa-cykel-startar-i-la-cala-de-mijas\/","name":"Andalusien runt p\u00e5 cykel startar i La Cala de Mijas - Svenska Magasinet","isPartOf":{"@id":"https:\/\/lightweb.dev\/l\/svm-temp\/#website"},"primaryImageOfPage":{"@id":"https:\/\/lightweb.dev\/l\/svm-temp\/nyheter\/andalusien-runt-pa-cykel-startar-i-la-cala-de-mijas\/#primaryimage"},"image":{"@id":"https:\/\/lightweb.dev\/l\/svm-temp\/nyheter\/andalusien-runt-pa-cykel-startar-i-la-cala-de-mijas\/#primaryimage"},"thumbnailUrl":"https:\/\/lightweb.dev\/l\/svm-temp\/wp-content\/uploads\/2022\/06\/andalusien-runt-pa-cykel-startar-i-la-cala-de-mijas.png","datePublished":"2021-05-11T09:14:00+00:00","breadcrumb":{"@id":"https:\/\/lightweb.dev\/l\/svm-temp\/nyheter\/andalusien-runt-pa-cykel-startar-i-la-cala-de-mijas\/#breadcrumb"},"inLanguage":"sv-SE","potentialAction":[{"@type":"ReadAction","target":["https:\/\/lightweb.dev\/l\/svm-temp\/nyheter\/andalusien-runt-pa-cykel-startar-i-la-cala-de-mijas\/"]}]},{"@type":"ImageObject","inLanguage":"sv-SE","@id":"https:\/\/lightweb.dev\/l\/svm-temp\/nyheter\/andalusien-runt-pa-cykel-startar-i-la-cala-de-mijas\/#primaryimage","url":"https:\/\/lightweb.dev\/l\/svm-temp\/wp-content\/uploads\/2022\/06\/andalusien-runt-pa-cykel-startar-i-la-cala-de-mijas.png","contentUrl":"https:\/\/lightweb.dev\/l\/svm-temp\/wp-content\/uploads\/2022\/06\/andalusien-runt-pa-cykel-startar-i-la-cala-de-mijas.png","width":500,"height":300},{"@type":"BreadcrumbList","@id":"https:\/\/lightweb.dev\/l\/svm-temp\/nyheter\/andalusien-runt-pa-cykel-startar-i-la-cala-de-mijas\/#breadcrumb","itemListElement":[{"@type":"ListItem","position":1,"name":"Hem","item":"https:\/\/lightweb.dev\/l\/svm-temp\/"},{"@type":"ListItem","position":2,"name":"Andalusien runt p\u00e5 cykel startar i La Cala de Mijas"}]},{"@type":"WebSite","@id":"https:\/\/lightweb.dev\/l\/svm-temp\/#website","url":"https:\/\/lightweb.dev\/l\/svm-temp\/","name":"Svenska Magasinet","description":"Dina Spanska nyheter p&aring; Svenska","publisher":{"@id":"https:\/\/lightweb.dev\/l\/svm-temp\/#organization"},"potentialAction":[{"@type":"SearchAction","target":{"@type":"EntryPoint","urlTemplate":"https:\/\/lightweb.dev\/l\/svm-temp\/?s={search_term_string}"},"query-input":{"@type":"PropertyValueSpecification","valueRequired":true,"valueName":"search_term_string"}}],"inLanguage":"sv-SE"},{"@type":"Organization","@id":"https:\/\/lightweb.dev\/l\/svm-temp\/#organization","name":"Melkerson y Nott SL","alternateName":"Svenska Magasinet","url":"https:\/\/lightweb.dev\/l\/svm-temp\/","logo":{"@type":"ImageObject","inLanguage":"sv-SE","@id":"https:\/\/lightweb.dev\/l\/svm-temp\/#\/schema\/logo\/image\/","url":"https:\/\/lightweb.dev\/l\/svm-temp\/wp-content\/uploads\/2025\/02\/SvM-logo-Xtra-Centrerad-SVART.png","contentUrl":"https:\/\/lightweb.dev\/l\/svm-temp\/wp-content\/uploads\/2025\/02\/SvM-logo-Xtra-Centrerad-SVART.png","width":300,"height":99,"caption":"Melkerson y Nott SL"},"image":{"@id":"https:\/\/lightweb.dev\/l\/svm-temp\/#\/schema\/logo\/image\/"},"sameAs":["https:\/\/www.facebook.com\/svenskamagasinet","https:\/\/x.com\/SvenskaMagasine"]},{"@type":"Person","@id":"https:\/\/lightweb.dev\/l\/svm-temp\/#\/schema\/person\/206a3bda5b607b0c25e1749191e4d837","name":"Redaktionen SvM","description":"Redaktionen","sameAs":["https:\/\/lightweb.dev\/l\/svm-temp"],"url":"https:\/\/lightweb.dev\/l\/svm-temp\/reporter\/redaktionen\/"}]}},"_links":{"self":[{"href":"https:\/\/lightweb.dev\/l\/svm-temp\/wp-json\/wp\/v2\/posts\/12193","targetHints":{"allow":["GET"]}}],"collection":[{"href":"https:\/\/lightweb.dev\/l\/svm-temp\/wp-json\/wp\/v2\/posts"}],"about":[{"href":"https:\/\/lightweb.dev\/l\/svm-temp\/wp-json\/wp\/v2\/types\/post"}],"author":[{"embeddable":true,"href":"https:\/\/lightweb.dev\/l\/svm-temp\/wp-json\/wp\/v2\/users\/8"}],"replies":[{"embeddable":true,"href":"https:\/\/lightweb.dev\/l\/svm-temp\/wp-json\/wp\/v2\/comments?post=12193"}],"version-history":[{"count":0,"href":"https:\/\/lightweb.dev\/l\/svm-temp\/wp-json\/wp\/v2\/posts\/12193\/revisions"}],"wp:featuredmedia":[{"embeddable":true,"href":"https:\/\/lightweb.dev\/l\/svm-temp\/wp-json\/wp\/v2\/media\/12194"}],"wp:attachment":[{"href":"https:\/\/lightweb.dev\/l\/svm-temp\/wp-json\/wp\/v2\/media?parent=12193"}],"wp:term":[{"taxonomy":"category","embeddable":true,"href":"https:\/\/lightweb.dev\/l\/svm-temp\/wp-json\/wp\/v2\/categories?post=12193"},{"taxonomy":"post_tag","embeddable":true,"href":"https:\/\/lightweb.dev\/l\/svm-temp\/wp-json\/wp\/v2\/tags?post=12193"}],"curies":[{"name":"wp","href":"https:\/\/api.w.org\/{rel}","templated":true}]}}