{"id":12195,"date":"2021-05-11T16:03:00","date_gmt":"2021-05-11T14:03:00","guid":{"rendered":"https:\/\/lightweb.dev\/l\/svm-temp\/nyheter\/gaelisk-fotboll-vaxer-i-marbella\/"},"modified":"2021-05-11T16:03:00","modified_gmt":"2021-05-11T14:03:00","slug":"gaelisk-fotboll-vaxer-i-marbella","status":"publish","type":"post","link":"https:\/\/lightweb.dev\/l\/svm-temp\/nyheter\/gaelisk-fotboll-vaxer-i-marbella\/","title":{"rendered":"Gaelisk fotboll v\u00e4xer i Marbella"},"content":{"rendered":"<p> Har du upplevt Irlands fartfyllda nationalsport gaelisk fotboll? Klubben Costa Gaels v\u00e4xer och f\u00e5r allt fler medlemmar. Sedan den grundades 2001 har antalet medlemmar n\u00e4stan tredubblats. F\u00f6r f\u00f6rsta g\u00e5ngen finns \u00e4ven en damsektion samtidigt som den st\u00f6rsta \u00f6kningen av medlemmar \u00e4r av unga spelare.<br \/>\n Klubben Costa Gaels har n\u00e5tt ut med budskapet att de finns p\u00e5 kusten vilket har gjort att antalet medlemmar \u00f6kat. En majoritet av spelarna kommer fr\u00e5n Irland, men ocks\u00e5 fr\u00e5n Kuba, Argentina, Sverige, Sydafrika och Spanien, s\u00e4ger Nicholas Christiansen till Svenska Magasinet.<\/p>\n<p>Justin Parks, ordf\u00f6rande f\u00f6r Costa Gaels, s\u00e4ger i ett pressmeddelande att Gaelisk fotboll \u00e4r en rolig fartfylld sport som lockar folk med olika bakgrund. Spelarna fattar snabbt tycke f\u00f6r sporten eftersom den \u00e4r fysisk men samtidigt mindre v\u00e5ldsam \u00e4n rugby.<\/p>\n<p>Till helgen har du m\u00f6jlighet att l\u00e4ra k\u00e4nna Gaelisk fotboll d\u00e5 en turnering arrangeras p\u00e5 kusten med lag fr\u00e5n Sevilla, Gibraltar och M\u00e1laga.<\/p>\n<p>&#8211; P\u00e5 l\u00f6rdag kommer vi arrangeras en \u201dfleadh,\u201d en slags irl\u00e4ndsk festival som kretsar kring lagsporten. Det \u00e4r som en turnering med musik d\u00e4r b\u00e5de vuxna p\u00e5 b\u00e5de herr som damsidan deltar liksom barn. Alla \u00e4r v\u00e4lkomna att bes\u00f6ka oss Turneringen startar p\u00e5 l\u00f6rdag klockan 14, s\u00e4ger Justin Parks.<\/p>\n<p>Turneringen spelas p\u00e5 Marbella Rugby Club som du hittar vid calle de los Cipreses n\u00e4ra Autov\u00eda del Mediterr\u00e1neo\/A-7 km 180, \u00f6ster om Marbella.<\/p>\n<p>Gaelisk fotboll \u00e4r Irlands nationalsport med anor fr\u00e5n 1500-talet. Spelet ut\u00f6vas mellan tv\u00e5 lag med femton spelare vardera. Spelarna f\u00e5r passa bollen med h\u00e4nderna, men inte kasta den. F\u00f6r vart fj\u00e4rde steg som spelaren tar m\u00e5ste bollen studsa mot marken eller sparkas med foten, men samma r\u00f6relse f\u00e5r inte upprepas tv\u00e5 g\u00e5nger p\u00e5 f\u00f6ljd.<\/p>\n<p>Bollen m\u00e5ste tas upp fr\u00e5n marken med hj\u00e4lp av f\u00f6tterna. Passningar och skott g\u00f6rs med sparkar eller slag med knuten n\u00e4ve. Ett m\u00e5l innanf\u00f6r stolparna r\u00e4knas som tre po\u00e4ng. Skjuter man ovanf\u00f6r m\u00e5let men innanf\u00f6r stolparna r\u00e4knas det som ett po\u00e4ng. <\/p>\n","protected":false},"excerpt":{"rendered":"<p>Har du upplevt Irlands fartfyllda nationalsport gaelisk fotboll? Klubben Costa Gaels v\u00e4xer och f\u00e5r allt fler medlemmar. Sedan den grundades 2001 har antalet medlemmar n\u00e4stan tredubblats. F\u00f6r f\u00f6rsta g\u00e5ngen finns \u00e4ven en damsektion samtidigt som den st\u00f6rsta \u00f6kningen av medlemmar \u00e4r av unga spelare. Klubben Costa Gaels har n\u00e5tt ut med budskapet att de finns [&hellip;]<\/p>\n","protected":false},"author":8,"featured_media":12196,"comment_status":"open","ping_status":"open","sticky":false,"template":"","format":"standard","meta":{"_et_pb_use_builder":"","_et_pb_old_content":"","_et_gb_content_width":"","footnotes":""},"categories":[395,3],"tags":[],"class_list":["post-12195","post","type-post","status-publish","format-standard","has-post-thumbnail","hentry","category-arkiv-nyheter","category-nyheter"],"yoast_head":"<!-- This site is optimized with the Yoast SEO Premium plugin v26.2 (Yoast SEO v27.4) - https:\/\/yoast.com\/product\/yoast-seo-premium-wordpress\/ -->\n<title>Gaelisk fotboll v\u00e4xer i Marbella - Svenska Magasinet<\/title>\n<meta name=\"robots\" content=\"noindex, follow, max-snippet:-1, max-image-preview:large, max-video-preview:-1\" \/>\n<meta property=\"og:locale\" content=\"sv_SE\" \/>\n<meta property=\"og:type\" content=\"article\" \/>\n<meta property=\"og:title\" content=\"Gaelisk fotboll v\u00e4xer i Marbella\" \/>\n<meta property=\"og:description\" content=\"Har du upplevt Irlands fartfyllda nationalsport gaelisk fotboll? Klubben Costa Gaels v\u00e4xer och f\u00e5r allt fler medlemmar. Sedan den grundades 2001 har antalet medlemmar n\u00e4stan tredubblats. F\u00f6r f\u00f6rsta g\u00e5ngen finns \u00e4ven en damsektion samtidigt som den st\u00f6rsta \u00f6kningen av medlemmar \u00e4r av unga spelare. Klubben Costa Gaels har n\u00e5tt ut med budskapet att de finns [&hellip;]\" \/>\n<meta property=\"og:url\" content=\"https:\/\/lightweb.dev\/l\/svm-temp\/nyheter\/gaelisk-fotboll-vaxer-i-marbella\/\" \/>\n<meta property=\"og:site_name\" content=\"Svenska Magasinet\" \/>\n<meta property=\"article:publisher\" content=\"https:\/\/www.facebook.com\/svenskamagasinet\" \/>\n<meta property=\"article:published_time\" content=\"2021-05-11T14:03:00+00:00\" \/>\n<meta property=\"og:image\" content=\"https:\/\/lightweb.dev\/l\/svm-temp\/wp-content\/uploads\/2022\/06\/gaelisk-fotboll-vaxer-i-marbella.png\" \/>\n\t<meta property=\"og:image:width\" content=\"500\" \/>\n\t<meta property=\"og:image:height\" content=\"300\" \/>\n\t<meta property=\"og:image:type\" content=\"image\/png\" \/>\n<meta name=\"author\" content=\"Redaktionen SvM\" \/>\n<meta name=\"twitter:card\" content=\"summary_large_image\" \/>\n<meta name=\"twitter:creator\" content=\"@SvenskaMagasine\" \/>\n<meta name=\"twitter:site\" content=\"@SvenskaMagasine\" \/>\n<script type=\"application\/ld+json\" class=\"yoast-schema-graph\">{\"@context\":\"https:\\\/\\\/schema.org\",\"@graph\":[{\"@type\":\"Article\",\"@id\":\"https:\\\/\\\/lightweb.dev\\\/l\\\/svm-temp\\\/nyheter\\\/gaelisk-fotboll-vaxer-i-marbella\\\/#article\",\"isPartOf\":{\"@id\":\"https:\\\/\\\/lightweb.dev\\\/l\\\/svm-temp\\\/nyheter\\\/gaelisk-fotboll-vaxer-i-marbella\\\/\"},\"author\":{\"name\":\"Redaktionen SvM\",\"@id\":\"https:\\\/\\\/lightweb.dev\\\/l\\\/svm-temp\\\/#\\\/schema\\\/person\\\/206a3bda5b607b0c25e1749191e4d837\"},\"headline\":\"Gaelisk fotboll v\u00e4xer i Marbella\",\"datePublished\":\"2021-05-11T14:03:00+00:00\",\"mainEntityOfPage\":{\"@id\":\"https:\\\/\\\/lightweb.dev\\\/l\\\/svm-temp\\\/nyheter\\\/gaelisk-fotboll-vaxer-i-marbella\\\/\"},\"wordCount\":379,\"commentCount\":0,\"publisher\":{\"@id\":\"https:\\\/\\\/lightweb.dev\\\/l\\\/svm-temp\\\/#organization\"},\"image\":{\"@id\":\"https:\\\/\\\/lightweb.dev\\\/l\\\/svm-temp\\\/nyheter\\\/gaelisk-fotboll-vaxer-i-marbella\\\/#primaryimage\"},\"thumbnailUrl\":\"https:\\\/\\\/lightweb.dev\\\/l\\\/svm-temp\\\/wp-content\\\/uploads\\\/2022\\\/06\\\/gaelisk-fotboll-vaxer-i-marbella.png\",\"articleSection\":[\"Arkiv\",\"Nyheter\"],\"inLanguage\":\"sv-SE\"},{\"@type\":\"WebPage\",\"@id\":\"https:\\\/\\\/lightweb.dev\\\/l\\\/svm-temp\\\/nyheter\\\/gaelisk-fotboll-vaxer-i-marbella\\\/\",\"url\":\"https:\\\/\\\/lightweb.dev\\\/l\\\/svm-temp\\\/nyheter\\\/gaelisk-fotboll-vaxer-i-marbella\\\/\",\"name\":\"Gaelisk fotboll v\u00e4xer i Marbella - Svenska Magasinet\",\"isPartOf\":{\"@id\":\"https:\\\/\\\/lightweb.dev\\\/l\\\/svm-temp\\\/#website\"},\"primaryImageOfPage\":{\"@id\":\"https:\\\/\\\/lightweb.dev\\\/l\\\/svm-temp\\\/nyheter\\\/gaelisk-fotboll-vaxer-i-marbella\\\/#primaryimage\"},\"image\":{\"@id\":\"https:\\\/\\\/lightweb.dev\\\/l\\\/svm-temp\\\/nyheter\\\/gaelisk-fotboll-vaxer-i-marbella\\\/#primaryimage\"},\"thumbnailUrl\":\"https:\\\/\\\/lightweb.dev\\\/l\\\/svm-temp\\\/wp-content\\\/uploads\\\/2022\\\/06\\\/gaelisk-fotboll-vaxer-i-marbella.png\",\"datePublished\":\"2021-05-11T14:03:00+00:00\",\"breadcrumb\":{\"@id\":\"https:\\\/\\\/lightweb.dev\\\/l\\\/svm-temp\\\/nyheter\\\/gaelisk-fotboll-vaxer-i-marbella\\\/#breadcrumb\"},\"inLanguage\":\"sv-SE\",\"potentialAction\":[{\"@type\":\"ReadAction\",\"target\":[\"https:\\\/\\\/lightweb.dev\\\/l\\\/svm-temp\\\/nyheter\\\/gaelisk-fotboll-vaxer-i-marbella\\\/\"]}]},{\"@type\":\"ImageObject\",\"inLanguage\":\"sv-SE\",\"@id\":\"https:\\\/\\\/lightweb.dev\\\/l\\\/svm-temp\\\/nyheter\\\/gaelisk-fotboll-vaxer-i-marbella\\\/#primaryimage\",\"url\":\"https:\\\/\\\/lightweb.dev\\\/l\\\/svm-temp\\\/wp-content\\\/uploads\\\/2022\\\/06\\\/gaelisk-fotboll-vaxer-i-marbella.png\",\"contentUrl\":\"https:\\\/\\\/lightweb.dev\\\/l\\\/svm-temp\\\/wp-content\\\/uploads\\\/2022\\\/06\\\/gaelisk-fotboll-vaxer-i-marbella.png\",\"width\":500,\"height\":300},{\"@type\":\"BreadcrumbList\",\"@id\":\"https:\\\/\\\/lightweb.dev\\\/l\\\/svm-temp\\\/nyheter\\\/gaelisk-fotboll-vaxer-i-marbella\\\/#breadcrumb\",\"itemListElement\":[{\"@type\":\"ListItem\",\"position\":1,\"name\":\"Hem\",\"item\":\"https:\\\/\\\/lightweb.dev\\\/l\\\/svm-temp\\\/\"},{\"@type\":\"ListItem\",\"position\":2,\"name\":\"Gaelisk fotboll v\u00e4xer i Marbella\"}]},{\"@type\":\"WebSite\",\"@id\":\"https:\\\/\\\/lightweb.dev\\\/l\\\/svm-temp\\\/#website\",\"url\":\"https:\\\/\\\/lightweb.dev\\\/l\\\/svm-temp\\\/\",\"name\":\"Svenska Magasinet\",\"description\":\"Dina Spanska nyheter p&aring; Svenska\",\"publisher\":{\"@id\":\"https:\\\/\\\/lightweb.dev\\\/l\\\/svm-temp\\\/#organization\"},\"potentialAction\":[{\"@type\":\"SearchAction\",\"target\":{\"@type\":\"EntryPoint\",\"urlTemplate\":\"https:\\\/\\\/lightweb.dev\\\/l\\\/svm-temp\\\/?s={search_term_string}\"},\"query-input\":{\"@type\":\"PropertyValueSpecification\",\"valueRequired\":true,\"valueName\":\"search_term_string\"}}],\"inLanguage\":\"sv-SE\"},{\"@type\":\"Organization\",\"@id\":\"https:\\\/\\\/lightweb.dev\\\/l\\\/svm-temp\\\/#organization\",\"name\":\"Melkerson y Nott SL\",\"alternateName\":\"Svenska Magasinet\",\"url\":\"https:\\\/\\\/lightweb.dev\\\/l\\\/svm-temp\\\/\",\"logo\":{\"@type\":\"ImageObject\",\"inLanguage\":\"sv-SE\",\"@id\":\"https:\\\/\\\/lightweb.dev\\\/l\\\/svm-temp\\\/#\\\/schema\\\/logo\\\/image\\\/\",\"url\":\"https:\\\/\\\/lightweb.dev\\\/l\\\/svm-temp\\\/wp-content\\\/uploads\\\/2025\\\/02\\\/SvM-logo-Xtra-Centrerad-SVART.png\",\"contentUrl\":\"https:\\\/\\\/lightweb.dev\\\/l\\\/svm-temp\\\/wp-content\\\/uploads\\\/2025\\\/02\\\/SvM-logo-Xtra-Centrerad-SVART.png\",\"width\":300,\"height\":99,\"caption\":\"Melkerson y Nott SL\"},\"image\":{\"@id\":\"https:\\\/\\\/lightweb.dev\\\/l\\\/svm-temp\\\/#\\\/schema\\\/logo\\\/image\\\/\"},\"sameAs\":[\"https:\\\/\\\/www.facebook.com\\\/svenskamagasinet\",\"https:\\\/\\\/x.com\\\/SvenskaMagasine\"]},{\"@type\":\"Person\",\"@id\":\"https:\\\/\\\/lightweb.dev\\\/l\\\/svm-temp\\\/#\\\/schema\\\/person\\\/206a3bda5b607b0c25e1749191e4d837\",\"name\":\"Redaktionen SvM\",\"description\":\"Redaktionen\",\"sameAs\":[\"https:\\\/\\\/lightweb.dev\\\/l\\\/svm-temp\"],\"url\":\"https:\\\/\\\/lightweb.dev\\\/l\\\/svm-temp\\\/reporter\\\/redaktionen\\\/\"}]}<\/script>\n<!-- \/ Yoast SEO Premium plugin. -->","yoast_head_json":{"title":"Gaelisk fotboll v\u00e4xer i Marbella - Svenska Magasinet","robots":{"index":"noindex","follow":"follow","max-snippet":"max-snippet:-1","max-image-preview":"max-image-preview:large","max-video-preview":"max-video-preview:-1"},"og_locale":"sv_SE","og_type":"article","og_title":"Gaelisk fotboll v\u00e4xer i Marbella","og_description":"Har du upplevt Irlands fartfyllda nationalsport gaelisk fotboll? Klubben Costa Gaels v\u00e4xer och f\u00e5r allt fler medlemmar. Sedan den grundades 2001 har antalet medlemmar n\u00e4stan tredubblats. F\u00f6r f\u00f6rsta g\u00e5ngen finns \u00e4ven en damsektion samtidigt som den st\u00f6rsta \u00f6kningen av medlemmar \u00e4r av unga spelare. Klubben Costa Gaels har n\u00e5tt ut med budskapet att de finns [&hellip;]","og_url":"https:\/\/lightweb.dev\/l\/svm-temp\/nyheter\/gaelisk-fotboll-vaxer-i-marbella\/","og_site_name":"Svenska Magasinet","article_publisher":"https:\/\/www.facebook.com\/svenskamagasinet","article_published_time":"2021-05-11T14:03:00+00:00","og_image":[{"width":500,"height":300,"url":"https:\/\/lightweb.dev\/l\/svm-temp\/wp-content\/uploads\/2022\/06\/gaelisk-fotboll-vaxer-i-marbella.png","type":"image\/png"}],"author":"Redaktionen SvM","twitter_card":"summary_large_image","twitter_creator":"@SvenskaMagasine","twitter_site":"@SvenskaMagasine","schema":{"@context":"https:\/\/schema.org","@graph":[{"@type":"Article","@id":"https:\/\/lightweb.dev\/l\/svm-temp\/nyheter\/gaelisk-fotboll-vaxer-i-marbella\/#article","isPartOf":{"@id":"https:\/\/lightweb.dev\/l\/svm-temp\/nyheter\/gaelisk-fotboll-vaxer-i-marbella\/"},"author":{"name":"Redaktionen SvM","@id":"https:\/\/lightweb.dev\/l\/svm-temp\/#\/schema\/person\/206a3bda5b607b0c25e1749191e4d837"},"headline":"Gaelisk fotboll v\u00e4xer i Marbella","datePublished":"2021-05-11T14:03:00+00:00","mainEntityOfPage":{"@id":"https:\/\/lightweb.dev\/l\/svm-temp\/nyheter\/gaelisk-fotboll-vaxer-i-marbella\/"},"wordCount":379,"commentCount":0,"publisher":{"@id":"https:\/\/lightweb.dev\/l\/svm-temp\/#organization"},"image":{"@id":"https:\/\/lightweb.dev\/l\/svm-temp\/nyheter\/gaelisk-fotboll-vaxer-i-marbella\/#primaryimage"},"thumbnailUrl":"https:\/\/lightweb.dev\/l\/svm-temp\/wp-content\/uploads\/2022\/06\/gaelisk-fotboll-vaxer-i-marbella.png","articleSection":["Arkiv","Nyheter"],"inLanguage":"sv-SE"},{"@type":"WebPage","@id":"https:\/\/lightweb.dev\/l\/svm-temp\/nyheter\/gaelisk-fotboll-vaxer-i-marbella\/","url":"https:\/\/lightweb.dev\/l\/svm-temp\/nyheter\/gaelisk-fotboll-vaxer-i-marbella\/","name":"Gaelisk fotboll v\u00e4xer i Marbella - Svenska Magasinet","isPartOf":{"@id":"https:\/\/lightweb.dev\/l\/svm-temp\/#website"},"primaryImageOfPage":{"@id":"https:\/\/lightweb.dev\/l\/svm-temp\/nyheter\/gaelisk-fotboll-vaxer-i-marbella\/#primaryimage"},"image":{"@id":"https:\/\/lightweb.dev\/l\/svm-temp\/nyheter\/gaelisk-fotboll-vaxer-i-marbella\/#primaryimage"},"thumbnailUrl":"https:\/\/lightweb.dev\/l\/svm-temp\/wp-content\/uploads\/2022\/06\/gaelisk-fotboll-vaxer-i-marbella.png","datePublished":"2021-05-11T14:03:00+00:00","breadcrumb":{"@id":"https:\/\/lightweb.dev\/l\/svm-temp\/nyheter\/gaelisk-fotboll-vaxer-i-marbella\/#breadcrumb"},"inLanguage":"sv-SE","potentialAction":[{"@type":"ReadAction","target":["https:\/\/lightweb.dev\/l\/svm-temp\/nyheter\/gaelisk-fotboll-vaxer-i-marbella\/"]}]},{"@type":"ImageObject","inLanguage":"sv-SE","@id":"https:\/\/lightweb.dev\/l\/svm-temp\/nyheter\/gaelisk-fotboll-vaxer-i-marbella\/#primaryimage","url":"https:\/\/lightweb.dev\/l\/svm-temp\/wp-content\/uploads\/2022\/06\/gaelisk-fotboll-vaxer-i-marbella.png","contentUrl":"https:\/\/lightweb.dev\/l\/svm-temp\/wp-content\/uploads\/2022\/06\/gaelisk-fotboll-vaxer-i-marbella.png","width":500,"height":300},{"@type":"BreadcrumbList","@id":"https:\/\/lightweb.dev\/l\/svm-temp\/nyheter\/gaelisk-fotboll-vaxer-i-marbella\/#breadcrumb","itemListElement":[{"@type":"ListItem","position":1,"name":"Hem","item":"https:\/\/lightweb.dev\/l\/svm-temp\/"},{"@type":"ListItem","position":2,"name":"Gaelisk fotboll v\u00e4xer i Marbella"}]},{"@type":"WebSite","@id":"https:\/\/lightweb.dev\/l\/svm-temp\/#website","url":"https:\/\/lightweb.dev\/l\/svm-temp\/","name":"Svenska Magasinet","description":"Dina Spanska nyheter p&aring; Svenska","publisher":{"@id":"https:\/\/lightweb.dev\/l\/svm-temp\/#organization"},"potentialAction":[{"@type":"SearchAction","target":{"@type":"EntryPoint","urlTemplate":"https:\/\/lightweb.dev\/l\/svm-temp\/?s={search_term_string}"},"query-input":{"@type":"PropertyValueSpecification","valueRequired":true,"valueName":"search_term_string"}}],"inLanguage":"sv-SE"},{"@type":"Organization","@id":"https:\/\/lightweb.dev\/l\/svm-temp\/#organization","name":"Melkerson y Nott SL","alternateName":"Svenska Magasinet","url":"https:\/\/lightweb.dev\/l\/svm-temp\/","logo":{"@type":"ImageObject","inLanguage":"sv-SE","@id":"https:\/\/lightweb.dev\/l\/svm-temp\/#\/schema\/logo\/image\/","url":"https:\/\/lightweb.dev\/l\/svm-temp\/wp-content\/uploads\/2025\/02\/SvM-logo-Xtra-Centrerad-SVART.png","contentUrl":"https:\/\/lightweb.dev\/l\/svm-temp\/wp-content\/uploads\/2025\/02\/SvM-logo-Xtra-Centrerad-SVART.png","width":300,"height":99,"caption":"Melkerson y Nott SL"},"image":{"@id":"https:\/\/lightweb.dev\/l\/svm-temp\/#\/schema\/logo\/image\/"},"sameAs":["https:\/\/www.facebook.com\/svenskamagasinet","https:\/\/x.com\/SvenskaMagasine"]},{"@type":"Person","@id":"https:\/\/lightweb.dev\/l\/svm-temp\/#\/schema\/person\/206a3bda5b607b0c25e1749191e4d837","name":"Redaktionen SvM","description":"Redaktionen","sameAs":["https:\/\/lightweb.dev\/l\/svm-temp"],"url":"https:\/\/lightweb.dev\/l\/svm-temp\/reporter\/redaktionen\/"}]}},"_links":{"self":[{"href":"https:\/\/lightweb.dev\/l\/svm-temp\/wp-json\/wp\/v2\/posts\/12195","targetHints":{"allow":["GET"]}}],"collection":[{"href":"https:\/\/lightweb.dev\/l\/svm-temp\/wp-json\/wp\/v2\/posts"}],"about":[{"href":"https:\/\/lightweb.dev\/l\/svm-temp\/wp-json\/wp\/v2\/types\/post"}],"author":[{"embeddable":true,"href":"https:\/\/lightweb.dev\/l\/svm-temp\/wp-json\/wp\/v2\/users\/8"}],"replies":[{"embeddable":true,"href":"https:\/\/lightweb.dev\/l\/svm-temp\/wp-json\/wp\/v2\/comments?post=12195"}],"version-history":[{"count":0,"href":"https:\/\/lightweb.dev\/l\/svm-temp\/wp-json\/wp\/v2\/posts\/12195\/revisions"}],"wp:featuredmedia":[{"embeddable":true,"href":"https:\/\/lightweb.dev\/l\/svm-temp\/wp-json\/wp\/v2\/media\/12196"}],"wp:attachment":[{"href":"https:\/\/lightweb.dev\/l\/svm-temp\/wp-json\/wp\/v2\/media?parent=12195"}],"wp:term":[{"taxonomy":"category","embeddable":true,"href":"https:\/\/lightweb.dev\/l\/svm-temp\/wp-json\/wp\/v2\/categories?post=12195"},{"taxonomy":"post_tag","embeddable":true,"href":"https:\/\/lightweb.dev\/l\/svm-temp\/wp-json\/wp\/v2\/tags?post=12195"}],"curies":[{"name":"wp","href":"https:\/\/api.w.org\/{rel}","templated":true}]}}