{"id":12199,"date":"2021-05-10T10:39:00","date_gmt":"2021-05-10T08:39:00","guid":{"rendered":"https:\/\/lightweb.dev\/l\/svm-temp\/nyheter\/motorvagsavgifter-och-okade-flygskatter-hindrar-tillvaxt-enligt-turistnaringen\/"},"modified":"2021-05-10T10:39:00","modified_gmt":"2021-05-10T08:39:00","slug":"motorvagsavgifter-och-okade-flygskatter-hindrar-tillvaxt-enligt-turistnaringen","status":"publish","type":"post","link":"https:\/\/lightweb.dev\/l\/svm-temp\/nyheter\/motorvagsavgifter-och-okade-flygskatter-hindrar-tillvaxt-enligt-turistnaringen\/","title":{"rendered":"Motorv\u00e4gsavgifter och \u00f6kade flygskatter hindrar tillv\u00e4xt enligt turistn\u00e4ringen"},"content":{"rendered":"<p> Det spanska f\u00f6rbundet f\u00f6r hotell och turistboende Cehat (Confederaci\u00f3n Espa\u00f1ola de Hoteles y Alojamientos Tur\u00edsticos) \u00e4r mycket kritisk till Spaniens beslut om att inf\u00f6ra betalning p\u00e5 landets motorv\u00e4gar om fyra \u00e5r samt \u00f6kade flygskatter. Regeringen bygger hinder f\u00f6r den fria r\u00f6rligheten. Den fria r\u00f6rligheten \u00e4r nyckeln i att \u00e5teraktivera turismen, menar Cehat.<\/p>\n<p>\u00d6kade flygskatter och inf\u00f6randet av betalning p\u00e5 landets motorv\u00e4gsn\u00e4t fr\u00e5n 2024.<\/p>\n<p>M\u00e5nga \u00e4r kritiska till regeringens budskap de senaste veckorna. <\/p>\n<p>Att betalning inf\u00f6rs p\u00e5 landets motorv\u00e4gar beskrivs som en dubbelbeskattning d\u00e5 spanjorerna redan betalar v\u00e4gskatt. Det kommer \u00e4ven att sl\u00e5 mot turistn\u00e4ringen.<\/p>\n<p>Presidenten vid Cehat, Jorge Marichal, s\u00e4ger:<\/p>\n<p>&#8211; F\u00f6rslagen om h\u00f6jd flygskatt och inf\u00f6rande av betalning p\u00e5 motorv\u00e4garna \u00e4r oansvarigt och konkurrensh\u00e4mmande. Det \u00e4r skadligt f\u00f6r alla spanska turistm\u00e5l. Just prisfaktorn \u00e4r extremt k\u00e4nslig f\u00f6r m\u00e4nniskors r\u00f6rlighet och resande.<\/p>\n<p>&#8211; Det som beh\u00f6vs just nu \u00e4r en \u00e5terh\u00e4mtningsplan f\u00f6r att \u00f6ka efterfr\u00e5gan och inf\u00f6ra \u00e5tg\u00e4rder som stimulerar ekonomin, \u00e5teraktiverar r\u00f6rlighet och turism.<\/p>\n<p>Jorge Marichal vid Cehat beklagar att de ber\u00f6rda sektorerna som turism inte har kontaktats. I st\u00e4llet har regeringen \u201dgl\u00f6mt bort\u201d branschen som \u00e4r en \u201dnyckelfaktor\u201d f\u00f6r den spanska ekonomin.<\/p>\n<p>Nyligen riktade flygorganisationen IATA kritik mot regeringen efter att spanska luftfartsverket Aena planerar att inf\u00f6ra h\u00f6jda avgifter p\u00e5 totalt 5,5 procent f\u00f6r flygbolag som trafikerar landets 46 flygplatser. \u00d6kade utgifter f\u00f6r flygbolagen betyder i f\u00f6rl\u00e4ngningen \u00f6kade biljettpriser f\u00f6r resen\u00e4rerna.<\/p>\n<p>Under de senaste \u00e5ren har olika regeringsmedlemmar attackerat turistsektorn. Spaniens konsumtionsminister Alberto Garz\u00f3n som \u00e4r fr\u00e5n M\u00e1laga och \u00e4ven utger sig f\u00f6r att ha kommunistsympatier \u00e4r turistindustrin os\u00e4ker, s\u00e4songsbetonad och har ett l\u00e5gt merv\u00e4rde.<\/p>\n<p>IATA \u00e4r kritiska till den spanska h\u00e5llningen och beskriver den som \u201doansvarig\u201d och att den kommer att skada den ekonomiska \u00e5terh\u00e4mtningen och syssels\u00e4ttningen.<\/p>\n<p>IATA p\u00e5minner om att Aena sedan de gick in p\u00e5 b\u00f6rsen har haft utdelningar p\u00e5 2.5 miljarder euro mellan 2017 och 2019.<\/p>\n<p>&#8211; De har en utm\u00e4rkt kreditv\u00e4rdighet och deras aktie\u00e4gare har blivit bel\u00f6nade. Nog b\u00f6r de \u00e4ven k\u00e4nna av krisen och hj\u00e4lpa till, s\u00e4ger IATA i ett uttalande.<\/p>\n","protected":false},"excerpt":{"rendered":"<p>Det spanska f\u00f6rbundet f\u00f6r hotell och turistboende Cehat (Confederaci\u00f3n Espa\u00f1ola de Hoteles y Alojamientos Tur\u00edsticos) \u00e4r mycket kritisk till Spaniens beslut om att inf\u00f6ra betalning p\u00e5 landets motorv\u00e4gar om fyra \u00e5r samt \u00f6kade flygskatter. Regeringen bygger hinder f\u00f6r den fria r\u00f6rligheten. Den fria r\u00f6rligheten \u00e4r nyckeln i att \u00e5teraktivera turismen, menar Cehat. \u00d6kade flygskatter och [&hellip;]<\/p>\n","protected":false},"author":8,"featured_media":12200,"comment_status":"open","ping_status":"open","sticky":false,"template":"","format":"standard","meta":{"_et_pb_use_builder":"","_et_pb_old_content":"","_et_gb_content_width":"","footnotes":""},"categories":[395,3],"tags":[],"class_list":["post-12199","post","type-post","status-publish","format-standard","has-post-thumbnail","hentry","category-arkiv-nyheter","category-nyheter"],"yoast_head":"<!-- This site is optimized with the Yoast SEO Premium plugin v26.2 (Yoast SEO v27.4) - https:\/\/yoast.com\/product\/yoast-seo-premium-wordpress\/ -->\n<title>Motorv\u00e4gsavgifter och \u00f6kade flygskatter hindrar tillv\u00e4xt enligt turistn\u00e4ringen - Svenska Magasinet<\/title>\n<meta name=\"robots\" content=\"noindex, follow, max-snippet:-1, max-image-preview:large, max-video-preview:-1\" \/>\n<meta property=\"og:locale\" content=\"sv_SE\" \/>\n<meta property=\"og:type\" content=\"article\" \/>\n<meta property=\"og:title\" content=\"Motorv\u00e4gsavgifter och \u00f6kade flygskatter hindrar tillv\u00e4xt enligt turistn\u00e4ringen\" \/>\n<meta property=\"og:description\" content=\"Det spanska f\u00f6rbundet f\u00f6r hotell och turistboende Cehat (Confederaci\u00f3n Espa\u00f1ola de Hoteles y Alojamientos Tur\u00edsticos) \u00e4r mycket kritisk till Spaniens beslut om att inf\u00f6ra betalning p\u00e5 landets motorv\u00e4gar om fyra \u00e5r samt \u00f6kade flygskatter. Regeringen bygger hinder f\u00f6r den fria r\u00f6rligheten. Den fria r\u00f6rligheten \u00e4r nyckeln i att \u00e5teraktivera turismen, menar Cehat. \u00d6kade flygskatter och [&hellip;]\" \/>\n<meta property=\"og:url\" content=\"https:\/\/lightweb.dev\/l\/svm-temp\/nyheter\/motorvagsavgifter-och-okade-flygskatter-hindrar-tillvaxt-enligt-turistnaringen\/\" \/>\n<meta property=\"og:site_name\" content=\"Svenska Magasinet\" \/>\n<meta property=\"article:publisher\" content=\"https:\/\/www.facebook.com\/svenskamagasinet\" \/>\n<meta property=\"article:published_time\" content=\"2021-05-10T08:39:00+00:00\" \/>\n<meta property=\"og:image\" content=\"https:\/\/lightweb.dev\/l\/svm-temp\/wp-content\/uploads\/2022\/06\/motorvagsavgifter-och-okade-flygskatter-hindrar-tillvaxt-enligt-turistnaringen.png\" \/>\n\t<meta property=\"og:image:width\" content=\"501\" \/>\n\t<meta property=\"og:image:height\" content=\"300\" \/>\n\t<meta property=\"og:image:type\" content=\"image\/png\" \/>\n<meta name=\"author\" content=\"Redaktionen SvM\" \/>\n<meta name=\"twitter:card\" content=\"summary_large_image\" \/>\n<meta name=\"twitter:creator\" content=\"@SvenskaMagasine\" \/>\n<meta name=\"twitter:site\" content=\"@SvenskaMagasine\" \/>\n<script type=\"application\/ld+json\" class=\"yoast-schema-graph\">{\"@context\":\"https:\\\/\\\/schema.org\",\"@graph\":[{\"@type\":\"Article\",\"@id\":\"https:\\\/\\\/lightweb.dev\\\/l\\\/svm-temp\\\/nyheter\\\/motorvagsavgifter-och-okade-flygskatter-hindrar-tillvaxt-enligt-turistnaringen\\\/#article\",\"isPartOf\":{\"@id\":\"https:\\\/\\\/lightweb.dev\\\/l\\\/svm-temp\\\/nyheter\\\/motorvagsavgifter-och-okade-flygskatter-hindrar-tillvaxt-enligt-turistnaringen\\\/\"},\"author\":{\"name\":\"Redaktionen SvM\",\"@id\":\"https:\\\/\\\/lightweb.dev\\\/l\\\/svm-temp\\\/#\\\/schema\\\/person\\\/206a3bda5b607b0c25e1749191e4d837\"},\"headline\":\"Motorv\u00e4gsavgifter och \u00f6kade flygskatter hindrar tillv\u00e4xt enligt turistn\u00e4ringen\",\"datePublished\":\"2021-05-10T08:39:00+00:00\",\"mainEntityOfPage\":{\"@id\":\"https:\\\/\\\/lightweb.dev\\\/l\\\/svm-temp\\\/nyheter\\\/motorvagsavgifter-och-okade-flygskatter-hindrar-tillvaxt-enligt-turistnaringen\\\/\"},\"wordCount\":405,\"commentCount\":0,\"publisher\":{\"@id\":\"https:\\\/\\\/lightweb.dev\\\/l\\\/svm-temp\\\/#organization\"},\"image\":{\"@id\":\"https:\\\/\\\/lightweb.dev\\\/l\\\/svm-temp\\\/nyheter\\\/motorvagsavgifter-och-okade-flygskatter-hindrar-tillvaxt-enligt-turistnaringen\\\/#primaryimage\"},\"thumbnailUrl\":\"https:\\\/\\\/lightweb.dev\\\/l\\\/svm-temp\\\/wp-content\\\/uploads\\\/2022\\\/06\\\/motorvagsavgifter-och-okade-flygskatter-hindrar-tillvaxt-enligt-turistnaringen.png\",\"articleSection\":[\"Arkiv\",\"Nyheter\"],\"inLanguage\":\"sv-SE\"},{\"@type\":\"WebPage\",\"@id\":\"https:\\\/\\\/lightweb.dev\\\/l\\\/svm-temp\\\/nyheter\\\/motorvagsavgifter-och-okade-flygskatter-hindrar-tillvaxt-enligt-turistnaringen\\\/\",\"url\":\"https:\\\/\\\/lightweb.dev\\\/l\\\/svm-temp\\\/nyheter\\\/motorvagsavgifter-och-okade-flygskatter-hindrar-tillvaxt-enligt-turistnaringen\\\/\",\"name\":\"Motorv\u00e4gsavgifter och \u00f6kade flygskatter hindrar tillv\u00e4xt enligt turistn\u00e4ringen - Svenska Magasinet\",\"isPartOf\":{\"@id\":\"https:\\\/\\\/lightweb.dev\\\/l\\\/svm-temp\\\/#website\"},\"primaryImageOfPage\":{\"@id\":\"https:\\\/\\\/lightweb.dev\\\/l\\\/svm-temp\\\/nyheter\\\/motorvagsavgifter-och-okade-flygskatter-hindrar-tillvaxt-enligt-turistnaringen\\\/#primaryimage\"},\"image\":{\"@id\":\"https:\\\/\\\/lightweb.dev\\\/l\\\/svm-temp\\\/nyheter\\\/motorvagsavgifter-och-okade-flygskatter-hindrar-tillvaxt-enligt-turistnaringen\\\/#primaryimage\"},\"thumbnailUrl\":\"https:\\\/\\\/lightweb.dev\\\/l\\\/svm-temp\\\/wp-content\\\/uploads\\\/2022\\\/06\\\/motorvagsavgifter-och-okade-flygskatter-hindrar-tillvaxt-enligt-turistnaringen.png\",\"datePublished\":\"2021-05-10T08:39:00+00:00\",\"breadcrumb\":{\"@id\":\"https:\\\/\\\/lightweb.dev\\\/l\\\/svm-temp\\\/nyheter\\\/motorvagsavgifter-och-okade-flygskatter-hindrar-tillvaxt-enligt-turistnaringen\\\/#breadcrumb\"},\"inLanguage\":\"sv-SE\",\"potentialAction\":[{\"@type\":\"ReadAction\",\"target\":[\"https:\\\/\\\/lightweb.dev\\\/l\\\/svm-temp\\\/nyheter\\\/motorvagsavgifter-och-okade-flygskatter-hindrar-tillvaxt-enligt-turistnaringen\\\/\"]}]},{\"@type\":\"ImageObject\",\"inLanguage\":\"sv-SE\",\"@id\":\"https:\\\/\\\/lightweb.dev\\\/l\\\/svm-temp\\\/nyheter\\\/motorvagsavgifter-och-okade-flygskatter-hindrar-tillvaxt-enligt-turistnaringen\\\/#primaryimage\",\"url\":\"https:\\\/\\\/lightweb.dev\\\/l\\\/svm-temp\\\/wp-content\\\/uploads\\\/2022\\\/06\\\/motorvagsavgifter-och-okade-flygskatter-hindrar-tillvaxt-enligt-turistnaringen.png\",\"contentUrl\":\"https:\\\/\\\/lightweb.dev\\\/l\\\/svm-temp\\\/wp-content\\\/uploads\\\/2022\\\/06\\\/motorvagsavgifter-och-okade-flygskatter-hindrar-tillvaxt-enligt-turistnaringen.png\",\"width\":501,\"height\":300},{\"@type\":\"BreadcrumbList\",\"@id\":\"https:\\\/\\\/lightweb.dev\\\/l\\\/svm-temp\\\/nyheter\\\/motorvagsavgifter-och-okade-flygskatter-hindrar-tillvaxt-enligt-turistnaringen\\\/#breadcrumb\",\"itemListElement\":[{\"@type\":\"ListItem\",\"position\":1,\"name\":\"Hem\",\"item\":\"https:\\\/\\\/lightweb.dev\\\/l\\\/svm-temp\\\/\"},{\"@type\":\"ListItem\",\"position\":2,\"name\":\"Motorv\u00e4gsavgifter och \u00f6kade flygskatter hindrar tillv\u00e4xt enligt turistn\u00e4ringen\"}]},{\"@type\":\"WebSite\",\"@id\":\"https:\\\/\\\/lightweb.dev\\\/l\\\/svm-temp\\\/#website\",\"url\":\"https:\\\/\\\/lightweb.dev\\\/l\\\/svm-temp\\\/\",\"name\":\"Svenska Magasinet\",\"description\":\"Dina Spanska nyheter p&aring; Svenska\",\"publisher\":{\"@id\":\"https:\\\/\\\/lightweb.dev\\\/l\\\/svm-temp\\\/#organization\"},\"potentialAction\":[{\"@type\":\"SearchAction\",\"target\":{\"@type\":\"EntryPoint\",\"urlTemplate\":\"https:\\\/\\\/lightweb.dev\\\/l\\\/svm-temp\\\/?s={search_term_string}\"},\"query-input\":{\"@type\":\"PropertyValueSpecification\",\"valueRequired\":true,\"valueName\":\"search_term_string\"}}],\"inLanguage\":\"sv-SE\"},{\"@type\":\"Organization\",\"@id\":\"https:\\\/\\\/lightweb.dev\\\/l\\\/svm-temp\\\/#organization\",\"name\":\"Melkerson y Nott SL\",\"alternateName\":\"Svenska Magasinet\",\"url\":\"https:\\\/\\\/lightweb.dev\\\/l\\\/svm-temp\\\/\",\"logo\":{\"@type\":\"ImageObject\",\"inLanguage\":\"sv-SE\",\"@id\":\"https:\\\/\\\/lightweb.dev\\\/l\\\/svm-temp\\\/#\\\/schema\\\/logo\\\/image\\\/\",\"url\":\"https:\\\/\\\/lightweb.dev\\\/l\\\/svm-temp\\\/wp-content\\\/uploads\\\/2025\\\/02\\\/SvM-logo-Xtra-Centrerad-SVART.png\",\"contentUrl\":\"https:\\\/\\\/lightweb.dev\\\/l\\\/svm-temp\\\/wp-content\\\/uploads\\\/2025\\\/02\\\/SvM-logo-Xtra-Centrerad-SVART.png\",\"width\":300,\"height\":99,\"caption\":\"Melkerson y Nott SL\"},\"image\":{\"@id\":\"https:\\\/\\\/lightweb.dev\\\/l\\\/svm-temp\\\/#\\\/schema\\\/logo\\\/image\\\/\"},\"sameAs\":[\"https:\\\/\\\/www.facebook.com\\\/svenskamagasinet\",\"https:\\\/\\\/x.com\\\/SvenskaMagasine\"]},{\"@type\":\"Person\",\"@id\":\"https:\\\/\\\/lightweb.dev\\\/l\\\/svm-temp\\\/#\\\/schema\\\/person\\\/206a3bda5b607b0c25e1749191e4d837\",\"name\":\"Redaktionen SvM\",\"description\":\"Redaktionen\",\"sameAs\":[\"https:\\\/\\\/lightweb.dev\\\/l\\\/svm-temp\"],\"url\":\"https:\\\/\\\/lightweb.dev\\\/l\\\/svm-temp\\\/reporter\\\/redaktionen\\\/\"}]}<\/script>\n<!-- \/ Yoast SEO Premium plugin. -->","yoast_head_json":{"title":"Motorv\u00e4gsavgifter och \u00f6kade flygskatter hindrar tillv\u00e4xt enligt turistn\u00e4ringen - Svenska Magasinet","robots":{"index":"noindex","follow":"follow","max-snippet":"max-snippet:-1","max-image-preview":"max-image-preview:large","max-video-preview":"max-video-preview:-1"},"og_locale":"sv_SE","og_type":"article","og_title":"Motorv\u00e4gsavgifter och \u00f6kade flygskatter hindrar tillv\u00e4xt enligt turistn\u00e4ringen","og_description":"Det spanska f\u00f6rbundet f\u00f6r hotell och turistboende Cehat (Confederaci\u00f3n Espa\u00f1ola de Hoteles y Alojamientos Tur\u00edsticos) \u00e4r mycket kritisk till Spaniens beslut om att inf\u00f6ra betalning p\u00e5 landets motorv\u00e4gar om fyra \u00e5r samt \u00f6kade flygskatter. Regeringen bygger hinder f\u00f6r den fria r\u00f6rligheten. Den fria r\u00f6rligheten \u00e4r nyckeln i att \u00e5teraktivera turismen, menar Cehat. \u00d6kade flygskatter och [&hellip;]","og_url":"https:\/\/lightweb.dev\/l\/svm-temp\/nyheter\/motorvagsavgifter-och-okade-flygskatter-hindrar-tillvaxt-enligt-turistnaringen\/","og_site_name":"Svenska Magasinet","article_publisher":"https:\/\/www.facebook.com\/svenskamagasinet","article_published_time":"2021-05-10T08:39:00+00:00","og_image":[{"width":501,"height":300,"url":"https:\/\/lightweb.dev\/l\/svm-temp\/wp-content\/uploads\/2022\/06\/motorvagsavgifter-och-okade-flygskatter-hindrar-tillvaxt-enligt-turistnaringen.png","type":"image\/png"}],"author":"Redaktionen SvM","twitter_card":"summary_large_image","twitter_creator":"@SvenskaMagasine","twitter_site":"@SvenskaMagasine","schema":{"@context":"https:\/\/schema.org","@graph":[{"@type":"Article","@id":"https:\/\/lightweb.dev\/l\/svm-temp\/nyheter\/motorvagsavgifter-och-okade-flygskatter-hindrar-tillvaxt-enligt-turistnaringen\/#article","isPartOf":{"@id":"https:\/\/lightweb.dev\/l\/svm-temp\/nyheter\/motorvagsavgifter-och-okade-flygskatter-hindrar-tillvaxt-enligt-turistnaringen\/"},"author":{"name":"Redaktionen SvM","@id":"https:\/\/lightweb.dev\/l\/svm-temp\/#\/schema\/person\/206a3bda5b607b0c25e1749191e4d837"},"headline":"Motorv\u00e4gsavgifter och \u00f6kade flygskatter hindrar tillv\u00e4xt enligt turistn\u00e4ringen","datePublished":"2021-05-10T08:39:00+00:00","mainEntityOfPage":{"@id":"https:\/\/lightweb.dev\/l\/svm-temp\/nyheter\/motorvagsavgifter-och-okade-flygskatter-hindrar-tillvaxt-enligt-turistnaringen\/"},"wordCount":405,"commentCount":0,"publisher":{"@id":"https:\/\/lightweb.dev\/l\/svm-temp\/#organization"},"image":{"@id":"https:\/\/lightweb.dev\/l\/svm-temp\/nyheter\/motorvagsavgifter-och-okade-flygskatter-hindrar-tillvaxt-enligt-turistnaringen\/#primaryimage"},"thumbnailUrl":"https:\/\/lightweb.dev\/l\/svm-temp\/wp-content\/uploads\/2022\/06\/motorvagsavgifter-och-okade-flygskatter-hindrar-tillvaxt-enligt-turistnaringen.png","articleSection":["Arkiv","Nyheter"],"inLanguage":"sv-SE"},{"@type":"WebPage","@id":"https:\/\/lightweb.dev\/l\/svm-temp\/nyheter\/motorvagsavgifter-och-okade-flygskatter-hindrar-tillvaxt-enligt-turistnaringen\/","url":"https:\/\/lightweb.dev\/l\/svm-temp\/nyheter\/motorvagsavgifter-och-okade-flygskatter-hindrar-tillvaxt-enligt-turistnaringen\/","name":"Motorv\u00e4gsavgifter och \u00f6kade flygskatter hindrar tillv\u00e4xt enligt turistn\u00e4ringen - Svenska Magasinet","isPartOf":{"@id":"https:\/\/lightweb.dev\/l\/svm-temp\/#website"},"primaryImageOfPage":{"@id":"https:\/\/lightweb.dev\/l\/svm-temp\/nyheter\/motorvagsavgifter-och-okade-flygskatter-hindrar-tillvaxt-enligt-turistnaringen\/#primaryimage"},"image":{"@id":"https:\/\/lightweb.dev\/l\/svm-temp\/nyheter\/motorvagsavgifter-och-okade-flygskatter-hindrar-tillvaxt-enligt-turistnaringen\/#primaryimage"},"thumbnailUrl":"https:\/\/lightweb.dev\/l\/svm-temp\/wp-content\/uploads\/2022\/06\/motorvagsavgifter-och-okade-flygskatter-hindrar-tillvaxt-enligt-turistnaringen.png","datePublished":"2021-05-10T08:39:00+00:00","breadcrumb":{"@id":"https:\/\/lightweb.dev\/l\/svm-temp\/nyheter\/motorvagsavgifter-och-okade-flygskatter-hindrar-tillvaxt-enligt-turistnaringen\/#breadcrumb"},"inLanguage":"sv-SE","potentialAction":[{"@type":"ReadAction","target":["https:\/\/lightweb.dev\/l\/svm-temp\/nyheter\/motorvagsavgifter-och-okade-flygskatter-hindrar-tillvaxt-enligt-turistnaringen\/"]}]},{"@type":"ImageObject","inLanguage":"sv-SE","@id":"https:\/\/lightweb.dev\/l\/svm-temp\/nyheter\/motorvagsavgifter-och-okade-flygskatter-hindrar-tillvaxt-enligt-turistnaringen\/#primaryimage","url":"https:\/\/lightweb.dev\/l\/svm-temp\/wp-content\/uploads\/2022\/06\/motorvagsavgifter-och-okade-flygskatter-hindrar-tillvaxt-enligt-turistnaringen.png","contentUrl":"https:\/\/lightweb.dev\/l\/svm-temp\/wp-content\/uploads\/2022\/06\/motorvagsavgifter-och-okade-flygskatter-hindrar-tillvaxt-enligt-turistnaringen.png","width":501,"height":300},{"@type":"BreadcrumbList","@id":"https:\/\/lightweb.dev\/l\/svm-temp\/nyheter\/motorvagsavgifter-och-okade-flygskatter-hindrar-tillvaxt-enligt-turistnaringen\/#breadcrumb","itemListElement":[{"@type":"ListItem","position":1,"name":"Hem","item":"https:\/\/lightweb.dev\/l\/svm-temp\/"},{"@type":"ListItem","position":2,"name":"Motorv\u00e4gsavgifter och \u00f6kade flygskatter hindrar tillv\u00e4xt enligt turistn\u00e4ringen"}]},{"@type":"WebSite","@id":"https:\/\/lightweb.dev\/l\/svm-temp\/#website","url":"https:\/\/lightweb.dev\/l\/svm-temp\/","name":"Svenska Magasinet","description":"Dina Spanska nyheter p&aring; Svenska","publisher":{"@id":"https:\/\/lightweb.dev\/l\/svm-temp\/#organization"},"potentialAction":[{"@type":"SearchAction","target":{"@type":"EntryPoint","urlTemplate":"https:\/\/lightweb.dev\/l\/svm-temp\/?s={search_term_string}"},"query-input":{"@type":"PropertyValueSpecification","valueRequired":true,"valueName":"search_term_string"}}],"inLanguage":"sv-SE"},{"@type":"Organization","@id":"https:\/\/lightweb.dev\/l\/svm-temp\/#organization","name":"Melkerson y Nott SL","alternateName":"Svenska Magasinet","url":"https:\/\/lightweb.dev\/l\/svm-temp\/","logo":{"@type":"ImageObject","inLanguage":"sv-SE","@id":"https:\/\/lightweb.dev\/l\/svm-temp\/#\/schema\/logo\/image\/","url":"https:\/\/lightweb.dev\/l\/svm-temp\/wp-content\/uploads\/2025\/02\/SvM-logo-Xtra-Centrerad-SVART.png","contentUrl":"https:\/\/lightweb.dev\/l\/svm-temp\/wp-content\/uploads\/2025\/02\/SvM-logo-Xtra-Centrerad-SVART.png","width":300,"height":99,"caption":"Melkerson y Nott SL"},"image":{"@id":"https:\/\/lightweb.dev\/l\/svm-temp\/#\/schema\/logo\/image\/"},"sameAs":["https:\/\/www.facebook.com\/svenskamagasinet","https:\/\/x.com\/SvenskaMagasine"]},{"@type":"Person","@id":"https:\/\/lightweb.dev\/l\/svm-temp\/#\/schema\/person\/206a3bda5b607b0c25e1749191e4d837","name":"Redaktionen SvM","description":"Redaktionen","sameAs":["https:\/\/lightweb.dev\/l\/svm-temp"],"url":"https:\/\/lightweb.dev\/l\/svm-temp\/reporter\/redaktionen\/"}]}},"_links":{"self":[{"href":"https:\/\/lightweb.dev\/l\/svm-temp\/wp-json\/wp\/v2\/posts\/12199","targetHints":{"allow":["GET"]}}],"collection":[{"href":"https:\/\/lightweb.dev\/l\/svm-temp\/wp-json\/wp\/v2\/posts"}],"about":[{"href":"https:\/\/lightweb.dev\/l\/svm-temp\/wp-json\/wp\/v2\/types\/post"}],"author":[{"embeddable":true,"href":"https:\/\/lightweb.dev\/l\/svm-temp\/wp-json\/wp\/v2\/users\/8"}],"replies":[{"embeddable":true,"href":"https:\/\/lightweb.dev\/l\/svm-temp\/wp-json\/wp\/v2\/comments?post=12199"}],"version-history":[{"count":0,"href":"https:\/\/lightweb.dev\/l\/svm-temp\/wp-json\/wp\/v2\/posts\/12199\/revisions"}],"wp:featuredmedia":[{"embeddable":true,"href":"https:\/\/lightweb.dev\/l\/svm-temp\/wp-json\/wp\/v2\/media\/12200"}],"wp:attachment":[{"href":"https:\/\/lightweb.dev\/l\/svm-temp\/wp-json\/wp\/v2\/media?parent=12199"}],"wp:term":[{"taxonomy":"category","embeddable":true,"href":"https:\/\/lightweb.dev\/l\/svm-temp\/wp-json\/wp\/v2\/categories?post=12199"},{"taxonomy":"post_tag","embeddable":true,"href":"https:\/\/lightweb.dev\/l\/svm-temp\/wp-json\/wp\/v2\/tags?post=12199"}],"curies":[{"name":"wp","href":"https:\/\/api.w.org\/{rel}","templated":true}]}}