{"id":12201,"date":"2021-05-10T11:14:00","date_gmt":"2021-05-10T09:14:00","guid":{"rendered":"https:\/\/lightweb.dev\/l\/svm-temp\/nyheter\/malaga-ger-gront-ljus-till-fler-bord-och-stolar-vid-utomhusserveringar\/"},"modified":"2021-05-10T11:14:00","modified_gmt":"2021-05-10T09:14:00","slug":"malaga-ger-gront-ljus-till-fler-bord-och-stolar-vid-utomhusserveringar","status":"publish","type":"post","link":"https:\/\/lightweb.dev\/l\/svm-temp\/nyheter\/malaga-ger-gront-ljus-till-fler-bord-och-stolar-vid-utomhusserveringar\/","title":{"rendered":"M\u00e1laga ger gr\u00f6nt ljus till fler bord och stolar vid utomhusserveringar"},"content":{"rendered":"<p> M\u00e1laga kommun har tagit beslutet att bar -och restaurang\u00e4gare med trottoarserveringar kan f\u00e5 \u00f6ka ytan till det dubbla med bord och stolar. Beslutet tas f\u00f6r att st\u00f6dja serveringsst\u00e4llen d\u00e5 det blir en snabbare ekonomisk \u00e5terh\u00e4mtning och effekterna av pandemin lindras.<\/p>\n<p>Serveringsst\u00e4llen p\u00e5 Costa del Sol har lidit under tiden med h\u00e5rda coronarestriktioner. Det finns klara och tydliga regler om hur stor yta utomhus p\u00e5 trottoarer och torg varje bar och restaurang har. Med kravet om s\u00e4kerhetsavst\u00e5nd mellan varje bord har d\u00e4rf\u00f6r antalet bord vid uteserveringar minskat.<\/p>\n<p>Nu har M\u00e1laga kommun tagit beslutet att serveringsst\u00e4llen med bord och stolar utomhus kan \u00f6ka ytan till dubbelt, med h\u00e4nsyn till tv\u00e5metersavst\u00e5ndet mellan borden.<\/p>\n<p>\u00c4ven f\u00f6r barer och restauranger med utomhusserveringar p\u00e5 torg f\u00e5r m\u00f6jlighet att \u00f6ka serveringsytan med fler bord och stolar.<\/p>\n","protected":false},"excerpt":{"rendered":"<p>M\u00e1laga kommun har tagit beslutet att bar -och restaurang\u00e4gare med trottoarserveringar kan f\u00e5 \u00f6ka ytan till det dubbla med bord och stolar. Beslutet tas f\u00f6r att st\u00f6dja serveringsst\u00e4llen d\u00e5 det blir en snabbare ekonomisk \u00e5terh\u00e4mtning och effekterna av pandemin lindras. Serveringsst\u00e4llen p\u00e5 Costa del Sol har lidit under tiden med h\u00e5rda coronarestriktioner. Det finns klara [&hellip;]<\/p>\n","protected":false},"author":8,"featured_media":12202,"comment_status":"open","ping_status":"open","sticky":false,"template":"","format":"standard","meta":{"_et_pb_use_builder":"","_et_pb_old_content":"","_et_gb_content_width":"","footnotes":""},"categories":[395,3],"tags":[],"class_list":["post-12201","post","type-post","status-publish","format-standard","has-post-thumbnail","hentry","category-arkiv-nyheter","category-nyheter"],"yoast_head":"<!-- This site is optimized with the Yoast SEO Premium plugin v26.2 (Yoast SEO v27.4) - https:\/\/yoast.com\/product\/yoast-seo-premium-wordpress\/ -->\n<title>M\u00e1laga ger gr\u00f6nt ljus till fler bord och stolar vid utomhusserveringar - Svenska Magasinet<\/title>\n<meta name=\"robots\" content=\"noindex, follow, max-snippet:-1, max-image-preview:large, max-video-preview:-1\" \/>\n<meta property=\"og:locale\" content=\"sv_SE\" \/>\n<meta property=\"og:type\" content=\"article\" \/>\n<meta property=\"og:title\" content=\"M\u00e1laga ger gr\u00f6nt ljus till fler bord och stolar vid utomhusserveringar\" \/>\n<meta property=\"og:description\" content=\"M\u00e1laga kommun har tagit beslutet att bar -och restaurang\u00e4gare med trottoarserveringar kan f\u00e5 \u00f6ka ytan till det dubbla med bord och stolar. Beslutet tas f\u00f6r att st\u00f6dja serveringsst\u00e4llen d\u00e5 det blir en snabbare ekonomisk \u00e5terh\u00e4mtning och effekterna av pandemin lindras. Serveringsst\u00e4llen p\u00e5 Costa del Sol har lidit under tiden med h\u00e5rda coronarestriktioner. Det finns klara [&hellip;]\" \/>\n<meta property=\"og:url\" content=\"https:\/\/lightweb.dev\/l\/svm-temp\/nyheter\/malaga-ger-gront-ljus-till-fler-bord-och-stolar-vid-utomhusserveringar\/\" \/>\n<meta property=\"og:site_name\" content=\"Svenska Magasinet\" \/>\n<meta property=\"article:publisher\" content=\"https:\/\/www.facebook.com\/svenskamagasinet\" \/>\n<meta property=\"article:published_time\" content=\"2021-05-10T09:14:00+00:00\" \/>\n<meta property=\"og:image\" content=\"https:\/\/lightweb.dev\/l\/svm-temp\/wp-content\/uploads\/2022\/06\/malaga-ger-gront-ljus-till-fler-bord-och-stolar-vid-utomhusserveringar.png\" \/>\n\t<meta property=\"og:image:width\" content=\"500\" \/>\n\t<meta property=\"og:image:height\" content=\"300\" \/>\n\t<meta property=\"og:image:type\" content=\"image\/png\" \/>\n<meta name=\"author\" content=\"Redaktionen SvM\" \/>\n<meta name=\"twitter:card\" content=\"summary_large_image\" \/>\n<meta name=\"twitter:creator\" content=\"@SvenskaMagasine\" \/>\n<meta name=\"twitter:site\" content=\"@SvenskaMagasine\" \/>\n<script type=\"application\/ld+json\" class=\"yoast-schema-graph\">{\"@context\":\"https:\\\/\\\/schema.org\",\"@graph\":[{\"@type\":\"Article\",\"@id\":\"https:\\\/\\\/lightweb.dev\\\/l\\\/svm-temp\\\/nyheter\\\/malaga-ger-gront-ljus-till-fler-bord-och-stolar-vid-utomhusserveringar\\\/#article\",\"isPartOf\":{\"@id\":\"https:\\\/\\\/lightweb.dev\\\/l\\\/svm-temp\\\/nyheter\\\/malaga-ger-gront-ljus-till-fler-bord-och-stolar-vid-utomhusserveringar\\\/\"},\"author\":{\"name\":\"Redaktionen SvM\",\"@id\":\"https:\\\/\\\/lightweb.dev\\\/l\\\/svm-temp\\\/#\\\/schema\\\/person\\\/206a3bda5b607b0c25e1749191e4d837\"},\"headline\":\"M\u00e1laga ger gr\u00f6nt ljus till fler bord och stolar vid utomhusserveringar\",\"datePublished\":\"2021-05-10T09:14:00+00:00\",\"mainEntityOfPage\":{\"@id\":\"https:\\\/\\\/lightweb.dev\\\/l\\\/svm-temp\\\/nyheter\\\/malaga-ger-gront-ljus-till-fler-bord-och-stolar-vid-utomhusserveringar\\\/\"},\"wordCount\":162,\"commentCount\":0,\"publisher\":{\"@id\":\"https:\\\/\\\/lightweb.dev\\\/l\\\/svm-temp\\\/#organization\"},\"image\":{\"@id\":\"https:\\\/\\\/lightweb.dev\\\/l\\\/svm-temp\\\/nyheter\\\/malaga-ger-gront-ljus-till-fler-bord-och-stolar-vid-utomhusserveringar\\\/#primaryimage\"},\"thumbnailUrl\":\"https:\\\/\\\/lightweb.dev\\\/l\\\/svm-temp\\\/wp-content\\\/uploads\\\/2022\\\/06\\\/malaga-ger-gront-ljus-till-fler-bord-och-stolar-vid-utomhusserveringar.png\",\"articleSection\":[\"Arkiv\",\"Nyheter\"],\"inLanguage\":\"sv-SE\"},{\"@type\":\"WebPage\",\"@id\":\"https:\\\/\\\/lightweb.dev\\\/l\\\/svm-temp\\\/nyheter\\\/malaga-ger-gront-ljus-till-fler-bord-och-stolar-vid-utomhusserveringar\\\/\",\"url\":\"https:\\\/\\\/lightweb.dev\\\/l\\\/svm-temp\\\/nyheter\\\/malaga-ger-gront-ljus-till-fler-bord-och-stolar-vid-utomhusserveringar\\\/\",\"name\":\"M\u00e1laga ger gr\u00f6nt ljus till fler bord och stolar vid utomhusserveringar - Svenska Magasinet\",\"isPartOf\":{\"@id\":\"https:\\\/\\\/lightweb.dev\\\/l\\\/svm-temp\\\/#website\"},\"primaryImageOfPage\":{\"@id\":\"https:\\\/\\\/lightweb.dev\\\/l\\\/svm-temp\\\/nyheter\\\/malaga-ger-gront-ljus-till-fler-bord-och-stolar-vid-utomhusserveringar\\\/#primaryimage\"},\"image\":{\"@id\":\"https:\\\/\\\/lightweb.dev\\\/l\\\/svm-temp\\\/nyheter\\\/malaga-ger-gront-ljus-till-fler-bord-och-stolar-vid-utomhusserveringar\\\/#primaryimage\"},\"thumbnailUrl\":\"https:\\\/\\\/lightweb.dev\\\/l\\\/svm-temp\\\/wp-content\\\/uploads\\\/2022\\\/06\\\/malaga-ger-gront-ljus-till-fler-bord-och-stolar-vid-utomhusserveringar.png\",\"datePublished\":\"2021-05-10T09:14:00+00:00\",\"breadcrumb\":{\"@id\":\"https:\\\/\\\/lightweb.dev\\\/l\\\/svm-temp\\\/nyheter\\\/malaga-ger-gront-ljus-till-fler-bord-och-stolar-vid-utomhusserveringar\\\/#breadcrumb\"},\"inLanguage\":\"sv-SE\",\"potentialAction\":[{\"@type\":\"ReadAction\",\"target\":[\"https:\\\/\\\/lightweb.dev\\\/l\\\/svm-temp\\\/nyheter\\\/malaga-ger-gront-ljus-till-fler-bord-och-stolar-vid-utomhusserveringar\\\/\"]}]},{\"@type\":\"ImageObject\",\"inLanguage\":\"sv-SE\",\"@id\":\"https:\\\/\\\/lightweb.dev\\\/l\\\/svm-temp\\\/nyheter\\\/malaga-ger-gront-ljus-till-fler-bord-och-stolar-vid-utomhusserveringar\\\/#primaryimage\",\"url\":\"https:\\\/\\\/lightweb.dev\\\/l\\\/svm-temp\\\/wp-content\\\/uploads\\\/2022\\\/06\\\/malaga-ger-gront-ljus-till-fler-bord-och-stolar-vid-utomhusserveringar.png\",\"contentUrl\":\"https:\\\/\\\/lightweb.dev\\\/l\\\/svm-temp\\\/wp-content\\\/uploads\\\/2022\\\/06\\\/malaga-ger-gront-ljus-till-fler-bord-och-stolar-vid-utomhusserveringar.png\",\"width\":500,\"height\":300},{\"@type\":\"BreadcrumbList\",\"@id\":\"https:\\\/\\\/lightweb.dev\\\/l\\\/svm-temp\\\/nyheter\\\/malaga-ger-gront-ljus-till-fler-bord-och-stolar-vid-utomhusserveringar\\\/#breadcrumb\",\"itemListElement\":[{\"@type\":\"ListItem\",\"position\":1,\"name\":\"Hem\",\"item\":\"https:\\\/\\\/lightweb.dev\\\/l\\\/svm-temp\\\/\"},{\"@type\":\"ListItem\",\"position\":2,\"name\":\"M\u00e1laga ger gr\u00f6nt ljus till fler bord och stolar vid utomhusserveringar\"}]},{\"@type\":\"WebSite\",\"@id\":\"https:\\\/\\\/lightweb.dev\\\/l\\\/svm-temp\\\/#website\",\"url\":\"https:\\\/\\\/lightweb.dev\\\/l\\\/svm-temp\\\/\",\"name\":\"Svenska Magasinet\",\"description\":\"Dina Spanska nyheter p&aring; Svenska\",\"publisher\":{\"@id\":\"https:\\\/\\\/lightweb.dev\\\/l\\\/svm-temp\\\/#organization\"},\"potentialAction\":[{\"@type\":\"SearchAction\",\"target\":{\"@type\":\"EntryPoint\",\"urlTemplate\":\"https:\\\/\\\/lightweb.dev\\\/l\\\/svm-temp\\\/?s={search_term_string}\"},\"query-input\":{\"@type\":\"PropertyValueSpecification\",\"valueRequired\":true,\"valueName\":\"search_term_string\"}}],\"inLanguage\":\"sv-SE\"},{\"@type\":\"Organization\",\"@id\":\"https:\\\/\\\/lightweb.dev\\\/l\\\/svm-temp\\\/#organization\",\"name\":\"Melkerson y Nott SL\",\"alternateName\":\"Svenska Magasinet\",\"url\":\"https:\\\/\\\/lightweb.dev\\\/l\\\/svm-temp\\\/\",\"logo\":{\"@type\":\"ImageObject\",\"inLanguage\":\"sv-SE\",\"@id\":\"https:\\\/\\\/lightweb.dev\\\/l\\\/svm-temp\\\/#\\\/schema\\\/logo\\\/image\\\/\",\"url\":\"https:\\\/\\\/lightweb.dev\\\/l\\\/svm-temp\\\/wp-content\\\/uploads\\\/2025\\\/02\\\/SvM-logo-Xtra-Centrerad-SVART.png\",\"contentUrl\":\"https:\\\/\\\/lightweb.dev\\\/l\\\/svm-temp\\\/wp-content\\\/uploads\\\/2025\\\/02\\\/SvM-logo-Xtra-Centrerad-SVART.png\",\"width\":300,\"height\":99,\"caption\":\"Melkerson y Nott SL\"},\"image\":{\"@id\":\"https:\\\/\\\/lightweb.dev\\\/l\\\/svm-temp\\\/#\\\/schema\\\/logo\\\/image\\\/\"},\"sameAs\":[\"https:\\\/\\\/www.facebook.com\\\/svenskamagasinet\",\"https:\\\/\\\/x.com\\\/SvenskaMagasine\"]},{\"@type\":\"Person\",\"@id\":\"https:\\\/\\\/lightweb.dev\\\/l\\\/svm-temp\\\/#\\\/schema\\\/person\\\/206a3bda5b607b0c25e1749191e4d837\",\"name\":\"Redaktionen SvM\",\"description\":\"Redaktionen\",\"sameAs\":[\"https:\\\/\\\/lightweb.dev\\\/l\\\/svm-temp\"],\"url\":\"https:\\\/\\\/lightweb.dev\\\/l\\\/svm-temp\\\/reporter\\\/redaktionen\\\/\"}]}<\/script>\n<!-- \/ Yoast SEO Premium plugin. -->","yoast_head_json":{"title":"M\u00e1laga ger gr\u00f6nt ljus till fler bord och stolar vid utomhusserveringar - Svenska Magasinet","robots":{"index":"noindex","follow":"follow","max-snippet":"max-snippet:-1","max-image-preview":"max-image-preview:large","max-video-preview":"max-video-preview:-1"},"og_locale":"sv_SE","og_type":"article","og_title":"M\u00e1laga ger gr\u00f6nt ljus till fler bord och stolar vid utomhusserveringar","og_description":"M\u00e1laga kommun har tagit beslutet att bar -och restaurang\u00e4gare med trottoarserveringar kan f\u00e5 \u00f6ka ytan till det dubbla med bord och stolar. Beslutet tas f\u00f6r att st\u00f6dja serveringsst\u00e4llen d\u00e5 det blir en snabbare ekonomisk \u00e5terh\u00e4mtning och effekterna av pandemin lindras. Serveringsst\u00e4llen p\u00e5 Costa del Sol har lidit under tiden med h\u00e5rda coronarestriktioner. Det finns klara [&hellip;]","og_url":"https:\/\/lightweb.dev\/l\/svm-temp\/nyheter\/malaga-ger-gront-ljus-till-fler-bord-och-stolar-vid-utomhusserveringar\/","og_site_name":"Svenska Magasinet","article_publisher":"https:\/\/www.facebook.com\/svenskamagasinet","article_published_time":"2021-05-10T09:14:00+00:00","og_image":[{"width":500,"height":300,"url":"https:\/\/lightweb.dev\/l\/svm-temp\/wp-content\/uploads\/2022\/06\/malaga-ger-gront-ljus-till-fler-bord-och-stolar-vid-utomhusserveringar.png","type":"image\/png"}],"author":"Redaktionen SvM","twitter_card":"summary_large_image","twitter_creator":"@SvenskaMagasine","twitter_site":"@SvenskaMagasine","schema":{"@context":"https:\/\/schema.org","@graph":[{"@type":"Article","@id":"https:\/\/lightweb.dev\/l\/svm-temp\/nyheter\/malaga-ger-gront-ljus-till-fler-bord-och-stolar-vid-utomhusserveringar\/#article","isPartOf":{"@id":"https:\/\/lightweb.dev\/l\/svm-temp\/nyheter\/malaga-ger-gront-ljus-till-fler-bord-och-stolar-vid-utomhusserveringar\/"},"author":{"name":"Redaktionen SvM","@id":"https:\/\/lightweb.dev\/l\/svm-temp\/#\/schema\/person\/206a3bda5b607b0c25e1749191e4d837"},"headline":"M\u00e1laga ger gr\u00f6nt ljus till fler bord och stolar vid utomhusserveringar","datePublished":"2021-05-10T09:14:00+00:00","mainEntityOfPage":{"@id":"https:\/\/lightweb.dev\/l\/svm-temp\/nyheter\/malaga-ger-gront-ljus-till-fler-bord-och-stolar-vid-utomhusserveringar\/"},"wordCount":162,"commentCount":0,"publisher":{"@id":"https:\/\/lightweb.dev\/l\/svm-temp\/#organization"},"image":{"@id":"https:\/\/lightweb.dev\/l\/svm-temp\/nyheter\/malaga-ger-gront-ljus-till-fler-bord-och-stolar-vid-utomhusserveringar\/#primaryimage"},"thumbnailUrl":"https:\/\/lightweb.dev\/l\/svm-temp\/wp-content\/uploads\/2022\/06\/malaga-ger-gront-ljus-till-fler-bord-och-stolar-vid-utomhusserveringar.png","articleSection":["Arkiv","Nyheter"],"inLanguage":"sv-SE"},{"@type":"WebPage","@id":"https:\/\/lightweb.dev\/l\/svm-temp\/nyheter\/malaga-ger-gront-ljus-till-fler-bord-och-stolar-vid-utomhusserveringar\/","url":"https:\/\/lightweb.dev\/l\/svm-temp\/nyheter\/malaga-ger-gront-ljus-till-fler-bord-och-stolar-vid-utomhusserveringar\/","name":"M\u00e1laga ger gr\u00f6nt ljus till fler bord och stolar vid utomhusserveringar - Svenska Magasinet","isPartOf":{"@id":"https:\/\/lightweb.dev\/l\/svm-temp\/#website"},"primaryImageOfPage":{"@id":"https:\/\/lightweb.dev\/l\/svm-temp\/nyheter\/malaga-ger-gront-ljus-till-fler-bord-och-stolar-vid-utomhusserveringar\/#primaryimage"},"image":{"@id":"https:\/\/lightweb.dev\/l\/svm-temp\/nyheter\/malaga-ger-gront-ljus-till-fler-bord-och-stolar-vid-utomhusserveringar\/#primaryimage"},"thumbnailUrl":"https:\/\/lightweb.dev\/l\/svm-temp\/wp-content\/uploads\/2022\/06\/malaga-ger-gront-ljus-till-fler-bord-och-stolar-vid-utomhusserveringar.png","datePublished":"2021-05-10T09:14:00+00:00","breadcrumb":{"@id":"https:\/\/lightweb.dev\/l\/svm-temp\/nyheter\/malaga-ger-gront-ljus-till-fler-bord-och-stolar-vid-utomhusserveringar\/#breadcrumb"},"inLanguage":"sv-SE","potentialAction":[{"@type":"ReadAction","target":["https:\/\/lightweb.dev\/l\/svm-temp\/nyheter\/malaga-ger-gront-ljus-till-fler-bord-och-stolar-vid-utomhusserveringar\/"]}]},{"@type":"ImageObject","inLanguage":"sv-SE","@id":"https:\/\/lightweb.dev\/l\/svm-temp\/nyheter\/malaga-ger-gront-ljus-till-fler-bord-och-stolar-vid-utomhusserveringar\/#primaryimage","url":"https:\/\/lightweb.dev\/l\/svm-temp\/wp-content\/uploads\/2022\/06\/malaga-ger-gront-ljus-till-fler-bord-och-stolar-vid-utomhusserveringar.png","contentUrl":"https:\/\/lightweb.dev\/l\/svm-temp\/wp-content\/uploads\/2022\/06\/malaga-ger-gront-ljus-till-fler-bord-och-stolar-vid-utomhusserveringar.png","width":500,"height":300},{"@type":"BreadcrumbList","@id":"https:\/\/lightweb.dev\/l\/svm-temp\/nyheter\/malaga-ger-gront-ljus-till-fler-bord-och-stolar-vid-utomhusserveringar\/#breadcrumb","itemListElement":[{"@type":"ListItem","position":1,"name":"Hem","item":"https:\/\/lightweb.dev\/l\/svm-temp\/"},{"@type":"ListItem","position":2,"name":"M\u00e1laga ger gr\u00f6nt ljus till fler bord och stolar vid utomhusserveringar"}]},{"@type":"WebSite","@id":"https:\/\/lightweb.dev\/l\/svm-temp\/#website","url":"https:\/\/lightweb.dev\/l\/svm-temp\/","name":"Svenska Magasinet","description":"Dina Spanska nyheter p&aring; Svenska","publisher":{"@id":"https:\/\/lightweb.dev\/l\/svm-temp\/#organization"},"potentialAction":[{"@type":"SearchAction","target":{"@type":"EntryPoint","urlTemplate":"https:\/\/lightweb.dev\/l\/svm-temp\/?s={search_term_string}"},"query-input":{"@type":"PropertyValueSpecification","valueRequired":true,"valueName":"search_term_string"}}],"inLanguage":"sv-SE"},{"@type":"Organization","@id":"https:\/\/lightweb.dev\/l\/svm-temp\/#organization","name":"Melkerson y Nott SL","alternateName":"Svenska Magasinet","url":"https:\/\/lightweb.dev\/l\/svm-temp\/","logo":{"@type":"ImageObject","inLanguage":"sv-SE","@id":"https:\/\/lightweb.dev\/l\/svm-temp\/#\/schema\/logo\/image\/","url":"https:\/\/lightweb.dev\/l\/svm-temp\/wp-content\/uploads\/2025\/02\/SvM-logo-Xtra-Centrerad-SVART.png","contentUrl":"https:\/\/lightweb.dev\/l\/svm-temp\/wp-content\/uploads\/2025\/02\/SvM-logo-Xtra-Centrerad-SVART.png","width":300,"height":99,"caption":"Melkerson y Nott SL"},"image":{"@id":"https:\/\/lightweb.dev\/l\/svm-temp\/#\/schema\/logo\/image\/"},"sameAs":["https:\/\/www.facebook.com\/svenskamagasinet","https:\/\/x.com\/SvenskaMagasine"]},{"@type":"Person","@id":"https:\/\/lightweb.dev\/l\/svm-temp\/#\/schema\/person\/206a3bda5b607b0c25e1749191e4d837","name":"Redaktionen SvM","description":"Redaktionen","sameAs":["https:\/\/lightweb.dev\/l\/svm-temp"],"url":"https:\/\/lightweb.dev\/l\/svm-temp\/reporter\/redaktionen\/"}]}},"_links":{"self":[{"href":"https:\/\/lightweb.dev\/l\/svm-temp\/wp-json\/wp\/v2\/posts\/12201","targetHints":{"allow":["GET"]}}],"collection":[{"href":"https:\/\/lightweb.dev\/l\/svm-temp\/wp-json\/wp\/v2\/posts"}],"about":[{"href":"https:\/\/lightweb.dev\/l\/svm-temp\/wp-json\/wp\/v2\/types\/post"}],"author":[{"embeddable":true,"href":"https:\/\/lightweb.dev\/l\/svm-temp\/wp-json\/wp\/v2\/users\/8"}],"replies":[{"embeddable":true,"href":"https:\/\/lightweb.dev\/l\/svm-temp\/wp-json\/wp\/v2\/comments?post=12201"}],"version-history":[{"count":0,"href":"https:\/\/lightweb.dev\/l\/svm-temp\/wp-json\/wp\/v2\/posts\/12201\/revisions"}],"wp:featuredmedia":[{"embeddable":true,"href":"https:\/\/lightweb.dev\/l\/svm-temp\/wp-json\/wp\/v2\/media\/12202"}],"wp:attachment":[{"href":"https:\/\/lightweb.dev\/l\/svm-temp\/wp-json\/wp\/v2\/media?parent=12201"}],"wp:term":[{"taxonomy":"category","embeddable":true,"href":"https:\/\/lightweb.dev\/l\/svm-temp\/wp-json\/wp\/v2\/categories?post=12201"},{"taxonomy":"post_tag","embeddable":true,"href":"https:\/\/lightweb.dev\/l\/svm-temp\/wp-json\/wp\/v2\/tags?post=12201"}],"curies":[{"name":"wp","href":"https:\/\/api.w.org\/{rel}","templated":true}]}}