{"id":12203,"date":"2021-05-10T13:27:00","date_gmt":"2021-05-10T11:27:00","guid":{"rendered":"https:\/\/lightweb.dev\/l\/svm-temp\/nyheter\/gunborg-sune-hallgren-firar-74-arig-brollopsdag\/"},"modified":"2021-05-10T13:27:00","modified_gmt":"2021-05-10T11:27:00","slug":"gunborg-sune-hallgren-firar-74-arig-brollopsdag","status":"publish","type":"post","link":"https:\/\/lightweb.dev\/l\/svm-temp\/nyheter\/gunborg-sune-hallgren-firar-74-arig-brollopsdag\/","title":{"rendered":"Gunborg &#x26; Sune Hallgren firar 74-\u00e5rig br\u00f6llopsdag"},"content":{"rendered":"<p> Den 10 maj 1947 sa de ja till varandra. Idag firar kustsvenskarna Gunborg &#038; Sune Hallgren 74-\u00e5rig br\u00f6llopsdag. Svenska Magasinet lyfter p\u00e5 hatten och s\u00e4ger \u201dstort grattis\u201d!<br \/>\n I februari 1989 flyttade paret Hallgren fr\u00e5n Norrk\u00f6ping till radhuset i La Cornisa i Calahonda. Sedan november ifjol \u00e4r de bosatta p\u00e5 Casa Klein i V\u00e9lez M\u00e1laga.<\/p>\n<p>P\u00e5 m\u00e5ndagen firades Gunborg och Sune p\u00e5 Casa Klein som \u00e4r ett skandinaviskt mellanting av senior\u2013 och rekreationshotell, konvalescenscenter och v\u00e5rdhem.<\/p>\n<p>&#8211; Vi har blivit s\u00e5 uppm\u00e4rksammade h\u00e4r p\u00e5 Casa Klein. De har gjort stiliga foton av oss, det \u00e4r gratulationskort, chokladkartong och firande, s\u00e4ger Gunborg Hallgren till Svenska Magasinet.<\/p>\n<p>Paret Hallgren har kommit upp i en h\u00f6g \u00e5lder. Sune \u00e4r p\u00e5 v\u00e4g att fylla 98 \u00e5r och i december blir Gunborg 96 \u00e5r.<\/p>\n<p>Svenska Magasinet har tidigare ber\u00e4ttat om Sune och Gunborg fr\u00e5n Norrk\u00f6ping som k\u00f6pte ett radhus i Calahonda 1988. Sune jobbade f\u00f6rst vid det milit\u00e4ra inom metrologi p\u00e5 F 13. Sedan som kemist vid ett st\u00f6rre f\u00f6retag i Norrk\u00f6ping.<\/p>\n<p>V\u00e4der var hans stora intresse. Under m\u00e5nga \u00e5r hade han sin egen sida p\u00e5 n\u00e4tet som hette \u201dSunes v\u00e4der\u201d. Han f\u00f6rde statistik \u00f6ver Solkustens v\u00e4der.<br \/>\n&#8211; Det blev lite f\u00f6r mycket s\u00e5 senaste \u00e5ren har sidan inte funnits, f\u00f6rklarar Gunborg som till\u00e4gger att de var bosatta i radhuset i Calahonda fram till november ifjol.<\/p>\n<p>Sedan dess bor de p\u00e5 Casa Klein i V\u00e9lez M\u00e1laga, och de stortrivs.<br \/>\n&#8211; Vi kommer inte att l\u00e4mna Spanien. Vi har gjort av med sommarhuset i Sverige. Nu vill vi stanna h\u00e4r. Vi blir s\u00e5 v\u00e4l omh\u00e4ndertagna. H\u00e4rligt att det finns m\u00e4nniskor som st\u00e4ller upp n\u00e4r vi inte sj\u00e4lva orkar, s\u00e4ger Gunborg.<\/p>\n<p>Den 10 maj 1947 sa Gunborg och Sune ja till varandra.<\/p>\n<p>74 \u00e5rs \u00e4ktenskap. Vad \u00e4r hemligheten?<br \/>\n&#8211; Det \u00e4r ingen hemlighet. Det g\u00e4ller bara att vara som man \u00e4r, glad och positiv. Vi har det j\u00e4ttebra tillsammans.<\/p>\n<p>P\u00e5 Casa Klein blir det gymnastik och boule. Dagarna g\u00e5r. Frukosten klockan 9 f\u00f6ljs av aktiviteter och sedan vila.<br \/>\n&#8211; Vi har en s\u00e5dan fin tr\u00e4dg\u00e5rd. I den kan vi promenera. Sedan blir det lunch, siesta. Sedan \u00e4r det dags f\u00f6r eftermiddagskaffe. Och s\u00e5 v\u00e4ntar middagen och sedan tv p\u00e5 rummet.<br \/>\n&#8211; Det \u00e4r internationellt. H\u00e4r finns b\u00e5de danskar, tyskar och norrm\u00e4n.<\/p>\n<p>Gunborg och Sune har tv\u00e5 d\u00f6ttrar varav en av dem bor h\u00e4r halva \u00e5ret. Den andra dottern \u00e4r bosatt i Storbritannien, har sommarhus i Elviria i Marbella och kommer hit d\u00e5 och d\u00e5.<br \/>\n&#8211; Vi har kontakt p\u00e5 Skype och Facetime varje dag.<\/p>\n<p>De sex barnbarnen och \u00e5tta barnbarnsbarnen \u00e4r spridda. N\u00e5gon bor i Australien, n\u00e5gon bor i Norge. Den senaste kom till f\u00f6r bara tre m\u00e5nader sedan.<\/p>\n<p>&#8211; De brukar h\u00e4lsa p\u00e5. Det \u00e4r en stor g\u00e5va, s\u00e4ger Gunborg.<\/p>\n<p>Paret Hallgren har varit engagerade i svenskkolonin under flera \u00e5r. F\u00f6rutom att Sune var president f\u00f6r bostadsomr\u00e5det La Cornisa i 14 \u00e5r var han engagerad i SPF i \u00e5tta \u00e5r med Gunborg som sekreterare.<\/p>\n<p>Ni trivs utm\u00e4rkt i Spanien?<br \/>\n&#8211; Oh ja. V\u00e4dret, m\u00e4nniskorna och maten. Vi har alltid k\u00e4nt oss s\u00e5 fria. Alla \u00e4r s\u00e5 trevliga. Vi har alltid trivts v\u00e4ldigt bra \u00e4ven om vi inte trodde att vi skulle stanna h\u00e4r s\u00e5 l\u00e4nge som det blivit\u2026<\/p>\n<p>Hur har det g\u00e5tt med covidsprutorna?<br \/>\n&#8211; Det har g\u00e5tt j\u00e4ttebra och ingen har varit smittad h\u00e4r. Den andra sprutan fick vi redan den 28 januari. S\u00e5 vi \u00e4r sprutade\u2026<\/p>\n","protected":false},"excerpt":{"rendered":"<p>Den 10 maj 1947 sa de ja till varandra. Idag firar kustsvenskarna Gunborg &#038; Sune Hallgren 74-\u00e5rig br\u00f6llopsdag. Svenska Magasinet lyfter p\u00e5 hatten och s\u00e4ger \u201dstort grattis\u201d! I februari 1989 flyttade paret Hallgren fr\u00e5n Norrk\u00f6ping till radhuset i La Cornisa i Calahonda. Sedan november ifjol \u00e4r de bosatta p\u00e5 Casa Klein i V\u00e9lez M\u00e1laga. P\u00e5 [&hellip;]<\/p>\n","protected":false},"author":8,"featured_media":12204,"comment_status":"open","ping_status":"open","sticky":false,"template":"","format":"standard","meta":{"_et_pb_use_builder":"","_et_pb_old_content":"","_et_gb_content_width":"","footnotes":""},"categories":[395,3],"tags":[],"class_list":["post-12203","post","type-post","status-publish","format-standard","has-post-thumbnail","hentry","category-arkiv-nyheter","category-nyheter"],"yoast_head":"<!-- This site is optimized with the Yoast SEO Premium plugin v26.2 (Yoast SEO v27.4) - https:\/\/yoast.com\/product\/yoast-seo-premium-wordpress\/ -->\n<title>Gunborg &#x26; Sune Hallgren firar 74-\u00e5rig br\u00f6llopsdag - Svenska Magasinet<\/title>\n<meta name=\"robots\" content=\"noindex, follow, max-snippet:-1, max-image-preview:large, max-video-preview:-1\" \/>\n<meta property=\"og:locale\" content=\"sv_SE\" \/>\n<meta property=\"og:type\" content=\"article\" \/>\n<meta property=\"og:title\" content=\"Gunborg &#x26; Sune Hallgren firar 74-\u00e5rig br\u00f6llopsdag\" \/>\n<meta property=\"og:description\" content=\"Den 10 maj 1947 sa de ja till varandra. Idag firar kustsvenskarna Gunborg &#038; Sune Hallgren 74-\u00e5rig br\u00f6llopsdag. Svenska Magasinet lyfter p\u00e5 hatten och s\u00e4ger \u201dstort grattis\u201d! I februari 1989 flyttade paret Hallgren fr\u00e5n Norrk\u00f6ping till radhuset i La Cornisa i Calahonda. Sedan november ifjol \u00e4r de bosatta p\u00e5 Casa Klein i V\u00e9lez M\u00e1laga. P\u00e5 [&hellip;]\" \/>\n<meta property=\"og:url\" content=\"https:\/\/lightweb.dev\/l\/svm-temp\/nyheter\/gunborg-sune-hallgren-firar-74-arig-brollopsdag\/\" \/>\n<meta property=\"og:site_name\" content=\"Svenska Magasinet\" \/>\n<meta property=\"article:publisher\" content=\"https:\/\/www.facebook.com\/svenskamagasinet\" \/>\n<meta property=\"article:published_time\" content=\"2021-05-10T11:27:00+00:00\" \/>\n<meta property=\"og:image\" content=\"https:\/\/lightweb.dev\/l\/svm-temp\/wp-content\/uploads\/2022\/06\/gunborg-x26-sune-hallgren-firar-74arig-brollopsdag.png\" \/>\n\t<meta property=\"og:image:width\" content=\"500\" \/>\n\t<meta property=\"og:image:height\" content=\"300\" \/>\n\t<meta property=\"og:image:type\" content=\"image\/png\" \/>\n<meta name=\"author\" content=\"Redaktionen SvM\" \/>\n<meta name=\"twitter:card\" content=\"summary_large_image\" \/>\n<meta name=\"twitter:creator\" content=\"@SvenskaMagasine\" \/>\n<meta name=\"twitter:site\" content=\"@SvenskaMagasine\" \/>\n<script type=\"application\/ld+json\" class=\"yoast-schema-graph\">{\"@context\":\"https:\\\/\\\/schema.org\",\"@graph\":[{\"@type\":\"Article\",\"@id\":\"https:\\\/\\\/lightweb.dev\\\/l\\\/svm-temp\\\/nyheter\\\/gunborg-sune-hallgren-firar-74-arig-brollopsdag\\\/#article\",\"isPartOf\":{\"@id\":\"https:\\\/\\\/lightweb.dev\\\/l\\\/svm-temp\\\/nyheter\\\/gunborg-sune-hallgren-firar-74-arig-brollopsdag\\\/\"},\"author\":{\"name\":\"Redaktionen SvM\",\"@id\":\"https:\\\/\\\/lightweb.dev\\\/l\\\/svm-temp\\\/#\\\/schema\\\/person\\\/206a3bda5b607b0c25e1749191e4d837\"},\"headline\":\"Gunborg &#x26; Sune Hallgren firar 74-\u00e5rig br\u00f6llopsdag\",\"datePublished\":\"2021-05-10T11:27:00+00:00\",\"mainEntityOfPage\":{\"@id\":\"https:\\\/\\\/lightweb.dev\\\/l\\\/svm-temp\\\/nyheter\\\/gunborg-sune-hallgren-firar-74-arig-brollopsdag\\\/\"},\"wordCount\":635,\"commentCount\":0,\"publisher\":{\"@id\":\"https:\\\/\\\/lightweb.dev\\\/l\\\/svm-temp\\\/#organization\"},\"image\":{\"@id\":\"https:\\\/\\\/lightweb.dev\\\/l\\\/svm-temp\\\/nyheter\\\/gunborg-sune-hallgren-firar-74-arig-brollopsdag\\\/#primaryimage\"},\"thumbnailUrl\":\"https:\\\/\\\/lightweb.dev\\\/l\\\/svm-temp\\\/wp-content\\\/uploads\\\/2022\\\/06\\\/gunborg-x26-sune-hallgren-firar-74arig-brollopsdag.png\",\"articleSection\":[\"Arkiv\",\"Nyheter\"],\"inLanguage\":\"sv-SE\"},{\"@type\":\"WebPage\",\"@id\":\"https:\\\/\\\/lightweb.dev\\\/l\\\/svm-temp\\\/nyheter\\\/gunborg-sune-hallgren-firar-74-arig-brollopsdag\\\/\",\"url\":\"https:\\\/\\\/lightweb.dev\\\/l\\\/svm-temp\\\/nyheter\\\/gunborg-sune-hallgren-firar-74-arig-brollopsdag\\\/\",\"name\":\"Gunborg &#x26; Sune Hallgren firar 74-\u00e5rig br\u00f6llopsdag - Svenska Magasinet\",\"isPartOf\":{\"@id\":\"https:\\\/\\\/lightweb.dev\\\/l\\\/svm-temp\\\/#website\"},\"primaryImageOfPage\":{\"@id\":\"https:\\\/\\\/lightweb.dev\\\/l\\\/svm-temp\\\/nyheter\\\/gunborg-sune-hallgren-firar-74-arig-brollopsdag\\\/#primaryimage\"},\"image\":{\"@id\":\"https:\\\/\\\/lightweb.dev\\\/l\\\/svm-temp\\\/nyheter\\\/gunborg-sune-hallgren-firar-74-arig-brollopsdag\\\/#primaryimage\"},\"thumbnailUrl\":\"https:\\\/\\\/lightweb.dev\\\/l\\\/svm-temp\\\/wp-content\\\/uploads\\\/2022\\\/06\\\/gunborg-x26-sune-hallgren-firar-74arig-brollopsdag.png\",\"datePublished\":\"2021-05-10T11:27:00+00:00\",\"breadcrumb\":{\"@id\":\"https:\\\/\\\/lightweb.dev\\\/l\\\/svm-temp\\\/nyheter\\\/gunborg-sune-hallgren-firar-74-arig-brollopsdag\\\/#breadcrumb\"},\"inLanguage\":\"sv-SE\",\"potentialAction\":[{\"@type\":\"ReadAction\",\"target\":[\"https:\\\/\\\/lightweb.dev\\\/l\\\/svm-temp\\\/nyheter\\\/gunborg-sune-hallgren-firar-74-arig-brollopsdag\\\/\"]}]},{\"@type\":\"ImageObject\",\"inLanguage\":\"sv-SE\",\"@id\":\"https:\\\/\\\/lightweb.dev\\\/l\\\/svm-temp\\\/nyheter\\\/gunborg-sune-hallgren-firar-74-arig-brollopsdag\\\/#primaryimage\",\"url\":\"https:\\\/\\\/lightweb.dev\\\/l\\\/svm-temp\\\/wp-content\\\/uploads\\\/2022\\\/06\\\/gunborg-x26-sune-hallgren-firar-74arig-brollopsdag.png\",\"contentUrl\":\"https:\\\/\\\/lightweb.dev\\\/l\\\/svm-temp\\\/wp-content\\\/uploads\\\/2022\\\/06\\\/gunborg-x26-sune-hallgren-firar-74arig-brollopsdag.png\",\"width\":500,\"height\":300},{\"@type\":\"BreadcrumbList\",\"@id\":\"https:\\\/\\\/lightweb.dev\\\/l\\\/svm-temp\\\/nyheter\\\/gunborg-sune-hallgren-firar-74-arig-brollopsdag\\\/#breadcrumb\",\"itemListElement\":[{\"@type\":\"ListItem\",\"position\":1,\"name\":\"Hem\",\"item\":\"https:\\\/\\\/lightweb.dev\\\/l\\\/svm-temp\\\/\"},{\"@type\":\"ListItem\",\"position\":2,\"name\":\"Gunborg &#x26; Sune Hallgren firar 74-\u00e5rig br\u00f6llopsdag\"}]},{\"@type\":\"WebSite\",\"@id\":\"https:\\\/\\\/lightweb.dev\\\/l\\\/svm-temp\\\/#website\",\"url\":\"https:\\\/\\\/lightweb.dev\\\/l\\\/svm-temp\\\/\",\"name\":\"Svenska Magasinet\",\"description\":\"Dina Spanska nyheter p&aring; Svenska\",\"publisher\":{\"@id\":\"https:\\\/\\\/lightweb.dev\\\/l\\\/svm-temp\\\/#organization\"},\"potentialAction\":[{\"@type\":\"SearchAction\",\"target\":{\"@type\":\"EntryPoint\",\"urlTemplate\":\"https:\\\/\\\/lightweb.dev\\\/l\\\/svm-temp\\\/?s={search_term_string}\"},\"query-input\":{\"@type\":\"PropertyValueSpecification\",\"valueRequired\":true,\"valueName\":\"search_term_string\"}}],\"inLanguage\":\"sv-SE\"},{\"@type\":\"Organization\",\"@id\":\"https:\\\/\\\/lightweb.dev\\\/l\\\/svm-temp\\\/#organization\",\"name\":\"Melkerson y Nott SL\",\"alternateName\":\"Svenska Magasinet\",\"url\":\"https:\\\/\\\/lightweb.dev\\\/l\\\/svm-temp\\\/\",\"logo\":{\"@type\":\"ImageObject\",\"inLanguage\":\"sv-SE\",\"@id\":\"https:\\\/\\\/lightweb.dev\\\/l\\\/svm-temp\\\/#\\\/schema\\\/logo\\\/image\\\/\",\"url\":\"https:\\\/\\\/lightweb.dev\\\/l\\\/svm-temp\\\/wp-content\\\/uploads\\\/2025\\\/02\\\/SvM-logo-Xtra-Centrerad-SVART.png\",\"contentUrl\":\"https:\\\/\\\/lightweb.dev\\\/l\\\/svm-temp\\\/wp-content\\\/uploads\\\/2025\\\/02\\\/SvM-logo-Xtra-Centrerad-SVART.png\",\"width\":300,\"height\":99,\"caption\":\"Melkerson y Nott SL\"},\"image\":{\"@id\":\"https:\\\/\\\/lightweb.dev\\\/l\\\/svm-temp\\\/#\\\/schema\\\/logo\\\/image\\\/\"},\"sameAs\":[\"https:\\\/\\\/www.facebook.com\\\/svenskamagasinet\",\"https:\\\/\\\/x.com\\\/SvenskaMagasine\"]},{\"@type\":\"Person\",\"@id\":\"https:\\\/\\\/lightweb.dev\\\/l\\\/svm-temp\\\/#\\\/schema\\\/person\\\/206a3bda5b607b0c25e1749191e4d837\",\"name\":\"Redaktionen SvM\",\"description\":\"Redaktionen\",\"sameAs\":[\"https:\\\/\\\/lightweb.dev\\\/l\\\/svm-temp\"],\"url\":\"https:\\\/\\\/lightweb.dev\\\/l\\\/svm-temp\\\/reporter\\\/redaktionen\\\/\"}]}<\/script>\n<!-- \/ Yoast SEO Premium plugin. -->","yoast_head_json":{"title":"Gunborg &#x26; Sune Hallgren firar 74-\u00e5rig br\u00f6llopsdag - Svenska Magasinet","robots":{"index":"noindex","follow":"follow","max-snippet":"max-snippet:-1","max-image-preview":"max-image-preview:large","max-video-preview":"max-video-preview:-1"},"og_locale":"sv_SE","og_type":"article","og_title":"Gunborg &#x26; Sune Hallgren firar 74-\u00e5rig br\u00f6llopsdag","og_description":"Den 10 maj 1947 sa de ja till varandra. Idag firar kustsvenskarna Gunborg &#038; Sune Hallgren 74-\u00e5rig br\u00f6llopsdag. Svenska Magasinet lyfter p\u00e5 hatten och s\u00e4ger \u201dstort grattis\u201d! I februari 1989 flyttade paret Hallgren fr\u00e5n Norrk\u00f6ping till radhuset i La Cornisa i Calahonda. Sedan november ifjol \u00e4r de bosatta p\u00e5 Casa Klein i V\u00e9lez M\u00e1laga. P\u00e5 [&hellip;]","og_url":"https:\/\/lightweb.dev\/l\/svm-temp\/nyheter\/gunborg-sune-hallgren-firar-74-arig-brollopsdag\/","og_site_name":"Svenska Magasinet","article_publisher":"https:\/\/www.facebook.com\/svenskamagasinet","article_published_time":"2021-05-10T11:27:00+00:00","og_image":[{"width":500,"height":300,"url":"https:\/\/lightweb.dev\/l\/svm-temp\/wp-content\/uploads\/2022\/06\/gunborg-x26-sune-hallgren-firar-74arig-brollopsdag.png","type":"image\/png"}],"author":"Redaktionen SvM","twitter_card":"summary_large_image","twitter_creator":"@SvenskaMagasine","twitter_site":"@SvenskaMagasine","schema":{"@context":"https:\/\/schema.org","@graph":[{"@type":"Article","@id":"https:\/\/lightweb.dev\/l\/svm-temp\/nyheter\/gunborg-sune-hallgren-firar-74-arig-brollopsdag\/#article","isPartOf":{"@id":"https:\/\/lightweb.dev\/l\/svm-temp\/nyheter\/gunborg-sune-hallgren-firar-74-arig-brollopsdag\/"},"author":{"name":"Redaktionen SvM","@id":"https:\/\/lightweb.dev\/l\/svm-temp\/#\/schema\/person\/206a3bda5b607b0c25e1749191e4d837"},"headline":"Gunborg &#x26; Sune Hallgren firar 74-\u00e5rig br\u00f6llopsdag","datePublished":"2021-05-10T11:27:00+00:00","mainEntityOfPage":{"@id":"https:\/\/lightweb.dev\/l\/svm-temp\/nyheter\/gunborg-sune-hallgren-firar-74-arig-brollopsdag\/"},"wordCount":635,"commentCount":0,"publisher":{"@id":"https:\/\/lightweb.dev\/l\/svm-temp\/#organization"},"image":{"@id":"https:\/\/lightweb.dev\/l\/svm-temp\/nyheter\/gunborg-sune-hallgren-firar-74-arig-brollopsdag\/#primaryimage"},"thumbnailUrl":"https:\/\/lightweb.dev\/l\/svm-temp\/wp-content\/uploads\/2022\/06\/gunborg-x26-sune-hallgren-firar-74arig-brollopsdag.png","articleSection":["Arkiv","Nyheter"],"inLanguage":"sv-SE"},{"@type":"WebPage","@id":"https:\/\/lightweb.dev\/l\/svm-temp\/nyheter\/gunborg-sune-hallgren-firar-74-arig-brollopsdag\/","url":"https:\/\/lightweb.dev\/l\/svm-temp\/nyheter\/gunborg-sune-hallgren-firar-74-arig-brollopsdag\/","name":"Gunborg &#x26; Sune Hallgren firar 74-\u00e5rig br\u00f6llopsdag - Svenska Magasinet","isPartOf":{"@id":"https:\/\/lightweb.dev\/l\/svm-temp\/#website"},"primaryImageOfPage":{"@id":"https:\/\/lightweb.dev\/l\/svm-temp\/nyheter\/gunborg-sune-hallgren-firar-74-arig-brollopsdag\/#primaryimage"},"image":{"@id":"https:\/\/lightweb.dev\/l\/svm-temp\/nyheter\/gunborg-sune-hallgren-firar-74-arig-brollopsdag\/#primaryimage"},"thumbnailUrl":"https:\/\/lightweb.dev\/l\/svm-temp\/wp-content\/uploads\/2022\/06\/gunborg-x26-sune-hallgren-firar-74arig-brollopsdag.png","datePublished":"2021-05-10T11:27:00+00:00","breadcrumb":{"@id":"https:\/\/lightweb.dev\/l\/svm-temp\/nyheter\/gunborg-sune-hallgren-firar-74-arig-brollopsdag\/#breadcrumb"},"inLanguage":"sv-SE","potentialAction":[{"@type":"ReadAction","target":["https:\/\/lightweb.dev\/l\/svm-temp\/nyheter\/gunborg-sune-hallgren-firar-74-arig-brollopsdag\/"]}]},{"@type":"ImageObject","inLanguage":"sv-SE","@id":"https:\/\/lightweb.dev\/l\/svm-temp\/nyheter\/gunborg-sune-hallgren-firar-74-arig-brollopsdag\/#primaryimage","url":"https:\/\/lightweb.dev\/l\/svm-temp\/wp-content\/uploads\/2022\/06\/gunborg-x26-sune-hallgren-firar-74arig-brollopsdag.png","contentUrl":"https:\/\/lightweb.dev\/l\/svm-temp\/wp-content\/uploads\/2022\/06\/gunborg-x26-sune-hallgren-firar-74arig-brollopsdag.png","width":500,"height":300},{"@type":"BreadcrumbList","@id":"https:\/\/lightweb.dev\/l\/svm-temp\/nyheter\/gunborg-sune-hallgren-firar-74-arig-brollopsdag\/#breadcrumb","itemListElement":[{"@type":"ListItem","position":1,"name":"Hem","item":"https:\/\/lightweb.dev\/l\/svm-temp\/"},{"@type":"ListItem","position":2,"name":"Gunborg &#x26; Sune Hallgren firar 74-\u00e5rig br\u00f6llopsdag"}]},{"@type":"WebSite","@id":"https:\/\/lightweb.dev\/l\/svm-temp\/#website","url":"https:\/\/lightweb.dev\/l\/svm-temp\/","name":"Svenska Magasinet","description":"Dina Spanska nyheter p&aring; Svenska","publisher":{"@id":"https:\/\/lightweb.dev\/l\/svm-temp\/#organization"},"potentialAction":[{"@type":"SearchAction","target":{"@type":"EntryPoint","urlTemplate":"https:\/\/lightweb.dev\/l\/svm-temp\/?s={search_term_string}"},"query-input":{"@type":"PropertyValueSpecification","valueRequired":true,"valueName":"search_term_string"}}],"inLanguage":"sv-SE"},{"@type":"Organization","@id":"https:\/\/lightweb.dev\/l\/svm-temp\/#organization","name":"Melkerson y Nott SL","alternateName":"Svenska Magasinet","url":"https:\/\/lightweb.dev\/l\/svm-temp\/","logo":{"@type":"ImageObject","inLanguage":"sv-SE","@id":"https:\/\/lightweb.dev\/l\/svm-temp\/#\/schema\/logo\/image\/","url":"https:\/\/lightweb.dev\/l\/svm-temp\/wp-content\/uploads\/2025\/02\/SvM-logo-Xtra-Centrerad-SVART.png","contentUrl":"https:\/\/lightweb.dev\/l\/svm-temp\/wp-content\/uploads\/2025\/02\/SvM-logo-Xtra-Centrerad-SVART.png","width":300,"height":99,"caption":"Melkerson y Nott SL"},"image":{"@id":"https:\/\/lightweb.dev\/l\/svm-temp\/#\/schema\/logo\/image\/"},"sameAs":["https:\/\/www.facebook.com\/svenskamagasinet","https:\/\/x.com\/SvenskaMagasine"]},{"@type":"Person","@id":"https:\/\/lightweb.dev\/l\/svm-temp\/#\/schema\/person\/206a3bda5b607b0c25e1749191e4d837","name":"Redaktionen SvM","description":"Redaktionen","sameAs":["https:\/\/lightweb.dev\/l\/svm-temp"],"url":"https:\/\/lightweb.dev\/l\/svm-temp\/reporter\/redaktionen\/"}]}},"_links":{"self":[{"href":"https:\/\/lightweb.dev\/l\/svm-temp\/wp-json\/wp\/v2\/posts\/12203","targetHints":{"allow":["GET"]}}],"collection":[{"href":"https:\/\/lightweb.dev\/l\/svm-temp\/wp-json\/wp\/v2\/posts"}],"about":[{"href":"https:\/\/lightweb.dev\/l\/svm-temp\/wp-json\/wp\/v2\/types\/post"}],"author":[{"embeddable":true,"href":"https:\/\/lightweb.dev\/l\/svm-temp\/wp-json\/wp\/v2\/users\/8"}],"replies":[{"embeddable":true,"href":"https:\/\/lightweb.dev\/l\/svm-temp\/wp-json\/wp\/v2\/comments?post=12203"}],"version-history":[{"count":0,"href":"https:\/\/lightweb.dev\/l\/svm-temp\/wp-json\/wp\/v2\/posts\/12203\/revisions"}],"wp:featuredmedia":[{"embeddable":true,"href":"https:\/\/lightweb.dev\/l\/svm-temp\/wp-json\/wp\/v2\/media\/12204"}],"wp:attachment":[{"href":"https:\/\/lightweb.dev\/l\/svm-temp\/wp-json\/wp\/v2\/media?parent=12203"}],"wp:term":[{"taxonomy":"category","embeddable":true,"href":"https:\/\/lightweb.dev\/l\/svm-temp\/wp-json\/wp\/v2\/categories?post=12203"},{"taxonomy":"post_tag","embeddable":true,"href":"https:\/\/lightweb.dev\/l\/svm-temp\/wp-json\/wp\/v2\/tags?post=12203"}],"curies":[{"name":"wp","href":"https:\/\/api.w.org\/{rel}","templated":true}]}}