{"id":12205,"date":"2021-05-10T16:25:00","date_gmt":"2021-05-10T14:25:00","guid":{"rendered":"https:\/\/lightweb.dev\/l\/svm-temp\/nyheter\/covid-regler-fas-1-fran-9-maj-till-31-maj-2021\/"},"modified":"2021-05-10T16:25:00","modified_gmt":"2021-05-10T14:25:00","slug":"covid-regler-fas-1-fran-9-maj-till-31-maj-2021","status":"publish","type":"post","link":"https:\/\/lightweb.dev\/l\/svm-temp\/nyheter\/covid-regler-fas-1-fran-9-maj-till-31-maj-2021\/","title":{"rendered":"COVID-REGLER FAS 1, fr\u00e5n 9 maj till 31 maj 2021"},"content":{"rendered":"<p> H\u00e4r f\u00f6ljer en kortfattad sammanst\u00e4llning av vad som generellt g\u00e4ller fr\u00e5n 9 maj. Observera att det kan f\u00f6rekomma lokala och regionala best\u00e4mmelser. R\u00d6RLIGHET<br \/>\nNu kan du resa ut ur Andalusien. Endast vissa st\u00e4der har begr\u00e4nsningar. Se internet<br \/>\nwww.mapacovid.es<\/p>\n<p>INGET UTEG\u00c5NGSF\u00d6RBUD P\u00c5 NATTEN<br \/>\nDu beh\u00f6ver inte vara hemma vid en viss tidpunkt.<\/p>\n<p>\u00d6PPETTIDER F\u00d6R BARER OCH RESTAURANGER<br \/>\nRestauranger och barer f\u00e5r nu ha \u00f6ppet till midnatt. 10 personer till\u00e5tna vid terrassbord och 8 personer vid borden inomhus.<\/p>\n<p>\u00d6PPETTIDER F\u00d6R BUTIKER OCH F\u00d6RETAG<br \/>\nAff\u00e4rer f\u00e5r ha \u00f6ppet enligt deras egna normala \u00f6ppettider.<\/p>\n<p>DISKOTEK OCH SPECIFIKA LICENSIERADE PUBAR<br \/>\nM\u00e5ste st\u00e4nga sin verksamhet senast klockan 02.00.<\/p>\n<p>EVENEMANG OCH FESTER<br \/>\n300 personer inomhus. 500 personer utomhus.<\/p>\n<p>KULTUR &#038; SPORTEVENEMANG<br \/>\nL\u00e4mna ett s\u00e4te fritt mellan varandra.<\/p>\n<p>INRESA TILL SPANIEN<br \/>\nEU-medborgare kan komma till Spanien som turister eller residenter. PCR-test erfordras liksom h\u00e4lsodeklaration.<\/p>\n","protected":false},"excerpt":{"rendered":"<p>H\u00e4r f\u00f6ljer en kortfattad sammanst\u00e4llning av vad som generellt g\u00e4ller fr\u00e5n 9 maj. Observera att det kan f\u00f6rekomma lokala och regionala best\u00e4mmelser. R\u00d6RLIGHET Nu kan du resa ut ur Andalusien. Endast vissa st\u00e4der har begr\u00e4nsningar. Se internet www.mapacovid.es INGET UTEG\u00c5NGSF\u00d6RBUD P\u00c5 NATTEN Du beh\u00f6ver inte vara hemma vid en viss tidpunkt. \u00d6PPETTIDER F\u00d6R BARER OCH [&hellip;]<\/p>\n","protected":false},"author":8,"featured_media":12206,"comment_status":"open","ping_status":"open","sticky":false,"template":"","format":"standard","meta":{"_et_pb_use_builder":"","_et_pb_old_content":"","_et_gb_content_width":"","footnotes":""},"categories":[395,3],"tags":[],"class_list":["post-12205","post","type-post","status-publish","format-standard","has-post-thumbnail","hentry","category-arkiv-nyheter","category-nyheter"],"yoast_head":"<!-- This site is optimized with the Yoast SEO Premium plugin v26.2 (Yoast SEO v27.4) - https:\/\/yoast.com\/product\/yoast-seo-premium-wordpress\/ -->\n<title>COVID-REGLER FAS 1, fr\u00e5n 9 maj till 31 maj 2021 - Svenska Magasinet<\/title>\n<meta name=\"robots\" content=\"noindex, follow, max-snippet:-1, max-image-preview:large, max-video-preview:-1\" \/>\n<meta property=\"og:locale\" content=\"sv_SE\" \/>\n<meta property=\"og:type\" content=\"article\" \/>\n<meta property=\"og:title\" content=\"COVID-REGLER FAS 1, fr\u00e5n 9 maj till 31 maj 2021\" \/>\n<meta property=\"og:description\" content=\"H\u00e4r f\u00f6ljer en kortfattad sammanst\u00e4llning av vad som generellt g\u00e4ller fr\u00e5n 9 maj. Observera att det kan f\u00f6rekomma lokala och regionala best\u00e4mmelser. R\u00d6RLIGHET Nu kan du resa ut ur Andalusien. Endast vissa st\u00e4der har begr\u00e4nsningar. Se internet www.mapacovid.es INGET UTEG\u00c5NGSF\u00d6RBUD P\u00c5 NATTEN Du beh\u00f6ver inte vara hemma vid en viss tidpunkt. \u00d6PPETTIDER F\u00d6R BARER OCH [&hellip;]\" \/>\n<meta property=\"og:url\" content=\"https:\/\/lightweb.dev\/l\/svm-temp\/nyheter\/covid-regler-fas-1-fran-9-maj-till-31-maj-2021\/\" \/>\n<meta property=\"og:site_name\" content=\"Svenska Magasinet\" \/>\n<meta property=\"article:publisher\" content=\"https:\/\/www.facebook.com\/svenskamagasinet\" \/>\n<meta property=\"article:published_time\" content=\"2021-05-10T14:25:00+00:00\" \/>\n<meta property=\"og:image\" content=\"https:\/\/lightweb.dev\/l\/svm-temp\/wp-content\/uploads\/2022\/06\/covidregler-fas-1-fran-9-maj-till-31-maj-2021.png\" \/>\n\t<meta property=\"og:image:width\" content=\"500\" \/>\n\t<meta property=\"og:image:height\" content=\"300\" \/>\n\t<meta property=\"og:image:type\" content=\"image\/png\" \/>\n<meta name=\"author\" content=\"Redaktionen SvM\" \/>\n<meta name=\"twitter:card\" content=\"summary_large_image\" \/>\n<meta name=\"twitter:creator\" content=\"@SvenskaMagasine\" \/>\n<meta name=\"twitter:site\" content=\"@SvenskaMagasine\" \/>\n<script type=\"application\/ld+json\" class=\"yoast-schema-graph\">{\"@context\":\"https:\\\/\\\/schema.org\",\"@graph\":[{\"@type\":\"Article\",\"@id\":\"https:\\\/\\\/lightweb.dev\\\/l\\\/svm-temp\\\/nyheter\\\/covid-regler-fas-1-fran-9-maj-till-31-maj-2021\\\/#article\",\"isPartOf\":{\"@id\":\"https:\\\/\\\/lightweb.dev\\\/l\\\/svm-temp\\\/nyheter\\\/covid-regler-fas-1-fran-9-maj-till-31-maj-2021\\\/\"},\"author\":{\"name\":\"Redaktionen SvM\",\"@id\":\"https:\\\/\\\/lightweb.dev\\\/l\\\/svm-temp\\\/#\\\/schema\\\/person\\\/206a3bda5b607b0c25e1749191e4d837\"},\"headline\":\"COVID-REGLER FAS 1, fr\u00e5n 9 maj till 31 maj 2021\",\"datePublished\":\"2021-05-10T14:25:00+00:00\",\"mainEntityOfPage\":{\"@id\":\"https:\\\/\\\/lightweb.dev\\\/l\\\/svm-temp\\\/nyheter\\\/covid-regler-fas-1-fran-9-maj-till-31-maj-2021\\\/\"},\"wordCount\":163,\"commentCount\":0,\"publisher\":{\"@id\":\"https:\\\/\\\/lightweb.dev\\\/l\\\/svm-temp\\\/#organization\"},\"image\":{\"@id\":\"https:\\\/\\\/lightweb.dev\\\/l\\\/svm-temp\\\/nyheter\\\/covid-regler-fas-1-fran-9-maj-till-31-maj-2021\\\/#primaryimage\"},\"thumbnailUrl\":\"https:\\\/\\\/lightweb.dev\\\/l\\\/svm-temp\\\/wp-content\\\/uploads\\\/2022\\\/06\\\/covidregler-fas-1-fran-9-maj-till-31-maj-2021.png\",\"articleSection\":[\"Arkiv\",\"Nyheter\"],\"inLanguage\":\"sv-SE\"},{\"@type\":\"WebPage\",\"@id\":\"https:\\\/\\\/lightweb.dev\\\/l\\\/svm-temp\\\/nyheter\\\/covid-regler-fas-1-fran-9-maj-till-31-maj-2021\\\/\",\"url\":\"https:\\\/\\\/lightweb.dev\\\/l\\\/svm-temp\\\/nyheter\\\/covid-regler-fas-1-fran-9-maj-till-31-maj-2021\\\/\",\"name\":\"COVID-REGLER FAS 1, fr\u00e5n 9 maj till 31 maj 2021 - Svenska Magasinet\",\"isPartOf\":{\"@id\":\"https:\\\/\\\/lightweb.dev\\\/l\\\/svm-temp\\\/#website\"},\"primaryImageOfPage\":{\"@id\":\"https:\\\/\\\/lightweb.dev\\\/l\\\/svm-temp\\\/nyheter\\\/covid-regler-fas-1-fran-9-maj-till-31-maj-2021\\\/#primaryimage\"},\"image\":{\"@id\":\"https:\\\/\\\/lightweb.dev\\\/l\\\/svm-temp\\\/nyheter\\\/covid-regler-fas-1-fran-9-maj-till-31-maj-2021\\\/#primaryimage\"},\"thumbnailUrl\":\"https:\\\/\\\/lightweb.dev\\\/l\\\/svm-temp\\\/wp-content\\\/uploads\\\/2022\\\/06\\\/covidregler-fas-1-fran-9-maj-till-31-maj-2021.png\",\"datePublished\":\"2021-05-10T14:25:00+00:00\",\"breadcrumb\":{\"@id\":\"https:\\\/\\\/lightweb.dev\\\/l\\\/svm-temp\\\/nyheter\\\/covid-regler-fas-1-fran-9-maj-till-31-maj-2021\\\/#breadcrumb\"},\"inLanguage\":\"sv-SE\",\"potentialAction\":[{\"@type\":\"ReadAction\",\"target\":[\"https:\\\/\\\/lightweb.dev\\\/l\\\/svm-temp\\\/nyheter\\\/covid-regler-fas-1-fran-9-maj-till-31-maj-2021\\\/\"]}]},{\"@type\":\"ImageObject\",\"inLanguage\":\"sv-SE\",\"@id\":\"https:\\\/\\\/lightweb.dev\\\/l\\\/svm-temp\\\/nyheter\\\/covid-regler-fas-1-fran-9-maj-till-31-maj-2021\\\/#primaryimage\",\"url\":\"https:\\\/\\\/lightweb.dev\\\/l\\\/svm-temp\\\/wp-content\\\/uploads\\\/2022\\\/06\\\/covidregler-fas-1-fran-9-maj-till-31-maj-2021.png\",\"contentUrl\":\"https:\\\/\\\/lightweb.dev\\\/l\\\/svm-temp\\\/wp-content\\\/uploads\\\/2022\\\/06\\\/covidregler-fas-1-fran-9-maj-till-31-maj-2021.png\",\"width\":500,\"height\":300},{\"@type\":\"BreadcrumbList\",\"@id\":\"https:\\\/\\\/lightweb.dev\\\/l\\\/svm-temp\\\/nyheter\\\/covid-regler-fas-1-fran-9-maj-till-31-maj-2021\\\/#breadcrumb\",\"itemListElement\":[{\"@type\":\"ListItem\",\"position\":1,\"name\":\"Hem\",\"item\":\"https:\\\/\\\/lightweb.dev\\\/l\\\/svm-temp\\\/\"},{\"@type\":\"ListItem\",\"position\":2,\"name\":\"COVID-REGLER FAS 1, fr\u00e5n 9 maj till 31 maj 2021\"}]},{\"@type\":\"WebSite\",\"@id\":\"https:\\\/\\\/lightweb.dev\\\/l\\\/svm-temp\\\/#website\",\"url\":\"https:\\\/\\\/lightweb.dev\\\/l\\\/svm-temp\\\/\",\"name\":\"Svenska Magasinet\",\"description\":\"Dina Spanska nyheter p&aring; Svenska\",\"publisher\":{\"@id\":\"https:\\\/\\\/lightweb.dev\\\/l\\\/svm-temp\\\/#organization\"},\"potentialAction\":[{\"@type\":\"SearchAction\",\"target\":{\"@type\":\"EntryPoint\",\"urlTemplate\":\"https:\\\/\\\/lightweb.dev\\\/l\\\/svm-temp\\\/?s={search_term_string}\"},\"query-input\":{\"@type\":\"PropertyValueSpecification\",\"valueRequired\":true,\"valueName\":\"search_term_string\"}}],\"inLanguage\":\"sv-SE\"},{\"@type\":\"Organization\",\"@id\":\"https:\\\/\\\/lightweb.dev\\\/l\\\/svm-temp\\\/#organization\",\"name\":\"Melkerson y Nott SL\",\"alternateName\":\"Svenska Magasinet\",\"url\":\"https:\\\/\\\/lightweb.dev\\\/l\\\/svm-temp\\\/\",\"logo\":{\"@type\":\"ImageObject\",\"inLanguage\":\"sv-SE\",\"@id\":\"https:\\\/\\\/lightweb.dev\\\/l\\\/svm-temp\\\/#\\\/schema\\\/logo\\\/image\\\/\",\"url\":\"https:\\\/\\\/lightweb.dev\\\/l\\\/svm-temp\\\/wp-content\\\/uploads\\\/2025\\\/02\\\/SvM-logo-Xtra-Centrerad-SVART.png\",\"contentUrl\":\"https:\\\/\\\/lightweb.dev\\\/l\\\/svm-temp\\\/wp-content\\\/uploads\\\/2025\\\/02\\\/SvM-logo-Xtra-Centrerad-SVART.png\",\"width\":300,\"height\":99,\"caption\":\"Melkerson y Nott SL\"},\"image\":{\"@id\":\"https:\\\/\\\/lightweb.dev\\\/l\\\/svm-temp\\\/#\\\/schema\\\/logo\\\/image\\\/\"},\"sameAs\":[\"https:\\\/\\\/www.facebook.com\\\/svenskamagasinet\",\"https:\\\/\\\/x.com\\\/SvenskaMagasine\"]},{\"@type\":\"Person\",\"@id\":\"https:\\\/\\\/lightweb.dev\\\/l\\\/svm-temp\\\/#\\\/schema\\\/person\\\/206a3bda5b607b0c25e1749191e4d837\",\"name\":\"Redaktionen SvM\",\"description\":\"Redaktionen\",\"sameAs\":[\"https:\\\/\\\/lightweb.dev\\\/l\\\/svm-temp\"],\"url\":\"https:\\\/\\\/lightweb.dev\\\/l\\\/svm-temp\\\/reporter\\\/redaktionen\\\/\"}]}<\/script>\n<!-- \/ Yoast SEO Premium plugin. -->","yoast_head_json":{"title":"COVID-REGLER FAS 1, fr\u00e5n 9 maj till 31 maj 2021 - Svenska Magasinet","robots":{"index":"noindex","follow":"follow","max-snippet":"max-snippet:-1","max-image-preview":"max-image-preview:large","max-video-preview":"max-video-preview:-1"},"og_locale":"sv_SE","og_type":"article","og_title":"COVID-REGLER FAS 1, fr\u00e5n 9 maj till 31 maj 2021","og_description":"H\u00e4r f\u00f6ljer en kortfattad sammanst\u00e4llning av vad som generellt g\u00e4ller fr\u00e5n 9 maj. Observera att det kan f\u00f6rekomma lokala och regionala best\u00e4mmelser. R\u00d6RLIGHET Nu kan du resa ut ur Andalusien. Endast vissa st\u00e4der har begr\u00e4nsningar. Se internet www.mapacovid.es INGET UTEG\u00c5NGSF\u00d6RBUD P\u00c5 NATTEN Du beh\u00f6ver inte vara hemma vid en viss tidpunkt. \u00d6PPETTIDER F\u00d6R BARER OCH [&hellip;]","og_url":"https:\/\/lightweb.dev\/l\/svm-temp\/nyheter\/covid-regler-fas-1-fran-9-maj-till-31-maj-2021\/","og_site_name":"Svenska Magasinet","article_publisher":"https:\/\/www.facebook.com\/svenskamagasinet","article_published_time":"2021-05-10T14:25:00+00:00","og_image":[{"width":500,"height":300,"url":"https:\/\/lightweb.dev\/l\/svm-temp\/wp-content\/uploads\/2022\/06\/covidregler-fas-1-fran-9-maj-till-31-maj-2021.png","type":"image\/png"}],"author":"Redaktionen SvM","twitter_card":"summary_large_image","twitter_creator":"@SvenskaMagasine","twitter_site":"@SvenskaMagasine","schema":{"@context":"https:\/\/schema.org","@graph":[{"@type":"Article","@id":"https:\/\/lightweb.dev\/l\/svm-temp\/nyheter\/covid-regler-fas-1-fran-9-maj-till-31-maj-2021\/#article","isPartOf":{"@id":"https:\/\/lightweb.dev\/l\/svm-temp\/nyheter\/covid-regler-fas-1-fran-9-maj-till-31-maj-2021\/"},"author":{"name":"Redaktionen SvM","@id":"https:\/\/lightweb.dev\/l\/svm-temp\/#\/schema\/person\/206a3bda5b607b0c25e1749191e4d837"},"headline":"COVID-REGLER FAS 1, fr\u00e5n 9 maj till 31 maj 2021","datePublished":"2021-05-10T14:25:00+00:00","mainEntityOfPage":{"@id":"https:\/\/lightweb.dev\/l\/svm-temp\/nyheter\/covid-regler-fas-1-fran-9-maj-till-31-maj-2021\/"},"wordCount":163,"commentCount":0,"publisher":{"@id":"https:\/\/lightweb.dev\/l\/svm-temp\/#organization"},"image":{"@id":"https:\/\/lightweb.dev\/l\/svm-temp\/nyheter\/covid-regler-fas-1-fran-9-maj-till-31-maj-2021\/#primaryimage"},"thumbnailUrl":"https:\/\/lightweb.dev\/l\/svm-temp\/wp-content\/uploads\/2022\/06\/covidregler-fas-1-fran-9-maj-till-31-maj-2021.png","articleSection":["Arkiv","Nyheter"],"inLanguage":"sv-SE"},{"@type":"WebPage","@id":"https:\/\/lightweb.dev\/l\/svm-temp\/nyheter\/covid-regler-fas-1-fran-9-maj-till-31-maj-2021\/","url":"https:\/\/lightweb.dev\/l\/svm-temp\/nyheter\/covid-regler-fas-1-fran-9-maj-till-31-maj-2021\/","name":"COVID-REGLER FAS 1, fr\u00e5n 9 maj till 31 maj 2021 - Svenska Magasinet","isPartOf":{"@id":"https:\/\/lightweb.dev\/l\/svm-temp\/#website"},"primaryImageOfPage":{"@id":"https:\/\/lightweb.dev\/l\/svm-temp\/nyheter\/covid-regler-fas-1-fran-9-maj-till-31-maj-2021\/#primaryimage"},"image":{"@id":"https:\/\/lightweb.dev\/l\/svm-temp\/nyheter\/covid-regler-fas-1-fran-9-maj-till-31-maj-2021\/#primaryimage"},"thumbnailUrl":"https:\/\/lightweb.dev\/l\/svm-temp\/wp-content\/uploads\/2022\/06\/covidregler-fas-1-fran-9-maj-till-31-maj-2021.png","datePublished":"2021-05-10T14:25:00+00:00","breadcrumb":{"@id":"https:\/\/lightweb.dev\/l\/svm-temp\/nyheter\/covid-regler-fas-1-fran-9-maj-till-31-maj-2021\/#breadcrumb"},"inLanguage":"sv-SE","potentialAction":[{"@type":"ReadAction","target":["https:\/\/lightweb.dev\/l\/svm-temp\/nyheter\/covid-regler-fas-1-fran-9-maj-till-31-maj-2021\/"]}]},{"@type":"ImageObject","inLanguage":"sv-SE","@id":"https:\/\/lightweb.dev\/l\/svm-temp\/nyheter\/covid-regler-fas-1-fran-9-maj-till-31-maj-2021\/#primaryimage","url":"https:\/\/lightweb.dev\/l\/svm-temp\/wp-content\/uploads\/2022\/06\/covidregler-fas-1-fran-9-maj-till-31-maj-2021.png","contentUrl":"https:\/\/lightweb.dev\/l\/svm-temp\/wp-content\/uploads\/2022\/06\/covidregler-fas-1-fran-9-maj-till-31-maj-2021.png","width":500,"height":300},{"@type":"BreadcrumbList","@id":"https:\/\/lightweb.dev\/l\/svm-temp\/nyheter\/covid-regler-fas-1-fran-9-maj-till-31-maj-2021\/#breadcrumb","itemListElement":[{"@type":"ListItem","position":1,"name":"Hem","item":"https:\/\/lightweb.dev\/l\/svm-temp\/"},{"@type":"ListItem","position":2,"name":"COVID-REGLER FAS 1, fr\u00e5n 9 maj till 31 maj 2021"}]},{"@type":"WebSite","@id":"https:\/\/lightweb.dev\/l\/svm-temp\/#website","url":"https:\/\/lightweb.dev\/l\/svm-temp\/","name":"Svenska Magasinet","description":"Dina Spanska nyheter p&aring; Svenska","publisher":{"@id":"https:\/\/lightweb.dev\/l\/svm-temp\/#organization"},"potentialAction":[{"@type":"SearchAction","target":{"@type":"EntryPoint","urlTemplate":"https:\/\/lightweb.dev\/l\/svm-temp\/?s={search_term_string}"},"query-input":{"@type":"PropertyValueSpecification","valueRequired":true,"valueName":"search_term_string"}}],"inLanguage":"sv-SE"},{"@type":"Organization","@id":"https:\/\/lightweb.dev\/l\/svm-temp\/#organization","name":"Melkerson y Nott SL","alternateName":"Svenska Magasinet","url":"https:\/\/lightweb.dev\/l\/svm-temp\/","logo":{"@type":"ImageObject","inLanguage":"sv-SE","@id":"https:\/\/lightweb.dev\/l\/svm-temp\/#\/schema\/logo\/image\/","url":"https:\/\/lightweb.dev\/l\/svm-temp\/wp-content\/uploads\/2025\/02\/SvM-logo-Xtra-Centrerad-SVART.png","contentUrl":"https:\/\/lightweb.dev\/l\/svm-temp\/wp-content\/uploads\/2025\/02\/SvM-logo-Xtra-Centrerad-SVART.png","width":300,"height":99,"caption":"Melkerson y Nott SL"},"image":{"@id":"https:\/\/lightweb.dev\/l\/svm-temp\/#\/schema\/logo\/image\/"},"sameAs":["https:\/\/www.facebook.com\/svenskamagasinet","https:\/\/x.com\/SvenskaMagasine"]},{"@type":"Person","@id":"https:\/\/lightweb.dev\/l\/svm-temp\/#\/schema\/person\/206a3bda5b607b0c25e1749191e4d837","name":"Redaktionen SvM","description":"Redaktionen","sameAs":["https:\/\/lightweb.dev\/l\/svm-temp"],"url":"https:\/\/lightweb.dev\/l\/svm-temp\/reporter\/redaktionen\/"}]}},"_links":{"self":[{"href":"https:\/\/lightweb.dev\/l\/svm-temp\/wp-json\/wp\/v2\/posts\/12205","targetHints":{"allow":["GET"]}}],"collection":[{"href":"https:\/\/lightweb.dev\/l\/svm-temp\/wp-json\/wp\/v2\/posts"}],"about":[{"href":"https:\/\/lightweb.dev\/l\/svm-temp\/wp-json\/wp\/v2\/types\/post"}],"author":[{"embeddable":true,"href":"https:\/\/lightweb.dev\/l\/svm-temp\/wp-json\/wp\/v2\/users\/8"}],"replies":[{"embeddable":true,"href":"https:\/\/lightweb.dev\/l\/svm-temp\/wp-json\/wp\/v2\/comments?post=12205"}],"version-history":[{"count":0,"href":"https:\/\/lightweb.dev\/l\/svm-temp\/wp-json\/wp\/v2\/posts\/12205\/revisions"}],"wp:featuredmedia":[{"embeddable":true,"href":"https:\/\/lightweb.dev\/l\/svm-temp\/wp-json\/wp\/v2\/media\/12206"}],"wp:attachment":[{"href":"https:\/\/lightweb.dev\/l\/svm-temp\/wp-json\/wp\/v2\/media?parent=12205"}],"wp:term":[{"taxonomy":"category","embeddable":true,"href":"https:\/\/lightweb.dev\/l\/svm-temp\/wp-json\/wp\/v2\/categories?post=12205"},{"taxonomy":"post_tag","embeddable":true,"href":"https:\/\/lightweb.dev\/l\/svm-temp\/wp-json\/wp\/v2\/tags?post=12205"}],"curies":[{"name":"wp","href":"https:\/\/api.w.org\/{rel}","templated":true}]}}