{"id":12207,"date":"2021-05-07T10:09:00","date_gmt":"2021-05-07T08:09:00","guid":{"rendered":"https:\/\/lightweb.dev\/l\/svm-temp\/nyheter\/ett-forsta-steg-mot-normal-sommar-i-andalusien\/"},"modified":"2021-05-07T10:09:00","modified_gmt":"2021-05-07T08:09:00","slug":"ett-forsta-steg-mot-normal-sommar-i-andalusien","status":"publish","type":"post","link":"https:\/\/lightweb.dev\/l\/svm-temp\/nyheter\/ett-forsta-steg-mot-normal-sommar-i-andalusien\/","title":{"rendered":"Ett f\u00f6rsta steg mot normal sommar i Andalusien"},"content":{"rendered":"<p> Den 21 juni r\u00e4knar regionregeringen med att 70 procent av befolkningen i Andalusien har f\u00e5tt minst en vaccindos, och 40 procent ska ha blivit vaccinerade med tv\u00e5 doser. Det g\u00f6r att samtliga coronarestriktioner kommer att lyftas fr\u00e5n det datumet.<br \/>\n Som Svenska Magasinet ber\u00e4ttade p\u00e5 torsdagen h\u00e4vs perimeterkarant\u00e4nen och Andalusiens gr\u00e4nser \u00f6ppnar. \u00c4ven uteg\u00e5ngsf\u00f6rbudet nattetid lyfts. Andalusien inf\u00f6r detta redan fr\u00e5n l\u00f6rdagen den 8 maj. <\/p>\n<p>Fram till normaliteten den 21 juni v\u00e4ntar tv\u00e5 faser.<\/p>\n<p>Under den f\u00f6rsta fasen fram till den 31 maj kan serveringsst\u00e4llen h\u00e5lla \u00f6ppet fram till midnatt. Diskotek, pubar, nattklubbar och cocktailbarer kan h\u00e5lla \u00f6ppet till klockan 02. Dans till\u00e5ts endast utomhus.<\/p>\n<p>H\u00f6gst \u00e5tta personer kan samlas vid samma bord p\u00e5 serveringsst\u00e4llen inomhus och tio personer utomhus.<\/p>\n<p>F\u00f6delsedagsfester, br\u00f6llop och andra evenemang f\u00e5r en gr\u00e4ns p\u00e5 300 personer inomhus och 500 personer utomhus. <\/p>\n<p>I kommuner i sjukv\u00e5rdsdistrikt som ligger i de l\u00e4gre riskzonerna f\u00f6r smitta, zon 1 och 2, kan teatrar, sportevenemang och tjurf\u00e4ktningar arrangeras med publik och med en stol ledig mellan varje \u00e5sk\u00e5dare. I kommuner i riskzon 3 och 4 ska ett avst\u00e5nd p\u00e5 1,5 meter h\u00e5llas. <\/p>\n<p>Vid str\u00e4nder och pooler g\u00e4ller avst\u00e5ndet 1,5 meter mellan grupper uppe p\u00e5 land.<\/p>\n<p>Regionpresidenten Juanma Moreno meddelade vid det tv-s\u00e4nda framtr\u00e4dande i Canal SUR p\u00e5 torsdagskv\u00e4llen att kommuner med ett incidenstal fr\u00e5n 1.000 smittade per 100.000 inv\u00e5nare under de senaste 14 dagarna hamnar i perimeterkarant\u00e4n. Detta g\u00e4ller f\u00f6r kommuner med \u00f6ver 5.000 inv\u00e5nare. <\/p>\n<p>I dagsl\u00e4get \u00e4r det bara fem kommuner med \u00f6ver 5.000 inv\u00e5nare som har incidenstalet fr\u00e5n 1.000. Det \u00e4r Loja och Montefr\u00edo i provinsen Granada, Bornos och Villamart\u00edn i C\u00e1dizprovinsen samt Castro del R\u00edo i C\u00f3rdobaprovinsen.<\/p>\n<p>Fr\u00e5n den 1 till 20 juni g\u00e4ller fas 2. D\u00e5 v\u00e4ntar ytterligare l\u00e4ttnader i coronarestriktionerna.<\/p>\n<p>Fr\u00e5n bar\u2013 och restaurangn\u00e4ringen i provinsen M\u00e1laga kommer det uppskattande kommentarer efter regionregeringens besked att h\u00e4va coronarestriktioner och f\u00f6rl\u00e4nga \u00f6ppettiderna.<\/p>\n<p>Javier Frutos, president vid restaurangn\u00e4ringen Mahos (Federaci\u00f3n de Empresarios de Hosteler\u00eda de Andaluc\u00eda y de la Asociaci\u00f3n de Hosteleros de M\u00e1laga) s\u00e4ger:<\/p>\n<p>&#8211; Det \u00e4r ett f\u00f6rsta steg och en v\u00e4ndpunkt f\u00f6r att uppn\u00e5 ett normalt liv s\u00e5 snart som m\u00f6jligt. F\u00f6r oss inneb\u00e4r det en stor l\u00e4ttnad att kunna h\u00e5lla \u00f6ppet fram till midnatt liksom f\u00f6r diskoteken och nattklubbarna som kan h\u00e5lla \u00f6ppet fram till 02.<\/p>\n<p>Fortsatt g\u00e4ller det obligatoriska munskyddskravet utom vid motion och konditionsidrotter som l\u00f6pning n\u00e4r avst\u00e5nd kan h\u00e5llas till \u00f6vriga personer. \u00c4ven p\u00e5 str\u00e4nder och vid pooler i samband med vila kr\u00e4vs inte munskydd.<\/p>\n","protected":false},"excerpt":{"rendered":"<p>Den 21 juni r\u00e4knar regionregeringen med att 70 procent av befolkningen i Andalusien har f\u00e5tt minst en vaccindos, och 40 procent ska ha blivit vaccinerade med tv\u00e5 doser. Det g\u00f6r att samtliga coronarestriktioner kommer att lyftas fr\u00e5n det datumet. Som Svenska Magasinet ber\u00e4ttade p\u00e5 torsdagen h\u00e4vs perimeterkarant\u00e4nen och Andalusiens gr\u00e4nser \u00f6ppnar. \u00c4ven uteg\u00e5ngsf\u00f6rbudet nattetid lyfts. [&hellip;]<\/p>\n","protected":false},"author":8,"featured_media":12208,"comment_status":"open","ping_status":"open","sticky":false,"template":"","format":"standard","meta":{"_et_pb_use_builder":"","_et_pb_old_content":"","_et_gb_content_width":"","footnotes":""},"categories":[395,3],"tags":[],"class_list":["post-12207","post","type-post","status-publish","format-standard","has-post-thumbnail","hentry","category-arkiv-nyheter","category-nyheter"],"yoast_head":"<!-- This site is optimized with the Yoast SEO Premium plugin v26.2 (Yoast SEO v27.4) - https:\/\/yoast.com\/product\/yoast-seo-premium-wordpress\/ -->\n<title>Ett f\u00f6rsta steg mot normal sommar i Andalusien - Svenska Magasinet<\/title>\n<meta name=\"robots\" content=\"noindex, follow, max-snippet:-1, max-image-preview:large, max-video-preview:-1\" \/>\n<meta property=\"og:locale\" content=\"sv_SE\" \/>\n<meta property=\"og:type\" content=\"article\" \/>\n<meta property=\"og:title\" content=\"Ett f\u00f6rsta steg mot normal sommar i Andalusien\" \/>\n<meta property=\"og:description\" content=\"Den 21 juni r\u00e4knar regionregeringen med att 70 procent av befolkningen i Andalusien har f\u00e5tt minst en vaccindos, och 40 procent ska ha blivit vaccinerade med tv\u00e5 doser. Det g\u00f6r att samtliga coronarestriktioner kommer att lyftas fr\u00e5n det datumet. Som Svenska Magasinet ber\u00e4ttade p\u00e5 torsdagen h\u00e4vs perimeterkarant\u00e4nen och Andalusiens gr\u00e4nser \u00f6ppnar. \u00c4ven uteg\u00e5ngsf\u00f6rbudet nattetid lyfts. [&hellip;]\" \/>\n<meta property=\"og:url\" content=\"https:\/\/lightweb.dev\/l\/svm-temp\/nyheter\/ett-forsta-steg-mot-normal-sommar-i-andalusien\/\" \/>\n<meta property=\"og:site_name\" content=\"Svenska Magasinet\" \/>\n<meta property=\"article:publisher\" content=\"https:\/\/www.facebook.com\/svenskamagasinet\" \/>\n<meta property=\"article:published_time\" content=\"2021-05-07T08:09:00+00:00\" \/>\n<meta property=\"og:image\" content=\"https:\/\/lightweb.dev\/l\/svm-temp\/wp-content\/uploads\/2022\/06\/ett-forsta-steg-mot-normal-sommar-i-andalusien.png\" \/>\n\t<meta property=\"og:image:width\" content=\"500\" \/>\n\t<meta property=\"og:image:height\" content=\"301\" \/>\n\t<meta property=\"og:image:type\" content=\"image\/png\" \/>\n<meta name=\"author\" content=\"Redaktionen SvM\" \/>\n<meta name=\"twitter:card\" content=\"summary_large_image\" \/>\n<meta name=\"twitter:creator\" content=\"@SvenskaMagasine\" \/>\n<meta name=\"twitter:site\" content=\"@SvenskaMagasine\" \/>\n<script type=\"application\/ld+json\" class=\"yoast-schema-graph\">{\"@context\":\"https:\\\/\\\/schema.org\",\"@graph\":[{\"@type\":\"Article\",\"@id\":\"https:\\\/\\\/lightweb.dev\\\/l\\\/svm-temp\\\/nyheter\\\/ett-forsta-steg-mot-normal-sommar-i-andalusien\\\/#article\",\"isPartOf\":{\"@id\":\"https:\\\/\\\/lightweb.dev\\\/l\\\/svm-temp\\\/nyheter\\\/ett-forsta-steg-mot-normal-sommar-i-andalusien\\\/\"},\"author\":{\"name\":\"Redaktionen SvM\",\"@id\":\"https:\\\/\\\/lightweb.dev\\\/l\\\/svm-temp\\\/#\\\/schema\\\/person\\\/206a3bda5b607b0c25e1749191e4d837\"},\"headline\":\"Ett f\u00f6rsta steg mot normal sommar i Andalusien\",\"datePublished\":\"2021-05-07T08:09:00+00:00\",\"mainEntityOfPage\":{\"@id\":\"https:\\\/\\\/lightweb.dev\\\/l\\\/svm-temp\\\/nyheter\\\/ett-forsta-steg-mot-normal-sommar-i-andalusien\\\/\"},\"wordCount\":473,\"commentCount\":0,\"publisher\":{\"@id\":\"https:\\\/\\\/lightweb.dev\\\/l\\\/svm-temp\\\/#organization\"},\"image\":{\"@id\":\"https:\\\/\\\/lightweb.dev\\\/l\\\/svm-temp\\\/nyheter\\\/ett-forsta-steg-mot-normal-sommar-i-andalusien\\\/#primaryimage\"},\"thumbnailUrl\":\"https:\\\/\\\/lightweb.dev\\\/l\\\/svm-temp\\\/wp-content\\\/uploads\\\/2022\\\/06\\\/ett-forsta-steg-mot-normal-sommar-i-andalusien.png\",\"articleSection\":[\"Arkiv\",\"Nyheter\"],\"inLanguage\":\"sv-SE\"},{\"@type\":\"WebPage\",\"@id\":\"https:\\\/\\\/lightweb.dev\\\/l\\\/svm-temp\\\/nyheter\\\/ett-forsta-steg-mot-normal-sommar-i-andalusien\\\/\",\"url\":\"https:\\\/\\\/lightweb.dev\\\/l\\\/svm-temp\\\/nyheter\\\/ett-forsta-steg-mot-normal-sommar-i-andalusien\\\/\",\"name\":\"Ett f\u00f6rsta steg mot normal sommar i Andalusien - Svenska Magasinet\",\"isPartOf\":{\"@id\":\"https:\\\/\\\/lightweb.dev\\\/l\\\/svm-temp\\\/#website\"},\"primaryImageOfPage\":{\"@id\":\"https:\\\/\\\/lightweb.dev\\\/l\\\/svm-temp\\\/nyheter\\\/ett-forsta-steg-mot-normal-sommar-i-andalusien\\\/#primaryimage\"},\"image\":{\"@id\":\"https:\\\/\\\/lightweb.dev\\\/l\\\/svm-temp\\\/nyheter\\\/ett-forsta-steg-mot-normal-sommar-i-andalusien\\\/#primaryimage\"},\"thumbnailUrl\":\"https:\\\/\\\/lightweb.dev\\\/l\\\/svm-temp\\\/wp-content\\\/uploads\\\/2022\\\/06\\\/ett-forsta-steg-mot-normal-sommar-i-andalusien.png\",\"datePublished\":\"2021-05-07T08:09:00+00:00\",\"breadcrumb\":{\"@id\":\"https:\\\/\\\/lightweb.dev\\\/l\\\/svm-temp\\\/nyheter\\\/ett-forsta-steg-mot-normal-sommar-i-andalusien\\\/#breadcrumb\"},\"inLanguage\":\"sv-SE\",\"potentialAction\":[{\"@type\":\"ReadAction\",\"target\":[\"https:\\\/\\\/lightweb.dev\\\/l\\\/svm-temp\\\/nyheter\\\/ett-forsta-steg-mot-normal-sommar-i-andalusien\\\/\"]}]},{\"@type\":\"ImageObject\",\"inLanguage\":\"sv-SE\",\"@id\":\"https:\\\/\\\/lightweb.dev\\\/l\\\/svm-temp\\\/nyheter\\\/ett-forsta-steg-mot-normal-sommar-i-andalusien\\\/#primaryimage\",\"url\":\"https:\\\/\\\/lightweb.dev\\\/l\\\/svm-temp\\\/wp-content\\\/uploads\\\/2022\\\/06\\\/ett-forsta-steg-mot-normal-sommar-i-andalusien.png\",\"contentUrl\":\"https:\\\/\\\/lightweb.dev\\\/l\\\/svm-temp\\\/wp-content\\\/uploads\\\/2022\\\/06\\\/ett-forsta-steg-mot-normal-sommar-i-andalusien.png\",\"width\":500,\"height\":301},{\"@type\":\"BreadcrumbList\",\"@id\":\"https:\\\/\\\/lightweb.dev\\\/l\\\/svm-temp\\\/nyheter\\\/ett-forsta-steg-mot-normal-sommar-i-andalusien\\\/#breadcrumb\",\"itemListElement\":[{\"@type\":\"ListItem\",\"position\":1,\"name\":\"Hem\",\"item\":\"https:\\\/\\\/lightweb.dev\\\/l\\\/svm-temp\\\/\"},{\"@type\":\"ListItem\",\"position\":2,\"name\":\"Ett f\u00f6rsta steg mot normal sommar i Andalusien\"}]},{\"@type\":\"WebSite\",\"@id\":\"https:\\\/\\\/lightweb.dev\\\/l\\\/svm-temp\\\/#website\",\"url\":\"https:\\\/\\\/lightweb.dev\\\/l\\\/svm-temp\\\/\",\"name\":\"Svenska Magasinet\",\"description\":\"Dina Spanska nyheter p&aring; Svenska\",\"publisher\":{\"@id\":\"https:\\\/\\\/lightweb.dev\\\/l\\\/svm-temp\\\/#organization\"},\"potentialAction\":[{\"@type\":\"SearchAction\",\"target\":{\"@type\":\"EntryPoint\",\"urlTemplate\":\"https:\\\/\\\/lightweb.dev\\\/l\\\/svm-temp\\\/?s={search_term_string}\"},\"query-input\":{\"@type\":\"PropertyValueSpecification\",\"valueRequired\":true,\"valueName\":\"search_term_string\"}}],\"inLanguage\":\"sv-SE\"},{\"@type\":\"Organization\",\"@id\":\"https:\\\/\\\/lightweb.dev\\\/l\\\/svm-temp\\\/#organization\",\"name\":\"Melkerson y Nott SL\",\"alternateName\":\"Svenska Magasinet\",\"url\":\"https:\\\/\\\/lightweb.dev\\\/l\\\/svm-temp\\\/\",\"logo\":{\"@type\":\"ImageObject\",\"inLanguage\":\"sv-SE\",\"@id\":\"https:\\\/\\\/lightweb.dev\\\/l\\\/svm-temp\\\/#\\\/schema\\\/logo\\\/image\\\/\",\"url\":\"https:\\\/\\\/lightweb.dev\\\/l\\\/svm-temp\\\/wp-content\\\/uploads\\\/2025\\\/02\\\/SvM-logo-Xtra-Centrerad-SVART.png\",\"contentUrl\":\"https:\\\/\\\/lightweb.dev\\\/l\\\/svm-temp\\\/wp-content\\\/uploads\\\/2025\\\/02\\\/SvM-logo-Xtra-Centrerad-SVART.png\",\"width\":300,\"height\":99,\"caption\":\"Melkerson y Nott SL\"},\"image\":{\"@id\":\"https:\\\/\\\/lightweb.dev\\\/l\\\/svm-temp\\\/#\\\/schema\\\/logo\\\/image\\\/\"},\"sameAs\":[\"https:\\\/\\\/www.facebook.com\\\/svenskamagasinet\",\"https:\\\/\\\/x.com\\\/SvenskaMagasine\"]},{\"@type\":\"Person\",\"@id\":\"https:\\\/\\\/lightweb.dev\\\/l\\\/svm-temp\\\/#\\\/schema\\\/person\\\/206a3bda5b607b0c25e1749191e4d837\",\"name\":\"Redaktionen SvM\",\"description\":\"Redaktionen\",\"sameAs\":[\"https:\\\/\\\/lightweb.dev\\\/l\\\/svm-temp\"],\"url\":\"https:\\\/\\\/lightweb.dev\\\/l\\\/svm-temp\\\/reporter\\\/redaktionen\\\/\"}]}<\/script>\n<!-- \/ Yoast SEO Premium plugin. -->","yoast_head_json":{"title":"Ett f\u00f6rsta steg mot normal sommar i Andalusien - Svenska Magasinet","robots":{"index":"noindex","follow":"follow","max-snippet":"max-snippet:-1","max-image-preview":"max-image-preview:large","max-video-preview":"max-video-preview:-1"},"og_locale":"sv_SE","og_type":"article","og_title":"Ett f\u00f6rsta steg mot normal sommar i Andalusien","og_description":"Den 21 juni r\u00e4knar regionregeringen med att 70 procent av befolkningen i Andalusien har f\u00e5tt minst en vaccindos, och 40 procent ska ha blivit vaccinerade med tv\u00e5 doser. Det g\u00f6r att samtliga coronarestriktioner kommer att lyftas fr\u00e5n det datumet. Som Svenska Magasinet ber\u00e4ttade p\u00e5 torsdagen h\u00e4vs perimeterkarant\u00e4nen och Andalusiens gr\u00e4nser \u00f6ppnar. \u00c4ven uteg\u00e5ngsf\u00f6rbudet nattetid lyfts. [&hellip;]","og_url":"https:\/\/lightweb.dev\/l\/svm-temp\/nyheter\/ett-forsta-steg-mot-normal-sommar-i-andalusien\/","og_site_name":"Svenska Magasinet","article_publisher":"https:\/\/www.facebook.com\/svenskamagasinet","article_published_time":"2021-05-07T08:09:00+00:00","og_image":[{"width":500,"height":301,"url":"https:\/\/lightweb.dev\/l\/svm-temp\/wp-content\/uploads\/2022\/06\/ett-forsta-steg-mot-normal-sommar-i-andalusien.png","type":"image\/png"}],"author":"Redaktionen SvM","twitter_card":"summary_large_image","twitter_creator":"@SvenskaMagasine","twitter_site":"@SvenskaMagasine","schema":{"@context":"https:\/\/schema.org","@graph":[{"@type":"Article","@id":"https:\/\/lightweb.dev\/l\/svm-temp\/nyheter\/ett-forsta-steg-mot-normal-sommar-i-andalusien\/#article","isPartOf":{"@id":"https:\/\/lightweb.dev\/l\/svm-temp\/nyheter\/ett-forsta-steg-mot-normal-sommar-i-andalusien\/"},"author":{"name":"Redaktionen SvM","@id":"https:\/\/lightweb.dev\/l\/svm-temp\/#\/schema\/person\/206a3bda5b607b0c25e1749191e4d837"},"headline":"Ett f\u00f6rsta steg mot normal sommar i Andalusien","datePublished":"2021-05-07T08:09:00+00:00","mainEntityOfPage":{"@id":"https:\/\/lightweb.dev\/l\/svm-temp\/nyheter\/ett-forsta-steg-mot-normal-sommar-i-andalusien\/"},"wordCount":473,"commentCount":0,"publisher":{"@id":"https:\/\/lightweb.dev\/l\/svm-temp\/#organization"},"image":{"@id":"https:\/\/lightweb.dev\/l\/svm-temp\/nyheter\/ett-forsta-steg-mot-normal-sommar-i-andalusien\/#primaryimage"},"thumbnailUrl":"https:\/\/lightweb.dev\/l\/svm-temp\/wp-content\/uploads\/2022\/06\/ett-forsta-steg-mot-normal-sommar-i-andalusien.png","articleSection":["Arkiv","Nyheter"],"inLanguage":"sv-SE"},{"@type":"WebPage","@id":"https:\/\/lightweb.dev\/l\/svm-temp\/nyheter\/ett-forsta-steg-mot-normal-sommar-i-andalusien\/","url":"https:\/\/lightweb.dev\/l\/svm-temp\/nyheter\/ett-forsta-steg-mot-normal-sommar-i-andalusien\/","name":"Ett f\u00f6rsta steg mot normal sommar i Andalusien - Svenska Magasinet","isPartOf":{"@id":"https:\/\/lightweb.dev\/l\/svm-temp\/#website"},"primaryImageOfPage":{"@id":"https:\/\/lightweb.dev\/l\/svm-temp\/nyheter\/ett-forsta-steg-mot-normal-sommar-i-andalusien\/#primaryimage"},"image":{"@id":"https:\/\/lightweb.dev\/l\/svm-temp\/nyheter\/ett-forsta-steg-mot-normal-sommar-i-andalusien\/#primaryimage"},"thumbnailUrl":"https:\/\/lightweb.dev\/l\/svm-temp\/wp-content\/uploads\/2022\/06\/ett-forsta-steg-mot-normal-sommar-i-andalusien.png","datePublished":"2021-05-07T08:09:00+00:00","breadcrumb":{"@id":"https:\/\/lightweb.dev\/l\/svm-temp\/nyheter\/ett-forsta-steg-mot-normal-sommar-i-andalusien\/#breadcrumb"},"inLanguage":"sv-SE","potentialAction":[{"@type":"ReadAction","target":["https:\/\/lightweb.dev\/l\/svm-temp\/nyheter\/ett-forsta-steg-mot-normal-sommar-i-andalusien\/"]}]},{"@type":"ImageObject","inLanguage":"sv-SE","@id":"https:\/\/lightweb.dev\/l\/svm-temp\/nyheter\/ett-forsta-steg-mot-normal-sommar-i-andalusien\/#primaryimage","url":"https:\/\/lightweb.dev\/l\/svm-temp\/wp-content\/uploads\/2022\/06\/ett-forsta-steg-mot-normal-sommar-i-andalusien.png","contentUrl":"https:\/\/lightweb.dev\/l\/svm-temp\/wp-content\/uploads\/2022\/06\/ett-forsta-steg-mot-normal-sommar-i-andalusien.png","width":500,"height":301},{"@type":"BreadcrumbList","@id":"https:\/\/lightweb.dev\/l\/svm-temp\/nyheter\/ett-forsta-steg-mot-normal-sommar-i-andalusien\/#breadcrumb","itemListElement":[{"@type":"ListItem","position":1,"name":"Hem","item":"https:\/\/lightweb.dev\/l\/svm-temp\/"},{"@type":"ListItem","position":2,"name":"Ett f\u00f6rsta steg mot normal sommar i Andalusien"}]},{"@type":"WebSite","@id":"https:\/\/lightweb.dev\/l\/svm-temp\/#website","url":"https:\/\/lightweb.dev\/l\/svm-temp\/","name":"Svenska Magasinet","description":"Dina Spanska nyheter p&aring; Svenska","publisher":{"@id":"https:\/\/lightweb.dev\/l\/svm-temp\/#organization"},"potentialAction":[{"@type":"SearchAction","target":{"@type":"EntryPoint","urlTemplate":"https:\/\/lightweb.dev\/l\/svm-temp\/?s={search_term_string}"},"query-input":{"@type":"PropertyValueSpecification","valueRequired":true,"valueName":"search_term_string"}}],"inLanguage":"sv-SE"},{"@type":"Organization","@id":"https:\/\/lightweb.dev\/l\/svm-temp\/#organization","name":"Melkerson y Nott SL","alternateName":"Svenska Magasinet","url":"https:\/\/lightweb.dev\/l\/svm-temp\/","logo":{"@type":"ImageObject","inLanguage":"sv-SE","@id":"https:\/\/lightweb.dev\/l\/svm-temp\/#\/schema\/logo\/image\/","url":"https:\/\/lightweb.dev\/l\/svm-temp\/wp-content\/uploads\/2025\/02\/SvM-logo-Xtra-Centrerad-SVART.png","contentUrl":"https:\/\/lightweb.dev\/l\/svm-temp\/wp-content\/uploads\/2025\/02\/SvM-logo-Xtra-Centrerad-SVART.png","width":300,"height":99,"caption":"Melkerson y Nott SL"},"image":{"@id":"https:\/\/lightweb.dev\/l\/svm-temp\/#\/schema\/logo\/image\/"},"sameAs":["https:\/\/www.facebook.com\/svenskamagasinet","https:\/\/x.com\/SvenskaMagasine"]},{"@type":"Person","@id":"https:\/\/lightweb.dev\/l\/svm-temp\/#\/schema\/person\/206a3bda5b607b0c25e1749191e4d837","name":"Redaktionen SvM","description":"Redaktionen","sameAs":["https:\/\/lightweb.dev\/l\/svm-temp"],"url":"https:\/\/lightweb.dev\/l\/svm-temp\/reporter\/redaktionen\/"}]}},"_links":{"self":[{"href":"https:\/\/lightweb.dev\/l\/svm-temp\/wp-json\/wp\/v2\/posts\/12207","targetHints":{"allow":["GET"]}}],"collection":[{"href":"https:\/\/lightweb.dev\/l\/svm-temp\/wp-json\/wp\/v2\/posts"}],"about":[{"href":"https:\/\/lightweb.dev\/l\/svm-temp\/wp-json\/wp\/v2\/types\/post"}],"author":[{"embeddable":true,"href":"https:\/\/lightweb.dev\/l\/svm-temp\/wp-json\/wp\/v2\/users\/8"}],"replies":[{"embeddable":true,"href":"https:\/\/lightweb.dev\/l\/svm-temp\/wp-json\/wp\/v2\/comments?post=12207"}],"version-history":[{"count":0,"href":"https:\/\/lightweb.dev\/l\/svm-temp\/wp-json\/wp\/v2\/posts\/12207\/revisions"}],"wp:featuredmedia":[{"embeddable":true,"href":"https:\/\/lightweb.dev\/l\/svm-temp\/wp-json\/wp\/v2\/media\/12208"}],"wp:attachment":[{"href":"https:\/\/lightweb.dev\/l\/svm-temp\/wp-json\/wp\/v2\/media?parent=12207"}],"wp:term":[{"taxonomy":"category","embeddable":true,"href":"https:\/\/lightweb.dev\/l\/svm-temp\/wp-json\/wp\/v2\/categories?post=12207"},{"taxonomy":"post_tag","embeddable":true,"href":"https:\/\/lightweb.dev\/l\/svm-temp\/wp-json\/wp\/v2\/tags?post=12207"}],"curies":[{"name":"wp","href":"https:\/\/api.w.org\/{rel}","templated":true}]}}