{"id":12209,"date":"2021-05-07T10:43:00","date_gmt":"2021-05-07T08:43:00","guid":{"rendered":"https:\/\/lightweb.dev\/l\/svm-temp\/nyheter\/ryanair-startar-upp-trafik-pa-arlanda-till-malaga-och-alicante\/"},"modified":"2021-05-07T10:43:00","modified_gmt":"2021-05-07T08:43:00","slug":"ryanair-startar-upp-trafik-pa-arlanda-till-malaga-och-alicante","status":"publish","type":"post","link":"https:\/\/lightweb.dev\/l\/svm-temp\/nyheter\/ryanair-startar-upp-trafik-pa-arlanda-till-malaga-och-alicante\/","title":{"rendered":"Ryanair startar upp trafik p\u00e5 Arlanda \u2013 till M\u00e1laga och Alicante"},"content":{"rendered":"<p> Fr\u00e5n i h\u00f6st kommer det irl\u00e4ndska l\u00e5gprisflygbolaget Ryanair att \u00f6ppna upp flyglinjer fr\u00e5n Arlanda till M\u00e1laga och Alicante. Ryanair har avvecklat sin bas p\u00e5 Skavsta, men har fortfarande trafik d\u00e4r.<\/p>\n<p>Totalt v\u00e4ntas Ryanair starta linjer till 20 destinationer i Europa fr\u00e5n Stockholm-Arlanda. Ryanair s\u00e4ger sig inte l\u00e4mna Skavsta helt, utan t\u00e4nker i nul\u00e4get anv\u00e4nda b\u00e5da flygplatserna. <\/p>\n<p>Uppgifterna bekr\u00e4ftades av Ryanair p\u00e5 en presskonferens under g\u00e5rdagen. <\/p>\n<p>Det \u00e4r f\u00f6rsta g\u00e5ngen som Ryanair etablerar sig p\u00e5 Sveriges st\u00f6rsta flygplats Arlanda efter att tidigare ha haft st\u00f6rre delen av sin trafik fr\u00e5n Skavsta utanf\u00f6r Nyk\u00f6ping. <\/p>\n<p>P\u00e5 Ryanairs webbplats g\u00e5r det redan nu att boka biljetter fr\u00e5n Arlanda till M\u00e1laga och Alicante fr\u00e5n i h\u00f6st.<\/p>\n<p>Med tv\u00e5 flygplan stationerade p\u00e5 huvudstadens st\u00f6rsta flygplats kommer det irl\u00e4ndska flygbolaget att inleda sin trafik fr\u00e5n november, meddelar bolaget p\u00e5 en presstr\u00e4ff.<\/p>\n<p>Siktet \u00e4r att b\u00f6rja flyga med fler plan med Arlanda som bas s\u00e5 sm\u00e5ningom.<br \/>\n\u201dDet visar v\u00e5r optimism inf\u00f6r framtiden\u201d, s\u00e4ger Ryanairs vd Eddie Wilson.<\/p>\n<p>(Foto: Swedavia)<\/p>\n","protected":false},"excerpt":{"rendered":"<p>Fr\u00e5n i h\u00f6st kommer det irl\u00e4ndska l\u00e5gprisflygbolaget Ryanair att \u00f6ppna upp flyglinjer fr\u00e5n Arlanda till M\u00e1laga och Alicante. Ryanair har avvecklat sin bas p\u00e5 Skavsta, men har fortfarande trafik d\u00e4r. Totalt v\u00e4ntas Ryanair starta linjer till 20 destinationer i Europa fr\u00e5n Stockholm-Arlanda. Ryanair s\u00e4ger sig inte l\u00e4mna Skavsta helt, utan t\u00e4nker i nul\u00e4get anv\u00e4nda b\u00e5da [&hellip;]<\/p>\n","protected":false},"author":8,"featured_media":12210,"comment_status":"open","ping_status":"open","sticky":false,"template":"","format":"standard","meta":{"_et_pb_use_builder":"","_et_pb_old_content":"","_et_gb_content_width":"","footnotes":""},"categories":[395,3],"tags":[],"class_list":["post-12209","post","type-post","status-publish","format-standard","has-post-thumbnail","hentry","category-arkiv-nyheter","category-nyheter"],"yoast_head":"<!-- This site is optimized with the Yoast SEO Premium plugin v26.2 (Yoast SEO v27.4) - https:\/\/yoast.com\/product\/yoast-seo-premium-wordpress\/ -->\n<title>Ryanair startar upp trafik p\u00e5 Arlanda \u2013 till M\u00e1laga och Alicante - Svenska Magasinet<\/title>\n<meta name=\"robots\" content=\"noindex, follow, max-snippet:-1, max-image-preview:large, max-video-preview:-1\" \/>\n<meta property=\"og:locale\" content=\"sv_SE\" \/>\n<meta property=\"og:type\" content=\"article\" \/>\n<meta property=\"og:title\" content=\"Ryanair startar upp trafik p\u00e5 Arlanda \u2013 till M\u00e1laga och Alicante\" \/>\n<meta property=\"og:description\" content=\"Fr\u00e5n i h\u00f6st kommer det irl\u00e4ndska l\u00e5gprisflygbolaget Ryanair att \u00f6ppna upp flyglinjer fr\u00e5n Arlanda till M\u00e1laga och Alicante. Ryanair har avvecklat sin bas p\u00e5 Skavsta, men har fortfarande trafik d\u00e4r. Totalt v\u00e4ntas Ryanair starta linjer till 20 destinationer i Europa fr\u00e5n Stockholm-Arlanda. Ryanair s\u00e4ger sig inte l\u00e4mna Skavsta helt, utan t\u00e4nker i nul\u00e4get anv\u00e4nda b\u00e5da [&hellip;]\" \/>\n<meta property=\"og:url\" content=\"https:\/\/lightweb.dev\/l\/svm-temp\/nyheter\/ryanair-startar-upp-trafik-pa-arlanda-till-malaga-och-alicante\/\" \/>\n<meta property=\"og:site_name\" content=\"Svenska Magasinet\" \/>\n<meta property=\"article:publisher\" content=\"https:\/\/www.facebook.com\/svenskamagasinet\" \/>\n<meta property=\"article:published_time\" content=\"2021-05-07T08:43:00+00:00\" \/>\n<meta property=\"og:image\" content=\"https:\/\/lightweb.dev\/l\/svm-temp\/wp-content\/uploads\/2022\/06\/ryanair-startar-upp-trafik-pa-arlanda-till-malaga-och-alicante.png\" \/>\n\t<meta property=\"og:image:width\" content=\"500\" \/>\n\t<meta property=\"og:image:height\" content=\"300\" \/>\n\t<meta property=\"og:image:type\" content=\"image\/png\" \/>\n<meta name=\"author\" content=\"Redaktionen SvM\" \/>\n<meta name=\"twitter:card\" content=\"summary_large_image\" \/>\n<meta name=\"twitter:creator\" content=\"@SvenskaMagasine\" \/>\n<meta name=\"twitter:site\" content=\"@SvenskaMagasine\" \/>\n<script type=\"application\/ld+json\" class=\"yoast-schema-graph\">{\"@context\":\"https:\\\/\\\/schema.org\",\"@graph\":[{\"@type\":\"Article\",\"@id\":\"https:\\\/\\\/lightweb.dev\\\/l\\\/svm-temp\\\/nyheter\\\/ryanair-startar-upp-trafik-pa-arlanda-till-malaga-och-alicante\\\/#article\",\"isPartOf\":{\"@id\":\"https:\\\/\\\/lightweb.dev\\\/l\\\/svm-temp\\\/nyheter\\\/ryanair-startar-upp-trafik-pa-arlanda-till-malaga-och-alicante\\\/\"},\"author\":{\"name\":\"Redaktionen SvM\",\"@id\":\"https:\\\/\\\/lightweb.dev\\\/l\\\/svm-temp\\\/#\\\/schema\\\/person\\\/206a3bda5b607b0c25e1749191e4d837\"},\"headline\":\"Ryanair startar upp trafik p\u00e5 Arlanda \u2013 till M\u00e1laga och Alicante\",\"datePublished\":\"2021-05-07T08:43:00+00:00\",\"mainEntityOfPage\":{\"@id\":\"https:\\\/\\\/lightweb.dev\\\/l\\\/svm-temp\\\/nyheter\\\/ryanair-startar-upp-trafik-pa-arlanda-till-malaga-och-alicante\\\/\"},\"wordCount\":209,\"commentCount\":0,\"publisher\":{\"@id\":\"https:\\\/\\\/lightweb.dev\\\/l\\\/svm-temp\\\/#organization\"},\"image\":{\"@id\":\"https:\\\/\\\/lightweb.dev\\\/l\\\/svm-temp\\\/nyheter\\\/ryanair-startar-upp-trafik-pa-arlanda-till-malaga-och-alicante\\\/#primaryimage\"},\"thumbnailUrl\":\"https:\\\/\\\/lightweb.dev\\\/l\\\/svm-temp\\\/wp-content\\\/uploads\\\/2022\\\/06\\\/ryanair-startar-upp-trafik-pa-arlanda-till-malaga-och-alicante.png\",\"articleSection\":[\"Arkiv\",\"Nyheter\"],\"inLanguage\":\"sv-SE\"},{\"@type\":\"WebPage\",\"@id\":\"https:\\\/\\\/lightweb.dev\\\/l\\\/svm-temp\\\/nyheter\\\/ryanair-startar-upp-trafik-pa-arlanda-till-malaga-och-alicante\\\/\",\"url\":\"https:\\\/\\\/lightweb.dev\\\/l\\\/svm-temp\\\/nyheter\\\/ryanair-startar-upp-trafik-pa-arlanda-till-malaga-och-alicante\\\/\",\"name\":\"Ryanair startar upp trafik p\u00e5 Arlanda \u2013 till M\u00e1laga och Alicante - Svenska Magasinet\",\"isPartOf\":{\"@id\":\"https:\\\/\\\/lightweb.dev\\\/l\\\/svm-temp\\\/#website\"},\"primaryImageOfPage\":{\"@id\":\"https:\\\/\\\/lightweb.dev\\\/l\\\/svm-temp\\\/nyheter\\\/ryanair-startar-upp-trafik-pa-arlanda-till-malaga-och-alicante\\\/#primaryimage\"},\"image\":{\"@id\":\"https:\\\/\\\/lightweb.dev\\\/l\\\/svm-temp\\\/nyheter\\\/ryanair-startar-upp-trafik-pa-arlanda-till-malaga-och-alicante\\\/#primaryimage\"},\"thumbnailUrl\":\"https:\\\/\\\/lightweb.dev\\\/l\\\/svm-temp\\\/wp-content\\\/uploads\\\/2022\\\/06\\\/ryanair-startar-upp-trafik-pa-arlanda-till-malaga-och-alicante.png\",\"datePublished\":\"2021-05-07T08:43:00+00:00\",\"breadcrumb\":{\"@id\":\"https:\\\/\\\/lightweb.dev\\\/l\\\/svm-temp\\\/nyheter\\\/ryanair-startar-upp-trafik-pa-arlanda-till-malaga-och-alicante\\\/#breadcrumb\"},\"inLanguage\":\"sv-SE\",\"potentialAction\":[{\"@type\":\"ReadAction\",\"target\":[\"https:\\\/\\\/lightweb.dev\\\/l\\\/svm-temp\\\/nyheter\\\/ryanair-startar-upp-trafik-pa-arlanda-till-malaga-och-alicante\\\/\"]}]},{\"@type\":\"ImageObject\",\"inLanguage\":\"sv-SE\",\"@id\":\"https:\\\/\\\/lightweb.dev\\\/l\\\/svm-temp\\\/nyheter\\\/ryanair-startar-upp-trafik-pa-arlanda-till-malaga-och-alicante\\\/#primaryimage\",\"url\":\"https:\\\/\\\/lightweb.dev\\\/l\\\/svm-temp\\\/wp-content\\\/uploads\\\/2022\\\/06\\\/ryanair-startar-upp-trafik-pa-arlanda-till-malaga-och-alicante.png\",\"contentUrl\":\"https:\\\/\\\/lightweb.dev\\\/l\\\/svm-temp\\\/wp-content\\\/uploads\\\/2022\\\/06\\\/ryanair-startar-upp-trafik-pa-arlanda-till-malaga-och-alicante.png\",\"width\":500,\"height\":300},{\"@type\":\"BreadcrumbList\",\"@id\":\"https:\\\/\\\/lightweb.dev\\\/l\\\/svm-temp\\\/nyheter\\\/ryanair-startar-upp-trafik-pa-arlanda-till-malaga-och-alicante\\\/#breadcrumb\",\"itemListElement\":[{\"@type\":\"ListItem\",\"position\":1,\"name\":\"Hem\",\"item\":\"https:\\\/\\\/lightweb.dev\\\/l\\\/svm-temp\\\/\"},{\"@type\":\"ListItem\",\"position\":2,\"name\":\"Ryanair startar upp trafik p\u00e5 Arlanda \u2013 till M\u00e1laga och Alicante\"}]},{\"@type\":\"WebSite\",\"@id\":\"https:\\\/\\\/lightweb.dev\\\/l\\\/svm-temp\\\/#website\",\"url\":\"https:\\\/\\\/lightweb.dev\\\/l\\\/svm-temp\\\/\",\"name\":\"Svenska Magasinet\",\"description\":\"Dina Spanska nyheter p&aring; Svenska\",\"publisher\":{\"@id\":\"https:\\\/\\\/lightweb.dev\\\/l\\\/svm-temp\\\/#organization\"},\"potentialAction\":[{\"@type\":\"SearchAction\",\"target\":{\"@type\":\"EntryPoint\",\"urlTemplate\":\"https:\\\/\\\/lightweb.dev\\\/l\\\/svm-temp\\\/?s={search_term_string}\"},\"query-input\":{\"@type\":\"PropertyValueSpecification\",\"valueRequired\":true,\"valueName\":\"search_term_string\"}}],\"inLanguage\":\"sv-SE\"},{\"@type\":\"Organization\",\"@id\":\"https:\\\/\\\/lightweb.dev\\\/l\\\/svm-temp\\\/#organization\",\"name\":\"Melkerson y Nott SL\",\"alternateName\":\"Svenska Magasinet\",\"url\":\"https:\\\/\\\/lightweb.dev\\\/l\\\/svm-temp\\\/\",\"logo\":{\"@type\":\"ImageObject\",\"inLanguage\":\"sv-SE\",\"@id\":\"https:\\\/\\\/lightweb.dev\\\/l\\\/svm-temp\\\/#\\\/schema\\\/logo\\\/image\\\/\",\"url\":\"https:\\\/\\\/lightweb.dev\\\/l\\\/svm-temp\\\/wp-content\\\/uploads\\\/2025\\\/02\\\/SvM-logo-Xtra-Centrerad-SVART.png\",\"contentUrl\":\"https:\\\/\\\/lightweb.dev\\\/l\\\/svm-temp\\\/wp-content\\\/uploads\\\/2025\\\/02\\\/SvM-logo-Xtra-Centrerad-SVART.png\",\"width\":300,\"height\":99,\"caption\":\"Melkerson y Nott SL\"},\"image\":{\"@id\":\"https:\\\/\\\/lightweb.dev\\\/l\\\/svm-temp\\\/#\\\/schema\\\/logo\\\/image\\\/\"},\"sameAs\":[\"https:\\\/\\\/www.facebook.com\\\/svenskamagasinet\",\"https:\\\/\\\/x.com\\\/SvenskaMagasine\"]},{\"@type\":\"Person\",\"@id\":\"https:\\\/\\\/lightweb.dev\\\/l\\\/svm-temp\\\/#\\\/schema\\\/person\\\/206a3bda5b607b0c25e1749191e4d837\",\"name\":\"Redaktionen SvM\",\"description\":\"Redaktionen\",\"sameAs\":[\"https:\\\/\\\/lightweb.dev\\\/l\\\/svm-temp\"],\"url\":\"https:\\\/\\\/lightweb.dev\\\/l\\\/svm-temp\\\/reporter\\\/redaktionen\\\/\"}]}<\/script>\n<!-- \/ Yoast SEO Premium plugin. -->","yoast_head_json":{"title":"Ryanair startar upp trafik p\u00e5 Arlanda \u2013 till M\u00e1laga och Alicante - Svenska Magasinet","robots":{"index":"noindex","follow":"follow","max-snippet":"max-snippet:-1","max-image-preview":"max-image-preview:large","max-video-preview":"max-video-preview:-1"},"og_locale":"sv_SE","og_type":"article","og_title":"Ryanair startar upp trafik p\u00e5 Arlanda \u2013 till M\u00e1laga och Alicante","og_description":"Fr\u00e5n i h\u00f6st kommer det irl\u00e4ndska l\u00e5gprisflygbolaget Ryanair att \u00f6ppna upp flyglinjer fr\u00e5n Arlanda till M\u00e1laga och Alicante. Ryanair har avvecklat sin bas p\u00e5 Skavsta, men har fortfarande trafik d\u00e4r. Totalt v\u00e4ntas Ryanair starta linjer till 20 destinationer i Europa fr\u00e5n Stockholm-Arlanda. Ryanair s\u00e4ger sig inte l\u00e4mna Skavsta helt, utan t\u00e4nker i nul\u00e4get anv\u00e4nda b\u00e5da [&hellip;]","og_url":"https:\/\/lightweb.dev\/l\/svm-temp\/nyheter\/ryanair-startar-upp-trafik-pa-arlanda-till-malaga-och-alicante\/","og_site_name":"Svenska Magasinet","article_publisher":"https:\/\/www.facebook.com\/svenskamagasinet","article_published_time":"2021-05-07T08:43:00+00:00","og_image":[{"width":500,"height":300,"url":"https:\/\/lightweb.dev\/l\/svm-temp\/wp-content\/uploads\/2022\/06\/ryanair-startar-upp-trafik-pa-arlanda-till-malaga-och-alicante.png","type":"image\/png"}],"author":"Redaktionen SvM","twitter_card":"summary_large_image","twitter_creator":"@SvenskaMagasine","twitter_site":"@SvenskaMagasine","schema":{"@context":"https:\/\/schema.org","@graph":[{"@type":"Article","@id":"https:\/\/lightweb.dev\/l\/svm-temp\/nyheter\/ryanair-startar-upp-trafik-pa-arlanda-till-malaga-och-alicante\/#article","isPartOf":{"@id":"https:\/\/lightweb.dev\/l\/svm-temp\/nyheter\/ryanair-startar-upp-trafik-pa-arlanda-till-malaga-och-alicante\/"},"author":{"name":"Redaktionen SvM","@id":"https:\/\/lightweb.dev\/l\/svm-temp\/#\/schema\/person\/206a3bda5b607b0c25e1749191e4d837"},"headline":"Ryanair startar upp trafik p\u00e5 Arlanda \u2013 till M\u00e1laga och Alicante","datePublished":"2021-05-07T08:43:00+00:00","mainEntityOfPage":{"@id":"https:\/\/lightweb.dev\/l\/svm-temp\/nyheter\/ryanair-startar-upp-trafik-pa-arlanda-till-malaga-och-alicante\/"},"wordCount":209,"commentCount":0,"publisher":{"@id":"https:\/\/lightweb.dev\/l\/svm-temp\/#organization"},"image":{"@id":"https:\/\/lightweb.dev\/l\/svm-temp\/nyheter\/ryanair-startar-upp-trafik-pa-arlanda-till-malaga-och-alicante\/#primaryimage"},"thumbnailUrl":"https:\/\/lightweb.dev\/l\/svm-temp\/wp-content\/uploads\/2022\/06\/ryanair-startar-upp-trafik-pa-arlanda-till-malaga-och-alicante.png","articleSection":["Arkiv","Nyheter"],"inLanguage":"sv-SE"},{"@type":"WebPage","@id":"https:\/\/lightweb.dev\/l\/svm-temp\/nyheter\/ryanair-startar-upp-trafik-pa-arlanda-till-malaga-och-alicante\/","url":"https:\/\/lightweb.dev\/l\/svm-temp\/nyheter\/ryanair-startar-upp-trafik-pa-arlanda-till-malaga-och-alicante\/","name":"Ryanair startar upp trafik p\u00e5 Arlanda \u2013 till M\u00e1laga och Alicante - Svenska Magasinet","isPartOf":{"@id":"https:\/\/lightweb.dev\/l\/svm-temp\/#website"},"primaryImageOfPage":{"@id":"https:\/\/lightweb.dev\/l\/svm-temp\/nyheter\/ryanair-startar-upp-trafik-pa-arlanda-till-malaga-och-alicante\/#primaryimage"},"image":{"@id":"https:\/\/lightweb.dev\/l\/svm-temp\/nyheter\/ryanair-startar-upp-trafik-pa-arlanda-till-malaga-och-alicante\/#primaryimage"},"thumbnailUrl":"https:\/\/lightweb.dev\/l\/svm-temp\/wp-content\/uploads\/2022\/06\/ryanair-startar-upp-trafik-pa-arlanda-till-malaga-och-alicante.png","datePublished":"2021-05-07T08:43:00+00:00","breadcrumb":{"@id":"https:\/\/lightweb.dev\/l\/svm-temp\/nyheter\/ryanair-startar-upp-trafik-pa-arlanda-till-malaga-och-alicante\/#breadcrumb"},"inLanguage":"sv-SE","potentialAction":[{"@type":"ReadAction","target":["https:\/\/lightweb.dev\/l\/svm-temp\/nyheter\/ryanair-startar-upp-trafik-pa-arlanda-till-malaga-och-alicante\/"]}]},{"@type":"ImageObject","inLanguage":"sv-SE","@id":"https:\/\/lightweb.dev\/l\/svm-temp\/nyheter\/ryanair-startar-upp-trafik-pa-arlanda-till-malaga-och-alicante\/#primaryimage","url":"https:\/\/lightweb.dev\/l\/svm-temp\/wp-content\/uploads\/2022\/06\/ryanair-startar-upp-trafik-pa-arlanda-till-malaga-och-alicante.png","contentUrl":"https:\/\/lightweb.dev\/l\/svm-temp\/wp-content\/uploads\/2022\/06\/ryanair-startar-upp-trafik-pa-arlanda-till-malaga-och-alicante.png","width":500,"height":300},{"@type":"BreadcrumbList","@id":"https:\/\/lightweb.dev\/l\/svm-temp\/nyheter\/ryanair-startar-upp-trafik-pa-arlanda-till-malaga-och-alicante\/#breadcrumb","itemListElement":[{"@type":"ListItem","position":1,"name":"Hem","item":"https:\/\/lightweb.dev\/l\/svm-temp\/"},{"@type":"ListItem","position":2,"name":"Ryanair startar upp trafik p\u00e5 Arlanda \u2013 till M\u00e1laga och Alicante"}]},{"@type":"WebSite","@id":"https:\/\/lightweb.dev\/l\/svm-temp\/#website","url":"https:\/\/lightweb.dev\/l\/svm-temp\/","name":"Svenska Magasinet","description":"Dina Spanska nyheter p&aring; Svenska","publisher":{"@id":"https:\/\/lightweb.dev\/l\/svm-temp\/#organization"},"potentialAction":[{"@type":"SearchAction","target":{"@type":"EntryPoint","urlTemplate":"https:\/\/lightweb.dev\/l\/svm-temp\/?s={search_term_string}"},"query-input":{"@type":"PropertyValueSpecification","valueRequired":true,"valueName":"search_term_string"}}],"inLanguage":"sv-SE"},{"@type":"Organization","@id":"https:\/\/lightweb.dev\/l\/svm-temp\/#organization","name":"Melkerson y Nott SL","alternateName":"Svenska Magasinet","url":"https:\/\/lightweb.dev\/l\/svm-temp\/","logo":{"@type":"ImageObject","inLanguage":"sv-SE","@id":"https:\/\/lightweb.dev\/l\/svm-temp\/#\/schema\/logo\/image\/","url":"https:\/\/lightweb.dev\/l\/svm-temp\/wp-content\/uploads\/2025\/02\/SvM-logo-Xtra-Centrerad-SVART.png","contentUrl":"https:\/\/lightweb.dev\/l\/svm-temp\/wp-content\/uploads\/2025\/02\/SvM-logo-Xtra-Centrerad-SVART.png","width":300,"height":99,"caption":"Melkerson y Nott SL"},"image":{"@id":"https:\/\/lightweb.dev\/l\/svm-temp\/#\/schema\/logo\/image\/"},"sameAs":["https:\/\/www.facebook.com\/svenskamagasinet","https:\/\/x.com\/SvenskaMagasine"]},{"@type":"Person","@id":"https:\/\/lightweb.dev\/l\/svm-temp\/#\/schema\/person\/206a3bda5b607b0c25e1749191e4d837","name":"Redaktionen SvM","description":"Redaktionen","sameAs":["https:\/\/lightweb.dev\/l\/svm-temp"],"url":"https:\/\/lightweb.dev\/l\/svm-temp\/reporter\/redaktionen\/"}]}},"_links":{"self":[{"href":"https:\/\/lightweb.dev\/l\/svm-temp\/wp-json\/wp\/v2\/posts\/12209","targetHints":{"allow":["GET"]}}],"collection":[{"href":"https:\/\/lightweb.dev\/l\/svm-temp\/wp-json\/wp\/v2\/posts"}],"about":[{"href":"https:\/\/lightweb.dev\/l\/svm-temp\/wp-json\/wp\/v2\/types\/post"}],"author":[{"embeddable":true,"href":"https:\/\/lightweb.dev\/l\/svm-temp\/wp-json\/wp\/v2\/users\/8"}],"replies":[{"embeddable":true,"href":"https:\/\/lightweb.dev\/l\/svm-temp\/wp-json\/wp\/v2\/comments?post=12209"}],"version-history":[{"count":0,"href":"https:\/\/lightweb.dev\/l\/svm-temp\/wp-json\/wp\/v2\/posts\/12209\/revisions"}],"wp:featuredmedia":[{"embeddable":true,"href":"https:\/\/lightweb.dev\/l\/svm-temp\/wp-json\/wp\/v2\/media\/12210"}],"wp:attachment":[{"href":"https:\/\/lightweb.dev\/l\/svm-temp\/wp-json\/wp\/v2\/media?parent=12209"}],"wp:term":[{"taxonomy":"category","embeddable":true,"href":"https:\/\/lightweb.dev\/l\/svm-temp\/wp-json\/wp\/v2\/categories?post=12209"},{"taxonomy":"post_tag","embeddable":true,"href":"https:\/\/lightweb.dev\/l\/svm-temp\/wp-json\/wp\/v2\/tags?post=12209"}],"curies":[{"name":"wp","href":"https:\/\/api.w.org\/{rel}","templated":true}]}}