{"id":12211,"date":"2021-05-07T11:19:00","date_gmt":"2021-05-07T09:19:00","guid":{"rendered":"https:\/\/lightweb.dev\/l\/svm-temp\/nyheter\/daligt-vattenledningsnatverk-hindrar-utbyggnad-av-nya-bostader\/"},"modified":"2021-05-07T11:19:00","modified_gmt":"2021-05-07T09:19:00","slug":"daligt-vattenledningsnatverk-hindrar-utbyggnad-av-nya-bostader","status":"publish","type":"post","link":"https:\/\/lightweb.dev\/l\/svm-temp\/nyheter\/daligt-vattenledningsnatverk-hindrar-utbyggnad-av-nya-bostader\/","title":{"rendered":"D\u00e5ligt vattenledningsn\u00e4tverk hindrar utbyggnad av nya bost\u00e4der"},"content":{"rendered":"<p> Infrastrukturen av vattenledningsn\u00e4tverket \u00e4r f\u00f6r\u00e5ldrad och hindrar utbyggnaden av nya bostadsomr\u00e5den. Det framkom vid ett forum som dagstidningen Diario SUR arrangerade i samarbete med det offentliga vattenbolaget Acosol p\u00e5 Costa del Sol.<\/p>\n<p>\u201dVattenf\u00f6rs\u00f6rjningen, en utmaning f\u00f6r framtiden f\u00f6r Costa del Sol\u201d var temat vid forumet som inneh\u00f6ll flera intressanta f\u00f6rel\u00e4sningar.<\/p>\n<p>Tillv\u00e4xten p\u00e5 Costa del Sol kan komma att p\u00e5verkas allvarligt eftersom det r\u00e5der brist p\u00e5 vatten. Det handlar inte bara om att den reservoar som finns p\u00e5 v\u00e4stra Costa del Sol (La Concepci\u00f3n) \u00e4r f\u00f6r liten och vars dammluckor varje vinter m\u00e5ste \u00f6ppna f\u00f6r att sl\u00e4ppa ut vatten i havet.<\/p>\n<p>Infrastrukturen \u00e4r f\u00f6r gammal och orsakar st\u00e4ndiga problem.<\/p>\n<p>Efter att vattenledningsn\u00e4tverket byggdes p\u00e5 Solkusten har antalet inv\u00e5nare \u00f6kat fem g\u00e5nger. Under h\u00f6gs\u00e4songen kan det vara upp emot 1,5 miljoner m\u00e4nniskor p\u00e5 kusten.<\/p>\n<p>Den 100 kilometer l\u00e5nga vattenledningen mellan Manilva och Torremolinos drabbas av ett 50-tal haverier \u00e5rligen trots att den har \u00e5tg\u00e4rdats och renoverats.<\/p>\n<p>Vattenledningsn\u00e4tverket beskrivs som \u201drekvisita\u201d. Kustens vatteninfrastruktur \u00e4r otillr\u00e4cklig och problem uppst\u00e5r st\u00e4ndigt n\u00e4r det g\u00e4ller kapacitet, behandling och transport.<\/p>\n<p>Renat avloppsvatten har kommit till st\u00f6rre anv\u00e4ndning senaste tiden. 54 kubikhektometer avloppsvatten renas och tio procent g\u00e5r till golfbanorna. Det renade avloppsvattnet skulle kunna anv\u00e4ndas f\u00f6r att bevattna fler gr\u00f6nomr\u00e5den.<\/p>\n","protected":false},"excerpt":{"rendered":"<p>Infrastrukturen av vattenledningsn\u00e4tverket \u00e4r f\u00f6r\u00e5ldrad och hindrar utbyggnaden av nya bostadsomr\u00e5den. Det framkom vid ett forum som dagstidningen Diario SUR arrangerade i samarbete med det offentliga vattenbolaget Acosol p\u00e5 Costa del Sol. \u201dVattenf\u00f6rs\u00f6rjningen, en utmaning f\u00f6r framtiden f\u00f6r Costa del Sol\u201d var temat vid forumet som inneh\u00f6ll flera intressanta f\u00f6rel\u00e4sningar. Tillv\u00e4xten p\u00e5 Costa del Sol [&hellip;]<\/p>\n","protected":false},"author":8,"featured_media":12212,"comment_status":"open","ping_status":"open","sticky":false,"template":"","format":"standard","meta":{"_et_pb_use_builder":"","_et_pb_old_content":"","_et_gb_content_width":"","footnotes":""},"categories":[395,3],"tags":[],"class_list":["post-12211","post","type-post","status-publish","format-standard","has-post-thumbnail","hentry","category-arkiv-nyheter","category-nyheter"],"yoast_head":"<!-- This site is optimized with the Yoast SEO Premium plugin v26.2 (Yoast SEO v27.4) - https:\/\/yoast.com\/product\/yoast-seo-premium-wordpress\/ -->\n<title>D\u00e5ligt vattenledningsn\u00e4tverk hindrar utbyggnad av nya bost\u00e4der - Svenska Magasinet<\/title>\n<meta name=\"robots\" content=\"noindex, follow, max-snippet:-1, max-image-preview:large, max-video-preview:-1\" \/>\n<meta property=\"og:locale\" content=\"sv_SE\" \/>\n<meta property=\"og:type\" content=\"article\" \/>\n<meta property=\"og:title\" content=\"D\u00e5ligt vattenledningsn\u00e4tverk hindrar utbyggnad av nya bost\u00e4der\" \/>\n<meta property=\"og:description\" content=\"Infrastrukturen av vattenledningsn\u00e4tverket \u00e4r f\u00f6r\u00e5ldrad och hindrar utbyggnaden av nya bostadsomr\u00e5den. Det framkom vid ett forum som dagstidningen Diario SUR arrangerade i samarbete med det offentliga vattenbolaget Acosol p\u00e5 Costa del Sol. \u201dVattenf\u00f6rs\u00f6rjningen, en utmaning f\u00f6r framtiden f\u00f6r Costa del Sol\u201d var temat vid forumet som inneh\u00f6ll flera intressanta f\u00f6rel\u00e4sningar. Tillv\u00e4xten p\u00e5 Costa del Sol [&hellip;]\" \/>\n<meta property=\"og:url\" content=\"https:\/\/lightweb.dev\/l\/svm-temp\/nyheter\/daligt-vattenledningsnatverk-hindrar-utbyggnad-av-nya-bostader\/\" \/>\n<meta property=\"og:site_name\" content=\"Svenska Magasinet\" \/>\n<meta property=\"article:publisher\" content=\"https:\/\/www.facebook.com\/svenskamagasinet\" \/>\n<meta property=\"article:published_time\" content=\"2021-05-07T09:19:00+00:00\" \/>\n<meta property=\"og:image\" content=\"https:\/\/lightweb.dev\/l\/svm-temp\/wp-content\/uploads\/2022\/06\/daligt-vattenledningsnatverk-hindrar-utbyggnad-av-nya-bostader.png\" \/>\n\t<meta property=\"og:image:width\" content=\"500\" \/>\n\t<meta property=\"og:image:height\" content=\"300\" \/>\n\t<meta property=\"og:image:type\" content=\"image\/png\" \/>\n<meta name=\"author\" content=\"Redaktionen SvM\" \/>\n<meta name=\"twitter:card\" content=\"summary_large_image\" \/>\n<meta name=\"twitter:creator\" content=\"@SvenskaMagasine\" \/>\n<meta name=\"twitter:site\" content=\"@SvenskaMagasine\" \/>\n<script type=\"application\/ld+json\" class=\"yoast-schema-graph\">{\"@context\":\"https:\\\/\\\/schema.org\",\"@graph\":[{\"@type\":\"Article\",\"@id\":\"https:\\\/\\\/lightweb.dev\\\/l\\\/svm-temp\\\/nyheter\\\/daligt-vattenledningsnatverk-hindrar-utbyggnad-av-nya-bostader\\\/#article\",\"isPartOf\":{\"@id\":\"https:\\\/\\\/lightweb.dev\\\/l\\\/svm-temp\\\/nyheter\\\/daligt-vattenledningsnatverk-hindrar-utbyggnad-av-nya-bostader\\\/\"},\"author\":{\"name\":\"Redaktionen SvM\",\"@id\":\"https:\\\/\\\/lightweb.dev\\\/l\\\/svm-temp\\\/#\\\/schema\\\/person\\\/206a3bda5b607b0c25e1749191e4d837\"},\"headline\":\"D\u00e5ligt vattenledningsn\u00e4tverk hindrar utbyggnad av nya bost\u00e4der\",\"datePublished\":\"2021-05-07T09:19:00+00:00\",\"mainEntityOfPage\":{\"@id\":\"https:\\\/\\\/lightweb.dev\\\/l\\\/svm-temp\\\/nyheter\\\/daligt-vattenledningsnatverk-hindrar-utbyggnad-av-nya-bostader\\\/\"},\"wordCount\":253,\"commentCount\":0,\"publisher\":{\"@id\":\"https:\\\/\\\/lightweb.dev\\\/l\\\/svm-temp\\\/#organization\"},\"image\":{\"@id\":\"https:\\\/\\\/lightweb.dev\\\/l\\\/svm-temp\\\/nyheter\\\/daligt-vattenledningsnatverk-hindrar-utbyggnad-av-nya-bostader\\\/#primaryimage\"},\"thumbnailUrl\":\"https:\\\/\\\/lightweb.dev\\\/l\\\/svm-temp\\\/wp-content\\\/uploads\\\/2022\\\/06\\\/daligt-vattenledningsnatverk-hindrar-utbyggnad-av-nya-bostader.png\",\"articleSection\":[\"Arkiv\",\"Nyheter\"],\"inLanguage\":\"sv-SE\"},{\"@type\":\"WebPage\",\"@id\":\"https:\\\/\\\/lightweb.dev\\\/l\\\/svm-temp\\\/nyheter\\\/daligt-vattenledningsnatverk-hindrar-utbyggnad-av-nya-bostader\\\/\",\"url\":\"https:\\\/\\\/lightweb.dev\\\/l\\\/svm-temp\\\/nyheter\\\/daligt-vattenledningsnatverk-hindrar-utbyggnad-av-nya-bostader\\\/\",\"name\":\"D\u00e5ligt vattenledningsn\u00e4tverk hindrar utbyggnad av nya bost\u00e4der - Svenska Magasinet\",\"isPartOf\":{\"@id\":\"https:\\\/\\\/lightweb.dev\\\/l\\\/svm-temp\\\/#website\"},\"primaryImageOfPage\":{\"@id\":\"https:\\\/\\\/lightweb.dev\\\/l\\\/svm-temp\\\/nyheter\\\/daligt-vattenledningsnatverk-hindrar-utbyggnad-av-nya-bostader\\\/#primaryimage\"},\"image\":{\"@id\":\"https:\\\/\\\/lightweb.dev\\\/l\\\/svm-temp\\\/nyheter\\\/daligt-vattenledningsnatverk-hindrar-utbyggnad-av-nya-bostader\\\/#primaryimage\"},\"thumbnailUrl\":\"https:\\\/\\\/lightweb.dev\\\/l\\\/svm-temp\\\/wp-content\\\/uploads\\\/2022\\\/06\\\/daligt-vattenledningsnatverk-hindrar-utbyggnad-av-nya-bostader.png\",\"datePublished\":\"2021-05-07T09:19:00+00:00\",\"breadcrumb\":{\"@id\":\"https:\\\/\\\/lightweb.dev\\\/l\\\/svm-temp\\\/nyheter\\\/daligt-vattenledningsnatverk-hindrar-utbyggnad-av-nya-bostader\\\/#breadcrumb\"},\"inLanguage\":\"sv-SE\",\"potentialAction\":[{\"@type\":\"ReadAction\",\"target\":[\"https:\\\/\\\/lightweb.dev\\\/l\\\/svm-temp\\\/nyheter\\\/daligt-vattenledningsnatverk-hindrar-utbyggnad-av-nya-bostader\\\/\"]}]},{\"@type\":\"ImageObject\",\"inLanguage\":\"sv-SE\",\"@id\":\"https:\\\/\\\/lightweb.dev\\\/l\\\/svm-temp\\\/nyheter\\\/daligt-vattenledningsnatverk-hindrar-utbyggnad-av-nya-bostader\\\/#primaryimage\",\"url\":\"https:\\\/\\\/lightweb.dev\\\/l\\\/svm-temp\\\/wp-content\\\/uploads\\\/2022\\\/06\\\/daligt-vattenledningsnatverk-hindrar-utbyggnad-av-nya-bostader.png\",\"contentUrl\":\"https:\\\/\\\/lightweb.dev\\\/l\\\/svm-temp\\\/wp-content\\\/uploads\\\/2022\\\/06\\\/daligt-vattenledningsnatverk-hindrar-utbyggnad-av-nya-bostader.png\",\"width\":500,\"height\":300},{\"@type\":\"BreadcrumbList\",\"@id\":\"https:\\\/\\\/lightweb.dev\\\/l\\\/svm-temp\\\/nyheter\\\/daligt-vattenledningsnatverk-hindrar-utbyggnad-av-nya-bostader\\\/#breadcrumb\",\"itemListElement\":[{\"@type\":\"ListItem\",\"position\":1,\"name\":\"Hem\",\"item\":\"https:\\\/\\\/lightweb.dev\\\/l\\\/svm-temp\\\/\"},{\"@type\":\"ListItem\",\"position\":2,\"name\":\"D\u00e5ligt vattenledningsn\u00e4tverk hindrar utbyggnad av nya bost\u00e4der\"}]},{\"@type\":\"WebSite\",\"@id\":\"https:\\\/\\\/lightweb.dev\\\/l\\\/svm-temp\\\/#website\",\"url\":\"https:\\\/\\\/lightweb.dev\\\/l\\\/svm-temp\\\/\",\"name\":\"Svenska Magasinet\",\"description\":\"Dina Spanska nyheter p&aring; Svenska\",\"publisher\":{\"@id\":\"https:\\\/\\\/lightweb.dev\\\/l\\\/svm-temp\\\/#organization\"},\"potentialAction\":[{\"@type\":\"SearchAction\",\"target\":{\"@type\":\"EntryPoint\",\"urlTemplate\":\"https:\\\/\\\/lightweb.dev\\\/l\\\/svm-temp\\\/?s={search_term_string}\"},\"query-input\":{\"@type\":\"PropertyValueSpecification\",\"valueRequired\":true,\"valueName\":\"search_term_string\"}}],\"inLanguage\":\"sv-SE\"},{\"@type\":\"Organization\",\"@id\":\"https:\\\/\\\/lightweb.dev\\\/l\\\/svm-temp\\\/#organization\",\"name\":\"Melkerson y Nott SL\",\"alternateName\":\"Svenska Magasinet\",\"url\":\"https:\\\/\\\/lightweb.dev\\\/l\\\/svm-temp\\\/\",\"logo\":{\"@type\":\"ImageObject\",\"inLanguage\":\"sv-SE\",\"@id\":\"https:\\\/\\\/lightweb.dev\\\/l\\\/svm-temp\\\/#\\\/schema\\\/logo\\\/image\\\/\",\"url\":\"https:\\\/\\\/lightweb.dev\\\/l\\\/svm-temp\\\/wp-content\\\/uploads\\\/2025\\\/02\\\/SvM-logo-Xtra-Centrerad-SVART.png\",\"contentUrl\":\"https:\\\/\\\/lightweb.dev\\\/l\\\/svm-temp\\\/wp-content\\\/uploads\\\/2025\\\/02\\\/SvM-logo-Xtra-Centrerad-SVART.png\",\"width\":300,\"height\":99,\"caption\":\"Melkerson y Nott SL\"},\"image\":{\"@id\":\"https:\\\/\\\/lightweb.dev\\\/l\\\/svm-temp\\\/#\\\/schema\\\/logo\\\/image\\\/\"},\"sameAs\":[\"https:\\\/\\\/www.facebook.com\\\/svenskamagasinet\",\"https:\\\/\\\/x.com\\\/SvenskaMagasine\"]},{\"@type\":\"Person\",\"@id\":\"https:\\\/\\\/lightweb.dev\\\/l\\\/svm-temp\\\/#\\\/schema\\\/person\\\/206a3bda5b607b0c25e1749191e4d837\",\"name\":\"Redaktionen SvM\",\"description\":\"Redaktionen\",\"sameAs\":[\"https:\\\/\\\/lightweb.dev\\\/l\\\/svm-temp\"],\"url\":\"https:\\\/\\\/lightweb.dev\\\/l\\\/svm-temp\\\/reporter\\\/redaktionen\\\/\"}]}<\/script>\n<!-- \/ Yoast SEO Premium plugin. -->","yoast_head_json":{"title":"D\u00e5ligt vattenledningsn\u00e4tverk hindrar utbyggnad av nya bost\u00e4der - Svenska Magasinet","robots":{"index":"noindex","follow":"follow","max-snippet":"max-snippet:-1","max-image-preview":"max-image-preview:large","max-video-preview":"max-video-preview:-1"},"og_locale":"sv_SE","og_type":"article","og_title":"D\u00e5ligt vattenledningsn\u00e4tverk hindrar utbyggnad av nya bost\u00e4der","og_description":"Infrastrukturen av vattenledningsn\u00e4tverket \u00e4r f\u00f6r\u00e5ldrad och hindrar utbyggnaden av nya bostadsomr\u00e5den. Det framkom vid ett forum som dagstidningen Diario SUR arrangerade i samarbete med det offentliga vattenbolaget Acosol p\u00e5 Costa del Sol. \u201dVattenf\u00f6rs\u00f6rjningen, en utmaning f\u00f6r framtiden f\u00f6r Costa del Sol\u201d var temat vid forumet som inneh\u00f6ll flera intressanta f\u00f6rel\u00e4sningar. Tillv\u00e4xten p\u00e5 Costa del Sol [&hellip;]","og_url":"https:\/\/lightweb.dev\/l\/svm-temp\/nyheter\/daligt-vattenledningsnatverk-hindrar-utbyggnad-av-nya-bostader\/","og_site_name":"Svenska Magasinet","article_publisher":"https:\/\/www.facebook.com\/svenskamagasinet","article_published_time":"2021-05-07T09:19:00+00:00","og_image":[{"width":500,"height":300,"url":"https:\/\/lightweb.dev\/l\/svm-temp\/wp-content\/uploads\/2022\/06\/daligt-vattenledningsnatverk-hindrar-utbyggnad-av-nya-bostader.png","type":"image\/png"}],"author":"Redaktionen SvM","twitter_card":"summary_large_image","twitter_creator":"@SvenskaMagasine","twitter_site":"@SvenskaMagasine","schema":{"@context":"https:\/\/schema.org","@graph":[{"@type":"Article","@id":"https:\/\/lightweb.dev\/l\/svm-temp\/nyheter\/daligt-vattenledningsnatverk-hindrar-utbyggnad-av-nya-bostader\/#article","isPartOf":{"@id":"https:\/\/lightweb.dev\/l\/svm-temp\/nyheter\/daligt-vattenledningsnatverk-hindrar-utbyggnad-av-nya-bostader\/"},"author":{"name":"Redaktionen SvM","@id":"https:\/\/lightweb.dev\/l\/svm-temp\/#\/schema\/person\/206a3bda5b607b0c25e1749191e4d837"},"headline":"D\u00e5ligt vattenledningsn\u00e4tverk hindrar utbyggnad av nya bost\u00e4der","datePublished":"2021-05-07T09:19:00+00:00","mainEntityOfPage":{"@id":"https:\/\/lightweb.dev\/l\/svm-temp\/nyheter\/daligt-vattenledningsnatverk-hindrar-utbyggnad-av-nya-bostader\/"},"wordCount":253,"commentCount":0,"publisher":{"@id":"https:\/\/lightweb.dev\/l\/svm-temp\/#organization"},"image":{"@id":"https:\/\/lightweb.dev\/l\/svm-temp\/nyheter\/daligt-vattenledningsnatverk-hindrar-utbyggnad-av-nya-bostader\/#primaryimage"},"thumbnailUrl":"https:\/\/lightweb.dev\/l\/svm-temp\/wp-content\/uploads\/2022\/06\/daligt-vattenledningsnatverk-hindrar-utbyggnad-av-nya-bostader.png","articleSection":["Arkiv","Nyheter"],"inLanguage":"sv-SE"},{"@type":"WebPage","@id":"https:\/\/lightweb.dev\/l\/svm-temp\/nyheter\/daligt-vattenledningsnatverk-hindrar-utbyggnad-av-nya-bostader\/","url":"https:\/\/lightweb.dev\/l\/svm-temp\/nyheter\/daligt-vattenledningsnatverk-hindrar-utbyggnad-av-nya-bostader\/","name":"D\u00e5ligt vattenledningsn\u00e4tverk hindrar utbyggnad av nya bost\u00e4der - Svenska Magasinet","isPartOf":{"@id":"https:\/\/lightweb.dev\/l\/svm-temp\/#website"},"primaryImageOfPage":{"@id":"https:\/\/lightweb.dev\/l\/svm-temp\/nyheter\/daligt-vattenledningsnatverk-hindrar-utbyggnad-av-nya-bostader\/#primaryimage"},"image":{"@id":"https:\/\/lightweb.dev\/l\/svm-temp\/nyheter\/daligt-vattenledningsnatverk-hindrar-utbyggnad-av-nya-bostader\/#primaryimage"},"thumbnailUrl":"https:\/\/lightweb.dev\/l\/svm-temp\/wp-content\/uploads\/2022\/06\/daligt-vattenledningsnatverk-hindrar-utbyggnad-av-nya-bostader.png","datePublished":"2021-05-07T09:19:00+00:00","breadcrumb":{"@id":"https:\/\/lightweb.dev\/l\/svm-temp\/nyheter\/daligt-vattenledningsnatverk-hindrar-utbyggnad-av-nya-bostader\/#breadcrumb"},"inLanguage":"sv-SE","potentialAction":[{"@type":"ReadAction","target":["https:\/\/lightweb.dev\/l\/svm-temp\/nyheter\/daligt-vattenledningsnatverk-hindrar-utbyggnad-av-nya-bostader\/"]}]},{"@type":"ImageObject","inLanguage":"sv-SE","@id":"https:\/\/lightweb.dev\/l\/svm-temp\/nyheter\/daligt-vattenledningsnatverk-hindrar-utbyggnad-av-nya-bostader\/#primaryimage","url":"https:\/\/lightweb.dev\/l\/svm-temp\/wp-content\/uploads\/2022\/06\/daligt-vattenledningsnatverk-hindrar-utbyggnad-av-nya-bostader.png","contentUrl":"https:\/\/lightweb.dev\/l\/svm-temp\/wp-content\/uploads\/2022\/06\/daligt-vattenledningsnatverk-hindrar-utbyggnad-av-nya-bostader.png","width":500,"height":300},{"@type":"BreadcrumbList","@id":"https:\/\/lightweb.dev\/l\/svm-temp\/nyheter\/daligt-vattenledningsnatverk-hindrar-utbyggnad-av-nya-bostader\/#breadcrumb","itemListElement":[{"@type":"ListItem","position":1,"name":"Hem","item":"https:\/\/lightweb.dev\/l\/svm-temp\/"},{"@type":"ListItem","position":2,"name":"D\u00e5ligt vattenledningsn\u00e4tverk hindrar utbyggnad av nya bost\u00e4der"}]},{"@type":"WebSite","@id":"https:\/\/lightweb.dev\/l\/svm-temp\/#website","url":"https:\/\/lightweb.dev\/l\/svm-temp\/","name":"Svenska Magasinet","description":"Dina Spanska nyheter p&aring; Svenska","publisher":{"@id":"https:\/\/lightweb.dev\/l\/svm-temp\/#organization"},"potentialAction":[{"@type":"SearchAction","target":{"@type":"EntryPoint","urlTemplate":"https:\/\/lightweb.dev\/l\/svm-temp\/?s={search_term_string}"},"query-input":{"@type":"PropertyValueSpecification","valueRequired":true,"valueName":"search_term_string"}}],"inLanguage":"sv-SE"},{"@type":"Organization","@id":"https:\/\/lightweb.dev\/l\/svm-temp\/#organization","name":"Melkerson y Nott SL","alternateName":"Svenska Magasinet","url":"https:\/\/lightweb.dev\/l\/svm-temp\/","logo":{"@type":"ImageObject","inLanguage":"sv-SE","@id":"https:\/\/lightweb.dev\/l\/svm-temp\/#\/schema\/logo\/image\/","url":"https:\/\/lightweb.dev\/l\/svm-temp\/wp-content\/uploads\/2025\/02\/SvM-logo-Xtra-Centrerad-SVART.png","contentUrl":"https:\/\/lightweb.dev\/l\/svm-temp\/wp-content\/uploads\/2025\/02\/SvM-logo-Xtra-Centrerad-SVART.png","width":300,"height":99,"caption":"Melkerson y Nott SL"},"image":{"@id":"https:\/\/lightweb.dev\/l\/svm-temp\/#\/schema\/logo\/image\/"},"sameAs":["https:\/\/www.facebook.com\/svenskamagasinet","https:\/\/x.com\/SvenskaMagasine"]},{"@type":"Person","@id":"https:\/\/lightweb.dev\/l\/svm-temp\/#\/schema\/person\/206a3bda5b607b0c25e1749191e4d837","name":"Redaktionen SvM","description":"Redaktionen","sameAs":["https:\/\/lightweb.dev\/l\/svm-temp"],"url":"https:\/\/lightweb.dev\/l\/svm-temp\/reporter\/redaktionen\/"}]}},"_links":{"self":[{"href":"https:\/\/lightweb.dev\/l\/svm-temp\/wp-json\/wp\/v2\/posts\/12211","targetHints":{"allow":["GET"]}}],"collection":[{"href":"https:\/\/lightweb.dev\/l\/svm-temp\/wp-json\/wp\/v2\/posts"}],"about":[{"href":"https:\/\/lightweb.dev\/l\/svm-temp\/wp-json\/wp\/v2\/types\/post"}],"author":[{"embeddable":true,"href":"https:\/\/lightweb.dev\/l\/svm-temp\/wp-json\/wp\/v2\/users\/8"}],"replies":[{"embeddable":true,"href":"https:\/\/lightweb.dev\/l\/svm-temp\/wp-json\/wp\/v2\/comments?post=12211"}],"version-history":[{"count":0,"href":"https:\/\/lightweb.dev\/l\/svm-temp\/wp-json\/wp\/v2\/posts\/12211\/revisions"}],"wp:featuredmedia":[{"embeddable":true,"href":"https:\/\/lightweb.dev\/l\/svm-temp\/wp-json\/wp\/v2\/media\/12212"}],"wp:attachment":[{"href":"https:\/\/lightweb.dev\/l\/svm-temp\/wp-json\/wp\/v2\/media?parent=12211"}],"wp:term":[{"taxonomy":"category","embeddable":true,"href":"https:\/\/lightweb.dev\/l\/svm-temp\/wp-json\/wp\/v2\/categories?post=12211"},{"taxonomy":"post_tag","embeddable":true,"href":"https:\/\/lightweb.dev\/l\/svm-temp\/wp-json\/wp\/v2\/tags?post=12211"}],"curies":[{"name":"wp","href":"https:\/\/api.w.org\/{rel}","templated":true}]}}