{"id":12213,"date":"2021-05-07T13:11:00","date_gmt":"2021-05-07T11:11:00","guid":{"rendered":"https:\/\/lightweb.dev\/l\/svm-temp\/nyheter\/costa-tropical-far-vandringsled-utmed-kusten\/"},"modified":"2021-05-07T13:11:00","modified_gmt":"2021-05-07T11:11:00","slug":"costa-tropical-far-vandringsled-utmed-kusten","status":"publish","type":"post","link":"https:\/\/lightweb.dev\/l\/svm-temp\/nyheter\/costa-tropical-far-vandringsled-utmed-kusten\/","title":{"rendered":"Costa Tropical f\u00e5r vandringsled utmed kusten"},"content":{"rendered":"<p> Nu g\u00f6r Costa Tropical i Granadaprovinsen som systerkusten p\u00e5 Costa del Sol. Planerar f\u00f6r vandringsleden \u201dLa senda litoral\u201d som ska g\u00e5 genom 18 kommuner utmed kusten och La Alpujarra.<\/p>\n<p>Vandringsleden Senda Litoral mellan Manilva och Nerja p\u00e5 Costa del Sol har blivit mycket popul\u00e4r. \u00c4nnu \u00e5terst\u00e5r n\u00e5gra avsnitt innan hela leden \u00e4r klar.<\/p>\n<p>Nu g\u00f6r provinsstyrelsen Diputaci\u00f3n i Granada samma sak utmed Costa Tropical. Provinsstyrelsen har redan gjort klart med kommuner som Motril, Torrenueva och Albu\u00f1ol att b\u00f6rja projektera f\u00f6r avsnitt.<\/p>\n<p>Planerna att f\u00f6rena Salobre\u00f1a och Motril med en vandringsled utmed havet har funnits l\u00e4nge. Nu \u00e4r planerna att den ska f\u00f6rl\u00e4ngas till att omfatta totalt 18 kommuner.<\/p>\n<p>Vandringsleden ska \u00e4ven f\u00e5 vissa avsnitt i inlandet till Sierra de la Contraviesa och la Alpujarra, och f\u00e5r utseendet som ett Y.<\/p>\n<p>Ett avsnitt knyter ihop Lenteg\u00ed, Jete, Ot\u00edvar och Almu\u00f1\u00e9car medan ett annat avsnitt f\u00f6ljer r\u00edo Guadalfeo och kopplar samman V\u00e9lez de Benaudalla, Motril, Salobre\u00f1a, Carchuna-Calahonda och Gualchos-Castell de Ferro. Ett tredje avsnitt g\u00e5r mellan Sierra de L\u00fajar, V\u00e9lez, L\u00fajar, Gualchos Castell de Ferro, Sierra de la Contraviesa, Polopos-La Mamola, R\u00fabite, Sorvil\u00e1n, Albond\u00f3n, Albu\u00f1ol, Murtas, Ug\u00edjar och Nevada.<\/p>\n<p>Vandringsleden ska g\u00e5 utmed avsnitt som tidigare boskapsuppf\u00f6dare anv\u00e4nt och gamla nedlagda j\u00e4rnv\u00e4gssp\u00e5r. Leden ska vara f\u00f6r b\u00e5de vandrare och cyklister.<\/p>\n<p>Arbetet med det f\u00f6rsta avsnittet inleds till sommaren. Det r\u00f6r sig om en del som byggs i tr\u00e4 f\u00f6rbi Villa Astrida, som tidigare var sommarresidens \u00e5t det belgiska kungahuset.<\/p>\n<p>Samtliga str\u00e4nder i Motril ska knytas samman genom vandringsleden som dessutom forts\u00e4tter till Salobre\u00f1a.<\/p>\n<p>I framtiden planeras det att vandringsleden ska forts\u00e4tta in i Almer\u00edaprovinsen.<br \/>\n L\u00e4s tidigare artikel:<br \/>\nVilla Astrida i Motril: Mytomspunnet kungligt residens har mist sin glans<\/p>\n","protected":false},"excerpt":{"rendered":"<p>Nu g\u00f6r Costa Tropical i Granadaprovinsen som systerkusten p\u00e5 Costa del Sol. Planerar f\u00f6r vandringsleden \u201dLa senda litoral\u201d som ska g\u00e5 genom 18 kommuner utmed kusten och La Alpujarra. Vandringsleden Senda Litoral mellan Manilva och Nerja p\u00e5 Costa del Sol har blivit mycket popul\u00e4r. \u00c4nnu \u00e5terst\u00e5r n\u00e5gra avsnitt innan hela leden \u00e4r klar. Nu g\u00f6r [&hellip;]<\/p>\n","protected":false},"author":8,"featured_media":12214,"comment_status":"open","ping_status":"open","sticky":false,"template":"","format":"standard","meta":{"_et_pb_use_builder":"","_et_pb_old_content":"","_et_gb_content_width":"","footnotes":""},"categories":[395,3],"tags":[],"class_list":["post-12213","post","type-post","status-publish","format-standard","has-post-thumbnail","hentry","category-arkiv-nyheter","category-nyheter"],"yoast_head":"<!-- This site is optimized with the Yoast SEO Premium plugin v26.2 (Yoast SEO v27.4) - https:\/\/yoast.com\/product\/yoast-seo-premium-wordpress\/ -->\n<title>Costa Tropical f\u00e5r vandringsled utmed kusten - Svenska Magasinet<\/title>\n<meta name=\"robots\" content=\"noindex, follow, max-snippet:-1, max-image-preview:large, max-video-preview:-1\" \/>\n<meta property=\"og:locale\" content=\"sv_SE\" \/>\n<meta property=\"og:type\" content=\"article\" \/>\n<meta property=\"og:title\" content=\"Costa Tropical f\u00e5r vandringsled utmed kusten\" \/>\n<meta property=\"og:description\" content=\"Nu g\u00f6r Costa Tropical i Granadaprovinsen som systerkusten p\u00e5 Costa del Sol. Planerar f\u00f6r vandringsleden \u201dLa senda litoral\u201d som ska g\u00e5 genom 18 kommuner utmed kusten och La Alpujarra. Vandringsleden Senda Litoral mellan Manilva och Nerja p\u00e5 Costa del Sol har blivit mycket popul\u00e4r. \u00c4nnu \u00e5terst\u00e5r n\u00e5gra avsnitt innan hela leden \u00e4r klar. Nu g\u00f6r [&hellip;]\" \/>\n<meta property=\"og:url\" content=\"https:\/\/lightweb.dev\/l\/svm-temp\/nyheter\/costa-tropical-far-vandringsled-utmed-kusten\/\" \/>\n<meta property=\"og:site_name\" content=\"Svenska Magasinet\" \/>\n<meta property=\"article:publisher\" content=\"https:\/\/www.facebook.com\/svenskamagasinet\" \/>\n<meta property=\"article:published_time\" content=\"2021-05-07T11:11:00+00:00\" \/>\n<meta property=\"og:image\" content=\"https:\/\/lightweb.dev\/l\/svm-temp\/wp-content\/uploads\/2022\/06\/costa-tropical-far-vandringsled-utmed-kusten.png\" \/>\n\t<meta property=\"og:image:width\" content=\"500\" \/>\n\t<meta property=\"og:image:height\" content=\"300\" \/>\n\t<meta property=\"og:image:type\" content=\"image\/png\" \/>\n<meta name=\"author\" content=\"Redaktionen SvM\" \/>\n<meta name=\"twitter:card\" content=\"summary_large_image\" \/>\n<meta name=\"twitter:creator\" content=\"@SvenskaMagasine\" \/>\n<meta name=\"twitter:site\" content=\"@SvenskaMagasine\" \/>\n<script type=\"application\/ld+json\" class=\"yoast-schema-graph\">{\"@context\":\"https:\\\/\\\/schema.org\",\"@graph\":[{\"@type\":\"Article\",\"@id\":\"https:\\\/\\\/lightweb.dev\\\/l\\\/svm-temp\\\/nyheter\\\/costa-tropical-far-vandringsled-utmed-kusten\\\/#article\",\"isPartOf\":{\"@id\":\"https:\\\/\\\/lightweb.dev\\\/l\\\/svm-temp\\\/nyheter\\\/costa-tropical-far-vandringsled-utmed-kusten\\\/\"},\"author\":{\"name\":\"Redaktionen SvM\",\"@id\":\"https:\\\/\\\/lightweb.dev\\\/l\\\/svm-temp\\\/#\\\/schema\\\/person\\\/206a3bda5b607b0c25e1749191e4d837\"},\"headline\":\"Costa Tropical f\u00e5r vandringsled utmed kusten\",\"datePublished\":\"2021-05-07T11:11:00+00:00\",\"mainEntityOfPage\":{\"@id\":\"https:\\\/\\\/lightweb.dev\\\/l\\\/svm-temp\\\/nyheter\\\/costa-tropical-far-vandringsled-utmed-kusten\\\/\"},\"wordCount\":328,\"commentCount\":0,\"publisher\":{\"@id\":\"https:\\\/\\\/lightweb.dev\\\/l\\\/svm-temp\\\/#organization\"},\"image\":{\"@id\":\"https:\\\/\\\/lightweb.dev\\\/l\\\/svm-temp\\\/nyheter\\\/costa-tropical-far-vandringsled-utmed-kusten\\\/#primaryimage\"},\"thumbnailUrl\":\"https:\\\/\\\/lightweb.dev\\\/l\\\/svm-temp\\\/wp-content\\\/uploads\\\/2022\\\/06\\\/costa-tropical-far-vandringsled-utmed-kusten.png\",\"articleSection\":[\"Arkiv\",\"Nyheter\"],\"inLanguage\":\"sv-SE\"},{\"@type\":\"WebPage\",\"@id\":\"https:\\\/\\\/lightweb.dev\\\/l\\\/svm-temp\\\/nyheter\\\/costa-tropical-far-vandringsled-utmed-kusten\\\/\",\"url\":\"https:\\\/\\\/lightweb.dev\\\/l\\\/svm-temp\\\/nyheter\\\/costa-tropical-far-vandringsled-utmed-kusten\\\/\",\"name\":\"Costa Tropical f\u00e5r vandringsled utmed kusten - Svenska Magasinet\",\"isPartOf\":{\"@id\":\"https:\\\/\\\/lightweb.dev\\\/l\\\/svm-temp\\\/#website\"},\"primaryImageOfPage\":{\"@id\":\"https:\\\/\\\/lightweb.dev\\\/l\\\/svm-temp\\\/nyheter\\\/costa-tropical-far-vandringsled-utmed-kusten\\\/#primaryimage\"},\"image\":{\"@id\":\"https:\\\/\\\/lightweb.dev\\\/l\\\/svm-temp\\\/nyheter\\\/costa-tropical-far-vandringsled-utmed-kusten\\\/#primaryimage\"},\"thumbnailUrl\":\"https:\\\/\\\/lightweb.dev\\\/l\\\/svm-temp\\\/wp-content\\\/uploads\\\/2022\\\/06\\\/costa-tropical-far-vandringsled-utmed-kusten.png\",\"datePublished\":\"2021-05-07T11:11:00+00:00\",\"breadcrumb\":{\"@id\":\"https:\\\/\\\/lightweb.dev\\\/l\\\/svm-temp\\\/nyheter\\\/costa-tropical-far-vandringsled-utmed-kusten\\\/#breadcrumb\"},\"inLanguage\":\"sv-SE\",\"potentialAction\":[{\"@type\":\"ReadAction\",\"target\":[\"https:\\\/\\\/lightweb.dev\\\/l\\\/svm-temp\\\/nyheter\\\/costa-tropical-far-vandringsled-utmed-kusten\\\/\"]}]},{\"@type\":\"ImageObject\",\"inLanguage\":\"sv-SE\",\"@id\":\"https:\\\/\\\/lightweb.dev\\\/l\\\/svm-temp\\\/nyheter\\\/costa-tropical-far-vandringsled-utmed-kusten\\\/#primaryimage\",\"url\":\"https:\\\/\\\/lightweb.dev\\\/l\\\/svm-temp\\\/wp-content\\\/uploads\\\/2022\\\/06\\\/costa-tropical-far-vandringsled-utmed-kusten.png\",\"contentUrl\":\"https:\\\/\\\/lightweb.dev\\\/l\\\/svm-temp\\\/wp-content\\\/uploads\\\/2022\\\/06\\\/costa-tropical-far-vandringsled-utmed-kusten.png\",\"width\":500,\"height\":300},{\"@type\":\"BreadcrumbList\",\"@id\":\"https:\\\/\\\/lightweb.dev\\\/l\\\/svm-temp\\\/nyheter\\\/costa-tropical-far-vandringsled-utmed-kusten\\\/#breadcrumb\",\"itemListElement\":[{\"@type\":\"ListItem\",\"position\":1,\"name\":\"Hem\",\"item\":\"https:\\\/\\\/lightweb.dev\\\/l\\\/svm-temp\\\/\"},{\"@type\":\"ListItem\",\"position\":2,\"name\":\"Costa Tropical f\u00e5r vandringsled utmed kusten\"}]},{\"@type\":\"WebSite\",\"@id\":\"https:\\\/\\\/lightweb.dev\\\/l\\\/svm-temp\\\/#website\",\"url\":\"https:\\\/\\\/lightweb.dev\\\/l\\\/svm-temp\\\/\",\"name\":\"Svenska Magasinet\",\"description\":\"Dina Spanska nyheter p&aring; Svenska\",\"publisher\":{\"@id\":\"https:\\\/\\\/lightweb.dev\\\/l\\\/svm-temp\\\/#organization\"},\"potentialAction\":[{\"@type\":\"SearchAction\",\"target\":{\"@type\":\"EntryPoint\",\"urlTemplate\":\"https:\\\/\\\/lightweb.dev\\\/l\\\/svm-temp\\\/?s={search_term_string}\"},\"query-input\":{\"@type\":\"PropertyValueSpecification\",\"valueRequired\":true,\"valueName\":\"search_term_string\"}}],\"inLanguage\":\"sv-SE\"},{\"@type\":\"Organization\",\"@id\":\"https:\\\/\\\/lightweb.dev\\\/l\\\/svm-temp\\\/#organization\",\"name\":\"Melkerson y Nott SL\",\"alternateName\":\"Svenska Magasinet\",\"url\":\"https:\\\/\\\/lightweb.dev\\\/l\\\/svm-temp\\\/\",\"logo\":{\"@type\":\"ImageObject\",\"inLanguage\":\"sv-SE\",\"@id\":\"https:\\\/\\\/lightweb.dev\\\/l\\\/svm-temp\\\/#\\\/schema\\\/logo\\\/image\\\/\",\"url\":\"https:\\\/\\\/lightweb.dev\\\/l\\\/svm-temp\\\/wp-content\\\/uploads\\\/2025\\\/02\\\/SvM-logo-Xtra-Centrerad-SVART.png\",\"contentUrl\":\"https:\\\/\\\/lightweb.dev\\\/l\\\/svm-temp\\\/wp-content\\\/uploads\\\/2025\\\/02\\\/SvM-logo-Xtra-Centrerad-SVART.png\",\"width\":300,\"height\":99,\"caption\":\"Melkerson y Nott SL\"},\"image\":{\"@id\":\"https:\\\/\\\/lightweb.dev\\\/l\\\/svm-temp\\\/#\\\/schema\\\/logo\\\/image\\\/\"},\"sameAs\":[\"https:\\\/\\\/www.facebook.com\\\/svenskamagasinet\",\"https:\\\/\\\/x.com\\\/SvenskaMagasine\"]},{\"@type\":\"Person\",\"@id\":\"https:\\\/\\\/lightweb.dev\\\/l\\\/svm-temp\\\/#\\\/schema\\\/person\\\/206a3bda5b607b0c25e1749191e4d837\",\"name\":\"Redaktionen SvM\",\"description\":\"Redaktionen\",\"sameAs\":[\"https:\\\/\\\/lightweb.dev\\\/l\\\/svm-temp\"],\"url\":\"https:\\\/\\\/lightweb.dev\\\/l\\\/svm-temp\\\/reporter\\\/redaktionen\\\/\"}]}<\/script>\n<!-- \/ Yoast SEO Premium plugin. -->","yoast_head_json":{"title":"Costa Tropical f\u00e5r vandringsled utmed kusten - Svenska Magasinet","robots":{"index":"noindex","follow":"follow","max-snippet":"max-snippet:-1","max-image-preview":"max-image-preview:large","max-video-preview":"max-video-preview:-1"},"og_locale":"sv_SE","og_type":"article","og_title":"Costa Tropical f\u00e5r vandringsled utmed kusten","og_description":"Nu g\u00f6r Costa Tropical i Granadaprovinsen som systerkusten p\u00e5 Costa del Sol. Planerar f\u00f6r vandringsleden \u201dLa senda litoral\u201d som ska g\u00e5 genom 18 kommuner utmed kusten och La Alpujarra. Vandringsleden Senda Litoral mellan Manilva och Nerja p\u00e5 Costa del Sol har blivit mycket popul\u00e4r. \u00c4nnu \u00e5terst\u00e5r n\u00e5gra avsnitt innan hela leden \u00e4r klar. Nu g\u00f6r [&hellip;]","og_url":"https:\/\/lightweb.dev\/l\/svm-temp\/nyheter\/costa-tropical-far-vandringsled-utmed-kusten\/","og_site_name":"Svenska Magasinet","article_publisher":"https:\/\/www.facebook.com\/svenskamagasinet","article_published_time":"2021-05-07T11:11:00+00:00","og_image":[{"width":500,"height":300,"url":"https:\/\/lightweb.dev\/l\/svm-temp\/wp-content\/uploads\/2022\/06\/costa-tropical-far-vandringsled-utmed-kusten.png","type":"image\/png"}],"author":"Redaktionen SvM","twitter_card":"summary_large_image","twitter_creator":"@SvenskaMagasine","twitter_site":"@SvenskaMagasine","schema":{"@context":"https:\/\/schema.org","@graph":[{"@type":"Article","@id":"https:\/\/lightweb.dev\/l\/svm-temp\/nyheter\/costa-tropical-far-vandringsled-utmed-kusten\/#article","isPartOf":{"@id":"https:\/\/lightweb.dev\/l\/svm-temp\/nyheter\/costa-tropical-far-vandringsled-utmed-kusten\/"},"author":{"name":"Redaktionen SvM","@id":"https:\/\/lightweb.dev\/l\/svm-temp\/#\/schema\/person\/206a3bda5b607b0c25e1749191e4d837"},"headline":"Costa Tropical f\u00e5r vandringsled utmed kusten","datePublished":"2021-05-07T11:11:00+00:00","mainEntityOfPage":{"@id":"https:\/\/lightweb.dev\/l\/svm-temp\/nyheter\/costa-tropical-far-vandringsled-utmed-kusten\/"},"wordCount":328,"commentCount":0,"publisher":{"@id":"https:\/\/lightweb.dev\/l\/svm-temp\/#organization"},"image":{"@id":"https:\/\/lightweb.dev\/l\/svm-temp\/nyheter\/costa-tropical-far-vandringsled-utmed-kusten\/#primaryimage"},"thumbnailUrl":"https:\/\/lightweb.dev\/l\/svm-temp\/wp-content\/uploads\/2022\/06\/costa-tropical-far-vandringsled-utmed-kusten.png","articleSection":["Arkiv","Nyheter"],"inLanguage":"sv-SE"},{"@type":"WebPage","@id":"https:\/\/lightweb.dev\/l\/svm-temp\/nyheter\/costa-tropical-far-vandringsled-utmed-kusten\/","url":"https:\/\/lightweb.dev\/l\/svm-temp\/nyheter\/costa-tropical-far-vandringsled-utmed-kusten\/","name":"Costa Tropical f\u00e5r vandringsled utmed kusten - Svenska Magasinet","isPartOf":{"@id":"https:\/\/lightweb.dev\/l\/svm-temp\/#website"},"primaryImageOfPage":{"@id":"https:\/\/lightweb.dev\/l\/svm-temp\/nyheter\/costa-tropical-far-vandringsled-utmed-kusten\/#primaryimage"},"image":{"@id":"https:\/\/lightweb.dev\/l\/svm-temp\/nyheter\/costa-tropical-far-vandringsled-utmed-kusten\/#primaryimage"},"thumbnailUrl":"https:\/\/lightweb.dev\/l\/svm-temp\/wp-content\/uploads\/2022\/06\/costa-tropical-far-vandringsled-utmed-kusten.png","datePublished":"2021-05-07T11:11:00+00:00","breadcrumb":{"@id":"https:\/\/lightweb.dev\/l\/svm-temp\/nyheter\/costa-tropical-far-vandringsled-utmed-kusten\/#breadcrumb"},"inLanguage":"sv-SE","potentialAction":[{"@type":"ReadAction","target":["https:\/\/lightweb.dev\/l\/svm-temp\/nyheter\/costa-tropical-far-vandringsled-utmed-kusten\/"]}]},{"@type":"ImageObject","inLanguage":"sv-SE","@id":"https:\/\/lightweb.dev\/l\/svm-temp\/nyheter\/costa-tropical-far-vandringsled-utmed-kusten\/#primaryimage","url":"https:\/\/lightweb.dev\/l\/svm-temp\/wp-content\/uploads\/2022\/06\/costa-tropical-far-vandringsled-utmed-kusten.png","contentUrl":"https:\/\/lightweb.dev\/l\/svm-temp\/wp-content\/uploads\/2022\/06\/costa-tropical-far-vandringsled-utmed-kusten.png","width":500,"height":300},{"@type":"BreadcrumbList","@id":"https:\/\/lightweb.dev\/l\/svm-temp\/nyheter\/costa-tropical-far-vandringsled-utmed-kusten\/#breadcrumb","itemListElement":[{"@type":"ListItem","position":1,"name":"Hem","item":"https:\/\/lightweb.dev\/l\/svm-temp\/"},{"@type":"ListItem","position":2,"name":"Costa Tropical f\u00e5r vandringsled utmed kusten"}]},{"@type":"WebSite","@id":"https:\/\/lightweb.dev\/l\/svm-temp\/#website","url":"https:\/\/lightweb.dev\/l\/svm-temp\/","name":"Svenska Magasinet","description":"Dina Spanska nyheter p&aring; Svenska","publisher":{"@id":"https:\/\/lightweb.dev\/l\/svm-temp\/#organization"},"potentialAction":[{"@type":"SearchAction","target":{"@type":"EntryPoint","urlTemplate":"https:\/\/lightweb.dev\/l\/svm-temp\/?s={search_term_string}"},"query-input":{"@type":"PropertyValueSpecification","valueRequired":true,"valueName":"search_term_string"}}],"inLanguage":"sv-SE"},{"@type":"Organization","@id":"https:\/\/lightweb.dev\/l\/svm-temp\/#organization","name":"Melkerson y Nott SL","alternateName":"Svenska Magasinet","url":"https:\/\/lightweb.dev\/l\/svm-temp\/","logo":{"@type":"ImageObject","inLanguage":"sv-SE","@id":"https:\/\/lightweb.dev\/l\/svm-temp\/#\/schema\/logo\/image\/","url":"https:\/\/lightweb.dev\/l\/svm-temp\/wp-content\/uploads\/2025\/02\/SvM-logo-Xtra-Centrerad-SVART.png","contentUrl":"https:\/\/lightweb.dev\/l\/svm-temp\/wp-content\/uploads\/2025\/02\/SvM-logo-Xtra-Centrerad-SVART.png","width":300,"height":99,"caption":"Melkerson y Nott SL"},"image":{"@id":"https:\/\/lightweb.dev\/l\/svm-temp\/#\/schema\/logo\/image\/"},"sameAs":["https:\/\/www.facebook.com\/svenskamagasinet","https:\/\/x.com\/SvenskaMagasine"]},{"@type":"Person","@id":"https:\/\/lightweb.dev\/l\/svm-temp\/#\/schema\/person\/206a3bda5b607b0c25e1749191e4d837","name":"Redaktionen SvM","description":"Redaktionen","sameAs":["https:\/\/lightweb.dev\/l\/svm-temp"],"url":"https:\/\/lightweb.dev\/l\/svm-temp\/reporter\/redaktionen\/"}]}},"_links":{"self":[{"href":"https:\/\/lightweb.dev\/l\/svm-temp\/wp-json\/wp\/v2\/posts\/12213","targetHints":{"allow":["GET"]}}],"collection":[{"href":"https:\/\/lightweb.dev\/l\/svm-temp\/wp-json\/wp\/v2\/posts"}],"about":[{"href":"https:\/\/lightweb.dev\/l\/svm-temp\/wp-json\/wp\/v2\/types\/post"}],"author":[{"embeddable":true,"href":"https:\/\/lightweb.dev\/l\/svm-temp\/wp-json\/wp\/v2\/users\/8"}],"replies":[{"embeddable":true,"href":"https:\/\/lightweb.dev\/l\/svm-temp\/wp-json\/wp\/v2\/comments?post=12213"}],"version-history":[{"count":0,"href":"https:\/\/lightweb.dev\/l\/svm-temp\/wp-json\/wp\/v2\/posts\/12213\/revisions"}],"wp:featuredmedia":[{"embeddable":true,"href":"https:\/\/lightweb.dev\/l\/svm-temp\/wp-json\/wp\/v2\/media\/12214"}],"wp:attachment":[{"href":"https:\/\/lightweb.dev\/l\/svm-temp\/wp-json\/wp\/v2\/media?parent=12213"}],"wp:term":[{"taxonomy":"category","embeddable":true,"href":"https:\/\/lightweb.dev\/l\/svm-temp\/wp-json\/wp\/v2\/categories?post=12213"},{"taxonomy":"post_tag","embeddable":true,"href":"https:\/\/lightweb.dev\/l\/svm-temp\/wp-json\/wp\/v2\/tags?post=12213"}],"curies":[{"name":"wp","href":"https:\/\/api.w.org\/{rel}","templated":true}]}}