{"id":12215,"date":"2021-05-06T10:19:00","date_gmt":"2021-05-06T08:19:00","guid":{"rendered":"https:\/\/lightweb.dev\/l\/svm-temp\/nyheter\/flera-coronarestriktioner-havs\/"},"modified":"2021-05-06T10:19:00","modified_gmt":"2021-05-06T08:19:00","slug":"flera-coronarestriktioner-havs","status":"publish","type":"post","link":"https:\/\/lightweb.dev\/l\/svm-temp\/nyheter\/flera-coronarestriktioner-havs\/","title":{"rendered":"Flera coronarestriktioner h\u00e4vs"},"content":{"rendered":"<p> P\u00e5 s\u00f6ndag upph\u00f6r det nationella n\u00f6dl\u00e4get i Spanien. Det betyder ocks\u00e5 att m\u00e5nga coronarestriktioner h\u00e4vs. Men regionerna kommer att ta olika beslut \u00f6ver vad som g\u00e4ller. I Andalusien h\u00e4vs b\u00e5de perimeterkarant\u00e4nen f\u00f6r regionen liksom uteg\u00e5ngsf\u00f6rbudet. \u00d6ppettiderna f\u00f6r serveringsst\u00e4llen f\u00f6rl\u00e4ngs till midnatt fr\u00e5n s\u00f6ndag.<\/p>\n<p> I Spanien har pandemin inneburit inskr\u00e4nkningar av medborgerliga fri- och r\u00e4ttigheter. Nu sneglar regionerna p\u00e5 hur samh\u00e4llet ska \u00f6ppnas igen.<\/p>\n<p>Regionpresidenten i Andalusien, Juanma Moreno, riktade kritik mot centralregeringen vid en presstr\u00e4ff i Granada. Det \u00e4r h\u00f6gst oklart vilka r\u00e4ttsliga verktyg regionerna kan anv\u00e4nda i forts\u00e4ttningen att bek\u00e4mpa covid-19-pandemin.<\/p>\n<p>Juanma Moreno sa p\u00e5 torsdagen att regionregeringen tittar p\u00e5 m\u00f6jligheten att \u00f6ppna upp nattlivet fr\u00e5n det att nationella n\u00f6dl\u00e4get h\u00e4vs. Klockan 18 p\u00e5 torsdagen tr\u00e4ffades regionregeringen med expertkommitt\u00e9n f\u00f6r att komma fram till hur n\u00f6jeslivet nattetid kan \u00f6ppna upp och hur l\u00e4nge.  <\/p>\n<p>Samtidigt \u00e4r det mycket politik i coronahanteringen. N\u00e4r det nationella n\u00f6dl\u00e4get upph\u00f6r betyder det ocks\u00e5 konfrontationer mellan centralregeringen och de regionala regeringarna.<\/p>\n<p>Situationen \u00e4r nu som n\u00e4r det nationella n\u00f6dl\u00e4get inf\u00f6rdes. D\u00e5 var flera av regionpolitikerna kritiska till n\u00e4r centralregeringen inf\u00f6rde nationellt n\u00f6dl\u00e4ge p\u00e5 senh\u00f6sten. Men nu l\u00e5ter det tv\u00e4rtom.<\/p>\n<p>Det som regionerna kan ta beslut om \u00e4r \u00f6ppettiderna f\u00f6r butiker och serveringsst\u00e4llen.<\/p>\n<p>P\u00e5 torsdagskv\u00e4llen framtr\u00e4dde regionpresidenten Juanma Moreno och ber\u00e4ttade att barer och restauranger i Andalusien kan h\u00e5lla \u00f6ppet fram till midnatt efter att det nationella n\u00f6dl\u00e4get upph\u00f6rt. Diskotek och nattklubbar f\u00e5r h\u00e5lla \u00f6ppet till klockan 02.<\/p>\n<p>Det blir \u00e4ven m\u00f6jligt f\u00f6r upp till tio personer att samlas vid samma bord utomhus. Inomhus g\u00e4ller \u00e5tta personer.<\/p>\n<p>Juanma Moreno meddelar att Andalusien \u00f6ppnar upp helt i tre faser. <\/p>\n<p>Enligt folkh\u00e4lsolagen s\u00e5 till\u00e5ts regionerna att vidta n\u00f6dv\u00e4ndiga \u00e5tg\u00e4rder f\u00f6r att kontrollera smittspridning av sjukdomar. Men i praktiken m\u00e5ste dessa beslut vara godk\u00e4nda av den r\u00e4ttsliga myndigheten. Erfarenheterna visar att domstolarna inte alltid anser att de kriterier som regionala regeringar f\u00f6r fram \u00e4r lagliga.<\/p>\n<p>Andalusien t\u00e4nker be om r\u00e4ttslig hj\u00e4lp med att kunna utlysa perimeterkarant\u00e4n f\u00f6r kommuner med incidenstal fr\u00e5n 1.000 smittade per 100.000 inv\u00e5nare de senaste 14 dagarna. Detta g\u00e4ller kommuner med fler \u00e4n 5.000 inv\u00e5nare. <\/p>\n<p>Torsdagens siffror visar att incidenstalet f\u00f6r Andalusien ligger p\u00e5 193,2. M\u00e1lagaprovinsen ligger p\u00e5 127,6 medan Granadaprovinsen ligger h\u00f6gst av regionens \u00e5tta provinser med 374,4.<\/p>\n<p>Valenciaregionen<br \/>\nN\u00e4r det g\u00e4ller Valenciaregionen har regionpresidenten Ximo Puig meddelat att perimeterkarant\u00e4nen f\u00f6r regionen h\u00e4vs och att \u00f6ppettiderna vid serveringsst\u00e4llen ska ut\u00f6kas till att g\u00e4lla fram till midnatt.<\/p>\n<p>Uteg\u00e5ngsf\u00f6rbudet kommer att g\u00e4lla fr\u00e5n midnatt fram till klockan 6 fram till den 24 maj. Samtidigt begr\u00e4nsas sociala m\u00f6ten till h\u00f6gst tio personer. <\/p>\n<p>Valenciaregionen redovisar drygt 40 smittade per 100.000 inv\u00e5nare de senaste 14 dagarna.<\/p>\n<p>Balearerna<br \/>\nDen h\u00f6gre regiondomstolen p\u00e5 Balearerna har beslutat att ge gr\u00f6nt ljus till regionregeringens f\u00f6rslag om fortsatt uteg\u00e5ngsf\u00f6rbudet mellan klockan 23 till 6. De godk\u00e4nner \u00e4ven kravet p\u00e5 h\u00f6gst sex personer vid privata m\u00f6tena.<\/p>\n","protected":false},"excerpt":{"rendered":"<p>P\u00e5 s\u00f6ndag upph\u00f6r det nationella n\u00f6dl\u00e4get i Spanien. Det betyder ocks\u00e5 att m\u00e5nga coronarestriktioner h\u00e4vs. Men regionerna kommer att ta olika beslut \u00f6ver vad som g\u00e4ller. I Andalusien h\u00e4vs b\u00e5de perimeterkarant\u00e4nen f\u00f6r regionen liksom uteg\u00e5ngsf\u00f6rbudet. \u00d6ppettiderna f\u00f6r serveringsst\u00e4llen f\u00f6rl\u00e4ngs till midnatt fr\u00e5n s\u00f6ndag. I Spanien har pandemin inneburit inskr\u00e4nkningar av medborgerliga fri- och r\u00e4ttigheter. Nu [&hellip;]<\/p>\n","protected":false},"author":8,"featured_media":12216,"comment_status":"open","ping_status":"open","sticky":false,"template":"","format":"standard","meta":{"_et_pb_use_builder":"","_et_pb_old_content":"","_et_gb_content_width":"","footnotes":""},"categories":[395,3],"tags":[],"class_list":["post-12215","post","type-post","status-publish","format-standard","has-post-thumbnail","hentry","category-arkiv-nyheter","category-nyheter"],"yoast_head":"<!-- This site is optimized with the Yoast SEO Premium plugin v26.2 (Yoast SEO v27.4) - https:\/\/yoast.com\/product\/yoast-seo-premium-wordpress\/ -->\n<title>Flera coronarestriktioner h\u00e4vs - Svenska Magasinet<\/title>\n<meta name=\"robots\" content=\"noindex, follow, max-snippet:-1, max-image-preview:large, max-video-preview:-1\" \/>\n<meta property=\"og:locale\" content=\"sv_SE\" \/>\n<meta property=\"og:type\" content=\"article\" \/>\n<meta property=\"og:title\" content=\"Flera coronarestriktioner h\u00e4vs\" \/>\n<meta property=\"og:description\" content=\"P\u00e5 s\u00f6ndag upph\u00f6r det nationella n\u00f6dl\u00e4get i Spanien. Det betyder ocks\u00e5 att m\u00e5nga coronarestriktioner h\u00e4vs. Men regionerna kommer att ta olika beslut \u00f6ver vad som g\u00e4ller. I Andalusien h\u00e4vs b\u00e5de perimeterkarant\u00e4nen f\u00f6r regionen liksom uteg\u00e5ngsf\u00f6rbudet. \u00d6ppettiderna f\u00f6r serveringsst\u00e4llen f\u00f6rl\u00e4ngs till midnatt fr\u00e5n s\u00f6ndag. I Spanien har pandemin inneburit inskr\u00e4nkningar av medborgerliga fri- och r\u00e4ttigheter. Nu [&hellip;]\" \/>\n<meta property=\"og:url\" content=\"https:\/\/lightweb.dev\/l\/svm-temp\/nyheter\/flera-coronarestriktioner-havs\/\" \/>\n<meta property=\"og:site_name\" content=\"Svenska Magasinet\" \/>\n<meta property=\"article:publisher\" content=\"https:\/\/www.facebook.com\/svenskamagasinet\" \/>\n<meta property=\"article:published_time\" content=\"2021-05-06T08:19:00+00:00\" \/>\n<meta property=\"og:image\" content=\"https:\/\/lightweb.dev\/l\/svm-temp\/wp-content\/uploads\/2022\/06\/flera-coronarestriktioner-havs.png\" \/>\n\t<meta property=\"og:image:width\" content=\"500\" \/>\n\t<meta property=\"og:image:height\" content=\"300\" \/>\n\t<meta property=\"og:image:type\" content=\"image\/png\" \/>\n<meta name=\"author\" content=\"Redaktionen SvM\" \/>\n<meta name=\"twitter:card\" content=\"summary_large_image\" \/>\n<meta name=\"twitter:creator\" content=\"@SvenskaMagasine\" \/>\n<meta name=\"twitter:site\" content=\"@SvenskaMagasine\" \/>\n<script type=\"application\/ld+json\" class=\"yoast-schema-graph\">{\"@context\":\"https:\\\/\\\/schema.org\",\"@graph\":[{\"@type\":\"Article\",\"@id\":\"https:\\\/\\\/lightweb.dev\\\/l\\\/svm-temp\\\/nyheter\\\/flera-coronarestriktioner-havs\\\/#article\",\"isPartOf\":{\"@id\":\"https:\\\/\\\/lightweb.dev\\\/l\\\/svm-temp\\\/nyheter\\\/flera-coronarestriktioner-havs\\\/\"},\"author\":{\"name\":\"Redaktionen SvM\",\"@id\":\"https:\\\/\\\/lightweb.dev\\\/l\\\/svm-temp\\\/#\\\/schema\\\/person\\\/206a3bda5b607b0c25e1749191e4d837\"},\"headline\":\"Flera coronarestriktioner h\u00e4vs\",\"datePublished\":\"2021-05-06T08:19:00+00:00\",\"mainEntityOfPage\":{\"@id\":\"https:\\\/\\\/lightweb.dev\\\/l\\\/svm-temp\\\/nyheter\\\/flera-coronarestriktioner-havs\\\/\"},\"wordCount\":562,\"commentCount\":0,\"publisher\":{\"@id\":\"https:\\\/\\\/lightweb.dev\\\/l\\\/svm-temp\\\/#organization\"},\"image\":{\"@id\":\"https:\\\/\\\/lightweb.dev\\\/l\\\/svm-temp\\\/nyheter\\\/flera-coronarestriktioner-havs\\\/#primaryimage\"},\"thumbnailUrl\":\"https:\\\/\\\/lightweb.dev\\\/l\\\/svm-temp\\\/wp-content\\\/uploads\\\/2022\\\/06\\\/flera-coronarestriktioner-havs.png\",\"articleSection\":[\"Arkiv\",\"Nyheter\"],\"inLanguage\":\"sv-SE\"},{\"@type\":\"WebPage\",\"@id\":\"https:\\\/\\\/lightweb.dev\\\/l\\\/svm-temp\\\/nyheter\\\/flera-coronarestriktioner-havs\\\/\",\"url\":\"https:\\\/\\\/lightweb.dev\\\/l\\\/svm-temp\\\/nyheter\\\/flera-coronarestriktioner-havs\\\/\",\"name\":\"Flera coronarestriktioner h\u00e4vs - Svenska Magasinet\",\"isPartOf\":{\"@id\":\"https:\\\/\\\/lightweb.dev\\\/l\\\/svm-temp\\\/#website\"},\"primaryImageOfPage\":{\"@id\":\"https:\\\/\\\/lightweb.dev\\\/l\\\/svm-temp\\\/nyheter\\\/flera-coronarestriktioner-havs\\\/#primaryimage\"},\"image\":{\"@id\":\"https:\\\/\\\/lightweb.dev\\\/l\\\/svm-temp\\\/nyheter\\\/flera-coronarestriktioner-havs\\\/#primaryimage\"},\"thumbnailUrl\":\"https:\\\/\\\/lightweb.dev\\\/l\\\/svm-temp\\\/wp-content\\\/uploads\\\/2022\\\/06\\\/flera-coronarestriktioner-havs.png\",\"datePublished\":\"2021-05-06T08:19:00+00:00\",\"breadcrumb\":{\"@id\":\"https:\\\/\\\/lightweb.dev\\\/l\\\/svm-temp\\\/nyheter\\\/flera-coronarestriktioner-havs\\\/#breadcrumb\"},\"inLanguage\":\"sv-SE\",\"potentialAction\":[{\"@type\":\"ReadAction\",\"target\":[\"https:\\\/\\\/lightweb.dev\\\/l\\\/svm-temp\\\/nyheter\\\/flera-coronarestriktioner-havs\\\/\"]}]},{\"@type\":\"ImageObject\",\"inLanguage\":\"sv-SE\",\"@id\":\"https:\\\/\\\/lightweb.dev\\\/l\\\/svm-temp\\\/nyheter\\\/flera-coronarestriktioner-havs\\\/#primaryimage\",\"url\":\"https:\\\/\\\/lightweb.dev\\\/l\\\/svm-temp\\\/wp-content\\\/uploads\\\/2022\\\/06\\\/flera-coronarestriktioner-havs.png\",\"contentUrl\":\"https:\\\/\\\/lightweb.dev\\\/l\\\/svm-temp\\\/wp-content\\\/uploads\\\/2022\\\/06\\\/flera-coronarestriktioner-havs.png\",\"width\":500,\"height\":300},{\"@type\":\"BreadcrumbList\",\"@id\":\"https:\\\/\\\/lightweb.dev\\\/l\\\/svm-temp\\\/nyheter\\\/flera-coronarestriktioner-havs\\\/#breadcrumb\",\"itemListElement\":[{\"@type\":\"ListItem\",\"position\":1,\"name\":\"Hem\",\"item\":\"https:\\\/\\\/lightweb.dev\\\/l\\\/svm-temp\\\/\"},{\"@type\":\"ListItem\",\"position\":2,\"name\":\"Flera coronarestriktioner h\u00e4vs\"}]},{\"@type\":\"WebSite\",\"@id\":\"https:\\\/\\\/lightweb.dev\\\/l\\\/svm-temp\\\/#website\",\"url\":\"https:\\\/\\\/lightweb.dev\\\/l\\\/svm-temp\\\/\",\"name\":\"Svenska Magasinet\",\"description\":\"Dina Spanska nyheter p&aring; Svenska\",\"publisher\":{\"@id\":\"https:\\\/\\\/lightweb.dev\\\/l\\\/svm-temp\\\/#organization\"},\"potentialAction\":[{\"@type\":\"SearchAction\",\"target\":{\"@type\":\"EntryPoint\",\"urlTemplate\":\"https:\\\/\\\/lightweb.dev\\\/l\\\/svm-temp\\\/?s={search_term_string}\"},\"query-input\":{\"@type\":\"PropertyValueSpecification\",\"valueRequired\":true,\"valueName\":\"search_term_string\"}}],\"inLanguage\":\"sv-SE\"},{\"@type\":\"Organization\",\"@id\":\"https:\\\/\\\/lightweb.dev\\\/l\\\/svm-temp\\\/#organization\",\"name\":\"Melkerson y Nott SL\",\"alternateName\":\"Svenska Magasinet\",\"url\":\"https:\\\/\\\/lightweb.dev\\\/l\\\/svm-temp\\\/\",\"logo\":{\"@type\":\"ImageObject\",\"inLanguage\":\"sv-SE\",\"@id\":\"https:\\\/\\\/lightweb.dev\\\/l\\\/svm-temp\\\/#\\\/schema\\\/logo\\\/image\\\/\",\"url\":\"https:\\\/\\\/lightweb.dev\\\/l\\\/svm-temp\\\/wp-content\\\/uploads\\\/2025\\\/02\\\/SvM-logo-Xtra-Centrerad-SVART.png\",\"contentUrl\":\"https:\\\/\\\/lightweb.dev\\\/l\\\/svm-temp\\\/wp-content\\\/uploads\\\/2025\\\/02\\\/SvM-logo-Xtra-Centrerad-SVART.png\",\"width\":300,\"height\":99,\"caption\":\"Melkerson y Nott SL\"},\"image\":{\"@id\":\"https:\\\/\\\/lightweb.dev\\\/l\\\/svm-temp\\\/#\\\/schema\\\/logo\\\/image\\\/\"},\"sameAs\":[\"https:\\\/\\\/www.facebook.com\\\/svenskamagasinet\",\"https:\\\/\\\/x.com\\\/SvenskaMagasine\"]},{\"@type\":\"Person\",\"@id\":\"https:\\\/\\\/lightweb.dev\\\/l\\\/svm-temp\\\/#\\\/schema\\\/person\\\/206a3bda5b607b0c25e1749191e4d837\",\"name\":\"Redaktionen SvM\",\"description\":\"Redaktionen\",\"sameAs\":[\"https:\\\/\\\/lightweb.dev\\\/l\\\/svm-temp\"],\"url\":\"https:\\\/\\\/lightweb.dev\\\/l\\\/svm-temp\\\/reporter\\\/redaktionen\\\/\"}]}<\/script>\n<!-- \/ Yoast SEO Premium plugin. -->","yoast_head_json":{"title":"Flera coronarestriktioner h\u00e4vs - Svenska Magasinet","robots":{"index":"noindex","follow":"follow","max-snippet":"max-snippet:-1","max-image-preview":"max-image-preview:large","max-video-preview":"max-video-preview:-1"},"og_locale":"sv_SE","og_type":"article","og_title":"Flera coronarestriktioner h\u00e4vs","og_description":"P\u00e5 s\u00f6ndag upph\u00f6r det nationella n\u00f6dl\u00e4get i Spanien. Det betyder ocks\u00e5 att m\u00e5nga coronarestriktioner h\u00e4vs. Men regionerna kommer att ta olika beslut \u00f6ver vad som g\u00e4ller. I Andalusien h\u00e4vs b\u00e5de perimeterkarant\u00e4nen f\u00f6r regionen liksom uteg\u00e5ngsf\u00f6rbudet. \u00d6ppettiderna f\u00f6r serveringsst\u00e4llen f\u00f6rl\u00e4ngs till midnatt fr\u00e5n s\u00f6ndag. I Spanien har pandemin inneburit inskr\u00e4nkningar av medborgerliga fri- och r\u00e4ttigheter. Nu [&hellip;]","og_url":"https:\/\/lightweb.dev\/l\/svm-temp\/nyheter\/flera-coronarestriktioner-havs\/","og_site_name":"Svenska Magasinet","article_publisher":"https:\/\/www.facebook.com\/svenskamagasinet","article_published_time":"2021-05-06T08:19:00+00:00","og_image":[{"width":500,"height":300,"url":"https:\/\/lightweb.dev\/l\/svm-temp\/wp-content\/uploads\/2022\/06\/flera-coronarestriktioner-havs.png","type":"image\/png"}],"author":"Redaktionen SvM","twitter_card":"summary_large_image","twitter_creator":"@SvenskaMagasine","twitter_site":"@SvenskaMagasine","schema":{"@context":"https:\/\/schema.org","@graph":[{"@type":"Article","@id":"https:\/\/lightweb.dev\/l\/svm-temp\/nyheter\/flera-coronarestriktioner-havs\/#article","isPartOf":{"@id":"https:\/\/lightweb.dev\/l\/svm-temp\/nyheter\/flera-coronarestriktioner-havs\/"},"author":{"name":"Redaktionen SvM","@id":"https:\/\/lightweb.dev\/l\/svm-temp\/#\/schema\/person\/206a3bda5b607b0c25e1749191e4d837"},"headline":"Flera coronarestriktioner h\u00e4vs","datePublished":"2021-05-06T08:19:00+00:00","mainEntityOfPage":{"@id":"https:\/\/lightweb.dev\/l\/svm-temp\/nyheter\/flera-coronarestriktioner-havs\/"},"wordCount":562,"commentCount":0,"publisher":{"@id":"https:\/\/lightweb.dev\/l\/svm-temp\/#organization"},"image":{"@id":"https:\/\/lightweb.dev\/l\/svm-temp\/nyheter\/flera-coronarestriktioner-havs\/#primaryimage"},"thumbnailUrl":"https:\/\/lightweb.dev\/l\/svm-temp\/wp-content\/uploads\/2022\/06\/flera-coronarestriktioner-havs.png","articleSection":["Arkiv","Nyheter"],"inLanguage":"sv-SE"},{"@type":"WebPage","@id":"https:\/\/lightweb.dev\/l\/svm-temp\/nyheter\/flera-coronarestriktioner-havs\/","url":"https:\/\/lightweb.dev\/l\/svm-temp\/nyheter\/flera-coronarestriktioner-havs\/","name":"Flera coronarestriktioner h\u00e4vs - Svenska Magasinet","isPartOf":{"@id":"https:\/\/lightweb.dev\/l\/svm-temp\/#website"},"primaryImageOfPage":{"@id":"https:\/\/lightweb.dev\/l\/svm-temp\/nyheter\/flera-coronarestriktioner-havs\/#primaryimage"},"image":{"@id":"https:\/\/lightweb.dev\/l\/svm-temp\/nyheter\/flera-coronarestriktioner-havs\/#primaryimage"},"thumbnailUrl":"https:\/\/lightweb.dev\/l\/svm-temp\/wp-content\/uploads\/2022\/06\/flera-coronarestriktioner-havs.png","datePublished":"2021-05-06T08:19:00+00:00","breadcrumb":{"@id":"https:\/\/lightweb.dev\/l\/svm-temp\/nyheter\/flera-coronarestriktioner-havs\/#breadcrumb"},"inLanguage":"sv-SE","potentialAction":[{"@type":"ReadAction","target":["https:\/\/lightweb.dev\/l\/svm-temp\/nyheter\/flera-coronarestriktioner-havs\/"]}]},{"@type":"ImageObject","inLanguage":"sv-SE","@id":"https:\/\/lightweb.dev\/l\/svm-temp\/nyheter\/flera-coronarestriktioner-havs\/#primaryimage","url":"https:\/\/lightweb.dev\/l\/svm-temp\/wp-content\/uploads\/2022\/06\/flera-coronarestriktioner-havs.png","contentUrl":"https:\/\/lightweb.dev\/l\/svm-temp\/wp-content\/uploads\/2022\/06\/flera-coronarestriktioner-havs.png","width":500,"height":300},{"@type":"BreadcrumbList","@id":"https:\/\/lightweb.dev\/l\/svm-temp\/nyheter\/flera-coronarestriktioner-havs\/#breadcrumb","itemListElement":[{"@type":"ListItem","position":1,"name":"Hem","item":"https:\/\/lightweb.dev\/l\/svm-temp\/"},{"@type":"ListItem","position":2,"name":"Flera coronarestriktioner h\u00e4vs"}]},{"@type":"WebSite","@id":"https:\/\/lightweb.dev\/l\/svm-temp\/#website","url":"https:\/\/lightweb.dev\/l\/svm-temp\/","name":"Svenska Magasinet","description":"Dina Spanska nyheter p&aring; Svenska","publisher":{"@id":"https:\/\/lightweb.dev\/l\/svm-temp\/#organization"},"potentialAction":[{"@type":"SearchAction","target":{"@type":"EntryPoint","urlTemplate":"https:\/\/lightweb.dev\/l\/svm-temp\/?s={search_term_string}"},"query-input":{"@type":"PropertyValueSpecification","valueRequired":true,"valueName":"search_term_string"}}],"inLanguage":"sv-SE"},{"@type":"Organization","@id":"https:\/\/lightweb.dev\/l\/svm-temp\/#organization","name":"Melkerson y Nott SL","alternateName":"Svenska Magasinet","url":"https:\/\/lightweb.dev\/l\/svm-temp\/","logo":{"@type":"ImageObject","inLanguage":"sv-SE","@id":"https:\/\/lightweb.dev\/l\/svm-temp\/#\/schema\/logo\/image\/","url":"https:\/\/lightweb.dev\/l\/svm-temp\/wp-content\/uploads\/2025\/02\/SvM-logo-Xtra-Centrerad-SVART.png","contentUrl":"https:\/\/lightweb.dev\/l\/svm-temp\/wp-content\/uploads\/2025\/02\/SvM-logo-Xtra-Centrerad-SVART.png","width":300,"height":99,"caption":"Melkerson y Nott SL"},"image":{"@id":"https:\/\/lightweb.dev\/l\/svm-temp\/#\/schema\/logo\/image\/"},"sameAs":["https:\/\/www.facebook.com\/svenskamagasinet","https:\/\/x.com\/SvenskaMagasine"]},{"@type":"Person","@id":"https:\/\/lightweb.dev\/l\/svm-temp\/#\/schema\/person\/206a3bda5b607b0c25e1749191e4d837","name":"Redaktionen SvM","description":"Redaktionen","sameAs":["https:\/\/lightweb.dev\/l\/svm-temp"],"url":"https:\/\/lightweb.dev\/l\/svm-temp\/reporter\/redaktionen\/"}]}},"_links":{"self":[{"href":"https:\/\/lightweb.dev\/l\/svm-temp\/wp-json\/wp\/v2\/posts\/12215","targetHints":{"allow":["GET"]}}],"collection":[{"href":"https:\/\/lightweb.dev\/l\/svm-temp\/wp-json\/wp\/v2\/posts"}],"about":[{"href":"https:\/\/lightweb.dev\/l\/svm-temp\/wp-json\/wp\/v2\/types\/post"}],"author":[{"embeddable":true,"href":"https:\/\/lightweb.dev\/l\/svm-temp\/wp-json\/wp\/v2\/users\/8"}],"replies":[{"embeddable":true,"href":"https:\/\/lightweb.dev\/l\/svm-temp\/wp-json\/wp\/v2\/comments?post=12215"}],"version-history":[{"count":0,"href":"https:\/\/lightweb.dev\/l\/svm-temp\/wp-json\/wp\/v2\/posts\/12215\/revisions"}],"wp:featuredmedia":[{"embeddable":true,"href":"https:\/\/lightweb.dev\/l\/svm-temp\/wp-json\/wp\/v2\/media\/12216"}],"wp:attachment":[{"href":"https:\/\/lightweb.dev\/l\/svm-temp\/wp-json\/wp\/v2\/media?parent=12215"}],"wp:term":[{"taxonomy":"category","embeddable":true,"href":"https:\/\/lightweb.dev\/l\/svm-temp\/wp-json\/wp\/v2\/categories?post=12215"},{"taxonomy":"post_tag","embeddable":true,"href":"https:\/\/lightweb.dev\/l\/svm-temp\/wp-json\/wp\/v2\/tags?post=12215"}],"curies":[{"name":"wp","href":"https:\/\/api.w.org\/{rel}","templated":true}]}}