{"id":12219,"date":"2021-05-06T12:28:00","date_gmt":"2021-05-06T10:28:00","guid":{"rendered":"https:\/\/lightweb.dev\/l\/svm-temp\/nyheter\/valencia-vill-se-paellan-som-immateriellt-kulturarv\/"},"modified":"2021-05-06T12:28:00","modified_gmt":"2021-05-06T10:28:00","slug":"valencia-vill-se-paellan-som-immateriellt-kulturarv","status":"publish","type":"post","link":"https:\/\/lightweb.dev\/l\/svm-temp\/nyheter\/valencia-vill-se-paellan-som-immateriellt-kulturarv\/","title":{"rendered":"Valencia vill se paellan som immateriellt kulturarv"},"content":{"rendered":"<p> Paella valenciana \u00e4r mer \u00e4n en matr\u00e4tt. Det \u00e4r en social och kulturell matr\u00e4tt. Det konst som f\u00f6renar. Paellan har redan sin egen dag i kalendern, den 20 september. Och nu \u00e4r paella p\u00e5 v\u00e4g att bli immateriellt kulturarv f\u00f6r m\u00e4nskligheten. Det hoppas Valenciaregionen som vill skydda matr\u00e4tten och den kulturella manifestationen som \u00e4r associerad med den. I slut\u00e4ndan \u00e4r det n\u00e5got som Unesco avg\u00f6r.<\/p>\n<p>Fram till dess har paella kommit en bit p\u00e5 v\u00e4gen och finns med bland kandidaterna att bli kulturm\u00e4rkt BIC (Bien de Inter\u00e9s Cultural). Det \u00e4r n\u00e5got som kulturr\u00e5det i regionregeringen Generalitat Valenciana kommer att avg\u00f6ra den n\u00e4rmaste tiden.<\/p>\n<p>Paellen beskrivs som epicentret inom Valencias gastronomiska tradition. Det \u00e4r ryggraden som st\u00e5r f\u00f6r kultur och blivit en av de mest prestigefyllda konstformerna i v\u00e4rlden som kopplas samman med Valencia.<\/p>\n<p>Det tog \u00e5tta \u00e5r innan \u201dpizza napolitana\u201d blev f\u00f6rklarat som immateriellt kulturarv av Unesco. Det var n\u00e5gra \u00e5r av h\u00e5rt arbete.<\/p>\n<p>Regionala Valenciaregeringen \u00e4r medvetna om det. Det blir inte l\u00e4tt att g\u00e5 hela v\u00e4gen men de har utarbetat en gedigen kandidatur.<\/p>\n<p>Valenciapaella \u00e4r typisk f\u00f6r regionen och definierar \u00e4ven deras tradition. Och det handlar inte bara om en enkel risr\u00e4tt.<\/p>\n<p>Det g\u00e4ller \u00e4ven kunskap om tillagning, processer och teknik som s\u00e4ttet att odla och sk\u00f6rda ris. Det \u00e4r ocks\u00e5 den popul\u00e4raste middagen p\u00e5 s\u00f6ndagen f\u00f6r familjer i Valenciaregionen.<\/p>\n<p>En tradition som \u00f6verf\u00f6rs fr\u00e5n generation till generation. Paellan f\u00f6renar och st\u00e5r f\u00f6r identitet.<\/p>\n<p>Paella \u00e4r ryggraden i Valenciaregionen och har en framskjuten plats vid stora h\u00f6gtider som las Fallas, les Fogueres och Magdalena. I samh\u00e4llet Sueca arrangeras den internationella t\u00e4vlingen om den b\u00e4sta paellan, Concurso Internacional de Paella de Sueca, som arrangerats \u00f6ver 60 g\u00e5nger hittills.<br \/>\n Vi hoppas sardinspett blir immateriellt kulturarv<\/p>\n","protected":false},"excerpt":{"rendered":"<p>Paella valenciana \u00e4r mer \u00e4n en matr\u00e4tt. Det \u00e4r en social och kulturell matr\u00e4tt. Det konst som f\u00f6renar. Paellan har redan sin egen dag i kalendern, den 20 september. Och nu \u00e4r paella p\u00e5 v\u00e4g att bli immateriellt kulturarv f\u00f6r m\u00e4nskligheten. Det hoppas Valenciaregionen som vill skydda matr\u00e4tten och den kulturella manifestationen som \u00e4r associerad [&hellip;]<\/p>\n","protected":false},"author":8,"featured_media":12220,"comment_status":"open","ping_status":"open","sticky":false,"template":"","format":"standard","meta":{"_et_pb_use_builder":"","_et_pb_old_content":"","_et_gb_content_width":"","footnotes":""},"categories":[395,3],"tags":[],"class_list":["post-12219","post","type-post","status-publish","format-standard","has-post-thumbnail","hentry","category-arkiv-nyheter","category-nyheter"],"yoast_head":"<!-- This site is optimized with the Yoast SEO Premium plugin v26.2 (Yoast SEO v27.4) - https:\/\/yoast.com\/product\/yoast-seo-premium-wordpress\/ -->\n<title>Valencia vill se paellan som immateriellt kulturarv - Svenska Magasinet<\/title>\n<meta name=\"robots\" content=\"noindex, follow, max-snippet:-1, max-image-preview:large, max-video-preview:-1\" \/>\n<meta property=\"og:locale\" content=\"sv_SE\" \/>\n<meta property=\"og:type\" content=\"article\" \/>\n<meta property=\"og:title\" content=\"Valencia vill se paellan som immateriellt kulturarv\" \/>\n<meta property=\"og:description\" content=\"Paella valenciana \u00e4r mer \u00e4n en matr\u00e4tt. Det \u00e4r en social och kulturell matr\u00e4tt. Det konst som f\u00f6renar. Paellan har redan sin egen dag i kalendern, den 20 september. Och nu \u00e4r paella p\u00e5 v\u00e4g att bli immateriellt kulturarv f\u00f6r m\u00e4nskligheten. Det hoppas Valenciaregionen som vill skydda matr\u00e4tten och den kulturella manifestationen som \u00e4r associerad [&hellip;]\" \/>\n<meta property=\"og:url\" content=\"https:\/\/lightweb.dev\/l\/svm-temp\/nyheter\/valencia-vill-se-paellan-som-immateriellt-kulturarv\/\" \/>\n<meta property=\"og:site_name\" content=\"Svenska Magasinet\" \/>\n<meta property=\"article:publisher\" content=\"https:\/\/www.facebook.com\/svenskamagasinet\" \/>\n<meta property=\"article:published_time\" content=\"2021-05-06T10:28:00+00:00\" \/>\n<meta property=\"og:image\" content=\"https:\/\/lightweb.dev\/l\/svm-temp\/wp-content\/uploads\/2022\/06\/valencia-vill-se-paellan-som-immateriellt-kulturarv.png\" \/>\n\t<meta property=\"og:image:width\" content=\"500\" \/>\n\t<meta property=\"og:image:height\" content=\"301\" \/>\n\t<meta property=\"og:image:type\" content=\"image\/png\" \/>\n<meta name=\"author\" content=\"Redaktionen SvM\" \/>\n<meta name=\"twitter:card\" content=\"summary_large_image\" \/>\n<meta name=\"twitter:creator\" content=\"@SvenskaMagasine\" \/>\n<meta name=\"twitter:site\" content=\"@SvenskaMagasine\" \/>\n<script type=\"application\/ld+json\" class=\"yoast-schema-graph\">{\"@context\":\"https:\\\/\\\/schema.org\",\"@graph\":[{\"@type\":\"Article\",\"@id\":\"https:\\\/\\\/lightweb.dev\\\/l\\\/svm-temp\\\/nyheter\\\/valencia-vill-se-paellan-som-immateriellt-kulturarv\\\/#article\",\"isPartOf\":{\"@id\":\"https:\\\/\\\/lightweb.dev\\\/l\\\/svm-temp\\\/nyheter\\\/valencia-vill-se-paellan-som-immateriellt-kulturarv\\\/\"},\"author\":{\"name\":\"Redaktionen SvM\",\"@id\":\"https:\\\/\\\/lightweb.dev\\\/l\\\/svm-temp\\\/#\\\/schema\\\/person\\\/206a3bda5b607b0c25e1749191e4d837\"},\"headline\":\"Valencia vill se paellan som immateriellt kulturarv\",\"datePublished\":\"2021-05-06T10:28:00+00:00\",\"mainEntityOfPage\":{\"@id\":\"https:\\\/\\\/lightweb.dev\\\/l\\\/svm-temp\\\/nyheter\\\/valencia-vill-se-paellan-som-immateriellt-kulturarv\\\/\"},\"wordCount\":333,\"commentCount\":0,\"publisher\":{\"@id\":\"https:\\\/\\\/lightweb.dev\\\/l\\\/svm-temp\\\/#organization\"},\"image\":{\"@id\":\"https:\\\/\\\/lightweb.dev\\\/l\\\/svm-temp\\\/nyheter\\\/valencia-vill-se-paellan-som-immateriellt-kulturarv\\\/#primaryimage\"},\"thumbnailUrl\":\"https:\\\/\\\/lightweb.dev\\\/l\\\/svm-temp\\\/wp-content\\\/uploads\\\/2022\\\/06\\\/valencia-vill-se-paellan-som-immateriellt-kulturarv.png\",\"articleSection\":[\"Arkiv\",\"Nyheter\"],\"inLanguage\":\"sv-SE\"},{\"@type\":\"WebPage\",\"@id\":\"https:\\\/\\\/lightweb.dev\\\/l\\\/svm-temp\\\/nyheter\\\/valencia-vill-se-paellan-som-immateriellt-kulturarv\\\/\",\"url\":\"https:\\\/\\\/lightweb.dev\\\/l\\\/svm-temp\\\/nyheter\\\/valencia-vill-se-paellan-som-immateriellt-kulturarv\\\/\",\"name\":\"Valencia vill se paellan som immateriellt kulturarv - Svenska Magasinet\",\"isPartOf\":{\"@id\":\"https:\\\/\\\/lightweb.dev\\\/l\\\/svm-temp\\\/#website\"},\"primaryImageOfPage\":{\"@id\":\"https:\\\/\\\/lightweb.dev\\\/l\\\/svm-temp\\\/nyheter\\\/valencia-vill-se-paellan-som-immateriellt-kulturarv\\\/#primaryimage\"},\"image\":{\"@id\":\"https:\\\/\\\/lightweb.dev\\\/l\\\/svm-temp\\\/nyheter\\\/valencia-vill-se-paellan-som-immateriellt-kulturarv\\\/#primaryimage\"},\"thumbnailUrl\":\"https:\\\/\\\/lightweb.dev\\\/l\\\/svm-temp\\\/wp-content\\\/uploads\\\/2022\\\/06\\\/valencia-vill-se-paellan-som-immateriellt-kulturarv.png\",\"datePublished\":\"2021-05-06T10:28:00+00:00\",\"breadcrumb\":{\"@id\":\"https:\\\/\\\/lightweb.dev\\\/l\\\/svm-temp\\\/nyheter\\\/valencia-vill-se-paellan-som-immateriellt-kulturarv\\\/#breadcrumb\"},\"inLanguage\":\"sv-SE\",\"potentialAction\":[{\"@type\":\"ReadAction\",\"target\":[\"https:\\\/\\\/lightweb.dev\\\/l\\\/svm-temp\\\/nyheter\\\/valencia-vill-se-paellan-som-immateriellt-kulturarv\\\/\"]}]},{\"@type\":\"ImageObject\",\"inLanguage\":\"sv-SE\",\"@id\":\"https:\\\/\\\/lightweb.dev\\\/l\\\/svm-temp\\\/nyheter\\\/valencia-vill-se-paellan-som-immateriellt-kulturarv\\\/#primaryimage\",\"url\":\"https:\\\/\\\/lightweb.dev\\\/l\\\/svm-temp\\\/wp-content\\\/uploads\\\/2022\\\/06\\\/valencia-vill-se-paellan-som-immateriellt-kulturarv.png\",\"contentUrl\":\"https:\\\/\\\/lightweb.dev\\\/l\\\/svm-temp\\\/wp-content\\\/uploads\\\/2022\\\/06\\\/valencia-vill-se-paellan-som-immateriellt-kulturarv.png\",\"width\":500,\"height\":301},{\"@type\":\"BreadcrumbList\",\"@id\":\"https:\\\/\\\/lightweb.dev\\\/l\\\/svm-temp\\\/nyheter\\\/valencia-vill-se-paellan-som-immateriellt-kulturarv\\\/#breadcrumb\",\"itemListElement\":[{\"@type\":\"ListItem\",\"position\":1,\"name\":\"Hem\",\"item\":\"https:\\\/\\\/lightweb.dev\\\/l\\\/svm-temp\\\/\"},{\"@type\":\"ListItem\",\"position\":2,\"name\":\"Valencia vill se paellan som immateriellt kulturarv\"}]},{\"@type\":\"WebSite\",\"@id\":\"https:\\\/\\\/lightweb.dev\\\/l\\\/svm-temp\\\/#website\",\"url\":\"https:\\\/\\\/lightweb.dev\\\/l\\\/svm-temp\\\/\",\"name\":\"Svenska Magasinet\",\"description\":\"Dina Spanska nyheter p&aring; Svenska\",\"publisher\":{\"@id\":\"https:\\\/\\\/lightweb.dev\\\/l\\\/svm-temp\\\/#organization\"},\"potentialAction\":[{\"@type\":\"SearchAction\",\"target\":{\"@type\":\"EntryPoint\",\"urlTemplate\":\"https:\\\/\\\/lightweb.dev\\\/l\\\/svm-temp\\\/?s={search_term_string}\"},\"query-input\":{\"@type\":\"PropertyValueSpecification\",\"valueRequired\":true,\"valueName\":\"search_term_string\"}}],\"inLanguage\":\"sv-SE\"},{\"@type\":\"Organization\",\"@id\":\"https:\\\/\\\/lightweb.dev\\\/l\\\/svm-temp\\\/#organization\",\"name\":\"Melkerson y Nott SL\",\"alternateName\":\"Svenska Magasinet\",\"url\":\"https:\\\/\\\/lightweb.dev\\\/l\\\/svm-temp\\\/\",\"logo\":{\"@type\":\"ImageObject\",\"inLanguage\":\"sv-SE\",\"@id\":\"https:\\\/\\\/lightweb.dev\\\/l\\\/svm-temp\\\/#\\\/schema\\\/logo\\\/image\\\/\",\"url\":\"https:\\\/\\\/lightweb.dev\\\/l\\\/svm-temp\\\/wp-content\\\/uploads\\\/2025\\\/02\\\/SvM-logo-Xtra-Centrerad-SVART.png\",\"contentUrl\":\"https:\\\/\\\/lightweb.dev\\\/l\\\/svm-temp\\\/wp-content\\\/uploads\\\/2025\\\/02\\\/SvM-logo-Xtra-Centrerad-SVART.png\",\"width\":300,\"height\":99,\"caption\":\"Melkerson y Nott SL\"},\"image\":{\"@id\":\"https:\\\/\\\/lightweb.dev\\\/l\\\/svm-temp\\\/#\\\/schema\\\/logo\\\/image\\\/\"},\"sameAs\":[\"https:\\\/\\\/www.facebook.com\\\/svenskamagasinet\",\"https:\\\/\\\/x.com\\\/SvenskaMagasine\"]},{\"@type\":\"Person\",\"@id\":\"https:\\\/\\\/lightweb.dev\\\/l\\\/svm-temp\\\/#\\\/schema\\\/person\\\/206a3bda5b607b0c25e1749191e4d837\",\"name\":\"Redaktionen SvM\",\"description\":\"Redaktionen\",\"sameAs\":[\"https:\\\/\\\/lightweb.dev\\\/l\\\/svm-temp\"],\"url\":\"https:\\\/\\\/lightweb.dev\\\/l\\\/svm-temp\\\/reporter\\\/redaktionen\\\/\"}]}<\/script>\n<!-- \/ Yoast SEO Premium plugin. -->","yoast_head_json":{"title":"Valencia vill se paellan som immateriellt kulturarv - Svenska Magasinet","robots":{"index":"noindex","follow":"follow","max-snippet":"max-snippet:-1","max-image-preview":"max-image-preview:large","max-video-preview":"max-video-preview:-1"},"og_locale":"sv_SE","og_type":"article","og_title":"Valencia vill se paellan som immateriellt kulturarv","og_description":"Paella valenciana \u00e4r mer \u00e4n en matr\u00e4tt. Det \u00e4r en social och kulturell matr\u00e4tt. Det konst som f\u00f6renar. Paellan har redan sin egen dag i kalendern, den 20 september. Och nu \u00e4r paella p\u00e5 v\u00e4g att bli immateriellt kulturarv f\u00f6r m\u00e4nskligheten. Det hoppas Valenciaregionen som vill skydda matr\u00e4tten och den kulturella manifestationen som \u00e4r associerad [&hellip;]","og_url":"https:\/\/lightweb.dev\/l\/svm-temp\/nyheter\/valencia-vill-se-paellan-som-immateriellt-kulturarv\/","og_site_name":"Svenska Magasinet","article_publisher":"https:\/\/www.facebook.com\/svenskamagasinet","article_published_time":"2021-05-06T10:28:00+00:00","og_image":[{"width":500,"height":301,"url":"https:\/\/lightweb.dev\/l\/svm-temp\/wp-content\/uploads\/2022\/06\/valencia-vill-se-paellan-som-immateriellt-kulturarv.png","type":"image\/png"}],"author":"Redaktionen SvM","twitter_card":"summary_large_image","twitter_creator":"@SvenskaMagasine","twitter_site":"@SvenskaMagasine","schema":{"@context":"https:\/\/schema.org","@graph":[{"@type":"Article","@id":"https:\/\/lightweb.dev\/l\/svm-temp\/nyheter\/valencia-vill-se-paellan-som-immateriellt-kulturarv\/#article","isPartOf":{"@id":"https:\/\/lightweb.dev\/l\/svm-temp\/nyheter\/valencia-vill-se-paellan-som-immateriellt-kulturarv\/"},"author":{"name":"Redaktionen SvM","@id":"https:\/\/lightweb.dev\/l\/svm-temp\/#\/schema\/person\/206a3bda5b607b0c25e1749191e4d837"},"headline":"Valencia vill se paellan som immateriellt kulturarv","datePublished":"2021-05-06T10:28:00+00:00","mainEntityOfPage":{"@id":"https:\/\/lightweb.dev\/l\/svm-temp\/nyheter\/valencia-vill-se-paellan-som-immateriellt-kulturarv\/"},"wordCount":333,"commentCount":0,"publisher":{"@id":"https:\/\/lightweb.dev\/l\/svm-temp\/#organization"},"image":{"@id":"https:\/\/lightweb.dev\/l\/svm-temp\/nyheter\/valencia-vill-se-paellan-som-immateriellt-kulturarv\/#primaryimage"},"thumbnailUrl":"https:\/\/lightweb.dev\/l\/svm-temp\/wp-content\/uploads\/2022\/06\/valencia-vill-se-paellan-som-immateriellt-kulturarv.png","articleSection":["Arkiv","Nyheter"],"inLanguage":"sv-SE"},{"@type":"WebPage","@id":"https:\/\/lightweb.dev\/l\/svm-temp\/nyheter\/valencia-vill-se-paellan-som-immateriellt-kulturarv\/","url":"https:\/\/lightweb.dev\/l\/svm-temp\/nyheter\/valencia-vill-se-paellan-som-immateriellt-kulturarv\/","name":"Valencia vill se paellan som immateriellt kulturarv - Svenska Magasinet","isPartOf":{"@id":"https:\/\/lightweb.dev\/l\/svm-temp\/#website"},"primaryImageOfPage":{"@id":"https:\/\/lightweb.dev\/l\/svm-temp\/nyheter\/valencia-vill-se-paellan-som-immateriellt-kulturarv\/#primaryimage"},"image":{"@id":"https:\/\/lightweb.dev\/l\/svm-temp\/nyheter\/valencia-vill-se-paellan-som-immateriellt-kulturarv\/#primaryimage"},"thumbnailUrl":"https:\/\/lightweb.dev\/l\/svm-temp\/wp-content\/uploads\/2022\/06\/valencia-vill-se-paellan-som-immateriellt-kulturarv.png","datePublished":"2021-05-06T10:28:00+00:00","breadcrumb":{"@id":"https:\/\/lightweb.dev\/l\/svm-temp\/nyheter\/valencia-vill-se-paellan-som-immateriellt-kulturarv\/#breadcrumb"},"inLanguage":"sv-SE","potentialAction":[{"@type":"ReadAction","target":["https:\/\/lightweb.dev\/l\/svm-temp\/nyheter\/valencia-vill-se-paellan-som-immateriellt-kulturarv\/"]}]},{"@type":"ImageObject","inLanguage":"sv-SE","@id":"https:\/\/lightweb.dev\/l\/svm-temp\/nyheter\/valencia-vill-se-paellan-som-immateriellt-kulturarv\/#primaryimage","url":"https:\/\/lightweb.dev\/l\/svm-temp\/wp-content\/uploads\/2022\/06\/valencia-vill-se-paellan-som-immateriellt-kulturarv.png","contentUrl":"https:\/\/lightweb.dev\/l\/svm-temp\/wp-content\/uploads\/2022\/06\/valencia-vill-se-paellan-som-immateriellt-kulturarv.png","width":500,"height":301},{"@type":"BreadcrumbList","@id":"https:\/\/lightweb.dev\/l\/svm-temp\/nyheter\/valencia-vill-se-paellan-som-immateriellt-kulturarv\/#breadcrumb","itemListElement":[{"@type":"ListItem","position":1,"name":"Hem","item":"https:\/\/lightweb.dev\/l\/svm-temp\/"},{"@type":"ListItem","position":2,"name":"Valencia vill se paellan som immateriellt kulturarv"}]},{"@type":"WebSite","@id":"https:\/\/lightweb.dev\/l\/svm-temp\/#website","url":"https:\/\/lightweb.dev\/l\/svm-temp\/","name":"Svenska Magasinet","description":"Dina Spanska nyheter p&aring; Svenska","publisher":{"@id":"https:\/\/lightweb.dev\/l\/svm-temp\/#organization"},"potentialAction":[{"@type":"SearchAction","target":{"@type":"EntryPoint","urlTemplate":"https:\/\/lightweb.dev\/l\/svm-temp\/?s={search_term_string}"},"query-input":{"@type":"PropertyValueSpecification","valueRequired":true,"valueName":"search_term_string"}}],"inLanguage":"sv-SE"},{"@type":"Organization","@id":"https:\/\/lightweb.dev\/l\/svm-temp\/#organization","name":"Melkerson y Nott SL","alternateName":"Svenska Magasinet","url":"https:\/\/lightweb.dev\/l\/svm-temp\/","logo":{"@type":"ImageObject","inLanguage":"sv-SE","@id":"https:\/\/lightweb.dev\/l\/svm-temp\/#\/schema\/logo\/image\/","url":"https:\/\/lightweb.dev\/l\/svm-temp\/wp-content\/uploads\/2025\/02\/SvM-logo-Xtra-Centrerad-SVART.png","contentUrl":"https:\/\/lightweb.dev\/l\/svm-temp\/wp-content\/uploads\/2025\/02\/SvM-logo-Xtra-Centrerad-SVART.png","width":300,"height":99,"caption":"Melkerson y Nott SL"},"image":{"@id":"https:\/\/lightweb.dev\/l\/svm-temp\/#\/schema\/logo\/image\/"},"sameAs":["https:\/\/www.facebook.com\/svenskamagasinet","https:\/\/x.com\/SvenskaMagasine"]},{"@type":"Person","@id":"https:\/\/lightweb.dev\/l\/svm-temp\/#\/schema\/person\/206a3bda5b607b0c25e1749191e4d837","name":"Redaktionen SvM","description":"Redaktionen","sameAs":["https:\/\/lightweb.dev\/l\/svm-temp"],"url":"https:\/\/lightweb.dev\/l\/svm-temp\/reporter\/redaktionen\/"}]}},"_links":{"self":[{"href":"https:\/\/lightweb.dev\/l\/svm-temp\/wp-json\/wp\/v2\/posts\/12219","targetHints":{"allow":["GET"]}}],"collection":[{"href":"https:\/\/lightweb.dev\/l\/svm-temp\/wp-json\/wp\/v2\/posts"}],"about":[{"href":"https:\/\/lightweb.dev\/l\/svm-temp\/wp-json\/wp\/v2\/types\/post"}],"author":[{"embeddable":true,"href":"https:\/\/lightweb.dev\/l\/svm-temp\/wp-json\/wp\/v2\/users\/8"}],"replies":[{"embeddable":true,"href":"https:\/\/lightweb.dev\/l\/svm-temp\/wp-json\/wp\/v2\/comments?post=12219"}],"version-history":[{"count":0,"href":"https:\/\/lightweb.dev\/l\/svm-temp\/wp-json\/wp\/v2\/posts\/12219\/revisions"}],"wp:featuredmedia":[{"embeddable":true,"href":"https:\/\/lightweb.dev\/l\/svm-temp\/wp-json\/wp\/v2\/media\/12220"}],"wp:attachment":[{"href":"https:\/\/lightweb.dev\/l\/svm-temp\/wp-json\/wp\/v2\/media?parent=12219"}],"wp:term":[{"taxonomy":"category","embeddable":true,"href":"https:\/\/lightweb.dev\/l\/svm-temp\/wp-json\/wp\/v2\/categories?post=12219"},{"taxonomy":"post_tag","embeddable":true,"href":"https:\/\/lightweb.dev\/l\/svm-temp\/wp-json\/wp\/v2\/tags?post=12219"}],"curies":[{"name":"wp","href":"https:\/\/api.w.org\/{rel}","templated":true}]}}