{"id":12221,"date":"2021-05-06T15:50:00","date_gmt":"2021-05-06T13:50:00","guid":{"rendered":"https:\/\/lightweb.dev\/l\/svm-temp\/nyheter\/andrade-vanor-ska-ge-lagre-elrakning\/"},"modified":"2021-05-06T15:50:00","modified_gmt":"2021-05-06T13:50:00","slug":"andrade-vanor-ska-ge-lagre-elrakning","status":"publish","type":"post","link":"https:\/\/lightweb.dev\/l\/svm-temp\/nyheter\/andrade-vanor-ska-ge-lagre-elrakning\/","title":{"rendered":"\u00c4ndrade vanor ska ge l\u00e4gre elr\u00e4kning"},"content":{"rendered":"<p> Att \u00e4ndra sina vanor \u00e4r att spara. F\u00f6r omkring 10,7 miljoner hush\u00e5ll g\u00e4ller det att anpassa sitt liv om elpriset ska sjunka n\u00e4r en ny elr\u00e4kning inf\u00f6rs fr\u00e5n den 1 juni. Dygnet delas in i sex tidszoner med tre olika tariffer. Om konsumenten \u00f6nskar l\u00e4gre elpris g\u00e4ller det att \u00e4ndra vanorna.<\/p>\n<p>Det \u00e4r Departementet f\u00f6r ekologisk \u00f6verg\u00e5ng (Ministerio de Transici\u00f3n Ecol\u00f3gic) som med den nya elr\u00e4kningen vill g\u00f6ra det tydligare f\u00f6r varje hush\u00e5ll s\u00e5 att elr\u00e4kningen kan minska. Men d\u00e5 g\u00e4ller det att konsumenter p\u00e5 den reglerade marknaden (PVPC) \u00e4ndrar sina vanor. Totalt \u00e4r det cirka 40 procent av hush\u00e5llen.<\/p>\n<p>Fr\u00e5n och med den 1 juni g\u00e4ller sex perioder och tre tariffer (billigt, medium och dyrt) under dygnet.<\/p>\n<p>Billigast el blir det fr\u00e5n midnatt och fram till 08 fr\u00e5n m\u00e5ndag till fredag liksom under helgen plus r\u00f6da helgdagar. Medium eller m\u00e5ttliga priser g\u00e4ller fr\u00e5n 08 till 10:00, 14 till 18 samt fr\u00e5n klockan 22 till midnatt.<\/p>\n<p>Den del av dagen d\u00e4r energif\u00f6rbrukningen \u00e4r som dyrast \u00e4r mellan 10 och 14 samt mellan klockan 18 till 22.<\/p>\n<p>Departementet f\u00f6r ekologisk \u00f6verg\u00e5ng till\u00e4gger att det inte handlar om att priset p\u00e5 el sjunker. Det nya s\u00e4ttet beskrivs som en ny design som ska signalera och uppmuntrar konsumenterna att \u00e4ndra sina vanor som att exempelvis s\u00e4tta p\u00e5 tv\u00e4ttmaskiner eller diskmaskiner under natten eller p\u00e5 helger.<\/p>\n<p>Dessa elkonsumenter kommer att se ett l\u00e4gre pris p\u00e5 elr\u00e4kningen.<\/p>\n<p>F\u00f6r de \u00f6ver 15 miljoner hush\u00e5ll som har kontrakt p\u00e5 den fria r\u00f6rliga marknaden s\u00e5 \u00e4r det avtalet med elbolagen som avg\u00f6r priset.<br \/>\n L\u00e4s tidigare artikel:<br \/>\nElpriset rakar i h\u00f6jden \u2013 s\u00e5 kan du pressa priset ned\u00e5t<\/p>\n","protected":false},"excerpt":{"rendered":"<p>Att \u00e4ndra sina vanor \u00e4r att spara. F\u00f6r omkring 10,7 miljoner hush\u00e5ll g\u00e4ller det att anpassa sitt liv om elpriset ska sjunka n\u00e4r en ny elr\u00e4kning inf\u00f6rs fr\u00e5n den 1 juni. Dygnet delas in i sex tidszoner med tre olika tariffer. Om konsumenten \u00f6nskar l\u00e4gre elpris g\u00e4ller det att \u00e4ndra vanorna. Det \u00e4r Departementet f\u00f6r [&hellip;]<\/p>\n","protected":false},"author":8,"featured_media":12222,"comment_status":"open","ping_status":"open","sticky":false,"template":"","format":"standard","meta":{"_et_pb_use_builder":"","_et_pb_old_content":"","_et_gb_content_width":"","footnotes":""},"categories":[395,3],"tags":[],"class_list":["post-12221","post","type-post","status-publish","format-standard","has-post-thumbnail","hentry","category-arkiv-nyheter","category-nyheter"],"yoast_head":"<!-- This site is optimized with the Yoast SEO Premium plugin v26.2 (Yoast SEO v27.4) - https:\/\/yoast.com\/product\/yoast-seo-premium-wordpress\/ -->\n<title>\u00c4ndrade vanor ska ge l\u00e4gre elr\u00e4kning - Svenska Magasinet<\/title>\n<meta name=\"robots\" content=\"noindex, follow, max-snippet:-1, max-image-preview:large, max-video-preview:-1\" \/>\n<meta property=\"og:locale\" content=\"sv_SE\" \/>\n<meta property=\"og:type\" content=\"article\" \/>\n<meta property=\"og:title\" content=\"\u00c4ndrade vanor ska ge l\u00e4gre elr\u00e4kning\" \/>\n<meta property=\"og:description\" content=\"Att \u00e4ndra sina vanor \u00e4r att spara. F\u00f6r omkring 10,7 miljoner hush\u00e5ll g\u00e4ller det att anpassa sitt liv om elpriset ska sjunka n\u00e4r en ny elr\u00e4kning inf\u00f6rs fr\u00e5n den 1 juni. Dygnet delas in i sex tidszoner med tre olika tariffer. Om konsumenten \u00f6nskar l\u00e4gre elpris g\u00e4ller det att \u00e4ndra vanorna. Det \u00e4r Departementet f\u00f6r [&hellip;]\" \/>\n<meta property=\"og:url\" content=\"https:\/\/lightweb.dev\/l\/svm-temp\/nyheter\/andrade-vanor-ska-ge-lagre-elrakning\/\" \/>\n<meta property=\"og:site_name\" content=\"Svenska Magasinet\" \/>\n<meta property=\"article:publisher\" content=\"https:\/\/www.facebook.com\/svenskamagasinet\" \/>\n<meta property=\"article:published_time\" content=\"2021-05-06T13:50:00+00:00\" \/>\n<meta property=\"og:image\" content=\"https:\/\/lightweb.dev\/l\/svm-temp\/wp-content\/uploads\/2022\/06\/andrade-vanor-ska-ge-lagre-elrakning.png\" \/>\n\t<meta property=\"og:image:width\" content=\"500\" \/>\n\t<meta property=\"og:image:height\" content=\"301\" \/>\n\t<meta property=\"og:image:type\" content=\"image\/png\" \/>\n<meta name=\"author\" content=\"Redaktionen SvM\" \/>\n<meta name=\"twitter:card\" content=\"summary_large_image\" \/>\n<meta name=\"twitter:creator\" content=\"@SvenskaMagasine\" \/>\n<meta name=\"twitter:site\" content=\"@SvenskaMagasine\" \/>\n<script type=\"application\/ld+json\" class=\"yoast-schema-graph\">{\"@context\":\"https:\\\/\\\/schema.org\",\"@graph\":[{\"@type\":\"Article\",\"@id\":\"https:\\\/\\\/lightweb.dev\\\/l\\\/svm-temp\\\/nyheter\\\/andrade-vanor-ska-ge-lagre-elrakning\\\/#article\",\"isPartOf\":{\"@id\":\"https:\\\/\\\/lightweb.dev\\\/l\\\/svm-temp\\\/nyheter\\\/andrade-vanor-ska-ge-lagre-elrakning\\\/\"},\"author\":{\"name\":\"Redaktionen SvM\",\"@id\":\"https:\\\/\\\/lightweb.dev\\\/l\\\/svm-temp\\\/#\\\/schema\\\/person\\\/206a3bda5b607b0c25e1749191e4d837\"},\"headline\":\"\u00c4ndrade vanor ska ge l\u00e4gre elr\u00e4kning\",\"datePublished\":\"2021-05-06T13:50:00+00:00\",\"mainEntityOfPage\":{\"@id\":\"https:\\\/\\\/lightweb.dev\\\/l\\\/svm-temp\\\/nyheter\\\/andrade-vanor-ska-ge-lagre-elrakning\\\/\"},\"wordCount\":308,\"commentCount\":0,\"publisher\":{\"@id\":\"https:\\\/\\\/lightweb.dev\\\/l\\\/svm-temp\\\/#organization\"},\"image\":{\"@id\":\"https:\\\/\\\/lightweb.dev\\\/l\\\/svm-temp\\\/nyheter\\\/andrade-vanor-ska-ge-lagre-elrakning\\\/#primaryimage\"},\"thumbnailUrl\":\"https:\\\/\\\/lightweb.dev\\\/l\\\/svm-temp\\\/wp-content\\\/uploads\\\/2022\\\/06\\\/andrade-vanor-ska-ge-lagre-elrakning.png\",\"articleSection\":[\"Arkiv\",\"Nyheter\"],\"inLanguage\":\"sv-SE\"},{\"@type\":\"WebPage\",\"@id\":\"https:\\\/\\\/lightweb.dev\\\/l\\\/svm-temp\\\/nyheter\\\/andrade-vanor-ska-ge-lagre-elrakning\\\/\",\"url\":\"https:\\\/\\\/lightweb.dev\\\/l\\\/svm-temp\\\/nyheter\\\/andrade-vanor-ska-ge-lagre-elrakning\\\/\",\"name\":\"\u00c4ndrade vanor ska ge l\u00e4gre elr\u00e4kning - Svenska Magasinet\",\"isPartOf\":{\"@id\":\"https:\\\/\\\/lightweb.dev\\\/l\\\/svm-temp\\\/#website\"},\"primaryImageOfPage\":{\"@id\":\"https:\\\/\\\/lightweb.dev\\\/l\\\/svm-temp\\\/nyheter\\\/andrade-vanor-ska-ge-lagre-elrakning\\\/#primaryimage\"},\"image\":{\"@id\":\"https:\\\/\\\/lightweb.dev\\\/l\\\/svm-temp\\\/nyheter\\\/andrade-vanor-ska-ge-lagre-elrakning\\\/#primaryimage\"},\"thumbnailUrl\":\"https:\\\/\\\/lightweb.dev\\\/l\\\/svm-temp\\\/wp-content\\\/uploads\\\/2022\\\/06\\\/andrade-vanor-ska-ge-lagre-elrakning.png\",\"datePublished\":\"2021-05-06T13:50:00+00:00\",\"breadcrumb\":{\"@id\":\"https:\\\/\\\/lightweb.dev\\\/l\\\/svm-temp\\\/nyheter\\\/andrade-vanor-ska-ge-lagre-elrakning\\\/#breadcrumb\"},\"inLanguage\":\"sv-SE\",\"potentialAction\":[{\"@type\":\"ReadAction\",\"target\":[\"https:\\\/\\\/lightweb.dev\\\/l\\\/svm-temp\\\/nyheter\\\/andrade-vanor-ska-ge-lagre-elrakning\\\/\"]}]},{\"@type\":\"ImageObject\",\"inLanguage\":\"sv-SE\",\"@id\":\"https:\\\/\\\/lightweb.dev\\\/l\\\/svm-temp\\\/nyheter\\\/andrade-vanor-ska-ge-lagre-elrakning\\\/#primaryimage\",\"url\":\"https:\\\/\\\/lightweb.dev\\\/l\\\/svm-temp\\\/wp-content\\\/uploads\\\/2022\\\/06\\\/andrade-vanor-ska-ge-lagre-elrakning.png\",\"contentUrl\":\"https:\\\/\\\/lightweb.dev\\\/l\\\/svm-temp\\\/wp-content\\\/uploads\\\/2022\\\/06\\\/andrade-vanor-ska-ge-lagre-elrakning.png\",\"width\":500,\"height\":301},{\"@type\":\"BreadcrumbList\",\"@id\":\"https:\\\/\\\/lightweb.dev\\\/l\\\/svm-temp\\\/nyheter\\\/andrade-vanor-ska-ge-lagre-elrakning\\\/#breadcrumb\",\"itemListElement\":[{\"@type\":\"ListItem\",\"position\":1,\"name\":\"Hem\",\"item\":\"https:\\\/\\\/lightweb.dev\\\/l\\\/svm-temp\\\/\"},{\"@type\":\"ListItem\",\"position\":2,\"name\":\"\u00c4ndrade vanor ska ge l\u00e4gre elr\u00e4kning\"}]},{\"@type\":\"WebSite\",\"@id\":\"https:\\\/\\\/lightweb.dev\\\/l\\\/svm-temp\\\/#website\",\"url\":\"https:\\\/\\\/lightweb.dev\\\/l\\\/svm-temp\\\/\",\"name\":\"Svenska Magasinet\",\"description\":\"Dina Spanska nyheter p&aring; Svenska\",\"publisher\":{\"@id\":\"https:\\\/\\\/lightweb.dev\\\/l\\\/svm-temp\\\/#organization\"},\"potentialAction\":[{\"@type\":\"SearchAction\",\"target\":{\"@type\":\"EntryPoint\",\"urlTemplate\":\"https:\\\/\\\/lightweb.dev\\\/l\\\/svm-temp\\\/?s={search_term_string}\"},\"query-input\":{\"@type\":\"PropertyValueSpecification\",\"valueRequired\":true,\"valueName\":\"search_term_string\"}}],\"inLanguage\":\"sv-SE\"},{\"@type\":\"Organization\",\"@id\":\"https:\\\/\\\/lightweb.dev\\\/l\\\/svm-temp\\\/#organization\",\"name\":\"Melkerson y Nott SL\",\"alternateName\":\"Svenska Magasinet\",\"url\":\"https:\\\/\\\/lightweb.dev\\\/l\\\/svm-temp\\\/\",\"logo\":{\"@type\":\"ImageObject\",\"inLanguage\":\"sv-SE\",\"@id\":\"https:\\\/\\\/lightweb.dev\\\/l\\\/svm-temp\\\/#\\\/schema\\\/logo\\\/image\\\/\",\"url\":\"https:\\\/\\\/lightweb.dev\\\/l\\\/svm-temp\\\/wp-content\\\/uploads\\\/2025\\\/02\\\/SvM-logo-Xtra-Centrerad-SVART.png\",\"contentUrl\":\"https:\\\/\\\/lightweb.dev\\\/l\\\/svm-temp\\\/wp-content\\\/uploads\\\/2025\\\/02\\\/SvM-logo-Xtra-Centrerad-SVART.png\",\"width\":300,\"height\":99,\"caption\":\"Melkerson y Nott SL\"},\"image\":{\"@id\":\"https:\\\/\\\/lightweb.dev\\\/l\\\/svm-temp\\\/#\\\/schema\\\/logo\\\/image\\\/\"},\"sameAs\":[\"https:\\\/\\\/www.facebook.com\\\/svenskamagasinet\",\"https:\\\/\\\/x.com\\\/SvenskaMagasine\"]},{\"@type\":\"Person\",\"@id\":\"https:\\\/\\\/lightweb.dev\\\/l\\\/svm-temp\\\/#\\\/schema\\\/person\\\/206a3bda5b607b0c25e1749191e4d837\",\"name\":\"Redaktionen SvM\",\"description\":\"Redaktionen\",\"sameAs\":[\"https:\\\/\\\/lightweb.dev\\\/l\\\/svm-temp\"],\"url\":\"https:\\\/\\\/lightweb.dev\\\/l\\\/svm-temp\\\/reporter\\\/redaktionen\\\/\"}]}<\/script>\n<!-- \/ Yoast SEO Premium plugin. -->","yoast_head_json":{"title":"\u00c4ndrade vanor ska ge l\u00e4gre elr\u00e4kning - Svenska Magasinet","robots":{"index":"noindex","follow":"follow","max-snippet":"max-snippet:-1","max-image-preview":"max-image-preview:large","max-video-preview":"max-video-preview:-1"},"og_locale":"sv_SE","og_type":"article","og_title":"\u00c4ndrade vanor ska ge l\u00e4gre elr\u00e4kning","og_description":"Att \u00e4ndra sina vanor \u00e4r att spara. F\u00f6r omkring 10,7 miljoner hush\u00e5ll g\u00e4ller det att anpassa sitt liv om elpriset ska sjunka n\u00e4r en ny elr\u00e4kning inf\u00f6rs fr\u00e5n den 1 juni. Dygnet delas in i sex tidszoner med tre olika tariffer. Om konsumenten \u00f6nskar l\u00e4gre elpris g\u00e4ller det att \u00e4ndra vanorna. Det \u00e4r Departementet f\u00f6r [&hellip;]","og_url":"https:\/\/lightweb.dev\/l\/svm-temp\/nyheter\/andrade-vanor-ska-ge-lagre-elrakning\/","og_site_name":"Svenska Magasinet","article_publisher":"https:\/\/www.facebook.com\/svenskamagasinet","article_published_time":"2021-05-06T13:50:00+00:00","og_image":[{"width":500,"height":301,"url":"https:\/\/lightweb.dev\/l\/svm-temp\/wp-content\/uploads\/2022\/06\/andrade-vanor-ska-ge-lagre-elrakning.png","type":"image\/png"}],"author":"Redaktionen SvM","twitter_card":"summary_large_image","twitter_creator":"@SvenskaMagasine","twitter_site":"@SvenskaMagasine","schema":{"@context":"https:\/\/schema.org","@graph":[{"@type":"Article","@id":"https:\/\/lightweb.dev\/l\/svm-temp\/nyheter\/andrade-vanor-ska-ge-lagre-elrakning\/#article","isPartOf":{"@id":"https:\/\/lightweb.dev\/l\/svm-temp\/nyheter\/andrade-vanor-ska-ge-lagre-elrakning\/"},"author":{"name":"Redaktionen SvM","@id":"https:\/\/lightweb.dev\/l\/svm-temp\/#\/schema\/person\/206a3bda5b607b0c25e1749191e4d837"},"headline":"\u00c4ndrade vanor ska ge l\u00e4gre elr\u00e4kning","datePublished":"2021-05-06T13:50:00+00:00","mainEntityOfPage":{"@id":"https:\/\/lightweb.dev\/l\/svm-temp\/nyheter\/andrade-vanor-ska-ge-lagre-elrakning\/"},"wordCount":308,"commentCount":0,"publisher":{"@id":"https:\/\/lightweb.dev\/l\/svm-temp\/#organization"},"image":{"@id":"https:\/\/lightweb.dev\/l\/svm-temp\/nyheter\/andrade-vanor-ska-ge-lagre-elrakning\/#primaryimage"},"thumbnailUrl":"https:\/\/lightweb.dev\/l\/svm-temp\/wp-content\/uploads\/2022\/06\/andrade-vanor-ska-ge-lagre-elrakning.png","articleSection":["Arkiv","Nyheter"],"inLanguage":"sv-SE"},{"@type":"WebPage","@id":"https:\/\/lightweb.dev\/l\/svm-temp\/nyheter\/andrade-vanor-ska-ge-lagre-elrakning\/","url":"https:\/\/lightweb.dev\/l\/svm-temp\/nyheter\/andrade-vanor-ska-ge-lagre-elrakning\/","name":"\u00c4ndrade vanor ska ge l\u00e4gre elr\u00e4kning - Svenska Magasinet","isPartOf":{"@id":"https:\/\/lightweb.dev\/l\/svm-temp\/#website"},"primaryImageOfPage":{"@id":"https:\/\/lightweb.dev\/l\/svm-temp\/nyheter\/andrade-vanor-ska-ge-lagre-elrakning\/#primaryimage"},"image":{"@id":"https:\/\/lightweb.dev\/l\/svm-temp\/nyheter\/andrade-vanor-ska-ge-lagre-elrakning\/#primaryimage"},"thumbnailUrl":"https:\/\/lightweb.dev\/l\/svm-temp\/wp-content\/uploads\/2022\/06\/andrade-vanor-ska-ge-lagre-elrakning.png","datePublished":"2021-05-06T13:50:00+00:00","breadcrumb":{"@id":"https:\/\/lightweb.dev\/l\/svm-temp\/nyheter\/andrade-vanor-ska-ge-lagre-elrakning\/#breadcrumb"},"inLanguage":"sv-SE","potentialAction":[{"@type":"ReadAction","target":["https:\/\/lightweb.dev\/l\/svm-temp\/nyheter\/andrade-vanor-ska-ge-lagre-elrakning\/"]}]},{"@type":"ImageObject","inLanguage":"sv-SE","@id":"https:\/\/lightweb.dev\/l\/svm-temp\/nyheter\/andrade-vanor-ska-ge-lagre-elrakning\/#primaryimage","url":"https:\/\/lightweb.dev\/l\/svm-temp\/wp-content\/uploads\/2022\/06\/andrade-vanor-ska-ge-lagre-elrakning.png","contentUrl":"https:\/\/lightweb.dev\/l\/svm-temp\/wp-content\/uploads\/2022\/06\/andrade-vanor-ska-ge-lagre-elrakning.png","width":500,"height":301},{"@type":"BreadcrumbList","@id":"https:\/\/lightweb.dev\/l\/svm-temp\/nyheter\/andrade-vanor-ska-ge-lagre-elrakning\/#breadcrumb","itemListElement":[{"@type":"ListItem","position":1,"name":"Hem","item":"https:\/\/lightweb.dev\/l\/svm-temp\/"},{"@type":"ListItem","position":2,"name":"\u00c4ndrade vanor ska ge l\u00e4gre elr\u00e4kning"}]},{"@type":"WebSite","@id":"https:\/\/lightweb.dev\/l\/svm-temp\/#website","url":"https:\/\/lightweb.dev\/l\/svm-temp\/","name":"Svenska Magasinet","description":"Dina Spanska nyheter p&aring; Svenska","publisher":{"@id":"https:\/\/lightweb.dev\/l\/svm-temp\/#organization"},"potentialAction":[{"@type":"SearchAction","target":{"@type":"EntryPoint","urlTemplate":"https:\/\/lightweb.dev\/l\/svm-temp\/?s={search_term_string}"},"query-input":{"@type":"PropertyValueSpecification","valueRequired":true,"valueName":"search_term_string"}}],"inLanguage":"sv-SE"},{"@type":"Organization","@id":"https:\/\/lightweb.dev\/l\/svm-temp\/#organization","name":"Melkerson y Nott SL","alternateName":"Svenska Magasinet","url":"https:\/\/lightweb.dev\/l\/svm-temp\/","logo":{"@type":"ImageObject","inLanguage":"sv-SE","@id":"https:\/\/lightweb.dev\/l\/svm-temp\/#\/schema\/logo\/image\/","url":"https:\/\/lightweb.dev\/l\/svm-temp\/wp-content\/uploads\/2025\/02\/SvM-logo-Xtra-Centrerad-SVART.png","contentUrl":"https:\/\/lightweb.dev\/l\/svm-temp\/wp-content\/uploads\/2025\/02\/SvM-logo-Xtra-Centrerad-SVART.png","width":300,"height":99,"caption":"Melkerson y Nott SL"},"image":{"@id":"https:\/\/lightweb.dev\/l\/svm-temp\/#\/schema\/logo\/image\/"},"sameAs":["https:\/\/www.facebook.com\/svenskamagasinet","https:\/\/x.com\/SvenskaMagasine"]},{"@type":"Person","@id":"https:\/\/lightweb.dev\/l\/svm-temp\/#\/schema\/person\/206a3bda5b607b0c25e1749191e4d837","name":"Redaktionen SvM","description":"Redaktionen","sameAs":["https:\/\/lightweb.dev\/l\/svm-temp"],"url":"https:\/\/lightweb.dev\/l\/svm-temp\/reporter\/redaktionen\/"}]}},"_links":{"self":[{"href":"https:\/\/lightweb.dev\/l\/svm-temp\/wp-json\/wp\/v2\/posts\/12221","targetHints":{"allow":["GET"]}}],"collection":[{"href":"https:\/\/lightweb.dev\/l\/svm-temp\/wp-json\/wp\/v2\/posts"}],"about":[{"href":"https:\/\/lightweb.dev\/l\/svm-temp\/wp-json\/wp\/v2\/types\/post"}],"author":[{"embeddable":true,"href":"https:\/\/lightweb.dev\/l\/svm-temp\/wp-json\/wp\/v2\/users\/8"}],"replies":[{"embeddable":true,"href":"https:\/\/lightweb.dev\/l\/svm-temp\/wp-json\/wp\/v2\/comments?post=12221"}],"version-history":[{"count":0,"href":"https:\/\/lightweb.dev\/l\/svm-temp\/wp-json\/wp\/v2\/posts\/12221\/revisions"}],"wp:featuredmedia":[{"embeddable":true,"href":"https:\/\/lightweb.dev\/l\/svm-temp\/wp-json\/wp\/v2\/media\/12222"}],"wp:attachment":[{"href":"https:\/\/lightweb.dev\/l\/svm-temp\/wp-json\/wp\/v2\/media?parent=12221"}],"wp:term":[{"taxonomy":"category","embeddable":true,"href":"https:\/\/lightweb.dev\/l\/svm-temp\/wp-json\/wp\/v2\/categories?post=12221"},{"taxonomy":"post_tag","embeddable":true,"href":"https:\/\/lightweb.dev\/l\/svm-temp\/wp-json\/wp\/v2\/tags?post=12221"}],"curies":[{"name":"wp","href":"https:\/\/api.w.org\/{rel}","templated":true}]}}