{"id":12223,"date":"2021-05-05T10:02:00","date_gmt":"2021-05-05T08:02:00","guid":{"rendered":"https:\/\/lightweb.dev\/l\/svm-temp\/nyheter\/partido-popular-okar-dubbelt-i-madrid-pablo-iglesias-lamnar-politiken\/"},"modified":"2021-05-05T10:02:00","modified_gmt":"2021-05-05T08:02:00","slug":"partido-popular-okar-dubbelt-i-madrid-pablo-iglesias-lamnar-politiken","status":"publish","type":"post","link":"https:\/\/lightweb.dev\/l\/svm-temp\/nyheter\/partido-popular-okar-dubbelt-i-madrid-pablo-iglesias-lamnar-politiken\/","title":{"rendered":"Partido Popular \u00f6kar dubbelt i Madrid \u2013 Pablo Iglesias l\u00e4mnar politiken"},"content":{"rendered":"<p> Det blev en solklar seger f\u00f6r mittenh\u00f6gerpartiet Partido Popular och Isabel D\u00edaz Ayuso vid g\u00e5rdagens regionval i Madrid. J\u00e4mf\u00f6rt med valet 2019 \u00f6kar antalet mandat f\u00f6r Partido Popular fr\u00e5n 30 till 65 eller i antalet r\u00f6ster fr\u00e5n 719.852 till 1.612.093. PP \u00e4r bara fyra mandat fr\u00e5n att f\u00e5 majoritet i det regionala parlamentet.<\/p>\n<p>Ytterkantsh\u00f6gerpartiet Vox kan v\u00e4lja att l\u00e4gga ned sina r\u00f6ster och sl\u00e4ppa fram Isabel D\u00edaz Ayuso f\u00f6r att bilda regionregering. Det \u00e4r knappast troligt att Vox t\u00e4nker s\u00e4tta k\u00e4ppar i hjulet f\u00f6r en h\u00f6gerregering.<\/p>\n<p>Partido Popular f\u00e5r fler mandat (65) \u00e4n vad samtliga partier i v\u00e4nsterblocket f\u00e5r tillsammans (58).<\/p>\n<p>Det moderata v\u00e4nsterpartiet M\u00e1s Madrid \u00f6kar ocks\u00e5 antalet mandat och r\u00f6ster och passerar socialistiska PSOE och blir regionens n\u00e4sta st\u00f6rsta parti. M\u00e1s Madrid och PSOE f\u00e5r lika m\u00e5nga mandat, M\u00e1s Madrid fick dock fler r\u00f6ster i valet, 611.308, j\u00e4mf\u00f6rt med PSOE:s 607.477. M\u00e1s Madrids M\u00f3nica Garc\u00eda blir d\u00e4rmed oppositionsledaren i Madridregionen.<\/p>\n<p>Vox blir det fj\u00e4rde st\u00f6rsta partiet och \u00f6kar en mandat, fr\u00e5n tolv till tretton, j\u00e4mf\u00f6rt med f\u00f6rra valet. <\/p>\n<p>Ytterkantsv\u00e4nsterpartiet Unidas Podemos \u00f6kar tre mandat, fr\u00e5n sju till tio. Det var en mycket l\u00e5gm\u00e4ld presidentkandidat Pablo Iglesias som framtr\u00e4dde i natt och meddelade att han l\u00e4mnar politiken.<\/p>\n<p>Vox f\u00e5r allts\u00e5 fler r\u00f6ster \u00e4n Unidas Podemos i Madridregionen. B\u00e5da partierna k\u00e4nnetecknas av en h\u00e5rd konfrontationspolitik.<\/p>\n<p>Det liberala mittenpartiet Ciudadanos g\u00f6r ett katastrofval och blir utan mandat eftersom de inte klarade femprocentssp\u00e4rren och bara f\u00e5r 3,56 procent. De lyckas bara samla 128.454 r\u00f6ster. Det kan j\u00e4mf\u00f6ras med valet 2019 d\u00e5 de fick 26 mandat och 629.940 r\u00f6ster.<\/p>\n<p>Valresultatet i Madrid \u00e4r en reaktion mot den v\u00e4nsterstyrda centralregeringen. Den utl\u00f6sande faktorn till valet i Madridregionen var dock Ciudadanos som i flera regioner l\u00e4mnat koalitionsregeringar f\u00f6r att i st\u00e4llet rikta misstroendef\u00f6rklaringar mot Partido Popular.<\/p>\n<p>I Madridregionen d\u00e4r h\u00f6gern har styrt sedan 1995 straffas Ciudadanos h\u00e5rt.<\/p>\n<p>D\u00edaz Ayuso f\u00e5r \u00f6kat st\u00f6d efter att hon har valt en konfrontationspolitik gentemot centralregeringen inte minst n\u00e4r det kommer till \u00e5tg\u00e4rder mot pandemin. Valresultatet kan komma att f\u00f6r\u00e4ndra det politiska landskapet p\u00e5 fler h\u00e5ll i Spanien.<\/p>\n<p>Partido Populars partiledare Pablo Casado som har st\u00e5tt ganska stilla i opinionsm\u00e4tningar och inte lyckats f\u00e5 partiet att v\u00e4xa n\u00e4mnv\u00e4rt sedan han tog \u00f6ver som partiledare har nu kunnat st\u00e5 vid sidan om Ayuso och sola sig i glansen.<\/p>\n<p>Det \u00e4r en kvinna som har \u00f6ppnat v\u00e4gen f\u00f6r att besegra \u201dsanchismo\u201d.<\/p>\n<p>Valdeltagandet i regionvalet i Madrid var rekordh\u00f6gt den h\u00e4r g\u00e5ngen p\u00e5 76,24 procent. Hela elva procentenheter mer j\u00e4mf\u00f6rt med valet 2019. <\/p>\n","protected":false},"excerpt":{"rendered":"<p>Det blev en solklar seger f\u00f6r mittenh\u00f6gerpartiet Partido Popular och Isabel D\u00edaz Ayuso vid g\u00e5rdagens regionval i Madrid. J\u00e4mf\u00f6rt med valet 2019 \u00f6kar antalet mandat f\u00f6r Partido Popular fr\u00e5n 30 till 65 eller i antalet r\u00f6ster fr\u00e5n 719.852 till 1.612.093. PP \u00e4r bara fyra mandat fr\u00e5n att f\u00e5 majoritet i det regionala parlamentet. Ytterkantsh\u00f6gerpartiet Vox [&hellip;]<\/p>\n","protected":false},"author":8,"featured_media":12224,"comment_status":"open","ping_status":"open","sticky":false,"template":"","format":"standard","meta":{"_et_pb_use_builder":"","_et_pb_old_content":"","_et_gb_content_width":"","footnotes":""},"categories":[395,3],"tags":[],"class_list":["post-12223","post","type-post","status-publish","format-standard","has-post-thumbnail","hentry","category-arkiv-nyheter","category-nyheter"],"yoast_head":"<!-- This site is optimized with the Yoast SEO Premium plugin v26.2 (Yoast SEO v27.4) - https:\/\/yoast.com\/product\/yoast-seo-premium-wordpress\/ -->\n<title>Partido Popular \u00f6kar dubbelt i Madrid \u2013 Pablo Iglesias l\u00e4mnar politiken - Svenska Magasinet<\/title>\n<meta name=\"robots\" content=\"noindex, follow, max-snippet:-1, max-image-preview:large, max-video-preview:-1\" \/>\n<meta property=\"og:locale\" content=\"sv_SE\" \/>\n<meta property=\"og:type\" content=\"article\" \/>\n<meta property=\"og:title\" content=\"Partido Popular \u00f6kar dubbelt i Madrid \u2013 Pablo Iglesias l\u00e4mnar politiken\" \/>\n<meta property=\"og:description\" content=\"Det blev en solklar seger f\u00f6r mittenh\u00f6gerpartiet Partido Popular och Isabel D\u00edaz Ayuso vid g\u00e5rdagens regionval i Madrid. J\u00e4mf\u00f6rt med valet 2019 \u00f6kar antalet mandat f\u00f6r Partido Popular fr\u00e5n 30 till 65 eller i antalet r\u00f6ster fr\u00e5n 719.852 till 1.612.093. PP \u00e4r bara fyra mandat fr\u00e5n att f\u00e5 majoritet i det regionala parlamentet. Ytterkantsh\u00f6gerpartiet Vox [&hellip;]\" \/>\n<meta property=\"og:url\" content=\"https:\/\/lightweb.dev\/l\/svm-temp\/nyheter\/partido-popular-okar-dubbelt-i-madrid-pablo-iglesias-lamnar-politiken\/\" \/>\n<meta property=\"og:site_name\" content=\"Svenska Magasinet\" \/>\n<meta property=\"article:publisher\" content=\"https:\/\/www.facebook.com\/svenskamagasinet\" \/>\n<meta property=\"article:published_time\" content=\"2021-05-05T08:02:00+00:00\" \/>\n<meta property=\"og:image\" content=\"https:\/\/lightweb.dev\/l\/svm-temp\/wp-content\/uploads\/2022\/06\/partido-popular-okar-dubbelt-i-madrid-pablo-iglesias-lamnar-politiken.png\" \/>\n\t<meta property=\"og:image:width\" content=\"500\" \/>\n\t<meta property=\"og:image:height\" content=\"300\" \/>\n\t<meta property=\"og:image:type\" content=\"image\/png\" \/>\n<meta name=\"author\" content=\"Redaktionen SvM\" \/>\n<meta name=\"twitter:card\" content=\"summary_large_image\" \/>\n<meta name=\"twitter:creator\" content=\"@SvenskaMagasine\" \/>\n<meta name=\"twitter:site\" content=\"@SvenskaMagasine\" \/>\n<script type=\"application\/ld+json\" class=\"yoast-schema-graph\">{\"@context\":\"https:\\\/\\\/schema.org\",\"@graph\":[{\"@type\":\"Article\",\"@id\":\"https:\\\/\\\/lightweb.dev\\\/l\\\/svm-temp\\\/nyheter\\\/partido-popular-okar-dubbelt-i-madrid-pablo-iglesias-lamnar-politiken\\\/#article\",\"isPartOf\":{\"@id\":\"https:\\\/\\\/lightweb.dev\\\/l\\\/svm-temp\\\/nyheter\\\/partido-popular-okar-dubbelt-i-madrid-pablo-iglesias-lamnar-politiken\\\/\"},\"author\":{\"name\":\"Redaktionen SvM\",\"@id\":\"https:\\\/\\\/lightweb.dev\\\/l\\\/svm-temp\\\/#\\\/schema\\\/person\\\/206a3bda5b607b0c25e1749191e4d837\"},\"headline\":\"Partido Popular \u00f6kar dubbelt i Madrid \u2013 Pablo Iglesias l\u00e4mnar politiken\",\"datePublished\":\"2021-05-05T08:02:00+00:00\",\"mainEntityOfPage\":{\"@id\":\"https:\\\/\\\/lightweb.dev\\\/l\\\/svm-temp\\\/nyheter\\\/partido-popular-okar-dubbelt-i-madrid-pablo-iglesias-lamnar-politiken\\\/\"},\"wordCount\":500,\"commentCount\":0,\"publisher\":{\"@id\":\"https:\\\/\\\/lightweb.dev\\\/l\\\/svm-temp\\\/#organization\"},\"image\":{\"@id\":\"https:\\\/\\\/lightweb.dev\\\/l\\\/svm-temp\\\/nyheter\\\/partido-popular-okar-dubbelt-i-madrid-pablo-iglesias-lamnar-politiken\\\/#primaryimage\"},\"thumbnailUrl\":\"https:\\\/\\\/lightweb.dev\\\/l\\\/svm-temp\\\/wp-content\\\/uploads\\\/2022\\\/06\\\/partido-popular-okar-dubbelt-i-madrid-pablo-iglesias-lamnar-politiken.png\",\"articleSection\":[\"Arkiv\",\"Nyheter\"],\"inLanguage\":\"sv-SE\"},{\"@type\":\"WebPage\",\"@id\":\"https:\\\/\\\/lightweb.dev\\\/l\\\/svm-temp\\\/nyheter\\\/partido-popular-okar-dubbelt-i-madrid-pablo-iglesias-lamnar-politiken\\\/\",\"url\":\"https:\\\/\\\/lightweb.dev\\\/l\\\/svm-temp\\\/nyheter\\\/partido-popular-okar-dubbelt-i-madrid-pablo-iglesias-lamnar-politiken\\\/\",\"name\":\"Partido Popular \u00f6kar dubbelt i Madrid \u2013 Pablo Iglesias l\u00e4mnar politiken - Svenska Magasinet\",\"isPartOf\":{\"@id\":\"https:\\\/\\\/lightweb.dev\\\/l\\\/svm-temp\\\/#website\"},\"primaryImageOfPage\":{\"@id\":\"https:\\\/\\\/lightweb.dev\\\/l\\\/svm-temp\\\/nyheter\\\/partido-popular-okar-dubbelt-i-madrid-pablo-iglesias-lamnar-politiken\\\/#primaryimage\"},\"image\":{\"@id\":\"https:\\\/\\\/lightweb.dev\\\/l\\\/svm-temp\\\/nyheter\\\/partido-popular-okar-dubbelt-i-madrid-pablo-iglesias-lamnar-politiken\\\/#primaryimage\"},\"thumbnailUrl\":\"https:\\\/\\\/lightweb.dev\\\/l\\\/svm-temp\\\/wp-content\\\/uploads\\\/2022\\\/06\\\/partido-popular-okar-dubbelt-i-madrid-pablo-iglesias-lamnar-politiken.png\",\"datePublished\":\"2021-05-05T08:02:00+00:00\",\"breadcrumb\":{\"@id\":\"https:\\\/\\\/lightweb.dev\\\/l\\\/svm-temp\\\/nyheter\\\/partido-popular-okar-dubbelt-i-madrid-pablo-iglesias-lamnar-politiken\\\/#breadcrumb\"},\"inLanguage\":\"sv-SE\",\"potentialAction\":[{\"@type\":\"ReadAction\",\"target\":[\"https:\\\/\\\/lightweb.dev\\\/l\\\/svm-temp\\\/nyheter\\\/partido-popular-okar-dubbelt-i-madrid-pablo-iglesias-lamnar-politiken\\\/\"]}]},{\"@type\":\"ImageObject\",\"inLanguage\":\"sv-SE\",\"@id\":\"https:\\\/\\\/lightweb.dev\\\/l\\\/svm-temp\\\/nyheter\\\/partido-popular-okar-dubbelt-i-madrid-pablo-iglesias-lamnar-politiken\\\/#primaryimage\",\"url\":\"https:\\\/\\\/lightweb.dev\\\/l\\\/svm-temp\\\/wp-content\\\/uploads\\\/2022\\\/06\\\/partido-popular-okar-dubbelt-i-madrid-pablo-iglesias-lamnar-politiken.png\",\"contentUrl\":\"https:\\\/\\\/lightweb.dev\\\/l\\\/svm-temp\\\/wp-content\\\/uploads\\\/2022\\\/06\\\/partido-popular-okar-dubbelt-i-madrid-pablo-iglesias-lamnar-politiken.png\",\"width\":500,\"height\":300},{\"@type\":\"BreadcrumbList\",\"@id\":\"https:\\\/\\\/lightweb.dev\\\/l\\\/svm-temp\\\/nyheter\\\/partido-popular-okar-dubbelt-i-madrid-pablo-iglesias-lamnar-politiken\\\/#breadcrumb\",\"itemListElement\":[{\"@type\":\"ListItem\",\"position\":1,\"name\":\"Hem\",\"item\":\"https:\\\/\\\/lightweb.dev\\\/l\\\/svm-temp\\\/\"},{\"@type\":\"ListItem\",\"position\":2,\"name\":\"Partido Popular \u00f6kar dubbelt i Madrid \u2013 Pablo Iglesias l\u00e4mnar politiken\"}]},{\"@type\":\"WebSite\",\"@id\":\"https:\\\/\\\/lightweb.dev\\\/l\\\/svm-temp\\\/#website\",\"url\":\"https:\\\/\\\/lightweb.dev\\\/l\\\/svm-temp\\\/\",\"name\":\"Svenska Magasinet\",\"description\":\"Dina Spanska nyheter p&aring; Svenska\",\"publisher\":{\"@id\":\"https:\\\/\\\/lightweb.dev\\\/l\\\/svm-temp\\\/#organization\"},\"potentialAction\":[{\"@type\":\"SearchAction\",\"target\":{\"@type\":\"EntryPoint\",\"urlTemplate\":\"https:\\\/\\\/lightweb.dev\\\/l\\\/svm-temp\\\/?s={search_term_string}\"},\"query-input\":{\"@type\":\"PropertyValueSpecification\",\"valueRequired\":true,\"valueName\":\"search_term_string\"}}],\"inLanguage\":\"sv-SE\"},{\"@type\":\"Organization\",\"@id\":\"https:\\\/\\\/lightweb.dev\\\/l\\\/svm-temp\\\/#organization\",\"name\":\"Melkerson y Nott SL\",\"alternateName\":\"Svenska Magasinet\",\"url\":\"https:\\\/\\\/lightweb.dev\\\/l\\\/svm-temp\\\/\",\"logo\":{\"@type\":\"ImageObject\",\"inLanguage\":\"sv-SE\",\"@id\":\"https:\\\/\\\/lightweb.dev\\\/l\\\/svm-temp\\\/#\\\/schema\\\/logo\\\/image\\\/\",\"url\":\"https:\\\/\\\/lightweb.dev\\\/l\\\/svm-temp\\\/wp-content\\\/uploads\\\/2025\\\/02\\\/SvM-logo-Xtra-Centrerad-SVART.png\",\"contentUrl\":\"https:\\\/\\\/lightweb.dev\\\/l\\\/svm-temp\\\/wp-content\\\/uploads\\\/2025\\\/02\\\/SvM-logo-Xtra-Centrerad-SVART.png\",\"width\":300,\"height\":99,\"caption\":\"Melkerson y Nott SL\"},\"image\":{\"@id\":\"https:\\\/\\\/lightweb.dev\\\/l\\\/svm-temp\\\/#\\\/schema\\\/logo\\\/image\\\/\"},\"sameAs\":[\"https:\\\/\\\/www.facebook.com\\\/svenskamagasinet\",\"https:\\\/\\\/x.com\\\/SvenskaMagasine\"]},{\"@type\":\"Person\",\"@id\":\"https:\\\/\\\/lightweb.dev\\\/l\\\/svm-temp\\\/#\\\/schema\\\/person\\\/206a3bda5b607b0c25e1749191e4d837\",\"name\":\"Redaktionen SvM\",\"description\":\"Redaktionen\",\"sameAs\":[\"https:\\\/\\\/lightweb.dev\\\/l\\\/svm-temp\"],\"url\":\"https:\\\/\\\/lightweb.dev\\\/l\\\/svm-temp\\\/reporter\\\/redaktionen\\\/\"}]}<\/script>\n<!-- \/ Yoast SEO Premium plugin. -->","yoast_head_json":{"title":"Partido Popular \u00f6kar dubbelt i Madrid \u2013 Pablo Iglesias l\u00e4mnar politiken - Svenska Magasinet","robots":{"index":"noindex","follow":"follow","max-snippet":"max-snippet:-1","max-image-preview":"max-image-preview:large","max-video-preview":"max-video-preview:-1"},"og_locale":"sv_SE","og_type":"article","og_title":"Partido Popular \u00f6kar dubbelt i Madrid \u2013 Pablo Iglesias l\u00e4mnar politiken","og_description":"Det blev en solklar seger f\u00f6r mittenh\u00f6gerpartiet Partido Popular och Isabel D\u00edaz Ayuso vid g\u00e5rdagens regionval i Madrid. J\u00e4mf\u00f6rt med valet 2019 \u00f6kar antalet mandat f\u00f6r Partido Popular fr\u00e5n 30 till 65 eller i antalet r\u00f6ster fr\u00e5n 719.852 till 1.612.093. PP \u00e4r bara fyra mandat fr\u00e5n att f\u00e5 majoritet i det regionala parlamentet. Ytterkantsh\u00f6gerpartiet Vox [&hellip;]","og_url":"https:\/\/lightweb.dev\/l\/svm-temp\/nyheter\/partido-popular-okar-dubbelt-i-madrid-pablo-iglesias-lamnar-politiken\/","og_site_name":"Svenska Magasinet","article_publisher":"https:\/\/www.facebook.com\/svenskamagasinet","article_published_time":"2021-05-05T08:02:00+00:00","og_image":[{"width":500,"height":300,"url":"https:\/\/lightweb.dev\/l\/svm-temp\/wp-content\/uploads\/2022\/06\/partido-popular-okar-dubbelt-i-madrid-pablo-iglesias-lamnar-politiken.png","type":"image\/png"}],"author":"Redaktionen SvM","twitter_card":"summary_large_image","twitter_creator":"@SvenskaMagasine","twitter_site":"@SvenskaMagasine","schema":{"@context":"https:\/\/schema.org","@graph":[{"@type":"Article","@id":"https:\/\/lightweb.dev\/l\/svm-temp\/nyheter\/partido-popular-okar-dubbelt-i-madrid-pablo-iglesias-lamnar-politiken\/#article","isPartOf":{"@id":"https:\/\/lightweb.dev\/l\/svm-temp\/nyheter\/partido-popular-okar-dubbelt-i-madrid-pablo-iglesias-lamnar-politiken\/"},"author":{"name":"Redaktionen SvM","@id":"https:\/\/lightweb.dev\/l\/svm-temp\/#\/schema\/person\/206a3bda5b607b0c25e1749191e4d837"},"headline":"Partido Popular \u00f6kar dubbelt i Madrid \u2013 Pablo Iglesias l\u00e4mnar politiken","datePublished":"2021-05-05T08:02:00+00:00","mainEntityOfPage":{"@id":"https:\/\/lightweb.dev\/l\/svm-temp\/nyheter\/partido-popular-okar-dubbelt-i-madrid-pablo-iglesias-lamnar-politiken\/"},"wordCount":500,"commentCount":0,"publisher":{"@id":"https:\/\/lightweb.dev\/l\/svm-temp\/#organization"},"image":{"@id":"https:\/\/lightweb.dev\/l\/svm-temp\/nyheter\/partido-popular-okar-dubbelt-i-madrid-pablo-iglesias-lamnar-politiken\/#primaryimage"},"thumbnailUrl":"https:\/\/lightweb.dev\/l\/svm-temp\/wp-content\/uploads\/2022\/06\/partido-popular-okar-dubbelt-i-madrid-pablo-iglesias-lamnar-politiken.png","articleSection":["Arkiv","Nyheter"],"inLanguage":"sv-SE"},{"@type":"WebPage","@id":"https:\/\/lightweb.dev\/l\/svm-temp\/nyheter\/partido-popular-okar-dubbelt-i-madrid-pablo-iglesias-lamnar-politiken\/","url":"https:\/\/lightweb.dev\/l\/svm-temp\/nyheter\/partido-popular-okar-dubbelt-i-madrid-pablo-iglesias-lamnar-politiken\/","name":"Partido Popular \u00f6kar dubbelt i Madrid \u2013 Pablo Iglesias l\u00e4mnar politiken - Svenska Magasinet","isPartOf":{"@id":"https:\/\/lightweb.dev\/l\/svm-temp\/#website"},"primaryImageOfPage":{"@id":"https:\/\/lightweb.dev\/l\/svm-temp\/nyheter\/partido-popular-okar-dubbelt-i-madrid-pablo-iglesias-lamnar-politiken\/#primaryimage"},"image":{"@id":"https:\/\/lightweb.dev\/l\/svm-temp\/nyheter\/partido-popular-okar-dubbelt-i-madrid-pablo-iglesias-lamnar-politiken\/#primaryimage"},"thumbnailUrl":"https:\/\/lightweb.dev\/l\/svm-temp\/wp-content\/uploads\/2022\/06\/partido-popular-okar-dubbelt-i-madrid-pablo-iglesias-lamnar-politiken.png","datePublished":"2021-05-05T08:02:00+00:00","breadcrumb":{"@id":"https:\/\/lightweb.dev\/l\/svm-temp\/nyheter\/partido-popular-okar-dubbelt-i-madrid-pablo-iglesias-lamnar-politiken\/#breadcrumb"},"inLanguage":"sv-SE","potentialAction":[{"@type":"ReadAction","target":["https:\/\/lightweb.dev\/l\/svm-temp\/nyheter\/partido-popular-okar-dubbelt-i-madrid-pablo-iglesias-lamnar-politiken\/"]}]},{"@type":"ImageObject","inLanguage":"sv-SE","@id":"https:\/\/lightweb.dev\/l\/svm-temp\/nyheter\/partido-popular-okar-dubbelt-i-madrid-pablo-iglesias-lamnar-politiken\/#primaryimage","url":"https:\/\/lightweb.dev\/l\/svm-temp\/wp-content\/uploads\/2022\/06\/partido-popular-okar-dubbelt-i-madrid-pablo-iglesias-lamnar-politiken.png","contentUrl":"https:\/\/lightweb.dev\/l\/svm-temp\/wp-content\/uploads\/2022\/06\/partido-popular-okar-dubbelt-i-madrid-pablo-iglesias-lamnar-politiken.png","width":500,"height":300},{"@type":"BreadcrumbList","@id":"https:\/\/lightweb.dev\/l\/svm-temp\/nyheter\/partido-popular-okar-dubbelt-i-madrid-pablo-iglesias-lamnar-politiken\/#breadcrumb","itemListElement":[{"@type":"ListItem","position":1,"name":"Hem","item":"https:\/\/lightweb.dev\/l\/svm-temp\/"},{"@type":"ListItem","position":2,"name":"Partido Popular \u00f6kar dubbelt i Madrid \u2013 Pablo Iglesias l\u00e4mnar politiken"}]},{"@type":"WebSite","@id":"https:\/\/lightweb.dev\/l\/svm-temp\/#website","url":"https:\/\/lightweb.dev\/l\/svm-temp\/","name":"Svenska Magasinet","description":"Dina Spanska nyheter p&aring; Svenska","publisher":{"@id":"https:\/\/lightweb.dev\/l\/svm-temp\/#organization"},"potentialAction":[{"@type":"SearchAction","target":{"@type":"EntryPoint","urlTemplate":"https:\/\/lightweb.dev\/l\/svm-temp\/?s={search_term_string}"},"query-input":{"@type":"PropertyValueSpecification","valueRequired":true,"valueName":"search_term_string"}}],"inLanguage":"sv-SE"},{"@type":"Organization","@id":"https:\/\/lightweb.dev\/l\/svm-temp\/#organization","name":"Melkerson y Nott SL","alternateName":"Svenska Magasinet","url":"https:\/\/lightweb.dev\/l\/svm-temp\/","logo":{"@type":"ImageObject","inLanguage":"sv-SE","@id":"https:\/\/lightweb.dev\/l\/svm-temp\/#\/schema\/logo\/image\/","url":"https:\/\/lightweb.dev\/l\/svm-temp\/wp-content\/uploads\/2025\/02\/SvM-logo-Xtra-Centrerad-SVART.png","contentUrl":"https:\/\/lightweb.dev\/l\/svm-temp\/wp-content\/uploads\/2025\/02\/SvM-logo-Xtra-Centrerad-SVART.png","width":300,"height":99,"caption":"Melkerson y Nott SL"},"image":{"@id":"https:\/\/lightweb.dev\/l\/svm-temp\/#\/schema\/logo\/image\/"},"sameAs":["https:\/\/www.facebook.com\/svenskamagasinet","https:\/\/x.com\/SvenskaMagasine"]},{"@type":"Person","@id":"https:\/\/lightweb.dev\/l\/svm-temp\/#\/schema\/person\/206a3bda5b607b0c25e1749191e4d837","name":"Redaktionen SvM","description":"Redaktionen","sameAs":["https:\/\/lightweb.dev\/l\/svm-temp"],"url":"https:\/\/lightweb.dev\/l\/svm-temp\/reporter\/redaktionen\/"}]}},"_links":{"self":[{"href":"https:\/\/lightweb.dev\/l\/svm-temp\/wp-json\/wp\/v2\/posts\/12223","targetHints":{"allow":["GET"]}}],"collection":[{"href":"https:\/\/lightweb.dev\/l\/svm-temp\/wp-json\/wp\/v2\/posts"}],"about":[{"href":"https:\/\/lightweb.dev\/l\/svm-temp\/wp-json\/wp\/v2\/types\/post"}],"author":[{"embeddable":true,"href":"https:\/\/lightweb.dev\/l\/svm-temp\/wp-json\/wp\/v2\/users\/8"}],"replies":[{"embeddable":true,"href":"https:\/\/lightweb.dev\/l\/svm-temp\/wp-json\/wp\/v2\/comments?post=12223"}],"version-history":[{"count":0,"href":"https:\/\/lightweb.dev\/l\/svm-temp\/wp-json\/wp\/v2\/posts\/12223\/revisions"}],"wp:featuredmedia":[{"embeddable":true,"href":"https:\/\/lightweb.dev\/l\/svm-temp\/wp-json\/wp\/v2\/media\/12224"}],"wp:attachment":[{"href":"https:\/\/lightweb.dev\/l\/svm-temp\/wp-json\/wp\/v2\/media?parent=12223"}],"wp:term":[{"taxonomy":"category","embeddable":true,"href":"https:\/\/lightweb.dev\/l\/svm-temp\/wp-json\/wp\/v2\/categories?post=12223"},{"taxonomy":"post_tag","embeddable":true,"href":"https:\/\/lightweb.dev\/l\/svm-temp\/wp-json\/wp\/v2\/tags?post=12223"}],"curies":[{"name":"wp","href":"https:\/\/api.w.org\/{rel}","templated":true}]}}