{"id":12227,"date":"2021-05-05T10:43:00","date_gmt":"2021-05-05T08:43:00","guid":{"rendered":"https:\/\/lightweb.dev\/l\/svm-temp\/nyheter\/ska-forsamlingen-krava-skadestand-mot-forra-kyrkoradet\/"},"modified":"2021-05-05T10:43:00","modified_gmt":"2021-05-05T08:43:00","slug":"ska-forsamlingen-krava-skadestand-mot-forra-kyrkoradet","status":"publish","type":"post","link":"https:\/\/lightweb.dev\/l\/svm-temp\/nyheter\/ska-forsamlingen-krava-skadestand-mot-forra-kyrkoradet\/","title":{"rendered":"Ska f\u00f6rsamlingen kr\u00e4va skadest\u00e5nd mot f\u00f6rra kyrkor\u00e5det?"},"content":{"rendered":"<p> Tidigare kyrkor\u00e5det vid Svenska kyrkans f\u00f6rsamling p\u00e5 Costa del Sol har blundat f\u00f6r allvarliga f\u00f6rsummelser och har gjort sig skyldiga till brott mot f\u00f6rsamlingens stadgar i flera fall. Det menar advokat G\u00f6ran Rise som granskat kyrkor\u00e5dets f\u00f6rvaltning f\u00f6r 2019 sedan SKUTS utredning presenterades i februari 2021.<br \/>\n &#8211; Jag har p\u00e5 uppdrag av vissa medlemmar i f\u00f6rsamlingen granskat kyrkor\u00e5dets f\u00f6rvaltning under 2019. Mitt uppdrag inneh\u00f6ll ocks\u00e5 att granska om Kyrkor\u00e5det f\u00f6ljt f\u00f6rsamlingens stadgar och i \u00f6vrigt g\u00e4llande lagar i verksamheten och s\u00e4rskilt medelsf\u00f6rvaltningen.<\/p>\n<p>G\u00f6ran Rise ber\u00e4ttar att han har uppr\u00e4ttat en s\u00e4rskild PM som han delgett de tv\u00e5 tidigare ordf\u00f6randen i kyrkor\u00e5det.<\/p>\n<p>&#8211; Ingen har kommenterat den. Jag har ocks\u00e5 delgett inneh\u00e5llet till st\u00e4mmans revisor och den externa revisorn som kyrkor\u00e5det anlitade inf\u00f6r \u00e5rsst\u00e4mman den 1 mars 2020 utan att f\u00e5 n\u00e5gon reaktion.<\/p>\n<p>Brott mot stadgarna<br \/>\nAdvokat G\u00f6ran Rise finner detta anm\u00e4rkningsv\u00e4rt d\u00e5 han i sin rapport pekar p\u00e5 flera allvarliga f\u00f6rsummelser av kyrkor\u00e5det som till och med gjort sig skyldigt till brott mot stadgarna i flera fall.<br \/>\n&#8211; Dessutom kan kyrkor\u00e5det, enligt min uppfattning, sk\u00e4ligen misst\u00e4nkas f\u00f6r ett flertal oegentligheter som ekonomiskt skadat f\u00f6rsamlingen.<\/p>\n<p>Han har i sin utredning redovisat vilka handlingar och dokument han bygger sina iakttagelser p\u00e5 och fr\u00e4mst p\u00e5 den opartiska utredning som Svenska kyrkan i Uppsala initierade och som blev klar i februari 2021.<br \/>\n&#8211; En brist i min utredning \u00e4r dock att jag inte haft tillg\u00e5ng till f\u00f6rsamlingens egna r\u00e4kenskaper f\u00f6r 2019. Det har emellertid funnits annat underlag som jag anser v\u00e4ger mycket tungt i mina slutsatser.<\/p>\n<p>Ansvarsfrihet 2019<br \/>\nG\u00f6ran Rise har s\u00e4rskilt granskat \u201dturerna\u201d runt st\u00e4mmans beviljade av ansvarsfrihet 2019 f\u00f6r kyrkor\u00e5det och funnit dessa utomordentligt anm\u00e4rkningsv\u00e4rda och uppenbarligen i strid mot stadgarna och i sak.<\/p>\n<p>&#8211; Min slutsats, som jag noggrant redovisar, visar att beslutet formellt \u00e4r ogiltigt.<br \/>\nDet vilar helt enkelt p\u00e5 felaktiga grunder, d\u00e5 st\u00e4mman hade att r\u00f6sta p\u00e5 en av kyrkor\u00e5det best\u00e4lld revisionsber\u00e4ttelse och st\u00e4mmans egen revisors ber\u00e4ttelse.<br \/>\nMed resultat att r\u00f6stningen utf\u00f6ll till f\u00f6rm\u00e5n f\u00f6r kyrkor\u00e5dets egen partsinlaga som tillstyrkte ansvarsfrihet i motsats till st\u00e4mmans egen revisor som avstyrkte ansvarsfrihet.<\/p>\n<p>Dessutom finns en m\u00e4ngd graverande uppgifter runt fr\u00e5gan om ansvarsfrihet f\u00f6r 2019 som visar att kyrkor\u00e5det inte alls skulle ha beviljats ansvarsfrihet vid en fri pr\u00f6vning vilket fyra medlemmar ocks\u00e5 tyckte i en egen reservation.<\/p>\n<p>Av det material som G\u00f6ran Rise haft tillg\u00e5ng till finns bland annat en e-post som den externa partsrevisorn skickade till vissa medlemmar av kyrkor\u00e5det samma dag som han ans\u00e5g sig kunna tillstyrka ansvarsfrihet.<\/p>\n<p>I e-posten som Svenska Magasinet tidigare har h\u00e4nvisat till p\u00e5talas fler synnerligen allvarliga anm\u00e4rkningar bland annat p\u00e5 den l\u00f6pande bokf\u00f6ringen, kontanthantering s\u00e5som av kollekten och i caf\u00e9verksamheten och avsaknad av verifikationer. Dessutom att caf\u00e9verksamheten bedrivits olagligt genom att F\u00f6rsamlingen undanh\u00e5llit sin skyldighet att redovisa merv\u00e4rdeskatt.<\/p>\n<p>&#8211; F\u00f6rfarandet av kyrkor\u00e5det vid st\u00e4mman den 1 mars 2020 kan enligt min mening j\u00e4mst\u00e4llas med trol\u00f6shet mot huvudman mot medlemmarna genom att inte \u00f6ppet redovisa den egna revisorns anm\u00e4rkningar, oavsett att han m\u00e4rkligt nog med dessa som bakgrund tillstyrkte ansvarsfrihet och dessutom st\u00e4lla proposition till st\u00e4mman att r\u00f6sta dels p\u00e5 sin egen revisor och dels p\u00e5 st\u00e4mmans revisor, menar G\u00f6ran Rise.<\/p>\n<p>Ensam firmatecknare<br \/>\nKyrkor\u00e5det har ocks\u00e5 grovt \u00e5sidosatt stadgarna genom att den 17 februari 2019 utse kyrkoherden som ensam firmatecknare och ensam handha f\u00f6rsamlingens medelsf\u00f6rvaltning i strid mot att teckningsr\u00e4tt ska vara av tv\u00e5 medlemmar av kyrkor\u00e5det i f\u00f6rening.<\/p>\n<p>Kyrkor\u00e5det har inte heller haft n\u00e5gon kontroll p\u00e5 medelsf\u00f6rvaltningen under \u00e5ret d\u00e5 den l\u00f6pande bokf\u00f6ringen missk\u00f6tts och i m\u00e5nga fall saknat verifikationer.<\/p>\n<p>&#8211; S\u00e4rskilt anm\u00e4rkningsv\u00e4rt \u00e4r alla de utbetalningar som skett till kyrkoherden och hans hustru som \u00e4ven f\u00e5tt en utbildning till terapeut betald av f\u00f6rsamlingen och deras bilf\u00f6rm\u00e5ner under fem \u00e5r genom k\u00f6p av tv\u00e5 personbilar 2015.<\/p>\n<p>&#8211; Kyrkor\u00e5dets ageranden v\u00e4cker utan tvekan fr\u00e5gan om skadest\u00e5nd till f\u00f6rsamlingen genom sin uppenbara nonchalans att ta ansvar f\u00f6r medelsf\u00f6rvaltningen och genom att betala personliga  kostnader f\u00f6r kyrkoherdeparet och dessutom, s\u00e5vitt jag kan f\u00f6rst\u00e5, utan att betala social avgifter och redovisa f\u00f6rm\u00e5nerna f\u00f6r beskattning i Spanien.<\/p>\n<p>G\u00f6ran Rise ifr\u00e5gas\u00e4tter om dessa utgifter kan anse vara i enlighet med  stadgarna om kyrklig verksamhet d\u00e5 \u201dinkomster som medlemsavgifter, g\u00e5vor och andra bidrag endast f\u00e5r anv\u00e4ndas till st\u00f6d det kyrkliga arbetet\u201d.<\/p>\n<p>F\u00f6rluster<br \/>\nVerksamheten under 2019 gick med betydande f\u00f6rluster enligt kyrkor\u00e5dets partrevisor med 44.000 euro och som dessutom plussades p\u00e5 av den rapport som SKUT best\u00e4llt av Grant Thornton med en kassa av 74.642 euro per den 31 december 2019, som uppenbarligen inte fanns, och med denna icke existerande kassa med en f\u00f6rlust p\u00e5 28.232 euro. F\u00f6rlusten 2019 var d\u00e4rf\u00f6r minst 74.642 + 28.232 sammantaget 102.874 euro, enligt G\u00f6ran Rise.<\/p>\n<p>&#8211; Min fr\u00e5ga \u00e4r var finns pengarna? Ansvar f\u00f6r var dessa finns har kyrkor\u00e5det mot f\u00f6rsamlingen och kan man inte redovisa detta trov\u00e4rdigt \u00e4r kyrkor\u00e5dets medlemmar allts\u00e5 gemensamt skadest\u00e5ndsskyldiga mot f\u00f6rsamlingen.<\/p>\n<p>Huruvida medlemmarna i kyrkor\u00e5det ocks\u00e5 gjort sig skyldiga till brott b\u00f6r st\u00e4llas under pr\u00f6vning av domstol och n\u00e4rmast f\u00f6r sk\u00e4liga misstankar f\u00f6r grovt skattebrott, grovt bokf\u00f6ringsbrott och grov trol\u00f6shet mot huvudman, menar advokat G\u00f6ran Rise.<\/p>\n<p>Mot bakgrund av att medlemmarna uppenbarligen medvetet saknat kontroll p\u00e5 s\u00e5v\u00e4l redovisningen av caf\u00e9verksamheten och andra evenemang samt kollekten b\u00f6r fr\u00e5ga om ansvar f\u00f6r f\u00f6rskingring av f\u00f6rsamlingens medel ocks\u00e5 utredas och pr\u00f6vas.<\/p>\n<p>Ny genomlysning<br \/>\nOm kyrkor\u00e5det anser att n\u00e5gon av medlemmarna s\u00e4rskilt \u00e4r ansvarig f\u00f6r medelsf\u00f6rvaltningen och att hen har s\u00e4rskilt ansvar \u00e5ligger det kyrkor\u00e5det att anm\u00e4la dessa f\u00f6rh\u00e5llanden f\u00f6r en f\u00f6runders\u00f6kning om brott.<br \/>\nDenna skyldighet har ocks\u00e5 medlemmarna enskilt i f\u00f6rsamlingen.<\/p>\n<p>G\u00f6ran Rise menar att sammantaget kan dessa angivna f\u00f6rluster inte f\u00f6rklaras utan en ny och noggrann genomlysning av verksamheten under 2015\u20132019.<\/p>\n<p>&#8211; I min rapport liksom i Grant Thorntons har vi inte haft till g\u00e5ng till \u00e5rsredovisningen f\u00f6r 2018 eller tidigare. M\u00f6jligen skulle dessa kunna bidra till f\u00f6rklaring av vad pengarna tagit v\u00e4gen \u00e4ven med h\u00e4nsyn till att kyrkor\u00e5det kan ha l\u00e4mnat kontantbidrag till beh\u00f6vande, s\u00e4ger G\u00f6ran Rise avslutningsvis.<\/p>\n<p>Fotnot. Mikael Perman som var ordf\u00f6rande i kyrkor\u00e5det under n\u00e5gra m\u00e5nader 2021 avslutade sitt uppdrag nyligen. Den 1 maj tog Cecilia Adolfsson \u00f6ver.<\/p>\n<p>Tidigare artiklar i \u00e4mnet:<br \/>\nRevisionsrapporten som kyrkor\u00e5det ska ta st\u00e4llning till<br \/>\nSvenska kyrkan ska synkroniseras med regelverket<br \/>\nOmfattande brister i f\u00f6rsamlingens r\u00e4kenskaper<\/p>\n","protected":false},"excerpt":{"rendered":"<p>Tidigare kyrkor\u00e5det vid Svenska kyrkans f\u00f6rsamling p\u00e5 Costa del Sol har blundat f\u00f6r allvarliga f\u00f6rsummelser och har gjort sig skyldiga till brott mot f\u00f6rsamlingens stadgar i flera fall. Det menar advokat G\u00f6ran Rise som granskat kyrkor\u00e5dets f\u00f6rvaltning f\u00f6r 2019 sedan SKUTS utredning presenterades i februari 2021. &#8211; Jag har p\u00e5 uppdrag av vissa medlemmar i [&hellip;]<\/p>\n","protected":false},"author":8,"featured_media":12228,"comment_status":"open","ping_status":"open","sticky":false,"template":"","format":"standard","meta":{"_et_pb_use_builder":"","_et_pb_old_content":"","_et_gb_content_width":"","footnotes":""},"categories":[395,3],"tags":[],"class_list":["post-12227","post","type-post","status-publish","format-standard","has-post-thumbnail","hentry","category-arkiv-nyheter","category-nyheter"],"yoast_head":"<!-- This site is optimized with the Yoast SEO Premium plugin v26.2 (Yoast SEO v27.4) - https:\/\/yoast.com\/product\/yoast-seo-premium-wordpress\/ -->\n<title>Ska f\u00f6rsamlingen kr\u00e4va skadest\u00e5nd mot f\u00f6rra kyrkor\u00e5det? - Svenska Magasinet<\/title>\n<meta name=\"robots\" content=\"noindex, follow, max-snippet:-1, max-image-preview:large, max-video-preview:-1\" \/>\n<meta property=\"og:locale\" content=\"sv_SE\" \/>\n<meta property=\"og:type\" content=\"article\" \/>\n<meta property=\"og:title\" content=\"Ska f\u00f6rsamlingen kr\u00e4va skadest\u00e5nd mot f\u00f6rra kyrkor\u00e5det?\" \/>\n<meta property=\"og:description\" content=\"Tidigare kyrkor\u00e5det vid Svenska kyrkans f\u00f6rsamling p\u00e5 Costa del Sol har blundat f\u00f6r allvarliga f\u00f6rsummelser och har gjort sig skyldiga till brott mot f\u00f6rsamlingens stadgar i flera fall. Det menar advokat G\u00f6ran Rise som granskat kyrkor\u00e5dets f\u00f6rvaltning f\u00f6r 2019 sedan SKUTS utredning presenterades i februari 2021. &#8211; Jag har p\u00e5 uppdrag av vissa medlemmar i [&hellip;]\" \/>\n<meta property=\"og:url\" content=\"https:\/\/lightweb.dev\/l\/svm-temp\/nyheter\/ska-forsamlingen-krava-skadestand-mot-forra-kyrkoradet\/\" \/>\n<meta property=\"og:site_name\" content=\"Svenska Magasinet\" \/>\n<meta property=\"article:publisher\" content=\"https:\/\/www.facebook.com\/svenskamagasinet\" \/>\n<meta property=\"article:published_time\" content=\"2021-05-05T08:43:00+00:00\" \/>\n<meta property=\"og:image\" content=\"https:\/\/lightweb.dev\/l\/svm-temp\/wp-content\/uploads\/2022\/06\/ska-forsamlingen-krava-skadestand-mot-forra-kyrkoradet.png\" \/>\n\t<meta property=\"og:image:width\" content=\"500\" \/>\n\t<meta property=\"og:image:height\" content=\"300\" \/>\n\t<meta property=\"og:image:type\" content=\"image\/png\" \/>\n<meta name=\"author\" content=\"Redaktionen SvM\" \/>\n<meta name=\"twitter:card\" content=\"summary_large_image\" \/>\n<meta name=\"twitter:creator\" content=\"@SvenskaMagasine\" \/>\n<meta name=\"twitter:site\" content=\"@SvenskaMagasine\" \/>\n<script type=\"application\/ld+json\" class=\"yoast-schema-graph\">{\"@context\":\"https:\\\/\\\/schema.org\",\"@graph\":[{\"@type\":\"Article\",\"@id\":\"https:\\\/\\\/lightweb.dev\\\/l\\\/svm-temp\\\/nyheter\\\/ska-forsamlingen-krava-skadestand-mot-forra-kyrkoradet\\\/#article\",\"isPartOf\":{\"@id\":\"https:\\\/\\\/lightweb.dev\\\/l\\\/svm-temp\\\/nyheter\\\/ska-forsamlingen-krava-skadestand-mot-forra-kyrkoradet\\\/\"},\"author\":{\"name\":\"Redaktionen SvM\",\"@id\":\"https:\\\/\\\/lightweb.dev\\\/l\\\/svm-temp\\\/#\\\/schema\\\/person\\\/206a3bda5b607b0c25e1749191e4d837\"},\"headline\":\"Ska f\u00f6rsamlingen kr\u00e4va skadest\u00e5nd mot f\u00f6rra kyrkor\u00e5det?\",\"datePublished\":\"2021-05-05T08:43:00+00:00\",\"mainEntityOfPage\":{\"@id\":\"https:\\\/\\\/lightweb.dev\\\/l\\\/svm-temp\\\/nyheter\\\/ska-forsamlingen-krava-skadestand-mot-forra-kyrkoradet\\\/\"},\"wordCount\":1208,\"commentCount\":0,\"publisher\":{\"@id\":\"https:\\\/\\\/lightweb.dev\\\/l\\\/svm-temp\\\/#organization\"},\"image\":{\"@id\":\"https:\\\/\\\/lightweb.dev\\\/l\\\/svm-temp\\\/nyheter\\\/ska-forsamlingen-krava-skadestand-mot-forra-kyrkoradet\\\/#primaryimage\"},\"thumbnailUrl\":\"https:\\\/\\\/lightweb.dev\\\/l\\\/svm-temp\\\/wp-content\\\/uploads\\\/2022\\\/06\\\/ska-forsamlingen-krava-skadestand-mot-forra-kyrkoradet.png\",\"articleSection\":[\"Arkiv\",\"Nyheter\"],\"inLanguage\":\"sv-SE\"},{\"@type\":\"WebPage\",\"@id\":\"https:\\\/\\\/lightweb.dev\\\/l\\\/svm-temp\\\/nyheter\\\/ska-forsamlingen-krava-skadestand-mot-forra-kyrkoradet\\\/\",\"url\":\"https:\\\/\\\/lightweb.dev\\\/l\\\/svm-temp\\\/nyheter\\\/ska-forsamlingen-krava-skadestand-mot-forra-kyrkoradet\\\/\",\"name\":\"Ska f\u00f6rsamlingen kr\u00e4va skadest\u00e5nd mot f\u00f6rra kyrkor\u00e5det? - Svenska Magasinet\",\"isPartOf\":{\"@id\":\"https:\\\/\\\/lightweb.dev\\\/l\\\/svm-temp\\\/#website\"},\"primaryImageOfPage\":{\"@id\":\"https:\\\/\\\/lightweb.dev\\\/l\\\/svm-temp\\\/nyheter\\\/ska-forsamlingen-krava-skadestand-mot-forra-kyrkoradet\\\/#primaryimage\"},\"image\":{\"@id\":\"https:\\\/\\\/lightweb.dev\\\/l\\\/svm-temp\\\/nyheter\\\/ska-forsamlingen-krava-skadestand-mot-forra-kyrkoradet\\\/#primaryimage\"},\"thumbnailUrl\":\"https:\\\/\\\/lightweb.dev\\\/l\\\/svm-temp\\\/wp-content\\\/uploads\\\/2022\\\/06\\\/ska-forsamlingen-krava-skadestand-mot-forra-kyrkoradet.png\",\"datePublished\":\"2021-05-05T08:43:00+00:00\",\"breadcrumb\":{\"@id\":\"https:\\\/\\\/lightweb.dev\\\/l\\\/svm-temp\\\/nyheter\\\/ska-forsamlingen-krava-skadestand-mot-forra-kyrkoradet\\\/#breadcrumb\"},\"inLanguage\":\"sv-SE\",\"potentialAction\":[{\"@type\":\"ReadAction\",\"target\":[\"https:\\\/\\\/lightweb.dev\\\/l\\\/svm-temp\\\/nyheter\\\/ska-forsamlingen-krava-skadestand-mot-forra-kyrkoradet\\\/\"]}]},{\"@type\":\"ImageObject\",\"inLanguage\":\"sv-SE\",\"@id\":\"https:\\\/\\\/lightweb.dev\\\/l\\\/svm-temp\\\/nyheter\\\/ska-forsamlingen-krava-skadestand-mot-forra-kyrkoradet\\\/#primaryimage\",\"url\":\"https:\\\/\\\/lightweb.dev\\\/l\\\/svm-temp\\\/wp-content\\\/uploads\\\/2022\\\/06\\\/ska-forsamlingen-krava-skadestand-mot-forra-kyrkoradet.png\",\"contentUrl\":\"https:\\\/\\\/lightweb.dev\\\/l\\\/svm-temp\\\/wp-content\\\/uploads\\\/2022\\\/06\\\/ska-forsamlingen-krava-skadestand-mot-forra-kyrkoradet.png\",\"width\":500,\"height\":300},{\"@type\":\"BreadcrumbList\",\"@id\":\"https:\\\/\\\/lightweb.dev\\\/l\\\/svm-temp\\\/nyheter\\\/ska-forsamlingen-krava-skadestand-mot-forra-kyrkoradet\\\/#breadcrumb\",\"itemListElement\":[{\"@type\":\"ListItem\",\"position\":1,\"name\":\"Hem\",\"item\":\"https:\\\/\\\/lightweb.dev\\\/l\\\/svm-temp\\\/\"},{\"@type\":\"ListItem\",\"position\":2,\"name\":\"Ska f\u00f6rsamlingen kr\u00e4va skadest\u00e5nd mot f\u00f6rra kyrkor\u00e5det?\"}]},{\"@type\":\"WebSite\",\"@id\":\"https:\\\/\\\/lightweb.dev\\\/l\\\/svm-temp\\\/#website\",\"url\":\"https:\\\/\\\/lightweb.dev\\\/l\\\/svm-temp\\\/\",\"name\":\"Svenska Magasinet\",\"description\":\"Dina Spanska nyheter p&aring; Svenska\",\"publisher\":{\"@id\":\"https:\\\/\\\/lightweb.dev\\\/l\\\/svm-temp\\\/#organization\"},\"potentialAction\":[{\"@type\":\"SearchAction\",\"target\":{\"@type\":\"EntryPoint\",\"urlTemplate\":\"https:\\\/\\\/lightweb.dev\\\/l\\\/svm-temp\\\/?s={search_term_string}\"},\"query-input\":{\"@type\":\"PropertyValueSpecification\",\"valueRequired\":true,\"valueName\":\"search_term_string\"}}],\"inLanguage\":\"sv-SE\"},{\"@type\":\"Organization\",\"@id\":\"https:\\\/\\\/lightweb.dev\\\/l\\\/svm-temp\\\/#organization\",\"name\":\"Melkerson y Nott SL\",\"alternateName\":\"Svenska Magasinet\",\"url\":\"https:\\\/\\\/lightweb.dev\\\/l\\\/svm-temp\\\/\",\"logo\":{\"@type\":\"ImageObject\",\"inLanguage\":\"sv-SE\",\"@id\":\"https:\\\/\\\/lightweb.dev\\\/l\\\/svm-temp\\\/#\\\/schema\\\/logo\\\/image\\\/\",\"url\":\"https:\\\/\\\/lightweb.dev\\\/l\\\/svm-temp\\\/wp-content\\\/uploads\\\/2025\\\/02\\\/SvM-logo-Xtra-Centrerad-SVART.png\",\"contentUrl\":\"https:\\\/\\\/lightweb.dev\\\/l\\\/svm-temp\\\/wp-content\\\/uploads\\\/2025\\\/02\\\/SvM-logo-Xtra-Centrerad-SVART.png\",\"width\":300,\"height\":99,\"caption\":\"Melkerson y Nott SL\"},\"image\":{\"@id\":\"https:\\\/\\\/lightweb.dev\\\/l\\\/svm-temp\\\/#\\\/schema\\\/logo\\\/image\\\/\"},\"sameAs\":[\"https:\\\/\\\/www.facebook.com\\\/svenskamagasinet\",\"https:\\\/\\\/x.com\\\/SvenskaMagasine\"]},{\"@type\":\"Person\",\"@id\":\"https:\\\/\\\/lightweb.dev\\\/l\\\/svm-temp\\\/#\\\/schema\\\/person\\\/206a3bda5b607b0c25e1749191e4d837\",\"name\":\"Redaktionen SvM\",\"description\":\"Redaktionen\",\"sameAs\":[\"https:\\\/\\\/lightweb.dev\\\/l\\\/svm-temp\"],\"url\":\"https:\\\/\\\/lightweb.dev\\\/l\\\/svm-temp\\\/reporter\\\/redaktionen\\\/\"}]}<\/script>\n<!-- \/ Yoast SEO Premium plugin. -->","yoast_head_json":{"title":"Ska f\u00f6rsamlingen kr\u00e4va skadest\u00e5nd mot f\u00f6rra kyrkor\u00e5det? - Svenska Magasinet","robots":{"index":"noindex","follow":"follow","max-snippet":"max-snippet:-1","max-image-preview":"max-image-preview:large","max-video-preview":"max-video-preview:-1"},"og_locale":"sv_SE","og_type":"article","og_title":"Ska f\u00f6rsamlingen kr\u00e4va skadest\u00e5nd mot f\u00f6rra kyrkor\u00e5det?","og_description":"Tidigare kyrkor\u00e5det vid Svenska kyrkans f\u00f6rsamling p\u00e5 Costa del Sol har blundat f\u00f6r allvarliga f\u00f6rsummelser och har gjort sig skyldiga till brott mot f\u00f6rsamlingens stadgar i flera fall. Det menar advokat G\u00f6ran Rise som granskat kyrkor\u00e5dets f\u00f6rvaltning f\u00f6r 2019 sedan SKUTS utredning presenterades i februari 2021. &#8211; Jag har p\u00e5 uppdrag av vissa medlemmar i [&hellip;]","og_url":"https:\/\/lightweb.dev\/l\/svm-temp\/nyheter\/ska-forsamlingen-krava-skadestand-mot-forra-kyrkoradet\/","og_site_name":"Svenska Magasinet","article_publisher":"https:\/\/www.facebook.com\/svenskamagasinet","article_published_time":"2021-05-05T08:43:00+00:00","og_image":[{"width":500,"height":300,"url":"https:\/\/lightweb.dev\/l\/svm-temp\/wp-content\/uploads\/2022\/06\/ska-forsamlingen-krava-skadestand-mot-forra-kyrkoradet.png","type":"image\/png"}],"author":"Redaktionen SvM","twitter_card":"summary_large_image","twitter_creator":"@SvenskaMagasine","twitter_site":"@SvenskaMagasine","schema":{"@context":"https:\/\/schema.org","@graph":[{"@type":"Article","@id":"https:\/\/lightweb.dev\/l\/svm-temp\/nyheter\/ska-forsamlingen-krava-skadestand-mot-forra-kyrkoradet\/#article","isPartOf":{"@id":"https:\/\/lightweb.dev\/l\/svm-temp\/nyheter\/ska-forsamlingen-krava-skadestand-mot-forra-kyrkoradet\/"},"author":{"name":"Redaktionen SvM","@id":"https:\/\/lightweb.dev\/l\/svm-temp\/#\/schema\/person\/206a3bda5b607b0c25e1749191e4d837"},"headline":"Ska f\u00f6rsamlingen kr\u00e4va skadest\u00e5nd mot f\u00f6rra kyrkor\u00e5det?","datePublished":"2021-05-05T08:43:00+00:00","mainEntityOfPage":{"@id":"https:\/\/lightweb.dev\/l\/svm-temp\/nyheter\/ska-forsamlingen-krava-skadestand-mot-forra-kyrkoradet\/"},"wordCount":1208,"commentCount":0,"publisher":{"@id":"https:\/\/lightweb.dev\/l\/svm-temp\/#organization"},"image":{"@id":"https:\/\/lightweb.dev\/l\/svm-temp\/nyheter\/ska-forsamlingen-krava-skadestand-mot-forra-kyrkoradet\/#primaryimage"},"thumbnailUrl":"https:\/\/lightweb.dev\/l\/svm-temp\/wp-content\/uploads\/2022\/06\/ska-forsamlingen-krava-skadestand-mot-forra-kyrkoradet.png","articleSection":["Arkiv","Nyheter"],"inLanguage":"sv-SE"},{"@type":"WebPage","@id":"https:\/\/lightweb.dev\/l\/svm-temp\/nyheter\/ska-forsamlingen-krava-skadestand-mot-forra-kyrkoradet\/","url":"https:\/\/lightweb.dev\/l\/svm-temp\/nyheter\/ska-forsamlingen-krava-skadestand-mot-forra-kyrkoradet\/","name":"Ska f\u00f6rsamlingen kr\u00e4va skadest\u00e5nd mot f\u00f6rra kyrkor\u00e5det? - Svenska Magasinet","isPartOf":{"@id":"https:\/\/lightweb.dev\/l\/svm-temp\/#website"},"primaryImageOfPage":{"@id":"https:\/\/lightweb.dev\/l\/svm-temp\/nyheter\/ska-forsamlingen-krava-skadestand-mot-forra-kyrkoradet\/#primaryimage"},"image":{"@id":"https:\/\/lightweb.dev\/l\/svm-temp\/nyheter\/ska-forsamlingen-krava-skadestand-mot-forra-kyrkoradet\/#primaryimage"},"thumbnailUrl":"https:\/\/lightweb.dev\/l\/svm-temp\/wp-content\/uploads\/2022\/06\/ska-forsamlingen-krava-skadestand-mot-forra-kyrkoradet.png","datePublished":"2021-05-05T08:43:00+00:00","breadcrumb":{"@id":"https:\/\/lightweb.dev\/l\/svm-temp\/nyheter\/ska-forsamlingen-krava-skadestand-mot-forra-kyrkoradet\/#breadcrumb"},"inLanguage":"sv-SE","potentialAction":[{"@type":"ReadAction","target":["https:\/\/lightweb.dev\/l\/svm-temp\/nyheter\/ska-forsamlingen-krava-skadestand-mot-forra-kyrkoradet\/"]}]},{"@type":"ImageObject","inLanguage":"sv-SE","@id":"https:\/\/lightweb.dev\/l\/svm-temp\/nyheter\/ska-forsamlingen-krava-skadestand-mot-forra-kyrkoradet\/#primaryimage","url":"https:\/\/lightweb.dev\/l\/svm-temp\/wp-content\/uploads\/2022\/06\/ska-forsamlingen-krava-skadestand-mot-forra-kyrkoradet.png","contentUrl":"https:\/\/lightweb.dev\/l\/svm-temp\/wp-content\/uploads\/2022\/06\/ska-forsamlingen-krava-skadestand-mot-forra-kyrkoradet.png","width":500,"height":300},{"@type":"BreadcrumbList","@id":"https:\/\/lightweb.dev\/l\/svm-temp\/nyheter\/ska-forsamlingen-krava-skadestand-mot-forra-kyrkoradet\/#breadcrumb","itemListElement":[{"@type":"ListItem","position":1,"name":"Hem","item":"https:\/\/lightweb.dev\/l\/svm-temp\/"},{"@type":"ListItem","position":2,"name":"Ska f\u00f6rsamlingen kr\u00e4va skadest\u00e5nd mot f\u00f6rra kyrkor\u00e5det?"}]},{"@type":"WebSite","@id":"https:\/\/lightweb.dev\/l\/svm-temp\/#website","url":"https:\/\/lightweb.dev\/l\/svm-temp\/","name":"Svenska Magasinet","description":"Dina Spanska nyheter p&aring; Svenska","publisher":{"@id":"https:\/\/lightweb.dev\/l\/svm-temp\/#organization"},"potentialAction":[{"@type":"SearchAction","target":{"@type":"EntryPoint","urlTemplate":"https:\/\/lightweb.dev\/l\/svm-temp\/?s={search_term_string}"},"query-input":{"@type":"PropertyValueSpecification","valueRequired":true,"valueName":"search_term_string"}}],"inLanguage":"sv-SE"},{"@type":"Organization","@id":"https:\/\/lightweb.dev\/l\/svm-temp\/#organization","name":"Melkerson y Nott SL","alternateName":"Svenska Magasinet","url":"https:\/\/lightweb.dev\/l\/svm-temp\/","logo":{"@type":"ImageObject","inLanguage":"sv-SE","@id":"https:\/\/lightweb.dev\/l\/svm-temp\/#\/schema\/logo\/image\/","url":"https:\/\/lightweb.dev\/l\/svm-temp\/wp-content\/uploads\/2025\/02\/SvM-logo-Xtra-Centrerad-SVART.png","contentUrl":"https:\/\/lightweb.dev\/l\/svm-temp\/wp-content\/uploads\/2025\/02\/SvM-logo-Xtra-Centrerad-SVART.png","width":300,"height":99,"caption":"Melkerson y Nott SL"},"image":{"@id":"https:\/\/lightweb.dev\/l\/svm-temp\/#\/schema\/logo\/image\/"},"sameAs":["https:\/\/www.facebook.com\/svenskamagasinet","https:\/\/x.com\/SvenskaMagasine"]},{"@type":"Person","@id":"https:\/\/lightweb.dev\/l\/svm-temp\/#\/schema\/person\/206a3bda5b607b0c25e1749191e4d837","name":"Redaktionen SvM","description":"Redaktionen","sameAs":["https:\/\/lightweb.dev\/l\/svm-temp"],"url":"https:\/\/lightweb.dev\/l\/svm-temp\/reporter\/redaktionen\/"}]}},"_links":{"self":[{"href":"https:\/\/lightweb.dev\/l\/svm-temp\/wp-json\/wp\/v2\/posts\/12227","targetHints":{"allow":["GET"]}}],"collection":[{"href":"https:\/\/lightweb.dev\/l\/svm-temp\/wp-json\/wp\/v2\/posts"}],"about":[{"href":"https:\/\/lightweb.dev\/l\/svm-temp\/wp-json\/wp\/v2\/types\/post"}],"author":[{"embeddable":true,"href":"https:\/\/lightweb.dev\/l\/svm-temp\/wp-json\/wp\/v2\/users\/8"}],"replies":[{"embeddable":true,"href":"https:\/\/lightweb.dev\/l\/svm-temp\/wp-json\/wp\/v2\/comments?post=12227"}],"version-history":[{"count":0,"href":"https:\/\/lightweb.dev\/l\/svm-temp\/wp-json\/wp\/v2\/posts\/12227\/revisions"}],"wp:featuredmedia":[{"embeddable":true,"href":"https:\/\/lightweb.dev\/l\/svm-temp\/wp-json\/wp\/v2\/media\/12228"}],"wp:attachment":[{"href":"https:\/\/lightweb.dev\/l\/svm-temp\/wp-json\/wp\/v2\/media?parent=12227"}],"wp:term":[{"taxonomy":"category","embeddable":true,"href":"https:\/\/lightweb.dev\/l\/svm-temp\/wp-json\/wp\/v2\/categories?post=12227"},{"taxonomy":"post_tag","embeddable":true,"href":"https:\/\/lightweb.dev\/l\/svm-temp\/wp-json\/wp\/v2\/tags?post=12227"}],"curies":[{"name":"wp","href":"https:\/\/api.w.org\/{rel}","templated":true}]}}