{"id":12229,"date":"2021-05-05T15:19:00","date_gmt":"2021-05-05T13:19:00","guid":{"rendered":"https:\/\/lightweb.dev\/l\/svm-temp\/nyheter\/personer-mellan-57-till-59-ar-kan-boka-tid-for-vaccin\/"},"modified":"2021-05-05T15:19:00","modified_gmt":"2021-05-05T13:19:00","slug":"personer-mellan-57-till-59-ar-kan-boka-tid-for-vaccin","status":"publish","type":"post","link":"https:\/\/lightweb.dev\/l\/svm-temp\/nyheter\/personer-mellan-57-till-59-ar-kan-boka-tid-for-vaccin\/","title":{"rendered":"Personer mellan 57 till 59 \u00e5r kan boka tid f\u00f6r vaccin"},"content":{"rendered":"<p> Den regionala andalusiska Folkh\u00e4lsov\u00e5rden Consejer\u00eda de Salud y Familias meddelar att de som \u00e4r f\u00f6dda 1962, 1963 och 1964 kan fr\u00e5n idag onsdag boka in sig f\u00f6r att f\u00e5 den f\u00f6rsta vaccindosen. Det g\u00e4ller personer som \u00e4r 59, 58 och 57 \u00e5r. N\u00e4r det sedan \u00e4r dags att bli vaccinerad blir du kontaktad.<br \/>\n Bokningen kan g\u00f6ras via webbplatsen ClicSalud+, applikationen Salud Responde och hos Salud Responde p\u00e5 telefon 955 545 060.<\/p>\n<p>Personer som \u00e4r i de aktuella \u00e5ldersgrupperna och som \u00e4r registrerade i databasen vid Sistema Sanitario P\u00fablico de Andaluc\u00eda kan boka sig f\u00f6r vaccin. Det g\u00e4ller oavsett om personen \u00e4r inskriven i det offentliga sjukf\u00f6rs\u00e4kringssystemet eller har en privat sjukf\u00f6rs\u00e4kring.<\/p>\n<p>Personer som \u00e4nnu inte \u00e4r vaccinerade mot Covid-19 och som ing\u00e5r i riskgrupperna ska inte boka tid via dessa kanaler. Den gruppen blir kallad via telefon f\u00f6r att vaccineras p\u00e5 sjukhuset. Personer med Downs syndrom som \u00e4r 40 \u00e5r eller \u00e4ldre kallas fr\u00e5n prim\u00e4rv\u00e5rden.<\/p>\n<p>Flera regioner i Spanien har b\u00f6rjat vaccinera personer under 60 \u00e5r med den f\u00f6rsta dosen (dock inte AstraZeneca). Det g\u00e4ller bland annat Aragonien och Navarra som har bett inv\u00e5narna att boka tid.<\/p>\n<p>Katalonien, Balearerna och Baskien planerar att g\u00f6ra det fr\u00e5n n\u00e4sta vecka.<\/p>\n<p>Personer fr\u00e5n 68 \u00e5r uppmanas boka tid f\u00f6r vaccin<\/p>\n<p>I juni inleds vaccineringen av gruppen 45 \u00e5r och \u00e4ldre<\/p>\n","protected":false},"excerpt":{"rendered":"<p>Den regionala andalusiska Folkh\u00e4lsov\u00e5rden Consejer\u00eda de Salud y Familias meddelar att de som \u00e4r f\u00f6dda 1962, 1963 och 1964 kan fr\u00e5n idag onsdag boka in sig f\u00f6r att f\u00e5 den f\u00f6rsta vaccindosen. Det g\u00e4ller personer som \u00e4r 59, 58 och 57 \u00e5r. N\u00e4r det sedan \u00e4r dags att bli vaccinerad blir du kontaktad. Bokningen kan [&hellip;]<\/p>\n","protected":false},"author":8,"featured_media":12230,"comment_status":"open","ping_status":"open","sticky":false,"template":"","format":"standard","meta":{"_et_pb_use_builder":"","_et_pb_old_content":"","_et_gb_content_width":"","footnotes":""},"categories":[395,3],"tags":[],"class_list":["post-12229","post","type-post","status-publish","format-standard","has-post-thumbnail","hentry","category-arkiv-nyheter","category-nyheter"],"yoast_head":"<!-- This site is optimized with the Yoast SEO Premium plugin v26.2 (Yoast SEO v27.4) - https:\/\/yoast.com\/product\/yoast-seo-premium-wordpress\/ -->\n<title>Personer mellan 57 till 59 \u00e5r kan boka tid f\u00f6r vaccin - Svenska Magasinet<\/title>\n<meta name=\"robots\" content=\"noindex, follow, max-snippet:-1, max-image-preview:large, max-video-preview:-1\" \/>\n<meta property=\"og:locale\" content=\"sv_SE\" \/>\n<meta property=\"og:type\" content=\"article\" \/>\n<meta property=\"og:title\" content=\"Personer mellan 57 till 59 \u00e5r kan boka tid f\u00f6r vaccin\" \/>\n<meta property=\"og:description\" content=\"Den regionala andalusiska Folkh\u00e4lsov\u00e5rden Consejer\u00eda de Salud y Familias meddelar att de som \u00e4r f\u00f6dda 1962, 1963 och 1964 kan fr\u00e5n idag onsdag boka in sig f\u00f6r att f\u00e5 den f\u00f6rsta vaccindosen. Det g\u00e4ller personer som \u00e4r 59, 58 och 57 \u00e5r. N\u00e4r det sedan \u00e4r dags att bli vaccinerad blir du kontaktad. Bokningen kan [&hellip;]\" \/>\n<meta property=\"og:url\" content=\"https:\/\/lightweb.dev\/l\/svm-temp\/nyheter\/personer-mellan-57-till-59-ar-kan-boka-tid-for-vaccin\/\" \/>\n<meta property=\"og:site_name\" content=\"Svenska Magasinet\" \/>\n<meta property=\"article:publisher\" content=\"https:\/\/www.facebook.com\/svenskamagasinet\" \/>\n<meta property=\"article:published_time\" content=\"2021-05-05T13:19:00+00:00\" \/>\n<meta property=\"og:image\" content=\"https:\/\/lightweb.dev\/l\/svm-temp\/wp-content\/uploads\/2022\/06\/personer-mellan-57-till-59-ar-kan-boka-tid-for-vaccin.png\" \/>\n\t<meta property=\"og:image:width\" content=\"501\" \/>\n\t<meta property=\"og:image:height\" content=\"300\" \/>\n\t<meta property=\"og:image:type\" content=\"image\/png\" \/>\n<meta name=\"author\" content=\"Redaktionen SvM\" \/>\n<meta name=\"twitter:card\" content=\"summary_large_image\" \/>\n<meta name=\"twitter:creator\" content=\"@SvenskaMagasine\" \/>\n<meta name=\"twitter:site\" content=\"@SvenskaMagasine\" \/>\n<script type=\"application\/ld+json\" class=\"yoast-schema-graph\">{\"@context\":\"https:\\\/\\\/schema.org\",\"@graph\":[{\"@type\":\"Article\",\"@id\":\"https:\\\/\\\/lightweb.dev\\\/l\\\/svm-temp\\\/nyheter\\\/personer-mellan-57-till-59-ar-kan-boka-tid-for-vaccin\\\/#article\",\"isPartOf\":{\"@id\":\"https:\\\/\\\/lightweb.dev\\\/l\\\/svm-temp\\\/nyheter\\\/personer-mellan-57-till-59-ar-kan-boka-tid-for-vaccin\\\/\"},\"author\":{\"name\":\"Redaktionen SvM\",\"@id\":\"https:\\\/\\\/lightweb.dev\\\/l\\\/svm-temp\\\/#\\\/schema\\\/person\\\/206a3bda5b607b0c25e1749191e4d837\"},\"headline\":\"Personer mellan 57 till 59 \u00e5r kan boka tid f\u00f6r vaccin\",\"datePublished\":\"2021-05-05T13:19:00+00:00\",\"mainEntityOfPage\":{\"@id\":\"https:\\\/\\\/lightweb.dev\\\/l\\\/svm-temp\\\/nyheter\\\/personer-mellan-57-till-59-ar-kan-boka-tid-for-vaccin\\\/\"},\"wordCount\":246,\"commentCount\":0,\"publisher\":{\"@id\":\"https:\\\/\\\/lightweb.dev\\\/l\\\/svm-temp\\\/#organization\"},\"image\":{\"@id\":\"https:\\\/\\\/lightweb.dev\\\/l\\\/svm-temp\\\/nyheter\\\/personer-mellan-57-till-59-ar-kan-boka-tid-for-vaccin\\\/#primaryimage\"},\"thumbnailUrl\":\"https:\\\/\\\/lightweb.dev\\\/l\\\/svm-temp\\\/wp-content\\\/uploads\\\/2022\\\/06\\\/personer-mellan-57-till-59-ar-kan-boka-tid-for-vaccin.png\",\"articleSection\":[\"Arkiv\",\"Nyheter\"],\"inLanguage\":\"sv-SE\"},{\"@type\":\"WebPage\",\"@id\":\"https:\\\/\\\/lightweb.dev\\\/l\\\/svm-temp\\\/nyheter\\\/personer-mellan-57-till-59-ar-kan-boka-tid-for-vaccin\\\/\",\"url\":\"https:\\\/\\\/lightweb.dev\\\/l\\\/svm-temp\\\/nyheter\\\/personer-mellan-57-till-59-ar-kan-boka-tid-for-vaccin\\\/\",\"name\":\"Personer mellan 57 till 59 \u00e5r kan boka tid f\u00f6r vaccin - Svenska Magasinet\",\"isPartOf\":{\"@id\":\"https:\\\/\\\/lightweb.dev\\\/l\\\/svm-temp\\\/#website\"},\"primaryImageOfPage\":{\"@id\":\"https:\\\/\\\/lightweb.dev\\\/l\\\/svm-temp\\\/nyheter\\\/personer-mellan-57-till-59-ar-kan-boka-tid-for-vaccin\\\/#primaryimage\"},\"image\":{\"@id\":\"https:\\\/\\\/lightweb.dev\\\/l\\\/svm-temp\\\/nyheter\\\/personer-mellan-57-till-59-ar-kan-boka-tid-for-vaccin\\\/#primaryimage\"},\"thumbnailUrl\":\"https:\\\/\\\/lightweb.dev\\\/l\\\/svm-temp\\\/wp-content\\\/uploads\\\/2022\\\/06\\\/personer-mellan-57-till-59-ar-kan-boka-tid-for-vaccin.png\",\"datePublished\":\"2021-05-05T13:19:00+00:00\",\"breadcrumb\":{\"@id\":\"https:\\\/\\\/lightweb.dev\\\/l\\\/svm-temp\\\/nyheter\\\/personer-mellan-57-till-59-ar-kan-boka-tid-for-vaccin\\\/#breadcrumb\"},\"inLanguage\":\"sv-SE\",\"potentialAction\":[{\"@type\":\"ReadAction\",\"target\":[\"https:\\\/\\\/lightweb.dev\\\/l\\\/svm-temp\\\/nyheter\\\/personer-mellan-57-till-59-ar-kan-boka-tid-for-vaccin\\\/\"]}]},{\"@type\":\"ImageObject\",\"inLanguage\":\"sv-SE\",\"@id\":\"https:\\\/\\\/lightweb.dev\\\/l\\\/svm-temp\\\/nyheter\\\/personer-mellan-57-till-59-ar-kan-boka-tid-for-vaccin\\\/#primaryimage\",\"url\":\"https:\\\/\\\/lightweb.dev\\\/l\\\/svm-temp\\\/wp-content\\\/uploads\\\/2022\\\/06\\\/personer-mellan-57-till-59-ar-kan-boka-tid-for-vaccin.png\",\"contentUrl\":\"https:\\\/\\\/lightweb.dev\\\/l\\\/svm-temp\\\/wp-content\\\/uploads\\\/2022\\\/06\\\/personer-mellan-57-till-59-ar-kan-boka-tid-for-vaccin.png\",\"width\":501,\"height\":300},{\"@type\":\"BreadcrumbList\",\"@id\":\"https:\\\/\\\/lightweb.dev\\\/l\\\/svm-temp\\\/nyheter\\\/personer-mellan-57-till-59-ar-kan-boka-tid-for-vaccin\\\/#breadcrumb\",\"itemListElement\":[{\"@type\":\"ListItem\",\"position\":1,\"name\":\"Hem\",\"item\":\"https:\\\/\\\/lightweb.dev\\\/l\\\/svm-temp\\\/\"},{\"@type\":\"ListItem\",\"position\":2,\"name\":\"Personer mellan 57 till 59 \u00e5r kan boka tid f\u00f6r vaccin\"}]},{\"@type\":\"WebSite\",\"@id\":\"https:\\\/\\\/lightweb.dev\\\/l\\\/svm-temp\\\/#website\",\"url\":\"https:\\\/\\\/lightweb.dev\\\/l\\\/svm-temp\\\/\",\"name\":\"Svenska Magasinet\",\"description\":\"Dina Spanska nyheter p&aring; Svenska\",\"publisher\":{\"@id\":\"https:\\\/\\\/lightweb.dev\\\/l\\\/svm-temp\\\/#organization\"},\"potentialAction\":[{\"@type\":\"SearchAction\",\"target\":{\"@type\":\"EntryPoint\",\"urlTemplate\":\"https:\\\/\\\/lightweb.dev\\\/l\\\/svm-temp\\\/?s={search_term_string}\"},\"query-input\":{\"@type\":\"PropertyValueSpecification\",\"valueRequired\":true,\"valueName\":\"search_term_string\"}}],\"inLanguage\":\"sv-SE\"},{\"@type\":\"Organization\",\"@id\":\"https:\\\/\\\/lightweb.dev\\\/l\\\/svm-temp\\\/#organization\",\"name\":\"Melkerson y Nott SL\",\"alternateName\":\"Svenska Magasinet\",\"url\":\"https:\\\/\\\/lightweb.dev\\\/l\\\/svm-temp\\\/\",\"logo\":{\"@type\":\"ImageObject\",\"inLanguage\":\"sv-SE\",\"@id\":\"https:\\\/\\\/lightweb.dev\\\/l\\\/svm-temp\\\/#\\\/schema\\\/logo\\\/image\\\/\",\"url\":\"https:\\\/\\\/lightweb.dev\\\/l\\\/svm-temp\\\/wp-content\\\/uploads\\\/2025\\\/02\\\/SvM-logo-Xtra-Centrerad-SVART.png\",\"contentUrl\":\"https:\\\/\\\/lightweb.dev\\\/l\\\/svm-temp\\\/wp-content\\\/uploads\\\/2025\\\/02\\\/SvM-logo-Xtra-Centrerad-SVART.png\",\"width\":300,\"height\":99,\"caption\":\"Melkerson y Nott SL\"},\"image\":{\"@id\":\"https:\\\/\\\/lightweb.dev\\\/l\\\/svm-temp\\\/#\\\/schema\\\/logo\\\/image\\\/\"},\"sameAs\":[\"https:\\\/\\\/www.facebook.com\\\/svenskamagasinet\",\"https:\\\/\\\/x.com\\\/SvenskaMagasine\"]},{\"@type\":\"Person\",\"@id\":\"https:\\\/\\\/lightweb.dev\\\/l\\\/svm-temp\\\/#\\\/schema\\\/person\\\/206a3bda5b607b0c25e1749191e4d837\",\"name\":\"Redaktionen SvM\",\"description\":\"Redaktionen\",\"sameAs\":[\"https:\\\/\\\/lightweb.dev\\\/l\\\/svm-temp\"],\"url\":\"https:\\\/\\\/lightweb.dev\\\/l\\\/svm-temp\\\/reporter\\\/redaktionen\\\/\"}]}<\/script>\n<!-- \/ Yoast SEO Premium plugin. -->","yoast_head_json":{"title":"Personer mellan 57 till 59 \u00e5r kan boka tid f\u00f6r vaccin - Svenska Magasinet","robots":{"index":"noindex","follow":"follow","max-snippet":"max-snippet:-1","max-image-preview":"max-image-preview:large","max-video-preview":"max-video-preview:-1"},"og_locale":"sv_SE","og_type":"article","og_title":"Personer mellan 57 till 59 \u00e5r kan boka tid f\u00f6r vaccin","og_description":"Den regionala andalusiska Folkh\u00e4lsov\u00e5rden Consejer\u00eda de Salud y Familias meddelar att de som \u00e4r f\u00f6dda 1962, 1963 och 1964 kan fr\u00e5n idag onsdag boka in sig f\u00f6r att f\u00e5 den f\u00f6rsta vaccindosen. Det g\u00e4ller personer som \u00e4r 59, 58 och 57 \u00e5r. N\u00e4r det sedan \u00e4r dags att bli vaccinerad blir du kontaktad. Bokningen kan [&hellip;]","og_url":"https:\/\/lightweb.dev\/l\/svm-temp\/nyheter\/personer-mellan-57-till-59-ar-kan-boka-tid-for-vaccin\/","og_site_name":"Svenska Magasinet","article_publisher":"https:\/\/www.facebook.com\/svenskamagasinet","article_published_time":"2021-05-05T13:19:00+00:00","og_image":[{"width":501,"height":300,"url":"https:\/\/lightweb.dev\/l\/svm-temp\/wp-content\/uploads\/2022\/06\/personer-mellan-57-till-59-ar-kan-boka-tid-for-vaccin.png","type":"image\/png"}],"author":"Redaktionen SvM","twitter_card":"summary_large_image","twitter_creator":"@SvenskaMagasine","twitter_site":"@SvenskaMagasine","schema":{"@context":"https:\/\/schema.org","@graph":[{"@type":"Article","@id":"https:\/\/lightweb.dev\/l\/svm-temp\/nyheter\/personer-mellan-57-till-59-ar-kan-boka-tid-for-vaccin\/#article","isPartOf":{"@id":"https:\/\/lightweb.dev\/l\/svm-temp\/nyheter\/personer-mellan-57-till-59-ar-kan-boka-tid-for-vaccin\/"},"author":{"name":"Redaktionen SvM","@id":"https:\/\/lightweb.dev\/l\/svm-temp\/#\/schema\/person\/206a3bda5b607b0c25e1749191e4d837"},"headline":"Personer mellan 57 till 59 \u00e5r kan boka tid f\u00f6r vaccin","datePublished":"2021-05-05T13:19:00+00:00","mainEntityOfPage":{"@id":"https:\/\/lightweb.dev\/l\/svm-temp\/nyheter\/personer-mellan-57-till-59-ar-kan-boka-tid-for-vaccin\/"},"wordCount":246,"commentCount":0,"publisher":{"@id":"https:\/\/lightweb.dev\/l\/svm-temp\/#organization"},"image":{"@id":"https:\/\/lightweb.dev\/l\/svm-temp\/nyheter\/personer-mellan-57-till-59-ar-kan-boka-tid-for-vaccin\/#primaryimage"},"thumbnailUrl":"https:\/\/lightweb.dev\/l\/svm-temp\/wp-content\/uploads\/2022\/06\/personer-mellan-57-till-59-ar-kan-boka-tid-for-vaccin.png","articleSection":["Arkiv","Nyheter"],"inLanguage":"sv-SE"},{"@type":"WebPage","@id":"https:\/\/lightweb.dev\/l\/svm-temp\/nyheter\/personer-mellan-57-till-59-ar-kan-boka-tid-for-vaccin\/","url":"https:\/\/lightweb.dev\/l\/svm-temp\/nyheter\/personer-mellan-57-till-59-ar-kan-boka-tid-for-vaccin\/","name":"Personer mellan 57 till 59 \u00e5r kan boka tid f\u00f6r vaccin - Svenska Magasinet","isPartOf":{"@id":"https:\/\/lightweb.dev\/l\/svm-temp\/#website"},"primaryImageOfPage":{"@id":"https:\/\/lightweb.dev\/l\/svm-temp\/nyheter\/personer-mellan-57-till-59-ar-kan-boka-tid-for-vaccin\/#primaryimage"},"image":{"@id":"https:\/\/lightweb.dev\/l\/svm-temp\/nyheter\/personer-mellan-57-till-59-ar-kan-boka-tid-for-vaccin\/#primaryimage"},"thumbnailUrl":"https:\/\/lightweb.dev\/l\/svm-temp\/wp-content\/uploads\/2022\/06\/personer-mellan-57-till-59-ar-kan-boka-tid-for-vaccin.png","datePublished":"2021-05-05T13:19:00+00:00","breadcrumb":{"@id":"https:\/\/lightweb.dev\/l\/svm-temp\/nyheter\/personer-mellan-57-till-59-ar-kan-boka-tid-for-vaccin\/#breadcrumb"},"inLanguage":"sv-SE","potentialAction":[{"@type":"ReadAction","target":["https:\/\/lightweb.dev\/l\/svm-temp\/nyheter\/personer-mellan-57-till-59-ar-kan-boka-tid-for-vaccin\/"]}]},{"@type":"ImageObject","inLanguage":"sv-SE","@id":"https:\/\/lightweb.dev\/l\/svm-temp\/nyheter\/personer-mellan-57-till-59-ar-kan-boka-tid-for-vaccin\/#primaryimage","url":"https:\/\/lightweb.dev\/l\/svm-temp\/wp-content\/uploads\/2022\/06\/personer-mellan-57-till-59-ar-kan-boka-tid-for-vaccin.png","contentUrl":"https:\/\/lightweb.dev\/l\/svm-temp\/wp-content\/uploads\/2022\/06\/personer-mellan-57-till-59-ar-kan-boka-tid-for-vaccin.png","width":501,"height":300},{"@type":"BreadcrumbList","@id":"https:\/\/lightweb.dev\/l\/svm-temp\/nyheter\/personer-mellan-57-till-59-ar-kan-boka-tid-for-vaccin\/#breadcrumb","itemListElement":[{"@type":"ListItem","position":1,"name":"Hem","item":"https:\/\/lightweb.dev\/l\/svm-temp\/"},{"@type":"ListItem","position":2,"name":"Personer mellan 57 till 59 \u00e5r kan boka tid f\u00f6r vaccin"}]},{"@type":"WebSite","@id":"https:\/\/lightweb.dev\/l\/svm-temp\/#website","url":"https:\/\/lightweb.dev\/l\/svm-temp\/","name":"Svenska Magasinet","description":"Dina Spanska nyheter p&aring; Svenska","publisher":{"@id":"https:\/\/lightweb.dev\/l\/svm-temp\/#organization"},"potentialAction":[{"@type":"SearchAction","target":{"@type":"EntryPoint","urlTemplate":"https:\/\/lightweb.dev\/l\/svm-temp\/?s={search_term_string}"},"query-input":{"@type":"PropertyValueSpecification","valueRequired":true,"valueName":"search_term_string"}}],"inLanguage":"sv-SE"},{"@type":"Organization","@id":"https:\/\/lightweb.dev\/l\/svm-temp\/#organization","name":"Melkerson y Nott SL","alternateName":"Svenska Magasinet","url":"https:\/\/lightweb.dev\/l\/svm-temp\/","logo":{"@type":"ImageObject","inLanguage":"sv-SE","@id":"https:\/\/lightweb.dev\/l\/svm-temp\/#\/schema\/logo\/image\/","url":"https:\/\/lightweb.dev\/l\/svm-temp\/wp-content\/uploads\/2025\/02\/SvM-logo-Xtra-Centrerad-SVART.png","contentUrl":"https:\/\/lightweb.dev\/l\/svm-temp\/wp-content\/uploads\/2025\/02\/SvM-logo-Xtra-Centrerad-SVART.png","width":300,"height":99,"caption":"Melkerson y Nott SL"},"image":{"@id":"https:\/\/lightweb.dev\/l\/svm-temp\/#\/schema\/logo\/image\/"},"sameAs":["https:\/\/www.facebook.com\/svenskamagasinet","https:\/\/x.com\/SvenskaMagasine"]},{"@type":"Person","@id":"https:\/\/lightweb.dev\/l\/svm-temp\/#\/schema\/person\/206a3bda5b607b0c25e1749191e4d837","name":"Redaktionen SvM","description":"Redaktionen","sameAs":["https:\/\/lightweb.dev\/l\/svm-temp"],"url":"https:\/\/lightweb.dev\/l\/svm-temp\/reporter\/redaktionen\/"}]}},"_links":{"self":[{"href":"https:\/\/lightweb.dev\/l\/svm-temp\/wp-json\/wp\/v2\/posts\/12229","targetHints":{"allow":["GET"]}}],"collection":[{"href":"https:\/\/lightweb.dev\/l\/svm-temp\/wp-json\/wp\/v2\/posts"}],"about":[{"href":"https:\/\/lightweb.dev\/l\/svm-temp\/wp-json\/wp\/v2\/types\/post"}],"author":[{"embeddable":true,"href":"https:\/\/lightweb.dev\/l\/svm-temp\/wp-json\/wp\/v2\/users\/8"}],"replies":[{"embeddable":true,"href":"https:\/\/lightweb.dev\/l\/svm-temp\/wp-json\/wp\/v2\/comments?post=12229"}],"version-history":[{"count":0,"href":"https:\/\/lightweb.dev\/l\/svm-temp\/wp-json\/wp\/v2\/posts\/12229\/revisions"}],"wp:featuredmedia":[{"embeddable":true,"href":"https:\/\/lightweb.dev\/l\/svm-temp\/wp-json\/wp\/v2\/media\/12230"}],"wp:attachment":[{"href":"https:\/\/lightweb.dev\/l\/svm-temp\/wp-json\/wp\/v2\/media?parent=12229"}],"wp:term":[{"taxonomy":"category","embeddable":true,"href":"https:\/\/lightweb.dev\/l\/svm-temp\/wp-json\/wp\/v2\/categories?post=12229"},{"taxonomy":"post_tag","embeddable":true,"href":"https:\/\/lightweb.dev\/l\/svm-temp\/wp-json\/wp\/v2\/tags?post=12229"}],"curies":[{"name":"wp","href":"https:\/\/api.w.org\/{rel}","templated":true}]}}