{"id":12231,"date":"2021-05-04T10:01:00","date_gmt":"2021-05-04T08:01:00","guid":{"rendered":"https:\/\/lightweb.dev\/l\/svm-temp\/nyheter\/polariserat-nar-madridregionen-gar-till-val\/"},"modified":"2021-05-04T10:01:00","modified_gmt":"2021-05-04T08:01:00","slug":"polariserat-nar-madridregionen-gar-till-val","status":"publish","type":"post","link":"https:\/\/lightweb.dev\/l\/svm-temp\/nyheter\/polariserat-nar-madridregionen-gar-till-val\/","title":{"rendered":"Polariserat n\u00e4r Madridregionen g\u00e5r till val"},"content":{"rendered":"<p> \u201dDemokrati eller fascism\u201d. \u201dKommunism eller frihet\u201d. S\u00e5 har det l\u00e5tit de senaste veckorna. Idag kommer 5.112.658 r\u00f6stber\u00e4ttigade i Madridregionen att v\u00e4lja. Men fr\u00e5gan \u00e4r hur stort valdeltagandet blir. Som mest l\u00e5g valdeltagandet p\u00e5 70,3 procent vid valet 1995. Vid senast regionvalet 2019 l\u00e5g det p\u00e5 64,2 procent.<\/p>\n<p>Vid 13-tiden p\u00e5 tisdagen kom det rapporter om att valdeltagandet hade stigit med tv\u00e5 procentenheter j\u00e4mf\u00f6rt med valet 2019, fr\u00e5n 26,18 procent till 28,39 procent.<\/p>\n<p>Enligt vissa opinionsm\u00e4tningar v\u00e4ger det j\u00e4mt mellan h\u00f6gersidan och v\u00e4nstersidan. Totalt g\u00e4ller valet 136 mandat vilket \u00e4r fyra fler \u00e4n f\u00f6rra g\u00e5ngen. Absolut majoritet n\u00e5s vid 69 mandat.<\/p>\n<p>Partido Popular som styrt i Madridregionen sedan 1995 \u00e4r tillsammans med ytterkantsh\u00f6gerpartiet Vox n\u00e4rmast till att f\u00e5 majoritet enligt unders\u00f6kningar. V\u00e4nstersidan \u00e4r mer uppdelad mellan socialistpartiet PSOE, M\u00e1s Madrid och ytterkantsv\u00e4nsterpartiet Unidas Podemos.<\/p>\n<p>Vart Ciudadanos tar v\u00e4gen \u00e4r os\u00e4kert. Vid senaste valet 2019 fick partiet 26 mandat. I senare opinionsunders\u00f6kningar ligger partiet farligt n\u00e4ra att helt g\u00e5 upp i r\u00f6k.<\/p>\n<p>Valr\u00f6relsen har beskrivits som mer polariserad \u00e4n n\u00e5gonsin i ett Spanien som dessutom \u00e4r mer decentraliserat \u00e4n n\u00e5gonsin. Det \u00e4r sv\u00e5rt att beskriva Spanien som ett land som h\u00e4nger ihop.<\/p>\n<p>1.084 vallokaler \u00f6ppnade i morse i Madridregionens 179 kommuner. 235.696 har redan postr\u00f6stat vilket \u00e4r 42,8 procent fler \u00e4n 2019.<\/p>\n<p>Klockan 19.50 startar valvakan p\u00e5 La 1 p\u00e5 spansk tv.<\/p>\n<p>Bildtext: L\u00e5nga k\u00f6er till vallokalerna i Madrid. S\u00e5 h\u00e4r s\u00e5g det ut vid skolan Colegio Jes\u00fas Mar\u00eda p\u00e5 calle Juan Bravo (Foto: Sandra Melkerson)<\/p>\n","protected":false},"excerpt":{"rendered":"<p>\u201dDemokrati eller fascism\u201d. \u201dKommunism eller frihet\u201d. S\u00e5 har det l\u00e5tit de senaste veckorna. Idag kommer 5.112.658 r\u00f6stber\u00e4ttigade i Madridregionen att v\u00e4lja. Men fr\u00e5gan \u00e4r hur stort valdeltagandet blir. Som mest l\u00e5g valdeltagandet p\u00e5 70,3 procent vid valet 1995. Vid senast regionvalet 2019 l\u00e5g det p\u00e5 64,2 procent. Vid 13-tiden p\u00e5 tisdagen kom det rapporter om [&hellip;]<\/p>\n","protected":false},"author":8,"featured_media":12232,"comment_status":"open","ping_status":"open","sticky":false,"template":"","format":"standard","meta":{"_et_pb_use_builder":"","_et_pb_old_content":"","_et_gb_content_width":"","footnotes":""},"categories":[395,3],"tags":[],"class_list":["post-12231","post","type-post","status-publish","format-standard","has-post-thumbnail","hentry","category-arkiv-nyheter","category-nyheter"],"yoast_head":"<!-- This site is optimized with the Yoast SEO Premium plugin v26.2 (Yoast SEO v27.4) - https:\/\/yoast.com\/product\/yoast-seo-premium-wordpress\/ -->\n<title>Polariserat n\u00e4r Madridregionen g\u00e5r till val - Svenska Magasinet<\/title>\n<meta name=\"robots\" content=\"noindex, follow, max-snippet:-1, max-image-preview:large, max-video-preview:-1\" \/>\n<meta property=\"og:locale\" content=\"sv_SE\" \/>\n<meta property=\"og:type\" content=\"article\" \/>\n<meta property=\"og:title\" content=\"Polariserat n\u00e4r Madridregionen g\u00e5r till val\" \/>\n<meta property=\"og:description\" content=\"\u201dDemokrati eller fascism\u201d. \u201dKommunism eller frihet\u201d. S\u00e5 har det l\u00e5tit de senaste veckorna. Idag kommer 5.112.658 r\u00f6stber\u00e4ttigade i Madridregionen att v\u00e4lja. Men fr\u00e5gan \u00e4r hur stort valdeltagandet blir. Som mest l\u00e5g valdeltagandet p\u00e5 70,3 procent vid valet 1995. Vid senast regionvalet 2019 l\u00e5g det p\u00e5 64,2 procent. Vid 13-tiden p\u00e5 tisdagen kom det rapporter om [&hellip;]\" \/>\n<meta property=\"og:url\" content=\"https:\/\/lightweb.dev\/l\/svm-temp\/nyheter\/polariserat-nar-madridregionen-gar-till-val\/\" \/>\n<meta property=\"og:site_name\" content=\"Svenska Magasinet\" \/>\n<meta property=\"article:publisher\" content=\"https:\/\/www.facebook.com\/svenskamagasinet\" \/>\n<meta property=\"article:published_time\" content=\"2021-05-04T08:01:00+00:00\" \/>\n<meta property=\"og:image\" content=\"https:\/\/lightweb.dev\/l\/svm-temp\/wp-content\/uploads\/2022\/06\/polariserat-nar-madridregionen-gar-till-val.png\" \/>\n\t<meta property=\"og:image:width\" content=\"500\" \/>\n\t<meta property=\"og:image:height\" content=\"300\" \/>\n\t<meta property=\"og:image:type\" content=\"image\/png\" \/>\n<meta name=\"author\" content=\"Redaktionen SvM\" \/>\n<meta name=\"twitter:card\" content=\"summary_large_image\" \/>\n<meta name=\"twitter:creator\" content=\"@SvenskaMagasine\" \/>\n<meta name=\"twitter:site\" content=\"@SvenskaMagasine\" \/>\n<script type=\"application\/ld+json\" class=\"yoast-schema-graph\">{\"@context\":\"https:\\\/\\\/schema.org\",\"@graph\":[{\"@type\":\"Article\",\"@id\":\"https:\\\/\\\/lightweb.dev\\\/l\\\/svm-temp\\\/nyheter\\\/polariserat-nar-madridregionen-gar-till-val\\\/#article\",\"isPartOf\":{\"@id\":\"https:\\\/\\\/lightweb.dev\\\/l\\\/svm-temp\\\/nyheter\\\/polariserat-nar-madridregionen-gar-till-val\\\/\"},\"author\":{\"name\":\"Redaktionen SvM\",\"@id\":\"https:\\\/\\\/lightweb.dev\\\/l\\\/svm-temp\\\/#\\\/schema\\\/person\\\/206a3bda5b607b0c25e1749191e4d837\"},\"headline\":\"Polariserat n\u00e4r Madridregionen g\u00e5r till val\",\"datePublished\":\"2021-05-04T08:01:00+00:00\",\"mainEntityOfPage\":{\"@id\":\"https:\\\/\\\/lightweb.dev\\\/l\\\/svm-temp\\\/nyheter\\\/polariserat-nar-madridregionen-gar-till-val\\\/\"},\"wordCount\":274,\"commentCount\":0,\"publisher\":{\"@id\":\"https:\\\/\\\/lightweb.dev\\\/l\\\/svm-temp\\\/#organization\"},\"image\":{\"@id\":\"https:\\\/\\\/lightweb.dev\\\/l\\\/svm-temp\\\/nyheter\\\/polariserat-nar-madridregionen-gar-till-val\\\/#primaryimage\"},\"thumbnailUrl\":\"https:\\\/\\\/lightweb.dev\\\/l\\\/svm-temp\\\/wp-content\\\/uploads\\\/2022\\\/06\\\/polariserat-nar-madridregionen-gar-till-val.png\",\"articleSection\":[\"Arkiv\",\"Nyheter\"],\"inLanguage\":\"sv-SE\"},{\"@type\":\"WebPage\",\"@id\":\"https:\\\/\\\/lightweb.dev\\\/l\\\/svm-temp\\\/nyheter\\\/polariserat-nar-madridregionen-gar-till-val\\\/\",\"url\":\"https:\\\/\\\/lightweb.dev\\\/l\\\/svm-temp\\\/nyheter\\\/polariserat-nar-madridregionen-gar-till-val\\\/\",\"name\":\"Polariserat n\u00e4r Madridregionen g\u00e5r till val - Svenska Magasinet\",\"isPartOf\":{\"@id\":\"https:\\\/\\\/lightweb.dev\\\/l\\\/svm-temp\\\/#website\"},\"primaryImageOfPage\":{\"@id\":\"https:\\\/\\\/lightweb.dev\\\/l\\\/svm-temp\\\/nyheter\\\/polariserat-nar-madridregionen-gar-till-val\\\/#primaryimage\"},\"image\":{\"@id\":\"https:\\\/\\\/lightweb.dev\\\/l\\\/svm-temp\\\/nyheter\\\/polariserat-nar-madridregionen-gar-till-val\\\/#primaryimage\"},\"thumbnailUrl\":\"https:\\\/\\\/lightweb.dev\\\/l\\\/svm-temp\\\/wp-content\\\/uploads\\\/2022\\\/06\\\/polariserat-nar-madridregionen-gar-till-val.png\",\"datePublished\":\"2021-05-04T08:01:00+00:00\",\"breadcrumb\":{\"@id\":\"https:\\\/\\\/lightweb.dev\\\/l\\\/svm-temp\\\/nyheter\\\/polariserat-nar-madridregionen-gar-till-val\\\/#breadcrumb\"},\"inLanguage\":\"sv-SE\",\"potentialAction\":[{\"@type\":\"ReadAction\",\"target\":[\"https:\\\/\\\/lightweb.dev\\\/l\\\/svm-temp\\\/nyheter\\\/polariserat-nar-madridregionen-gar-till-val\\\/\"]}]},{\"@type\":\"ImageObject\",\"inLanguage\":\"sv-SE\",\"@id\":\"https:\\\/\\\/lightweb.dev\\\/l\\\/svm-temp\\\/nyheter\\\/polariserat-nar-madridregionen-gar-till-val\\\/#primaryimage\",\"url\":\"https:\\\/\\\/lightweb.dev\\\/l\\\/svm-temp\\\/wp-content\\\/uploads\\\/2022\\\/06\\\/polariserat-nar-madridregionen-gar-till-val.png\",\"contentUrl\":\"https:\\\/\\\/lightweb.dev\\\/l\\\/svm-temp\\\/wp-content\\\/uploads\\\/2022\\\/06\\\/polariserat-nar-madridregionen-gar-till-val.png\",\"width\":500,\"height\":300},{\"@type\":\"BreadcrumbList\",\"@id\":\"https:\\\/\\\/lightweb.dev\\\/l\\\/svm-temp\\\/nyheter\\\/polariserat-nar-madridregionen-gar-till-val\\\/#breadcrumb\",\"itemListElement\":[{\"@type\":\"ListItem\",\"position\":1,\"name\":\"Hem\",\"item\":\"https:\\\/\\\/lightweb.dev\\\/l\\\/svm-temp\\\/\"},{\"@type\":\"ListItem\",\"position\":2,\"name\":\"Polariserat n\u00e4r Madridregionen g\u00e5r till val\"}]},{\"@type\":\"WebSite\",\"@id\":\"https:\\\/\\\/lightweb.dev\\\/l\\\/svm-temp\\\/#website\",\"url\":\"https:\\\/\\\/lightweb.dev\\\/l\\\/svm-temp\\\/\",\"name\":\"Svenska Magasinet\",\"description\":\"Dina Spanska nyheter p&aring; Svenska\",\"publisher\":{\"@id\":\"https:\\\/\\\/lightweb.dev\\\/l\\\/svm-temp\\\/#organization\"},\"potentialAction\":[{\"@type\":\"SearchAction\",\"target\":{\"@type\":\"EntryPoint\",\"urlTemplate\":\"https:\\\/\\\/lightweb.dev\\\/l\\\/svm-temp\\\/?s={search_term_string}\"},\"query-input\":{\"@type\":\"PropertyValueSpecification\",\"valueRequired\":true,\"valueName\":\"search_term_string\"}}],\"inLanguage\":\"sv-SE\"},{\"@type\":\"Organization\",\"@id\":\"https:\\\/\\\/lightweb.dev\\\/l\\\/svm-temp\\\/#organization\",\"name\":\"Melkerson y Nott SL\",\"alternateName\":\"Svenska Magasinet\",\"url\":\"https:\\\/\\\/lightweb.dev\\\/l\\\/svm-temp\\\/\",\"logo\":{\"@type\":\"ImageObject\",\"inLanguage\":\"sv-SE\",\"@id\":\"https:\\\/\\\/lightweb.dev\\\/l\\\/svm-temp\\\/#\\\/schema\\\/logo\\\/image\\\/\",\"url\":\"https:\\\/\\\/lightweb.dev\\\/l\\\/svm-temp\\\/wp-content\\\/uploads\\\/2025\\\/02\\\/SvM-logo-Xtra-Centrerad-SVART.png\",\"contentUrl\":\"https:\\\/\\\/lightweb.dev\\\/l\\\/svm-temp\\\/wp-content\\\/uploads\\\/2025\\\/02\\\/SvM-logo-Xtra-Centrerad-SVART.png\",\"width\":300,\"height\":99,\"caption\":\"Melkerson y Nott SL\"},\"image\":{\"@id\":\"https:\\\/\\\/lightweb.dev\\\/l\\\/svm-temp\\\/#\\\/schema\\\/logo\\\/image\\\/\"},\"sameAs\":[\"https:\\\/\\\/www.facebook.com\\\/svenskamagasinet\",\"https:\\\/\\\/x.com\\\/SvenskaMagasine\"]},{\"@type\":\"Person\",\"@id\":\"https:\\\/\\\/lightweb.dev\\\/l\\\/svm-temp\\\/#\\\/schema\\\/person\\\/206a3bda5b607b0c25e1749191e4d837\",\"name\":\"Redaktionen SvM\",\"description\":\"Redaktionen\",\"sameAs\":[\"https:\\\/\\\/lightweb.dev\\\/l\\\/svm-temp\"],\"url\":\"https:\\\/\\\/lightweb.dev\\\/l\\\/svm-temp\\\/reporter\\\/redaktionen\\\/\"}]}<\/script>\n<!-- \/ Yoast SEO Premium plugin. -->","yoast_head_json":{"title":"Polariserat n\u00e4r Madridregionen g\u00e5r till val - Svenska Magasinet","robots":{"index":"noindex","follow":"follow","max-snippet":"max-snippet:-1","max-image-preview":"max-image-preview:large","max-video-preview":"max-video-preview:-1"},"og_locale":"sv_SE","og_type":"article","og_title":"Polariserat n\u00e4r Madridregionen g\u00e5r till val","og_description":"\u201dDemokrati eller fascism\u201d. \u201dKommunism eller frihet\u201d. S\u00e5 har det l\u00e5tit de senaste veckorna. Idag kommer 5.112.658 r\u00f6stber\u00e4ttigade i Madridregionen att v\u00e4lja. Men fr\u00e5gan \u00e4r hur stort valdeltagandet blir. Som mest l\u00e5g valdeltagandet p\u00e5 70,3 procent vid valet 1995. Vid senast regionvalet 2019 l\u00e5g det p\u00e5 64,2 procent. Vid 13-tiden p\u00e5 tisdagen kom det rapporter om [&hellip;]","og_url":"https:\/\/lightweb.dev\/l\/svm-temp\/nyheter\/polariserat-nar-madridregionen-gar-till-val\/","og_site_name":"Svenska Magasinet","article_publisher":"https:\/\/www.facebook.com\/svenskamagasinet","article_published_time":"2021-05-04T08:01:00+00:00","og_image":[{"width":500,"height":300,"url":"https:\/\/lightweb.dev\/l\/svm-temp\/wp-content\/uploads\/2022\/06\/polariserat-nar-madridregionen-gar-till-val.png","type":"image\/png"}],"author":"Redaktionen SvM","twitter_card":"summary_large_image","twitter_creator":"@SvenskaMagasine","twitter_site":"@SvenskaMagasine","schema":{"@context":"https:\/\/schema.org","@graph":[{"@type":"Article","@id":"https:\/\/lightweb.dev\/l\/svm-temp\/nyheter\/polariserat-nar-madridregionen-gar-till-val\/#article","isPartOf":{"@id":"https:\/\/lightweb.dev\/l\/svm-temp\/nyheter\/polariserat-nar-madridregionen-gar-till-val\/"},"author":{"name":"Redaktionen SvM","@id":"https:\/\/lightweb.dev\/l\/svm-temp\/#\/schema\/person\/206a3bda5b607b0c25e1749191e4d837"},"headline":"Polariserat n\u00e4r Madridregionen g\u00e5r till val","datePublished":"2021-05-04T08:01:00+00:00","mainEntityOfPage":{"@id":"https:\/\/lightweb.dev\/l\/svm-temp\/nyheter\/polariserat-nar-madridregionen-gar-till-val\/"},"wordCount":274,"commentCount":0,"publisher":{"@id":"https:\/\/lightweb.dev\/l\/svm-temp\/#organization"},"image":{"@id":"https:\/\/lightweb.dev\/l\/svm-temp\/nyheter\/polariserat-nar-madridregionen-gar-till-val\/#primaryimage"},"thumbnailUrl":"https:\/\/lightweb.dev\/l\/svm-temp\/wp-content\/uploads\/2022\/06\/polariserat-nar-madridregionen-gar-till-val.png","articleSection":["Arkiv","Nyheter"],"inLanguage":"sv-SE"},{"@type":"WebPage","@id":"https:\/\/lightweb.dev\/l\/svm-temp\/nyheter\/polariserat-nar-madridregionen-gar-till-val\/","url":"https:\/\/lightweb.dev\/l\/svm-temp\/nyheter\/polariserat-nar-madridregionen-gar-till-val\/","name":"Polariserat n\u00e4r Madridregionen g\u00e5r till val - Svenska Magasinet","isPartOf":{"@id":"https:\/\/lightweb.dev\/l\/svm-temp\/#website"},"primaryImageOfPage":{"@id":"https:\/\/lightweb.dev\/l\/svm-temp\/nyheter\/polariserat-nar-madridregionen-gar-till-val\/#primaryimage"},"image":{"@id":"https:\/\/lightweb.dev\/l\/svm-temp\/nyheter\/polariserat-nar-madridregionen-gar-till-val\/#primaryimage"},"thumbnailUrl":"https:\/\/lightweb.dev\/l\/svm-temp\/wp-content\/uploads\/2022\/06\/polariserat-nar-madridregionen-gar-till-val.png","datePublished":"2021-05-04T08:01:00+00:00","breadcrumb":{"@id":"https:\/\/lightweb.dev\/l\/svm-temp\/nyheter\/polariserat-nar-madridregionen-gar-till-val\/#breadcrumb"},"inLanguage":"sv-SE","potentialAction":[{"@type":"ReadAction","target":["https:\/\/lightweb.dev\/l\/svm-temp\/nyheter\/polariserat-nar-madridregionen-gar-till-val\/"]}]},{"@type":"ImageObject","inLanguage":"sv-SE","@id":"https:\/\/lightweb.dev\/l\/svm-temp\/nyheter\/polariserat-nar-madridregionen-gar-till-val\/#primaryimage","url":"https:\/\/lightweb.dev\/l\/svm-temp\/wp-content\/uploads\/2022\/06\/polariserat-nar-madridregionen-gar-till-val.png","contentUrl":"https:\/\/lightweb.dev\/l\/svm-temp\/wp-content\/uploads\/2022\/06\/polariserat-nar-madridregionen-gar-till-val.png","width":500,"height":300},{"@type":"BreadcrumbList","@id":"https:\/\/lightweb.dev\/l\/svm-temp\/nyheter\/polariserat-nar-madridregionen-gar-till-val\/#breadcrumb","itemListElement":[{"@type":"ListItem","position":1,"name":"Hem","item":"https:\/\/lightweb.dev\/l\/svm-temp\/"},{"@type":"ListItem","position":2,"name":"Polariserat n\u00e4r Madridregionen g\u00e5r till val"}]},{"@type":"WebSite","@id":"https:\/\/lightweb.dev\/l\/svm-temp\/#website","url":"https:\/\/lightweb.dev\/l\/svm-temp\/","name":"Svenska Magasinet","description":"Dina Spanska nyheter p&aring; Svenska","publisher":{"@id":"https:\/\/lightweb.dev\/l\/svm-temp\/#organization"},"potentialAction":[{"@type":"SearchAction","target":{"@type":"EntryPoint","urlTemplate":"https:\/\/lightweb.dev\/l\/svm-temp\/?s={search_term_string}"},"query-input":{"@type":"PropertyValueSpecification","valueRequired":true,"valueName":"search_term_string"}}],"inLanguage":"sv-SE"},{"@type":"Organization","@id":"https:\/\/lightweb.dev\/l\/svm-temp\/#organization","name":"Melkerson y Nott SL","alternateName":"Svenska Magasinet","url":"https:\/\/lightweb.dev\/l\/svm-temp\/","logo":{"@type":"ImageObject","inLanguage":"sv-SE","@id":"https:\/\/lightweb.dev\/l\/svm-temp\/#\/schema\/logo\/image\/","url":"https:\/\/lightweb.dev\/l\/svm-temp\/wp-content\/uploads\/2025\/02\/SvM-logo-Xtra-Centrerad-SVART.png","contentUrl":"https:\/\/lightweb.dev\/l\/svm-temp\/wp-content\/uploads\/2025\/02\/SvM-logo-Xtra-Centrerad-SVART.png","width":300,"height":99,"caption":"Melkerson y Nott SL"},"image":{"@id":"https:\/\/lightweb.dev\/l\/svm-temp\/#\/schema\/logo\/image\/"},"sameAs":["https:\/\/www.facebook.com\/svenskamagasinet","https:\/\/x.com\/SvenskaMagasine"]},{"@type":"Person","@id":"https:\/\/lightweb.dev\/l\/svm-temp\/#\/schema\/person\/206a3bda5b607b0c25e1749191e4d837","name":"Redaktionen SvM","description":"Redaktionen","sameAs":["https:\/\/lightweb.dev\/l\/svm-temp"],"url":"https:\/\/lightweb.dev\/l\/svm-temp\/reporter\/redaktionen\/"}]}},"_links":{"self":[{"href":"https:\/\/lightweb.dev\/l\/svm-temp\/wp-json\/wp\/v2\/posts\/12231","targetHints":{"allow":["GET"]}}],"collection":[{"href":"https:\/\/lightweb.dev\/l\/svm-temp\/wp-json\/wp\/v2\/posts"}],"about":[{"href":"https:\/\/lightweb.dev\/l\/svm-temp\/wp-json\/wp\/v2\/types\/post"}],"author":[{"embeddable":true,"href":"https:\/\/lightweb.dev\/l\/svm-temp\/wp-json\/wp\/v2\/users\/8"}],"replies":[{"embeddable":true,"href":"https:\/\/lightweb.dev\/l\/svm-temp\/wp-json\/wp\/v2\/comments?post=12231"}],"version-history":[{"count":0,"href":"https:\/\/lightweb.dev\/l\/svm-temp\/wp-json\/wp\/v2\/posts\/12231\/revisions"}],"wp:featuredmedia":[{"embeddable":true,"href":"https:\/\/lightweb.dev\/l\/svm-temp\/wp-json\/wp\/v2\/media\/12232"}],"wp:attachment":[{"href":"https:\/\/lightweb.dev\/l\/svm-temp\/wp-json\/wp\/v2\/media?parent=12231"}],"wp:term":[{"taxonomy":"category","embeddable":true,"href":"https:\/\/lightweb.dev\/l\/svm-temp\/wp-json\/wp\/v2\/categories?post=12231"},{"taxonomy":"post_tag","embeddable":true,"href":"https:\/\/lightweb.dev\/l\/svm-temp\/wp-json\/wp\/v2\/tags?post=12231"}],"curies":[{"name":"wp","href":"https:\/\/api.w.org\/{rel}","templated":true}]}}