{"id":12233,"date":"2021-05-04T10:36:00","date_gmt":"2021-05-04T08:36:00","guid":{"rendered":"https:\/\/lightweb.dev\/l\/svm-temp\/nyheter\/norwegian-planerar-att-vaxa-i-malaga-och-alicante\/"},"modified":"2021-05-04T10:36:00","modified_gmt":"2021-05-04T08:36:00","slug":"norwegian-planerar-att-vaxa-i-malaga-och-alicante","status":"publish","type":"post","link":"https:\/\/lightweb.dev\/l\/svm-temp\/nyheter\/norwegian-planerar-att-vaxa-i-malaga-och-alicante\/","title":{"rendered":"Norwegian planerar att v\u00e4xa i M\u00e1laga och Alicante"},"content":{"rendered":"<p> M\u00e1laga tillsammans med Alicante beskrivs som de viktigaste destinationerna i Spanien f\u00f6r l\u00e5gprisflygbolaget Norwegian. \u00c4ven om bolaget planerar att s\u00e4ga upp 1.191 anst\u00e4llda i Spanien kommer 215 att garanteras arbete i M\u00e1laga och Alicante.<br \/>\n P\u00e5 m\u00e5ndagen kunde Svenska Magasinet ber\u00e4tta att Norwegian Air Shuttle de n\u00e4rmaste dagarna inleder samtal med 1.191 anst\u00e4llda i Spanien som tvingas l\u00e4mna flygbolaget. Det \u00e4r 85 procent av kabinpersonalen, enligt fackf\u00f6rbundet USO.<\/p>\n<p>F\u00f6r dagstidningen Diario SUR bekr\u00e4ftar, Alfons Claver, talesperson f\u00f6r Norwegian i Spanien och Italien, att M\u00e1laga tillsammans med Alicante blir mindre drabbat. 2019 var Norwegian det fj\u00e4rde st\u00f6rsta flygbolaget p\u00e5 Costa del Sols flygplats med 1.645.845 resen\u00e4rer. Bara Ryanair, Vueling och Easyjet hade fler.<\/p>\n<p>Det g\u00f6r att Norwegian t\u00e4nker beh\u00e5lla basen i M\u00e1laga tillsammans med Alicante vilket betyder 215 arbetstillf\u00e4llen f\u00f6r piloter och kabinpersonal. Och det kan bli ytterligare anst\u00e4llningar senare. Fr\u00e5n sommaren 2021 kommer ett plan, en Boeing 737 att stationeras p\u00e5 M\u00e1laga samt ytterligare en i Alicante.<\/p>\n<p>&#8211; Norwegian har som m\u00e5ls\u00e4ttning att vara kvar i Spanien. Fr\u00e5n och med nu kommer bolaget att finnas i Skandinavien och Spanien, s\u00e4ger Alfons Claver.<\/p>\n<p>Till 2022 \u00f6kar antalet Norwegianflyg med tre i M\u00e1laga samt ytterligare tre i Alicante. Bolaget kommer att prioritera rutter mellan Norden och Spanien som ing\u00e5r i kortdistansprogrammet d\u00e4r totalt cirka 50 flygplan kommer att vara i drift 2021 f\u00f6r att sedan \u00f6ka till cirka 70 flygplan 2022. Det \u00e4r dock betydligt mindre j\u00e4mf\u00f6rt med 2019 d\u00e5 Norwegian hade en flotta p\u00e5 156 flygplan.<\/p>\n","protected":false},"excerpt":{"rendered":"<p>M\u00e1laga tillsammans med Alicante beskrivs som de viktigaste destinationerna i Spanien f\u00f6r l\u00e5gprisflygbolaget Norwegian. \u00c4ven om bolaget planerar att s\u00e4ga upp 1.191 anst\u00e4llda i Spanien kommer 215 att garanteras arbete i M\u00e1laga och Alicante. P\u00e5 m\u00e5ndagen kunde Svenska Magasinet ber\u00e4tta att Norwegian Air Shuttle de n\u00e4rmaste dagarna inleder samtal med 1.191 anst\u00e4llda i Spanien som [&hellip;]<\/p>\n","protected":false},"author":8,"featured_media":12234,"comment_status":"open","ping_status":"open","sticky":false,"template":"","format":"standard","meta":{"_et_pb_use_builder":"","_et_pb_old_content":"","_et_gb_content_width":"","footnotes":""},"categories":[395,3],"tags":[],"class_list":["post-12233","post","type-post","status-publish","format-standard","has-post-thumbnail","hentry","category-arkiv-nyheter","category-nyheter"],"yoast_head":"<!-- This site is optimized with the Yoast SEO Premium plugin v26.2 (Yoast SEO v27.4) - https:\/\/yoast.com\/product\/yoast-seo-premium-wordpress\/ -->\n<title>Norwegian planerar att v\u00e4xa i M\u00e1laga och Alicante - Svenska Magasinet<\/title>\n<meta name=\"robots\" content=\"noindex, follow, max-snippet:-1, max-image-preview:large, max-video-preview:-1\" \/>\n<meta property=\"og:locale\" content=\"sv_SE\" \/>\n<meta property=\"og:type\" content=\"article\" \/>\n<meta property=\"og:title\" content=\"Norwegian planerar att v\u00e4xa i M\u00e1laga och Alicante\" \/>\n<meta property=\"og:description\" content=\"M\u00e1laga tillsammans med Alicante beskrivs som de viktigaste destinationerna i Spanien f\u00f6r l\u00e5gprisflygbolaget Norwegian. \u00c4ven om bolaget planerar att s\u00e4ga upp 1.191 anst\u00e4llda i Spanien kommer 215 att garanteras arbete i M\u00e1laga och Alicante. P\u00e5 m\u00e5ndagen kunde Svenska Magasinet ber\u00e4tta att Norwegian Air Shuttle de n\u00e4rmaste dagarna inleder samtal med 1.191 anst\u00e4llda i Spanien som [&hellip;]\" \/>\n<meta property=\"og:url\" content=\"https:\/\/lightweb.dev\/l\/svm-temp\/nyheter\/norwegian-planerar-att-vaxa-i-malaga-och-alicante\/\" \/>\n<meta property=\"og:site_name\" content=\"Svenska Magasinet\" \/>\n<meta property=\"article:publisher\" content=\"https:\/\/www.facebook.com\/svenskamagasinet\" \/>\n<meta property=\"article:published_time\" content=\"2021-05-04T08:36:00+00:00\" \/>\n<meta property=\"og:image\" content=\"https:\/\/lightweb.dev\/l\/svm-temp\/wp-content\/uploads\/2022\/06\/norwegian-planerar-att-vaxa-i-malaga-och-alicante.png\" \/>\n\t<meta property=\"og:image:width\" content=\"500\" \/>\n\t<meta property=\"og:image:height\" content=\"300\" \/>\n\t<meta property=\"og:image:type\" content=\"image\/png\" \/>\n<meta name=\"author\" content=\"Redaktionen SvM\" \/>\n<meta name=\"twitter:card\" content=\"summary_large_image\" \/>\n<meta name=\"twitter:creator\" content=\"@SvenskaMagasine\" \/>\n<meta name=\"twitter:site\" content=\"@SvenskaMagasine\" \/>\n<script type=\"application\/ld+json\" class=\"yoast-schema-graph\">{\"@context\":\"https:\\\/\\\/schema.org\",\"@graph\":[{\"@type\":\"Article\",\"@id\":\"https:\\\/\\\/lightweb.dev\\\/l\\\/svm-temp\\\/nyheter\\\/norwegian-planerar-att-vaxa-i-malaga-och-alicante\\\/#article\",\"isPartOf\":{\"@id\":\"https:\\\/\\\/lightweb.dev\\\/l\\\/svm-temp\\\/nyheter\\\/norwegian-planerar-att-vaxa-i-malaga-och-alicante\\\/\"},\"author\":{\"name\":\"Redaktionen SvM\",\"@id\":\"https:\\\/\\\/lightweb.dev\\\/l\\\/svm-temp\\\/#\\\/schema\\\/person\\\/206a3bda5b607b0c25e1749191e4d837\"},\"headline\":\"Norwegian planerar att v\u00e4xa i M\u00e1laga och Alicante\",\"datePublished\":\"2021-05-04T08:36:00+00:00\",\"mainEntityOfPage\":{\"@id\":\"https:\\\/\\\/lightweb.dev\\\/l\\\/svm-temp\\\/nyheter\\\/norwegian-planerar-att-vaxa-i-malaga-och-alicante\\\/\"},\"wordCount\":276,\"commentCount\":0,\"publisher\":{\"@id\":\"https:\\\/\\\/lightweb.dev\\\/l\\\/svm-temp\\\/#organization\"},\"image\":{\"@id\":\"https:\\\/\\\/lightweb.dev\\\/l\\\/svm-temp\\\/nyheter\\\/norwegian-planerar-att-vaxa-i-malaga-och-alicante\\\/#primaryimage\"},\"thumbnailUrl\":\"https:\\\/\\\/lightweb.dev\\\/l\\\/svm-temp\\\/wp-content\\\/uploads\\\/2022\\\/06\\\/norwegian-planerar-att-vaxa-i-malaga-och-alicante.png\",\"articleSection\":[\"Arkiv\",\"Nyheter\"],\"inLanguage\":\"sv-SE\"},{\"@type\":\"WebPage\",\"@id\":\"https:\\\/\\\/lightweb.dev\\\/l\\\/svm-temp\\\/nyheter\\\/norwegian-planerar-att-vaxa-i-malaga-och-alicante\\\/\",\"url\":\"https:\\\/\\\/lightweb.dev\\\/l\\\/svm-temp\\\/nyheter\\\/norwegian-planerar-att-vaxa-i-malaga-och-alicante\\\/\",\"name\":\"Norwegian planerar att v\u00e4xa i M\u00e1laga och Alicante - Svenska Magasinet\",\"isPartOf\":{\"@id\":\"https:\\\/\\\/lightweb.dev\\\/l\\\/svm-temp\\\/#website\"},\"primaryImageOfPage\":{\"@id\":\"https:\\\/\\\/lightweb.dev\\\/l\\\/svm-temp\\\/nyheter\\\/norwegian-planerar-att-vaxa-i-malaga-och-alicante\\\/#primaryimage\"},\"image\":{\"@id\":\"https:\\\/\\\/lightweb.dev\\\/l\\\/svm-temp\\\/nyheter\\\/norwegian-planerar-att-vaxa-i-malaga-och-alicante\\\/#primaryimage\"},\"thumbnailUrl\":\"https:\\\/\\\/lightweb.dev\\\/l\\\/svm-temp\\\/wp-content\\\/uploads\\\/2022\\\/06\\\/norwegian-planerar-att-vaxa-i-malaga-och-alicante.png\",\"datePublished\":\"2021-05-04T08:36:00+00:00\",\"breadcrumb\":{\"@id\":\"https:\\\/\\\/lightweb.dev\\\/l\\\/svm-temp\\\/nyheter\\\/norwegian-planerar-att-vaxa-i-malaga-och-alicante\\\/#breadcrumb\"},\"inLanguage\":\"sv-SE\",\"potentialAction\":[{\"@type\":\"ReadAction\",\"target\":[\"https:\\\/\\\/lightweb.dev\\\/l\\\/svm-temp\\\/nyheter\\\/norwegian-planerar-att-vaxa-i-malaga-och-alicante\\\/\"]}]},{\"@type\":\"ImageObject\",\"inLanguage\":\"sv-SE\",\"@id\":\"https:\\\/\\\/lightweb.dev\\\/l\\\/svm-temp\\\/nyheter\\\/norwegian-planerar-att-vaxa-i-malaga-och-alicante\\\/#primaryimage\",\"url\":\"https:\\\/\\\/lightweb.dev\\\/l\\\/svm-temp\\\/wp-content\\\/uploads\\\/2022\\\/06\\\/norwegian-planerar-att-vaxa-i-malaga-och-alicante.png\",\"contentUrl\":\"https:\\\/\\\/lightweb.dev\\\/l\\\/svm-temp\\\/wp-content\\\/uploads\\\/2022\\\/06\\\/norwegian-planerar-att-vaxa-i-malaga-och-alicante.png\",\"width\":500,\"height\":300},{\"@type\":\"BreadcrumbList\",\"@id\":\"https:\\\/\\\/lightweb.dev\\\/l\\\/svm-temp\\\/nyheter\\\/norwegian-planerar-att-vaxa-i-malaga-och-alicante\\\/#breadcrumb\",\"itemListElement\":[{\"@type\":\"ListItem\",\"position\":1,\"name\":\"Hem\",\"item\":\"https:\\\/\\\/lightweb.dev\\\/l\\\/svm-temp\\\/\"},{\"@type\":\"ListItem\",\"position\":2,\"name\":\"Norwegian planerar att v\u00e4xa i M\u00e1laga och Alicante\"}]},{\"@type\":\"WebSite\",\"@id\":\"https:\\\/\\\/lightweb.dev\\\/l\\\/svm-temp\\\/#website\",\"url\":\"https:\\\/\\\/lightweb.dev\\\/l\\\/svm-temp\\\/\",\"name\":\"Svenska Magasinet\",\"description\":\"Dina Spanska nyheter p&aring; Svenska\",\"publisher\":{\"@id\":\"https:\\\/\\\/lightweb.dev\\\/l\\\/svm-temp\\\/#organization\"},\"potentialAction\":[{\"@type\":\"SearchAction\",\"target\":{\"@type\":\"EntryPoint\",\"urlTemplate\":\"https:\\\/\\\/lightweb.dev\\\/l\\\/svm-temp\\\/?s={search_term_string}\"},\"query-input\":{\"@type\":\"PropertyValueSpecification\",\"valueRequired\":true,\"valueName\":\"search_term_string\"}}],\"inLanguage\":\"sv-SE\"},{\"@type\":\"Organization\",\"@id\":\"https:\\\/\\\/lightweb.dev\\\/l\\\/svm-temp\\\/#organization\",\"name\":\"Melkerson y Nott SL\",\"alternateName\":\"Svenska Magasinet\",\"url\":\"https:\\\/\\\/lightweb.dev\\\/l\\\/svm-temp\\\/\",\"logo\":{\"@type\":\"ImageObject\",\"inLanguage\":\"sv-SE\",\"@id\":\"https:\\\/\\\/lightweb.dev\\\/l\\\/svm-temp\\\/#\\\/schema\\\/logo\\\/image\\\/\",\"url\":\"https:\\\/\\\/lightweb.dev\\\/l\\\/svm-temp\\\/wp-content\\\/uploads\\\/2025\\\/02\\\/SvM-logo-Xtra-Centrerad-SVART.png\",\"contentUrl\":\"https:\\\/\\\/lightweb.dev\\\/l\\\/svm-temp\\\/wp-content\\\/uploads\\\/2025\\\/02\\\/SvM-logo-Xtra-Centrerad-SVART.png\",\"width\":300,\"height\":99,\"caption\":\"Melkerson y Nott SL\"},\"image\":{\"@id\":\"https:\\\/\\\/lightweb.dev\\\/l\\\/svm-temp\\\/#\\\/schema\\\/logo\\\/image\\\/\"},\"sameAs\":[\"https:\\\/\\\/www.facebook.com\\\/svenskamagasinet\",\"https:\\\/\\\/x.com\\\/SvenskaMagasine\"]},{\"@type\":\"Person\",\"@id\":\"https:\\\/\\\/lightweb.dev\\\/l\\\/svm-temp\\\/#\\\/schema\\\/person\\\/206a3bda5b607b0c25e1749191e4d837\",\"name\":\"Redaktionen SvM\",\"description\":\"Redaktionen\",\"sameAs\":[\"https:\\\/\\\/lightweb.dev\\\/l\\\/svm-temp\"],\"url\":\"https:\\\/\\\/lightweb.dev\\\/l\\\/svm-temp\\\/reporter\\\/redaktionen\\\/\"}]}<\/script>\n<!-- \/ Yoast SEO Premium plugin. -->","yoast_head_json":{"title":"Norwegian planerar att v\u00e4xa i M\u00e1laga och Alicante - Svenska Magasinet","robots":{"index":"noindex","follow":"follow","max-snippet":"max-snippet:-1","max-image-preview":"max-image-preview:large","max-video-preview":"max-video-preview:-1"},"og_locale":"sv_SE","og_type":"article","og_title":"Norwegian planerar att v\u00e4xa i M\u00e1laga och Alicante","og_description":"M\u00e1laga tillsammans med Alicante beskrivs som de viktigaste destinationerna i Spanien f\u00f6r l\u00e5gprisflygbolaget Norwegian. \u00c4ven om bolaget planerar att s\u00e4ga upp 1.191 anst\u00e4llda i Spanien kommer 215 att garanteras arbete i M\u00e1laga och Alicante. P\u00e5 m\u00e5ndagen kunde Svenska Magasinet ber\u00e4tta att Norwegian Air Shuttle de n\u00e4rmaste dagarna inleder samtal med 1.191 anst\u00e4llda i Spanien som [&hellip;]","og_url":"https:\/\/lightweb.dev\/l\/svm-temp\/nyheter\/norwegian-planerar-att-vaxa-i-malaga-och-alicante\/","og_site_name":"Svenska Magasinet","article_publisher":"https:\/\/www.facebook.com\/svenskamagasinet","article_published_time":"2021-05-04T08:36:00+00:00","og_image":[{"width":500,"height":300,"url":"https:\/\/lightweb.dev\/l\/svm-temp\/wp-content\/uploads\/2022\/06\/norwegian-planerar-att-vaxa-i-malaga-och-alicante.png","type":"image\/png"}],"author":"Redaktionen SvM","twitter_card":"summary_large_image","twitter_creator":"@SvenskaMagasine","twitter_site":"@SvenskaMagasine","schema":{"@context":"https:\/\/schema.org","@graph":[{"@type":"Article","@id":"https:\/\/lightweb.dev\/l\/svm-temp\/nyheter\/norwegian-planerar-att-vaxa-i-malaga-och-alicante\/#article","isPartOf":{"@id":"https:\/\/lightweb.dev\/l\/svm-temp\/nyheter\/norwegian-planerar-att-vaxa-i-malaga-och-alicante\/"},"author":{"name":"Redaktionen SvM","@id":"https:\/\/lightweb.dev\/l\/svm-temp\/#\/schema\/person\/206a3bda5b607b0c25e1749191e4d837"},"headline":"Norwegian planerar att v\u00e4xa i M\u00e1laga och Alicante","datePublished":"2021-05-04T08:36:00+00:00","mainEntityOfPage":{"@id":"https:\/\/lightweb.dev\/l\/svm-temp\/nyheter\/norwegian-planerar-att-vaxa-i-malaga-och-alicante\/"},"wordCount":276,"commentCount":0,"publisher":{"@id":"https:\/\/lightweb.dev\/l\/svm-temp\/#organization"},"image":{"@id":"https:\/\/lightweb.dev\/l\/svm-temp\/nyheter\/norwegian-planerar-att-vaxa-i-malaga-och-alicante\/#primaryimage"},"thumbnailUrl":"https:\/\/lightweb.dev\/l\/svm-temp\/wp-content\/uploads\/2022\/06\/norwegian-planerar-att-vaxa-i-malaga-och-alicante.png","articleSection":["Arkiv","Nyheter"],"inLanguage":"sv-SE"},{"@type":"WebPage","@id":"https:\/\/lightweb.dev\/l\/svm-temp\/nyheter\/norwegian-planerar-att-vaxa-i-malaga-och-alicante\/","url":"https:\/\/lightweb.dev\/l\/svm-temp\/nyheter\/norwegian-planerar-att-vaxa-i-malaga-och-alicante\/","name":"Norwegian planerar att v\u00e4xa i M\u00e1laga och Alicante - Svenska Magasinet","isPartOf":{"@id":"https:\/\/lightweb.dev\/l\/svm-temp\/#website"},"primaryImageOfPage":{"@id":"https:\/\/lightweb.dev\/l\/svm-temp\/nyheter\/norwegian-planerar-att-vaxa-i-malaga-och-alicante\/#primaryimage"},"image":{"@id":"https:\/\/lightweb.dev\/l\/svm-temp\/nyheter\/norwegian-planerar-att-vaxa-i-malaga-och-alicante\/#primaryimage"},"thumbnailUrl":"https:\/\/lightweb.dev\/l\/svm-temp\/wp-content\/uploads\/2022\/06\/norwegian-planerar-att-vaxa-i-malaga-och-alicante.png","datePublished":"2021-05-04T08:36:00+00:00","breadcrumb":{"@id":"https:\/\/lightweb.dev\/l\/svm-temp\/nyheter\/norwegian-planerar-att-vaxa-i-malaga-och-alicante\/#breadcrumb"},"inLanguage":"sv-SE","potentialAction":[{"@type":"ReadAction","target":["https:\/\/lightweb.dev\/l\/svm-temp\/nyheter\/norwegian-planerar-att-vaxa-i-malaga-och-alicante\/"]}]},{"@type":"ImageObject","inLanguage":"sv-SE","@id":"https:\/\/lightweb.dev\/l\/svm-temp\/nyheter\/norwegian-planerar-att-vaxa-i-malaga-och-alicante\/#primaryimage","url":"https:\/\/lightweb.dev\/l\/svm-temp\/wp-content\/uploads\/2022\/06\/norwegian-planerar-att-vaxa-i-malaga-och-alicante.png","contentUrl":"https:\/\/lightweb.dev\/l\/svm-temp\/wp-content\/uploads\/2022\/06\/norwegian-planerar-att-vaxa-i-malaga-och-alicante.png","width":500,"height":300},{"@type":"BreadcrumbList","@id":"https:\/\/lightweb.dev\/l\/svm-temp\/nyheter\/norwegian-planerar-att-vaxa-i-malaga-och-alicante\/#breadcrumb","itemListElement":[{"@type":"ListItem","position":1,"name":"Hem","item":"https:\/\/lightweb.dev\/l\/svm-temp\/"},{"@type":"ListItem","position":2,"name":"Norwegian planerar att v\u00e4xa i M\u00e1laga och Alicante"}]},{"@type":"WebSite","@id":"https:\/\/lightweb.dev\/l\/svm-temp\/#website","url":"https:\/\/lightweb.dev\/l\/svm-temp\/","name":"Svenska Magasinet","description":"Dina Spanska nyheter p&aring; Svenska","publisher":{"@id":"https:\/\/lightweb.dev\/l\/svm-temp\/#organization"},"potentialAction":[{"@type":"SearchAction","target":{"@type":"EntryPoint","urlTemplate":"https:\/\/lightweb.dev\/l\/svm-temp\/?s={search_term_string}"},"query-input":{"@type":"PropertyValueSpecification","valueRequired":true,"valueName":"search_term_string"}}],"inLanguage":"sv-SE"},{"@type":"Organization","@id":"https:\/\/lightweb.dev\/l\/svm-temp\/#organization","name":"Melkerson y Nott SL","alternateName":"Svenska Magasinet","url":"https:\/\/lightweb.dev\/l\/svm-temp\/","logo":{"@type":"ImageObject","inLanguage":"sv-SE","@id":"https:\/\/lightweb.dev\/l\/svm-temp\/#\/schema\/logo\/image\/","url":"https:\/\/lightweb.dev\/l\/svm-temp\/wp-content\/uploads\/2025\/02\/SvM-logo-Xtra-Centrerad-SVART.png","contentUrl":"https:\/\/lightweb.dev\/l\/svm-temp\/wp-content\/uploads\/2025\/02\/SvM-logo-Xtra-Centrerad-SVART.png","width":300,"height":99,"caption":"Melkerson y Nott SL"},"image":{"@id":"https:\/\/lightweb.dev\/l\/svm-temp\/#\/schema\/logo\/image\/"},"sameAs":["https:\/\/www.facebook.com\/svenskamagasinet","https:\/\/x.com\/SvenskaMagasine"]},{"@type":"Person","@id":"https:\/\/lightweb.dev\/l\/svm-temp\/#\/schema\/person\/206a3bda5b607b0c25e1749191e4d837","name":"Redaktionen SvM","description":"Redaktionen","sameAs":["https:\/\/lightweb.dev\/l\/svm-temp"],"url":"https:\/\/lightweb.dev\/l\/svm-temp\/reporter\/redaktionen\/"}]}},"_links":{"self":[{"href":"https:\/\/lightweb.dev\/l\/svm-temp\/wp-json\/wp\/v2\/posts\/12233","targetHints":{"allow":["GET"]}}],"collection":[{"href":"https:\/\/lightweb.dev\/l\/svm-temp\/wp-json\/wp\/v2\/posts"}],"about":[{"href":"https:\/\/lightweb.dev\/l\/svm-temp\/wp-json\/wp\/v2\/types\/post"}],"author":[{"embeddable":true,"href":"https:\/\/lightweb.dev\/l\/svm-temp\/wp-json\/wp\/v2\/users\/8"}],"replies":[{"embeddable":true,"href":"https:\/\/lightweb.dev\/l\/svm-temp\/wp-json\/wp\/v2\/comments?post=12233"}],"version-history":[{"count":0,"href":"https:\/\/lightweb.dev\/l\/svm-temp\/wp-json\/wp\/v2\/posts\/12233\/revisions"}],"wp:featuredmedia":[{"embeddable":true,"href":"https:\/\/lightweb.dev\/l\/svm-temp\/wp-json\/wp\/v2\/media\/12234"}],"wp:attachment":[{"href":"https:\/\/lightweb.dev\/l\/svm-temp\/wp-json\/wp\/v2\/media?parent=12233"}],"wp:term":[{"taxonomy":"category","embeddable":true,"href":"https:\/\/lightweb.dev\/l\/svm-temp\/wp-json\/wp\/v2\/categories?post=12233"},{"taxonomy":"post_tag","embeddable":true,"href":"https:\/\/lightweb.dev\/l\/svm-temp\/wp-json\/wp\/v2\/tags?post=12233"}],"curies":[{"name":"wp","href":"https:\/\/api.w.org\/{rel}","templated":true}]}}