{"id":12235,"date":"2021-05-04T11:16:00","date_gmt":"2021-05-04T09:16:00","guid":{"rendered":"https:\/\/lightweb.dev\/l\/svm-temp\/nyheter\/nytt-hamnprojekt-med-att-ta-emot-31-lyxjakter\/"},"modified":"2021-05-04T11:16:00","modified_gmt":"2021-05-04T09:16:00","slug":"nytt-hamnprojekt-med-att-ta-emot-31-lyxjakter","status":"publish","type":"post","link":"https:\/\/lightweb.dev\/l\/svm-temp\/nyheter\/nytt-hamnprojekt-med-att-ta-emot-31-lyxjakter\/","title":{"rendered":"Nytt hamnprojekt med att ta emot 31 lyxjakter"},"content":{"rendered":"<p> Nu inleds arbetena med att g\u00f6ra om pir 1 och pir 2 f\u00f6r 31 lyxjakter upp till 180 meter l\u00e5nga. Det beskrivs som ett viktigt projekt f\u00f6r M\u00e1laga f\u00f6r att v\u00e4lkomna n\u00e5gra av v\u00e4rldens fr\u00e4msta lyxjakter.<\/p>\n<p>Projektet f\u00f6ddes redan 2015 med den d\u00e5varande hamnchefen Paulino Plata som f\u00f6reslog att hamnbass\u00e4ngen och pir 1 och pir 2 skulle g\u00f6ras om, och servicen skulle f\u00f6rb\u00e4ttras f\u00f6r fritidsb\u00e5tar och lyxjakter.<\/p>\n<p>Vid en presstr\u00e4ff p\u00e5 m\u00e5ndagen presenterades det nya projektet som nu inleds och kommer att p\u00e5g\u00e5r \u00f6ver \u00e5tta m\u00e5nader. Det \u00e4r hamn omr\u00e5det och pirerna framf\u00f6r museet Pompidou som ska anpassas till lyxjakter.<\/p>\n<p>Det handlar om en investering p\u00e5 elva miljoner euro. Hamnen ska kunna erbjuda all den service i form av elektricitet, vatten och s\u00e4kerhet som lyxjakterna \u00e4r i behov av n\u00e4r de l\u00e4gger till. <\/p>\n<p>Med projektet kan st\u00f6rre lyxjakter som tidigare lagt till i London, Italien och New York \u00e4ven l\u00e4gga till i M\u00e1laga, s\u00e4ger presidenten f\u00f6r Marina M\u00e1laga, Jos\u00e9 Luis Almaz\u00e1n.<\/p>\n<p>&#8211; Vi hoppas p\u00e5 de f\u00f6rsta lyxjakterna till Semana Santa 2022.<\/p>\n<p>Enligt ber\u00e4kningar kommer projektet att generera 100 miljoner euro och minst 800 arbetstillf\u00e4llen.<\/p>\n<p>Under g\u00e5rdagen kom ocks\u00e5 beskedet att M\u00e1laga \u00f6ppnar upp f\u00f6r kryssningsfartyg fr\u00e5n juni m\u00e5nad. Intresset fr\u00e5n flera rederier \u00e4r stort.<\/p>\n","protected":false},"excerpt":{"rendered":"<p>Nu inleds arbetena med att g\u00f6ra om pir 1 och pir 2 f\u00f6r 31 lyxjakter upp till 180 meter l\u00e5nga. Det beskrivs som ett viktigt projekt f\u00f6r M\u00e1laga f\u00f6r att v\u00e4lkomna n\u00e5gra av v\u00e4rldens fr\u00e4msta lyxjakter. Projektet f\u00f6ddes redan 2015 med den d\u00e5varande hamnchefen Paulino Plata som f\u00f6reslog att hamnbass\u00e4ngen och pir 1 och pir [&hellip;]<\/p>\n","protected":false},"author":8,"featured_media":12236,"comment_status":"open","ping_status":"open","sticky":false,"template":"","format":"standard","meta":{"_et_pb_use_builder":"","_et_pb_old_content":"","_et_gb_content_width":"","footnotes":""},"categories":[395,3],"tags":[],"class_list":["post-12235","post","type-post","status-publish","format-standard","has-post-thumbnail","hentry","category-arkiv-nyheter","category-nyheter"],"yoast_head":"<!-- This site is optimized with the Yoast SEO Premium plugin v26.2 (Yoast SEO v27.4) - https:\/\/yoast.com\/product\/yoast-seo-premium-wordpress\/ -->\n<title>Nytt hamnprojekt med att ta emot 31 lyxjakter - Svenska Magasinet<\/title>\n<meta name=\"robots\" content=\"noindex, follow, max-snippet:-1, max-image-preview:large, max-video-preview:-1\" \/>\n<meta property=\"og:locale\" content=\"sv_SE\" \/>\n<meta property=\"og:type\" content=\"article\" \/>\n<meta property=\"og:title\" content=\"Nytt hamnprojekt med att ta emot 31 lyxjakter\" \/>\n<meta property=\"og:description\" content=\"Nu inleds arbetena med att g\u00f6ra om pir 1 och pir 2 f\u00f6r 31 lyxjakter upp till 180 meter l\u00e5nga. Det beskrivs som ett viktigt projekt f\u00f6r M\u00e1laga f\u00f6r att v\u00e4lkomna n\u00e5gra av v\u00e4rldens fr\u00e4msta lyxjakter. Projektet f\u00f6ddes redan 2015 med den d\u00e5varande hamnchefen Paulino Plata som f\u00f6reslog att hamnbass\u00e4ngen och pir 1 och pir [&hellip;]\" \/>\n<meta property=\"og:url\" content=\"https:\/\/lightweb.dev\/l\/svm-temp\/nyheter\/nytt-hamnprojekt-med-att-ta-emot-31-lyxjakter\/\" \/>\n<meta property=\"og:site_name\" content=\"Svenska Magasinet\" \/>\n<meta property=\"article:publisher\" content=\"https:\/\/www.facebook.com\/svenskamagasinet\" \/>\n<meta property=\"article:published_time\" content=\"2021-05-04T09:16:00+00:00\" \/>\n<meta property=\"og:image\" content=\"https:\/\/lightweb.dev\/l\/svm-temp\/wp-content\/uploads\/2022\/06\/nytt-hamnprojekt-med-att-ta-emot-31-lyxjakter.png\" \/>\n\t<meta property=\"og:image:width\" content=\"500\" \/>\n\t<meta property=\"og:image:height\" content=\"300\" \/>\n\t<meta property=\"og:image:type\" content=\"image\/png\" \/>\n<meta name=\"author\" content=\"Redaktionen SvM\" \/>\n<meta name=\"twitter:card\" content=\"summary_large_image\" \/>\n<meta name=\"twitter:creator\" content=\"@SvenskaMagasine\" \/>\n<meta name=\"twitter:site\" content=\"@SvenskaMagasine\" \/>\n<script type=\"application\/ld+json\" class=\"yoast-schema-graph\">{\"@context\":\"https:\\\/\\\/schema.org\",\"@graph\":[{\"@type\":\"Article\",\"@id\":\"https:\\\/\\\/lightweb.dev\\\/l\\\/svm-temp\\\/nyheter\\\/nytt-hamnprojekt-med-att-ta-emot-31-lyxjakter\\\/#article\",\"isPartOf\":{\"@id\":\"https:\\\/\\\/lightweb.dev\\\/l\\\/svm-temp\\\/nyheter\\\/nytt-hamnprojekt-med-att-ta-emot-31-lyxjakter\\\/\"},\"author\":{\"name\":\"Redaktionen SvM\",\"@id\":\"https:\\\/\\\/lightweb.dev\\\/l\\\/svm-temp\\\/#\\\/schema\\\/person\\\/206a3bda5b607b0c25e1749191e4d837\"},\"headline\":\"Nytt hamnprojekt med att ta emot 31 lyxjakter\",\"datePublished\":\"2021-05-04T09:16:00+00:00\",\"mainEntityOfPage\":{\"@id\":\"https:\\\/\\\/lightweb.dev\\\/l\\\/svm-temp\\\/nyheter\\\/nytt-hamnprojekt-med-att-ta-emot-31-lyxjakter\\\/\"},\"wordCount\":247,\"commentCount\":0,\"publisher\":{\"@id\":\"https:\\\/\\\/lightweb.dev\\\/l\\\/svm-temp\\\/#organization\"},\"image\":{\"@id\":\"https:\\\/\\\/lightweb.dev\\\/l\\\/svm-temp\\\/nyheter\\\/nytt-hamnprojekt-med-att-ta-emot-31-lyxjakter\\\/#primaryimage\"},\"thumbnailUrl\":\"https:\\\/\\\/lightweb.dev\\\/l\\\/svm-temp\\\/wp-content\\\/uploads\\\/2022\\\/06\\\/nytt-hamnprojekt-med-att-ta-emot-31-lyxjakter.png\",\"articleSection\":[\"Arkiv\",\"Nyheter\"],\"inLanguage\":\"sv-SE\"},{\"@type\":\"WebPage\",\"@id\":\"https:\\\/\\\/lightweb.dev\\\/l\\\/svm-temp\\\/nyheter\\\/nytt-hamnprojekt-med-att-ta-emot-31-lyxjakter\\\/\",\"url\":\"https:\\\/\\\/lightweb.dev\\\/l\\\/svm-temp\\\/nyheter\\\/nytt-hamnprojekt-med-att-ta-emot-31-lyxjakter\\\/\",\"name\":\"Nytt hamnprojekt med att ta emot 31 lyxjakter - Svenska Magasinet\",\"isPartOf\":{\"@id\":\"https:\\\/\\\/lightweb.dev\\\/l\\\/svm-temp\\\/#website\"},\"primaryImageOfPage\":{\"@id\":\"https:\\\/\\\/lightweb.dev\\\/l\\\/svm-temp\\\/nyheter\\\/nytt-hamnprojekt-med-att-ta-emot-31-lyxjakter\\\/#primaryimage\"},\"image\":{\"@id\":\"https:\\\/\\\/lightweb.dev\\\/l\\\/svm-temp\\\/nyheter\\\/nytt-hamnprojekt-med-att-ta-emot-31-lyxjakter\\\/#primaryimage\"},\"thumbnailUrl\":\"https:\\\/\\\/lightweb.dev\\\/l\\\/svm-temp\\\/wp-content\\\/uploads\\\/2022\\\/06\\\/nytt-hamnprojekt-med-att-ta-emot-31-lyxjakter.png\",\"datePublished\":\"2021-05-04T09:16:00+00:00\",\"breadcrumb\":{\"@id\":\"https:\\\/\\\/lightweb.dev\\\/l\\\/svm-temp\\\/nyheter\\\/nytt-hamnprojekt-med-att-ta-emot-31-lyxjakter\\\/#breadcrumb\"},\"inLanguage\":\"sv-SE\",\"potentialAction\":[{\"@type\":\"ReadAction\",\"target\":[\"https:\\\/\\\/lightweb.dev\\\/l\\\/svm-temp\\\/nyheter\\\/nytt-hamnprojekt-med-att-ta-emot-31-lyxjakter\\\/\"]}]},{\"@type\":\"ImageObject\",\"inLanguage\":\"sv-SE\",\"@id\":\"https:\\\/\\\/lightweb.dev\\\/l\\\/svm-temp\\\/nyheter\\\/nytt-hamnprojekt-med-att-ta-emot-31-lyxjakter\\\/#primaryimage\",\"url\":\"https:\\\/\\\/lightweb.dev\\\/l\\\/svm-temp\\\/wp-content\\\/uploads\\\/2022\\\/06\\\/nytt-hamnprojekt-med-att-ta-emot-31-lyxjakter.png\",\"contentUrl\":\"https:\\\/\\\/lightweb.dev\\\/l\\\/svm-temp\\\/wp-content\\\/uploads\\\/2022\\\/06\\\/nytt-hamnprojekt-med-att-ta-emot-31-lyxjakter.png\",\"width\":500,\"height\":300},{\"@type\":\"BreadcrumbList\",\"@id\":\"https:\\\/\\\/lightweb.dev\\\/l\\\/svm-temp\\\/nyheter\\\/nytt-hamnprojekt-med-att-ta-emot-31-lyxjakter\\\/#breadcrumb\",\"itemListElement\":[{\"@type\":\"ListItem\",\"position\":1,\"name\":\"Hem\",\"item\":\"https:\\\/\\\/lightweb.dev\\\/l\\\/svm-temp\\\/\"},{\"@type\":\"ListItem\",\"position\":2,\"name\":\"Nytt hamnprojekt med att ta emot 31 lyxjakter\"}]},{\"@type\":\"WebSite\",\"@id\":\"https:\\\/\\\/lightweb.dev\\\/l\\\/svm-temp\\\/#website\",\"url\":\"https:\\\/\\\/lightweb.dev\\\/l\\\/svm-temp\\\/\",\"name\":\"Svenska Magasinet\",\"description\":\"Dina Spanska nyheter p&aring; Svenska\",\"publisher\":{\"@id\":\"https:\\\/\\\/lightweb.dev\\\/l\\\/svm-temp\\\/#organization\"},\"potentialAction\":[{\"@type\":\"SearchAction\",\"target\":{\"@type\":\"EntryPoint\",\"urlTemplate\":\"https:\\\/\\\/lightweb.dev\\\/l\\\/svm-temp\\\/?s={search_term_string}\"},\"query-input\":{\"@type\":\"PropertyValueSpecification\",\"valueRequired\":true,\"valueName\":\"search_term_string\"}}],\"inLanguage\":\"sv-SE\"},{\"@type\":\"Organization\",\"@id\":\"https:\\\/\\\/lightweb.dev\\\/l\\\/svm-temp\\\/#organization\",\"name\":\"Melkerson y Nott SL\",\"alternateName\":\"Svenska Magasinet\",\"url\":\"https:\\\/\\\/lightweb.dev\\\/l\\\/svm-temp\\\/\",\"logo\":{\"@type\":\"ImageObject\",\"inLanguage\":\"sv-SE\",\"@id\":\"https:\\\/\\\/lightweb.dev\\\/l\\\/svm-temp\\\/#\\\/schema\\\/logo\\\/image\\\/\",\"url\":\"https:\\\/\\\/lightweb.dev\\\/l\\\/svm-temp\\\/wp-content\\\/uploads\\\/2025\\\/02\\\/SvM-logo-Xtra-Centrerad-SVART.png\",\"contentUrl\":\"https:\\\/\\\/lightweb.dev\\\/l\\\/svm-temp\\\/wp-content\\\/uploads\\\/2025\\\/02\\\/SvM-logo-Xtra-Centrerad-SVART.png\",\"width\":300,\"height\":99,\"caption\":\"Melkerson y Nott SL\"},\"image\":{\"@id\":\"https:\\\/\\\/lightweb.dev\\\/l\\\/svm-temp\\\/#\\\/schema\\\/logo\\\/image\\\/\"},\"sameAs\":[\"https:\\\/\\\/www.facebook.com\\\/svenskamagasinet\",\"https:\\\/\\\/x.com\\\/SvenskaMagasine\"]},{\"@type\":\"Person\",\"@id\":\"https:\\\/\\\/lightweb.dev\\\/l\\\/svm-temp\\\/#\\\/schema\\\/person\\\/206a3bda5b607b0c25e1749191e4d837\",\"name\":\"Redaktionen SvM\",\"description\":\"Redaktionen\",\"sameAs\":[\"https:\\\/\\\/lightweb.dev\\\/l\\\/svm-temp\"],\"url\":\"https:\\\/\\\/lightweb.dev\\\/l\\\/svm-temp\\\/reporter\\\/redaktionen\\\/\"}]}<\/script>\n<!-- \/ Yoast SEO Premium plugin. -->","yoast_head_json":{"title":"Nytt hamnprojekt med att ta emot 31 lyxjakter - Svenska Magasinet","robots":{"index":"noindex","follow":"follow","max-snippet":"max-snippet:-1","max-image-preview":"max-image-preview:large","max-video-preview":"max-video-preview:-1"},"og_locale":"sv_SE","og_type":"article","og_title":"Nytt hamnprojekt med att ta emot 31 lyxjakter","og_description":"Nu inleds arbetena med att g\u00f6ra om pir 1 och pir 2 f\u00f6r 31 lyxjakter upp till 180 meter l\u00e5nga. Det beskrivs som ett viktigt projekt f\u00f6r M\u00e1laga f\u00f6r att v\u00e4lkomna n\u00e5gra av v\u00e4rldens fr\u00e4msta lyxjakter. Projektet f\u00f6ddes redan 2015 med den d\u00e5varande hamnchefen Paulino Plata som f\u00f6reslog att hamnbass\u00e4ngen och pir 1 och pir [&hellip;]","og_url":"https:\/\/lightweb.dev\/l\/svm-temp\/nyheter\/nytt-hamnprojekt-med-att-ta-emot-31-lyxjakter\/","og_site_name":"Svenska Magasinet","article_publisher":"https:\/\/www.facebook.com\/svenskamagasinet","article_published_time":"2021-05-04T09:16:00+00:00","og_image":[{"width":500,"height":300,"url":"https:\/\/lightweb.dev\/l\/svm-temp\/wp-content\/uploads\/2022\/06\/nytt-hamnprojekt-med-att-ta-emot-31-lyxjakter.png","type":"image\/png"}],"author":"Redaktionen SvM","twitter_card":"summary_large_image","twitter_creator":"@SvenskaMagasine","twitter_site":"@SvenskaMagasine","schema":{"@context":"https:\/\/schema.org","@graph":[{"@type":"Article","@id":"https:\/\/lightweb.dev\/l\/svm-temp\/nyheter\/nytt-hamnprojekt-med-att-ta-emot-31-lyxjakter\/#article","isPartOf":{"@id":"https:\/\/lightweb.dev\/l\/svm-temp\/nyheter\/nytt-hamnprojekt-med-att-ta-emot-31-lyxjakter\/"},"author":{"name":"Redaktionen SvM","@id":"https:\/\/lightweb.dev\/l\/svm-temp\/#\/schema\/person\/206a3bda5b607b0c25e1749191e4d837"},"headline":"Nytt hamnprojekt med att ta emot 31 lyxjakter","datePublished":"2021-05-04T09:16:00+00:00","mainEntityOfPage":{"@id":"https:\/\/lightweb.dev\/l\/svm-temp\/nyheter\/nytt-hamnprojekt-med-att-ta-emot-31-lyxjakter\/"},"wordCount":247,"commentCount":0,"publisher":{"@id":"https:\/\/lightweb.dev\/l\/svm-temp\/#organization"},"image":{"@id":"https:\/\/lightweb.dev\/l\/svm-temp\/nyheter\/nytt-hamnprojekt-med-att-ta-emot-31-lyxjakter\/#primaryimage"},"thumbnailUrl":"https:\/\/lightweb.dev\/l\/svm-temp\/wp-content\/uploads\/2022\/06\/nytt-hamnprojekt-med-att-ta-emot-31-lyxjakter.png","articleSection":["Arkiv","Nyheter"],"inLanguage":"sv-SE"},{"@type":"WebPage","@id":"https:\/\/lightweb.dev\/l\/svm-temp\/nyheter\/nytt-hamnprojekt-med-att-ta-emot-31-lyxjakter\/","url":"https:\/\/lightweb.dev\/l\/svm-temp\/nyheter\/nytt-hamnprojekt-med-att-ta-emot-31-lyxjakter\/","name":"Nytt hamnprojekt med att ta emot 31 lyxjakter - Svenska Magasinet","isPartOf":{"@id":"https:\/\/lightweb.dev\/l\/svm-temp\/#website"},"primaryImageOfPage":{"@id":"https:\/\/lightweb.dev\/l\/svm-temp\/nyheter\/nytt-hamnprojekt-med-att-ta-emot-31-lyxjakter\/#primaryimage"},"image":{"@id":"https:\/\/lightweb.dev\/l\/svm-temp\/nyheter\/nytt-hamnprojekt-med-att-ta-emot-31-lyxjakter\/#primaryimage"},"thumbnailUrl":"https:\/\/lightweb.dev\/l\/svm-temp\/wp-content\/uploads\/2022\/06\/nytt-hamnprojekt-med-att-ta-emot-31-lyxjakter.png","datePublished":"2021-05-04T09:16:00+00:00","breadcrumb":{"@id":"https:\/\/lightweb.dev\/l\/svm-temp\/nyheter\/nytt-hamnprojekt-med-att-ta-emot-31-lyxjakter\/#breadcrumb"},"inLanguage":"sv-SE","potentialAction":[{"@type":"ReadAction","target":["https:\/\/lightweb.dev\/l\/svm-temp\/nyheter\/nytt-hamnprojekt-med-att-ta-emot-31-lyxjakter\/"]}]},{"@type":"ImageObject","inLanguage":"sv-SE","@id":"https:\/\/lightweb.dev\/l\/svm-temp\/nyheter\/nytt-hamnprojekt-med-att-ta-emot-31-lyxjakter\/#primaryimage","url":"https:\/\/lightweb.dev\/l\/svm-temp\/wp-content\/uploads\/2022\/06\/nytt-hamnprojekt-med-att-ta-emot-31-lyxjakter.png","contentUrl":"https:\/\/lightweb.dev\/l\/svm-temp\/wp-content\/uploads\/2022\/06\/nytt-hamnprojekt-med-att-ta-emot-31-lyxjakter.png","width":500,"height":300},{"@type":"BreadcrumbList","@id":"https:\/\/lightweb.dev\/l\/svm-temp\/nyheter\/nytt-hamnprojekt-med-att-ta-emot-31-lyxjakter\/#breadcrumb","itemListElement":[{"@type":"ListItem","position":1,"name":"Hem","item":"https:\/\/lightweb.dev\/l\/svm-temp\/"},{"@type":"ListItem","position":2,"name":"Nytt hamnprojekt med att ta emot 31 lyxjakter"}]},{"@type":"WebSite","@id":"https:\/\/lightweb.dev\/l\/svm-temp\/#website","url":"https:\/\/lightweb.dev\/l\/svm-temp\/","name":"Svenska Magasinet","description":"Dina Spanska nyheter p&aring; Svenska","publisher":{"@id":"https:\/\/lightweb.dev\/l\/svm-temp\/#organization"},"potentialAction":[{"@type":"SearchAction","target":{"@type":"EntryPoint","urlTemplate":"https:\/\/lightweb.dev\/l\/svm-temp\/?s={search_term_string}"},"query-input":{"@type":"PropertyValueSpecification","valueRequired":true,"valueName":"search_term_string"}}],"inLanguage":"sv-SE"},{"@type":"Organization","@id":"https:\/\/lightweb.dev\/l\/svm-temp\/#organization","name":"Melkerson y Nott SL","alternateName":"Svenska Magasinet","url":"https:\/\/lightweb.dev\/l\/svm-temp\/","logo":{"@type":"ImageObject","inLanguage":"sv-SE","@id":"https:\/\/lightweb.dev\/l\/svm-temp\/#\/schema\/logo\/image\/","url":"https:\/\/lightweb.dev\/l\/svm-temp\/wp-content\/uploads\/2025\/02\/SvM-logo-Xtra-Centrerad-SVART.png","contentUrl":"https:\/\/lightweb.dev\/l\/svm-temp\/wp-content\/uploads\/2025\/02\/SvM-logo-Xtra-Centrerad-SVART.png","width":300,"height":99,"caption":"Melkerson y Nott SL"},"image":{"@id":"https:\/\/lightweb.dev\/l\/svm-temp\/#\/schema\/logo\/image\/"},"sameAs":["https:\/\/www.facebook.com\/svenskamagasinet","https:\/\/x.com\/SvenskaMagasine"]},{"@type":"Person","@id":"https:\/\/lightweb.dev\/l\/svm-temp\/#\/schema\/person\/206a3bda5b607b0c25e1749191e4d837","name":"Redaktionen SvM","description":"Redaktionen","sameAs":["https:\/\/lightweb.dev\/l\/svm-temp"],"url":"https:\/\/lightweb.dev\/l\/svm-temp\/reporter\/redaktionen\/"}]}},"_links":{"self":[{"href":"https:\/\/lightweb.dev\/l\/svm-temp\/wp-json\/wp\/v2\/posts\/12235","targetHints":{"allow":["GET"]}}],"collection":[{"href":"https:\/\/lightweb.dev\/l\/svm-temp\/wp-json\/wp\/v2\/posts"}],"about":[{"href":"https:\/\/lightweb.dev\/l\/svm-temp\/wp-json\/wp\/v2\/types\/post"}],"author":[{"embeddable":true,"href":"https:\/\/lightweb.dev\/l\/svm-temp\/wp-json\/wp\/v2\/users\/8"}],"replies":[{"embeddable":true,"href":"https:\/\/lightweb.dev\/l\/svm-temp\/wp-json\/wp\/v2\/comments?post=12235"}],"version-history":[{"count":0,"href":"https:\/\/lightweb.dev\/l\/svm-temp\/wp-json\/wp\/v2\/posts\/12235\/revisions"}],"wp:featuredmedia":[{"embeddable":true,"href":"https:\/\/lightweb.dev\/l\/svm-temp\/wp-json\/wp\/v2\/media\/12236"}],"wp:attachment":[{"href":"https:\/\/lightweb.dev\/l\/svm-temp\/wp-json\/wp\/v2\/media?parent=12235"}],"wp:term":[{"taxonomy":"category","embeddable":true,"href":"https:\/\/lightweb.dev\/l\/svm-temp\/wp-json\/wp\/v2\/categories?post=12235"},{"taxonomy":"post_tag","embeddable":true,"href":"https:\/\/lightweb.dev\/l\/svm-temp\/wp-json\/wp\/v2\/tags?post=12235"}],"curies":[{"name":"wp","href":"https:\/\/api.w.org\/{rel}","templated":true}]}}