{"id":12241,"date":"2021-05-03T10:41:00","date_gmt":"2021-05-03T08:41:00","guid":{"rendered":"https:\/\/lightweb.dev\/l\/svm-temp\/nyheter\/pressfrihetens-dag-polarisering-och-brist-pa-oppenhet-i-spanien\/"},"modified":"2021-05-03T10:41:00","modified_gmt":"2021-05-03T08:41:00","slug":"pressfrihetens-dag-polarisering-och-brist-pa-oppenhet-i-spanien","status":"publish","type":"post","link":"https:\/\/lightweb.dev\/l\/svm-temp\/nyheter\/pressfrihetens-dag-polarisering-och-brist-pa-oppenhet-i-spanien\/","title":{"rendered":"Pressfrihetens Dag: Polarisering och brist p\u00e5 \u00f6ppenhet i Spanien"},"content":{"rendered":"<p> Brist p\u00e5 \u00f6ppenhet, styrda presskonferenser och en opinionsbildande journalistik med f\u00e4rre kritiska fr\u00e5gor. Spanien ligger f\u00f6rst p\u00e5 29:e plats i rankingen \u00f6ver pressfriheten i v\u00e4rldens l\u00e4nder. Idag m\u00e5ndag den 3 maj \u00e4r det Pressfrihetens Dag, en nog s\u00e5 viktig h\u00e4ndelse att uppm\u00e4rksamma n\u00e4r den fria pressen ans\u00e4tts fr\u00e5n alla h\u00e5ll.<\/p>\n<p> N\u00e5v\u00e4l, situationen i Spanien \u00e4r inte som i Eritrea som efter 20 \u00e5r fortsatt inte l\u00e4mnar ut n\u00e5gon information efter att tio journalister arresterades. Andra l\u00e4nder i botten p\u00e5 listan \u00e4r Kina, p\u00e5 plats 177, som forts\u00e4tter att censurera pressfriheten, liksom Turkmenistan och Nordkorea.<\/p>\n<p>Det landet som anses ha b\u00e4st pressfrihet \u00e4r Norge. F\u00f6ljt av Finland och Sverige.<\/p>\n<p>Spanien<br \/>\nEnligt rapporten fr\u00e5n reportrar utan gr\u00e4nser, RSF, (Reporteros Sin Fronteras) saknas det \u00f6ppen, transparens samtidigt som en v\u00e4xande polarisering s\u00e4tter k\u00e4ppar i hjulet f\u00f6r den spanska pressfriheten.<\/p>\n<p>Polariseringsklimatet f\u00f6rblir och har \u00e4ven \u00f6kat i det politiska livet och i mediernas rapportering. Den spanska centralregeringens brist p\u00e5 \u00f6ppenhet har kritiserats av journalister.<\/p>\n<p>Det har medf\u00f6rt att journalister i Spanien har varit tvungna att anpassa sig till presskonferenser som har varit styrda av myndigheterna. Att f\u00e5 personliga intervjuer och st\u00e4lla kritiska fr\u00e5gor blir allt sv\u00e5rare.<\/p>\n<p>Reportar utan gr\u00e4nser (RSF ) klassificerar varje \u00e5r pressfriheten i 180 l\u00e4nder. Rapporten visar att journalister st\u00f6ter p\u00e5 allvarliga hinder i 73 l\u00e4nder och ytterligare hinder i 59 l\u00e4nder, vilket representerar 73 procent av samtliga l\u00e4nder i unders\u00f6kningen.<\/p>\n<p>Det finns \u00e4ven en misstro mot journalister bland allm\u00e4nheten att de har sin egen agenda och sprider falska politiskt vinklade nyheter. Enligt barometern Edelman Trust f\u00f6r 2021 uppger 59% av de tillfr\u00e5gade i 28 l\u00e4nder att journalister medvetet f\u00f6rs\u00f6ker vilseleda allm\u00e4nheten genom att sprida information som de vet \u00e4r falsk.<\/p>\n<p>Svenska Magasinet har det senaste \u00e5ret vid flera tillf\u00e4llen uppm\u00e4rksammat situationen kring pressfriheten i Spanien:<\/p>\n<p>Kritik mot den spanska regeringens attacker p\u00e5 media<\/p>\n<p>Pablo Iglesias vill se kontroll av medier<\/p>\n","protected":false},"excerpt":{"rendered":"<p>Brist p\u00e5 \u00f6ppenhet, styrda presskonferenser och en opinionsbildande journalistik med f\u00e4rre kritiska fr\u00e5gor. Spanien ligger f\u00f6rst p\u00e5 29:e plats i rankingen \u00f6ver pressfriheten i v\u00e4rldens l\u00e4nder. Idag m\u00e5ndag den 3 maj \u00e4r det Pressfrihetens Dag, en nog s\u00e5 viktig h\u00e4ndelse att uppm\u00e4rksamma n\u00e4r den fria pressen ans\u00e4tts fr\u00e5n alla h\u00e5ll. N\u00e5v\u00e4l, situationen i Spanien \u00e4r [&hellip;]<\/p>\n","protected":false},"author":8,"featured_media":12242,"comment_status":"open","ping_status":"open","sticky":false,"template":"","format":"standard","meta":{"_et_pb_use_builder":"","_et_pb_old_content":"","_et_gb_content_width":"","footnotes":""},"categories":[395,3],"tags":[],"class_list":["post-12241","post","type-post","status-publish","format-standard","has-post-thumbnail","hentry","category-arkiv-nyheter","category-nyheter"],"yoast_head":"<!-- This site is optimized with the Yoast SEO Premium plugin v26.2 (Yoast SEO v27.5) - https:\/\/yoast.com\/product\/yoast-seo-premium-wordpress\/ -->\n<title>Pressfrihetens Dag: Polarisering och brist p\u00e5 \u00f6ppenhet i Spanien - Svenska Magasinet<\/title>\n<meta name=\"robots\" content=\"noindex, follow, max-snippet:-1, max-image-preview:large, max-video-preview:-1\" \/>\n<meta property=\"og:locale\" content=\"sv_SE\" \/>\n<meta property=\"og:type\" content=\"article\" \/>\n<meta property=\"og:title\" content=\"Pressfrihetens Dag: Polarisering och brist p\u00e5 \u00f6ppenhet i Spanien\" \/>\n<meta property=\"og:description\" content=\"Brist p\u00e5 \u00f6ppenhet, styrda presskonferenser och en opinionsbildande journalistik med f\u00e4rre kritiska fr\u00e5gor. Spanien ligger f\u00f6rst p\u00e5 29:e plats i rankingen \u00f6ver pressfriheten i v\u00e4rldens l\u00e4nder. Idag m\u00e5ndag den 3 maj \u00e4r det Pressfrihetens Dag, en nog s\u00e5 viktig h\u00e4ndelse att uppm\u00e4rksamma n\u00e4r den fria pressen ans\u00e4tts fr\u00e5n alla h\u00e5ll. N\u00e5v\u00e4l, situationen i Spanien \u00e4r [&hellip;]\" \/>\n<meta property=\"og:url\" content=\"https:\/\/lightweb.dev\/l\/svm-temp\/nyheter\/pressfrihetens-dag-polarisering-och-brist-pa-oppenhet-i-spanien\/\" \/>\n<meta property=\"og:site_name\" content=\"Svenska Magasinet\" \/>\n<meta property=\"article:publisher\" content=\"https:\/\/www.facebook.com\/svenskamagasinet\" \/>\n<meta property=\"article:published_time\" content=\"2021-05-03T08:41:00+00:00\" \/>\n<meta property=\"og:image\" content=\"https:\/\/lightweb.dev\/l\/svm-temp\/wp-content\/uploads\/2022\/06\/pressfrihetens-dag-polarisering-och-brist-pa-oppenhet-i-spanien.png\" \/>\n\t<meta property=\"og:image:width\" content=\"500\" \/>\n\t<meta property=\"og:image:height\" content=\"300\" \/>\n\t<meta property=\"og:image:type\" content=\"image\/png\" \/>\n<meta name=\"author\" content=\"Redaktionen SvM\" \/>\n<meta name=\"twitter:card\" content=\"summary_large_image\" \/>\n<meta name=\"twitter:creator\" content=\"@SvenskaMagasine\" \/>\n<meta name=\"twitter:site\" content=\"@SvenskaMagasine\" \/>\n<script type=\"application\/ld+json\" class=\"yoast-schema-graph\">{\"@context\":\"https:\\\/\\\/schema.org\",\"@graph\":[{\"@type\":\"Article\",\"@id\":\"https:\\\/\\\/lightweb.dev\\\/l\\\/svm-temp\\\/nyheter\\\/pressfrihetens-dag-polarisering-och-brist-pa-oppenhet-i-spanien\\\/#article\",\"isPartOf\":{\"@id\":\"https:\\\/\\\/lightweb.dev\\\/l\\\/svm-temp\\\/nyheter\\\/pressfrihetens-dag-polarisering-och-brist-pa-oppenhet-i-spanien\\\/\"},\"author\":{\"name\":\"Redaktionen SvM\",\"@id\":\"https:\\\/\\\/lightweb.dev\\\/l\\\/svm-temp\\\/#\\\/schema\\\/person\\\/206a3bda5b607b0c25e1749191e4d837\"},\"headline\":\"Pressfrihetens Dag: Polarisering och brist p\u00e5 \u00f6ppenhet i Spanien\",\"datePublished\":\"2021-05-03T08:41:00+00:00\",\"mainEntityOfPage\":{\"@id\":\"https:\\\/\\\/lightweb.dev\\\/l\\\/svm-temp\\\/nyheter\\\/pressfrihetens-dag-polarisering-och-brist-pa-oppenhet-i-spanien\\\/\"},\"wordCount\":355,\"commentCount\":0,\"publisher\":{\"@id\":\"https:\\\/\\\/lightweb.dev\\\/l\\\/svm-temp\\\/#organization\"},\"image\":{\"@id\":\"https:\\\/\\\/lightweb.dev\\\/l\\\/svm-temp\\\/nyheter\\\/pressfrihetens-dag-polarisering-och-brist-pa-oppenhet-i-spanien\\\/#primaryimage\"},\"thumbnailUrl\":\"https:\\\/\\\/lightweb.dev\\\/l\\\/svm-temp\\\/wp-content\\\/uploads\\\/2022\\\/06\\\/pressfrihetens-dag-polarisering-och-brist-pa-oppenhet-i-spanien.png\",\"articleSection\":[\"Arkiv\",\"Nyheter\"],\"inLanguage\":\"sv-SE\"},{\"@type\":\"WebPage\",\"@id\":\"https:\\\/\\\/lightweb.dev\\\/l\\\/svm-temp\\\/nyheter\\\/pressfrihetens-dag-polarisering-och-brist-pa-oppenhet-i-spanien\\\/\",\"url\":\"https:\\\/\\\/lightweb.dev\\\/l\\\/svm-temp\\\/nyheter\\\/pressfrihetens-dag-polarisering-och-brist-pa-oppenhet-i-spanien\\\/\",\"name\":\"Pressfrihetens Dag: Polarisering och brist p\u00e5 \u00f6ppenhet i Spanien - Svenska Magasinet\",\"isPartOf\":{\"@id\":\"https:\\\/\\\/lightweb.dev\\\/l\\\/svm-temp\\\/#website\"},\"primaryImageOfPage\":{\"@id\":\"https:\\\/\\\/lightweb.dev\\\/l\\\/svm-temp\\\/nyheter\\\/pressfrihetens-dag-polarisering-och-brist-pa-oppenhet-i-spanien\\\/#primaryimage\"},\"image\":{\"@id\":\"https:\\\/\\\/lightweb.dev\\\/l\\\/svm-temp\\\/nyheter\\\/pressfrihetens-dag-polarisering-och-brist-pa-oppenhet-i-spanien\\\/#primaryimage\"},\"thumbnailUrl\":\"https:\\\/\\\/lightweb.dev\\\/l\\\/svm-temp\\\/wp-content\\\/uploads\\\/2022\\\/06\\\/pressfrihetens-dag-polarisering-och-brist-pa-oppenhet-i-spanien.png\",\"datePublished\":\"2021-05-03T08:41:00+00:00\",\"breadcrumb\":{\"@id\":\"https:\\\/\\\/lightweb.dev\\\/l\\\/svm-temp\\\/nyheter\\\/pressfrihetens-dag-polarisering-och-brist-pa-oppenhet-i-spanien\\\/#breadcrumb\"},\"inLanguage\":\"sv-SE\",\"potentialAction\":[{\"@type\":\"ReadAction\",\"target\":[\"https:\\\/\\\/lightweb.dev\\\/l\\\/svm-temp\\\/nyheter\\\/pressfrihetens-dag-polarisering-och-brist-pa-oppenhet-i-spanien\\\/\"]}]},{\"@type\":\"ImageObject\",\"inLanguage\":\"sv-SE\",\"@id\":\"https:\\\/\\\/lightweb.dev\\\/l\\\/svm-temp\\\/nyheter\\\/pressfrihetens-dag-polarisering-och-brist-pa-oppenhet-i-spanien\\\/#primaryimage\",\"url\":\"https:\\\/\\\/lightweb.dev\\\/l\\\/svm-temp\\\/wp-content\\\/uploads\\\/2022\\\/06\\\/pressfrihetens-dag-polarisering-och-brist-pa-oppenhet-i-spanien.png\",\"contentUrl\":\"https:\\\/\\\/lightweb.dev\\\/l\\\/svm-temp\\\/wp-content\\\/uploads\\\/2022\\\/06\\\/pressfrihetens-dag-polarisering-och-brist-pa-oppenhet-i-spanien.png\",\"width\":500,\"height\":300},{\"@type\":\"BreadcrumbList\",\"@id\":\"https:\\\/\\\/lightweb.dev\\\/l\\\/svm-temp\\\/nyheter\\\/pressfrihetens-dag-polarisering-och-brist-pa-oppenhet-i-spanien\\\/#breadcrumb\",\"itemListElement\":[{\"@type\":\"ListItem\",\"position\":1,\"name\":\"Hem\",\"item\":\"https:\\\/\\\/lightweb.dev\\\/l\\\/svm-temp\\\/\"},{\"@type\":\"ListItem\",\"position\":2,\"name\":\"Pressfrihetens Dag: Polarisering och brist p\u00e5 \u00f6ppenhet i Spanien\"}]},{\"@type\":\"WebSite\",\"@id\":\"https:\\\/\\\/lightweb.dev\\\/l\\\/svm-temp\\\/#website\",\"url\":\"https:\\\/\\\/lightweb.dev\\\/l\\\/svm-temp\\\/\",\"name\":\"Svenska Magasinet\",\"description\":\"Dina Spanska nyheter p&aring; Svenska\",\"publisher\":{\"@id\":\"https:\\\/\\\/lightweb.dev\\\/l\\\/svm-temp\\\/#organization\"},\"potentialAction\":[{\"@type\":\"SearchAction\",\"target\":{\"@type\":\"EntryPoint\",\"urlTemplate\":\"https:\\\/\\\/lightweb.dev\\\/l\\\/svm-temp\\\/?s={search_term_string}\"},\"query-input\":{\"@type\":\"PropertyValueSpecification\",\"valueRequired\":true,\"valueName\":\"search_term_string\"}}],\"inLanguage\":\"sv-SE\"},{\"@type\":\"Organization\",\"@id\":\"https:\\\/\\\/lightweb.dev\\\/l\\\/svm-temp\\\/#organization\",\"name\":\"Melkerson y Nott SL\",\"alternateName\":\"Svenska Magasinet\",\"url\":\"https:\\\/\\\/lightweb.dev\\\/l\\\/svm-temp\\\/\",\"logo\":{\"@type\":\"ImageObject\",\"inLanguage\":\"sv-SE\",\"@id\":\"https:\\\/\\\/lightweb.dev\\\/l\\\/svm-temp\\\/#\\\/schema\\\/logo\\\/image\\\/\",\"url\":\"https:\\\/\\\/lightweb.dev\\\/l\\\/svm-temp\\\/wp-content\\\/uploads\\\/2025\\\/02\\\/SvM-logo-Xtra-Centrerad-SVART.png\",\"contentUrl\":\"https:\\\/\\\/lightweb.dev\\\/l\\\/svm-temp\\\/wp-content\\\/uploads\\\/2025\\\/02\\\/SvM-logo-Xtra-Centrerad-SVART.png\",\"width\":300,\"height\":99,\"caption\":\"Melkerson y Nott SL\"},\"image\":{\"@id\":\"https:\\\/\\\/lightweb.dev\\\/l\\\/svm-temp\\\/#\\\/schema\\\/logo\\\/image\\\/\"},\"sameAs\":[\"https:\\\/\\\/www.facebook.com\\\/svenskamagasinet\",\"https:\\\/\\\/x.com\\\/SvenskaMagasine\"]},{\"@type\":\"Person\",\"@id\":\"https:\\\/\\\/lightweb.dev\\\/l\\\/svm-temp\\\/#\\\/schema\\\/person\\\/206a3bda5b607b0c25e1749191e4d837\",\"name\":\"Redaktionen SvM\",\"description\":\"Redaktionen\",\"sameAs\":[\"https:\\\/\\\/lightweb.dev\\\/l\\\/svm-temp\"],\"url\":\"https:\\\/\\\/lightweb.dev\\\/l\\\/svm-temp\\\/reporter\\\/redaktionen\\\/\"}]}<\/script>\n<!-- \/ Yoast SEO Premium plugin. -->","yoast_head_json":{"title":"Pressfrihetens Dag: Polarisering och brist p\u00e5 \u00f6ppenhet i Spanien - Svenska Magasinet","robots":{"index":"noindex","follow":"follow","max-snippet":"max-snippet:-1","max-image-preview":"max-image-preview:large","max-video-preview":"max-video-preview:-1"},"og_locale":"sv_SE","og_type":"article","og_title":"Pressfrihetens Dag: Polarisering och brist p\u00e5 \u00f6ppenhet i Spanien","og_description":"Brist p\u00e5 \u00f6ppenhet, styrda presskonferenser och en opinionsbildande journalistik med f\u00e4rre kritiska fr\u00e5gor. Spanien ligger f\u00f6rst p\u00e5 29:e plats i rankingen \u00f6ver pressfriheten i v\u00e4rldens l\u00e4nder. Idag m\u00e5ndag den 3 maj \u00e4r det Pressfrihetens Dag, en nog s\u00e5 viktig h\u00e4ndelse att uppm\u00e4rksamma n\u00e4r den fria pressen ans\u00e4tts fr\u00e5n alla h\u00e5ll. N\u00e5v\u00e4l, situationen i Spanien \u00e4r [&hellip;]","og_url":"https:\/\/lightweb.dev\/l\/svm-temp\/nyheter\/pressfrihetens-dag-polarisering-och-brist-pa-oppenhet-i-spanien\/","og_site_name":"Svenska Magasinet","article_publisher":"https:\/\/www.facebook.com\/svenskamagasinet","article_published_time":"2021-05-03T08:41:00+00:00","og_image":[{"width":500,"height":300,"url":"https:\/\/lightweb.dev\/l\/svm-temp\/wp-content\/uploads\/2022\/06\/pressfrihetens-dag-polarisering-och-brist-pa-oppenhet-i-spanien.png","type":"image\/png"}],"author":"Redaktionen SvM","twitter_card":"summary_large_image","twitter_creator":"@SvenskaMagasine","twitter_site":"@SvenskaMagasine","schema":{"@context":"https:\/\/schema.org","@graph":[{"@type":"Article","@id":"https:\/\/lightweb.dev\/l\/svm-temp\/nyheter\/pressfrihetens-dag-polarisering-och-brist-pa-oppenhet-i-spanien\/#article","isPartOf":{"@id":"https:\/\/lightweb.dev\/l\/svm-temp\/nyheter\/pressfrihetens-dag-polarisering-och-brist-pa-oppenhet-i-spanien\/"},"author":{"name":"Redaktionen SvM","@id":"https:\/\/lightweb.dev\/l\/svm-temp\/#\/schema\/person\/206a3bda5b607b0c25e1749191e4d837"},"headline":"Pressfrihetens Dag: Polarisering och brist p\u00e5 \u00f6ppenhet i Spanien","datePublished":"2021-05-03T08:41:00+00:00","mainEntityOfPage":{"@id":"https:\/\/lightweb.dev\/l\/svm-temp\/nyheter\/pressfrihetens-dag-polarisering-och-brist-pa-oppenhet-i-spanien\/"},"wordCount":355,"commentCount":0,"publisher":{"@id":"https:\/\/lightweb.dev\/l\/svm-temp\/#organization"},"image":{"@id":"https:\/\/lightweb.dev\/l\/svm-temp\/nyheter\/pressfrihetens-dag-polarisering-och-brist-pa-oppenhet-i-spanien\/#primaryimage"},"thumbnailUrl":"https:\/\/lightweb.dev\/l\/svm-temp\/wp-content\/uploads\/2022\/06\/pressfrihetens-dag-polarisering-och-brist-pa-oppenhet-i-spanien.png","articleSection":["Arkiv","Nyheter"],"inLanguage":"sv-SE"},{"@type":"WebPage","@id":"https:\/\/lightweb.dev\/l\/svm-temp\/nyheter\/pressfrihetens-dag-polarisering-och-brist-pa-oppenhet-i-spanien\/","url":"https:\/\/lightweb.dev\/l\/svm-temp\/nyheter\/pressfrihetens-dag-polarisering-och-brist-pa-oppenhet-i-spanien\/","name":"Pressfrihetens Dag: Polarisering och brist p\u00e5 \u00f6ppenhet i Spanien - Svenska Magasinet","isPartOf":{"@id":"https:\/\/lightweb.dev\/l\/svm-temp\/#website"},"primaryImageOfPage":{"@id":"https:\/\/lightweb.dev\/l\/svm-temp\/nyheter\/pressfrihetens-dag-polarisering-och-brist-pa-oppenhet-i-spanien\/#primaryimage"},"image":{"@id":"https:\/\/lightweb.dev\/l\/svm-temp\/nyheter\/pressfrihetens-dag-polarisering-och-brist-pa-oppenhet-i-spanien\/#primaryimage"},"thumbnailUrl":"https:\/\/lightweb.dev\/l\/svm-temp\/wp-content\/uploads\/2022\/06\/pressfrihetens-dag-polarisering-och-brist-pa-oppenhet-i-spanien.png","datePublished":"2021-05-03T08:41:00+00:00","breadcrumb":{"@id":"https:\/\/lightweb.dev\/l\/svm-temp\/nyheter\/pressfrihetens-dag-polarisering-och-brist-pa-oppenhet-i-spanien\/#breadcrumb"},"inLanguage":"sv-SE","potentialAction":[{"@type":"ReadAction","target":["https:\/\/lightweb.dev\/l\/svm-temp\/nyheter\/pressfrihetens-dag-polarisering-och-brist-pa-oppenhet-i-spanien\/"]}]},{"@type":"ImageObject","inLanguage":"sv-SE","@id":"https:\/\/lightweb.dev\/l\/svm-temp\/nyheter\/pressfrihetens-dag-polarisering-och-brist-pa-oppenhet-i-spanien\/#primaryimage","url":"https:\/\/lightweb.dev\/l\/svm-temp\/wp-content\/uploads\/2022\/06\/pressfrihetens-dag-polarisering-och-brist-pa-oppenhet-i-spanien.png","contentUrl":"https:\/\/lightweb.dev\/l\/svm-temp\/wp-content\/uploads\/2022\/06\/pressfrihetens-dag-polarisering-och-brist-pa-oppenhet-i-spanien.png","width":500,"height":300},{"@type":"BreadcrumbList","@id":"https:\/\/lightweb.dev\/l\/svm-temp\/nyheter\/pressfrihetens-dag-polarisering-och-brist-pa-oppenhet-i-spanien\/#breadcrumb","itemListElement":[{"@type":"ListItem","position":1,"name":"Hem","item":"https:\/\/lightweb.dev\/l\/svm-temp\/"},{"@type":"ListItem","position":2,"name":"Pressfrihetens Dag: Polarisering och brist p\u00e5 \u00f6ppenhet i Spanien"}]},{"@type":"WebSite","@id":"https:\/\/lightweb.dev\/l\/svm-temp\/#website","url":"https:\/\/lightweb.dev\/l\/svm-temp\/","name":"Svenska Magasinet","description":"Dina Spanska nyheter p&aring; Svenska","publisher":{"@id":"https:\/\/lightweb.dev\/l\/svm-temp\/#organization"},"potentialAction":[{"@type":"SearchAction","target":{"@type":"EntryPoint","urlTemplate":"https:\/\/lightweb.dev\/l\/svm-temp\/?s={search_term_string}"},"query-input":{"@type":"PropertyValueSpecification","valueRequired":true,"valueName":"search_term_string"}}],"inLanguage":"sv-SE"},{"@type":"Organization","@id":"https:\/\/lightweb.dev\/l\/svm-temp\/#organization","name":"Melkerson y Nott SL","alternateName":"Svenska Magasinet","url":"https:\/\/lightweb.dev\/l\/svm-temp\/","logo":{"@type":"ImageObject","inLanguage":"sv-SE","@id":"https:\/\/lightweb.dev\/l\/svm-temp\/#\/schema\/logo\/image\/","url":"https:\/\/lightweb.dev\/l\/svm-temp\/wp-content\/uploads\/2025\/02\/SvM-logo-Xtra-Centrerad-SVART.png","contentUrl":"https:\/\/lightweb.dev\/l\/svm-temp\/wp-content\/uploads\/2025\/02\/SvM-logo-Xtra-Centrerad-SVART.png","width":300,"height":99,"caption":"Melkerson y Nott SL"},"image":{"@id":"https:\/\/lightweb.dev\/l\/svm-temp\/#\/schema\/logo\/image\/"},"sameAs":["https:\/\/www.facebook.com\/svenskamagasinet","https:\/\/x.com\/SvenskaMagasine"]},{"@type":"Person","@id":"https:\/\/lightweb.dev\/l\/svm-temp\/#\/schema\/person\/206a3bda5b607b0c25e1749191e4d837","name":"Redaktionen SvM","description":"Redaktionen","sameAs":["https:\/\/lightweb.dev\/l\/svm-temp"],"url":"https:\/\/lightweb.dev\/l\/svm-temp\/reporter\/redaktionen\/"}]}},"_links":{"self":[{"href":"https:\/\/lightweb.dev\/l\/svm-temp\/wp-json\/wp\/v2\/posts\/12241","targetHints":{"allow":["GET"]}}],"collection":[{"href":"https:\/\/lightweb.dev\/l\/svm-temp\/wp-json\/wp\/v2\/posts"}],"about":[{"href":"https:\/\/lightweb.dev\/l\/svm-temp\/wp-json\/wp\/v2\/types\/post"}],"author":[{"embeddable":true,"href":"https:\/\/lightweb.dev\/l\/svm-temp\/wp-json\/wp\/v2\/users\/8"}],"replies":[{"embeddable":true,"href":"https:\/\/lightweb.dev\/l\/svm-temp\/wp-json\/wp\/v2\/comments?post=12241"}],"version-history":[{"count":0,"href":"https:\/\/lightweb.dev\/l\/svm-temp\/wp-json\/wp\/v2\/posts\/12241\/revisions"}],"wp:featuredmedia":[{"embeddable":true,"href":"https:\/\/lightweb.dev\/l\/svm-temp\/wp-json\/wp\/v2\/media\/12242"}],"wp:attachment":[{"href":"https:\/\/lightweb.dev\/l\/svm-temp\/wp-json\/wp\/v2\/media?parent=12241"}],"wp:term":[{"taxonomy":"category","embeddable":true,"href":"https:\/\/lightweb.dev\/l\/svm-temp\/wp-json\/wp\/v2\/categories?post=12241"},{"taxonomy":"post_tag","embeddable":true,"href":"https:\/\/lightweb.dev\/l\/svm-temp\/wp-json\/wp\/v2\/tags?post=12241"}],"curies":[{"name":"wp","href":"https:\/\/api.w.org\/{rel}","templated":true}]}}