{"id":12245,"date":"2021-05-03T15:32:00","date_gmt":"2021-05-03T13:32:00","guid":{"rendered":"https:\/\/lightweb.dev\/l\/svm-temp\/nyheter\/norwegian-sager-upp-nara-1-200-anstallda-i-spanien\/"},"modified":"2021-05-03T15:32:00","modified_gmt":"2021-05-03T13:32:00","slug":"norwegian-sager-upp-nara-1-200-anstallda-i-spanien","status":"publish","type":"post","link":"https:\/\/lightweb.dev\/l\/svm-temp\/nyheter\/norwegian-sager-upp-nara-1-200-anstallda-i-spanien\/","title":{"rendered":"Norwegian s\u00e4ger upp n\u00e4ra 1.200 anst\u00e4llda i Spanien"},"content":{"rendered":"<p> Norwegian Air Shuttle meddelar p\u00e5 m\u00e5ndagen att de n\u00e4rmaste dagarna inleds samtal med 1.191 anst\u00e4llda i Spanien som tvingas l\u00e4mna flygbolaget. Det \u00e4r 85 procent av kabinpersonalen, enligt fackf\u00f6rbundet USO.<\/p>\n<p> Fackf\u00f6rbundet USO och pilotfacket Sepla kommer att sitta med i de stundande f\u00f6rhandlingarna f\u00f6r att s\u00e4kerst\u00e4lla de kabinanst\u00e4lldas r\u00e4ttigheter. Det skriver den spanska aff\u00e4rstidningen Expansi\u00f3n.<\/p>\n<p>Norwegian forts\u00e4tter att bl\u00f6da. Nyligen rapporterade l\u00e5gprisflygbolaget att man tappade rej\u00e4lt i oms\u00e4ttning under f\u00f6rsta kvartalet. Det blev dessutom en stor f\u00f6rlust, men \u00e4nd\u00e5 mindre \u00e4n motsvarande period i fjol.<\/p>\n<p>Norwegian beskriver att man \u00e4r i slutspurten n\u00e4r det g\u00e4ller granskningsprocessen i Irland och rekonstruktionen i Norge. Arbetet med att ta in nytt kapital f\u00f6rv\u00e4ntas vara f\u00e4rdigt runt 26 maj.<\/p>\n<p>&#8211; Mot bakgrund av de m\u00e5nga internationella reserestriktionerna \u00e4r resultatet i det h\u00e4r kvartalet som f\u00f6rv\u00e4ntat. Under denna period har vi \u00e4nd\u00e5 n\u00e5tt flera milstolpar i det viktiga arbetet med att s\u00e4kra f\u00f6retagets framtid och se till att Norwegian f\u00f6rblir en konkurrent att r\u00e4kna med p\u00e5 den europeiska marknaden. Med en solid ekonomisk grund, \u00f6kad vaccinering av befolkningen i Europa och l\u00e4ttade resebegr\u00e4nsningar \u00e4r vi redo att v\u00e4lkomna kunder ombord n\u00e4r de vill flyga igen, s\u00e4ger vd Jacob Schram i en kommentar.<\/p>\n<p>P\u00e5 m\u00e5ndagen meddelar Norwegian Air Shuttle att 85 procent av kabinpersonalen i Spanien som i nul\u00e4get \u00e4r permitterade s\u00e4gs upp. Som det har meddelats tidigare upph\u00f6r samtliga l\u00e5ngdistansflygningar fr\u00e5n Barcelona. \u00c4ven antalet flyg inom Europa minskar.<\/p>\n<p>Norwegian st\u00e4nger tre av fem baser i Spanien d\u00e4r kabinpersonal och flygplan har varit stationerade f\u00f6r rutter inom Europa. F\u00f6rutom Barcelona g\u00e4ller det \u00e4ven Gran Canaria och Tenerife Sur. <\/p>\n<p>Tv\u00e5 baser blir kvar med ett flyg p\u00e5 vardera, M\u00e1laga och Alicante.<\/p>\n<p>Norwegian v\u00e4xer p\u00e5 marknaderna i Danmark och Finland med nyanst\u00e4llningar som f\u00f6ljd. \u00c4ven destinationer i Spanien ing\u00e5r i Norwegians planer fr\u00e5n Danmark och Finland.<\/p>\n","protected":false},"excerpt":{"rendered":"<p>Norwegian Air Shuttle meddelar p\u00e5 m\u00e5ndagen att de n\u00e4rmaste dagarna inleds samtal med 1.191 anst\u00e4llda i Spanien som tvingas l\u00e4mna flygbolaget. Det \u00e4r 85 procent av kabinpersonalen, enligt fackf\u00f6rbundet USO. Fackf\u00f6rbundet USO och pilotfacket Sepla kommer att sitta med i de stundande f\u00f6rhandlingarna f\u00f6r att s\u00e4kerst\u00e4lla de kabinanst\u00e4lldas r\u00e4ttigheter. Det skriver den spanska aff\u00e4rstidningen Expansi\u00f3n. [&hellip;]<\/p>\n","protected":false},"author":8,"featured_media":12246,"comment_status":"open","ping_status":"open","sticky":false,"template":"","format":"standard","meta":{"_et_pb_use_builder":"","_et_pb_old_content":"","_et_gb_content_width":"","footnotes":""},"categories":[395,3],"tags":[],"class_list":["post-12245","post","type-post","status-publish","format-standard","has-post-thumbnail","hentry","category-arkiv-nyheter","category-nyheter"],"yoast_head":"<!-- This site is optimized with the Yoast SEO Premium plugin v26.2 (Yoast SEO v27.4) - https:\/\/yoast.com\/product\/yoast-seo-premium-wordpress\/ -->\n<title>Norwegian s\u00e4ger upp n\u00e4ra 1.200 anst\u00e4llda i Spanien - Svenska Magasinet<\/title>\n<meta name=\"robots\" content=\"noindex, follow, max-snippet:-1, max-image-preview:large, max-video-preview:-1\" \/>\n<meta property=\"og:locale\" content=\"sv_SE\" \/>\n<meta property=\"og:type\" content=\"article\" \/>\n<meta property=\"og:title\" content=\"Norwegian s\u00e4ger upp n\u00e4ra 1.200 anst\u00e4llda i Spanien\" \/>\n<meta property=\"og:description\" content=\"Norwegian Air Shuttle meddelar p\u00e5 m\u00e5ndagen att de n\u00e4rmaste dagarna inleds samtal med 1.191 anst\u00e4llda i Spanien som tvingas l\u00e4mna flygbolaget. Det \u00e4r 85 procent av kabinpersonalen, enligt fackf\u00f6rbundet USO. Fackf\u00f6rbundet USO och pilotfacket Sepla kommer att sitta med i de stundande f\u00f6rhandlingarna f\u00f6r att s\u00e4kerst\u00e4lla de kabinanst\u00e4lldas r\u00e4ttigheter. Det skriver den spanska aff\u00e4rstidningen Expansi\u00f3n. [&hellip;]\" \/>\n<meta property=\"og:url\" content=\"https:\/\/lightweb.dev\/l\/svm-temp\/nyheter\/norwegian-sager-upp-nara-1-200-anstallda-i-spanien\/\" \/>\n<meta property=\"og:site_name\" content=\"Svenska Magasinet\" \/>\n<meta property=\"article:publisher\" content=\"https:\/\/www.facebook.com\/svenskamagasinet\" \/>\n<meta property=\"article:published_time\" content=\"2021-05-03T13:32:00+00:00\" \/>\n<meta property=\"og:image\" content=\"https:\/\/lightweb.dev\/l\/svm-temp\/wp-content\/uploads\/2022\/06\/norwegian-sager-upp-nara-1200-anstallda-i-spanien.png\" \/>\n\t<meta property=\"og:image:width\" content=\"500\" \/>\n\t<meta property=\"og:image:height\" content=\"300\" \/>\n\t<meta property=\"og:image:type\" content=\"image\/png\" \/>\n<meta name=\"author\" content=\"Redaktionen SvM\" \/>\n<meta name=\"twitter:card\" content=\"summary_large_image\" \/>\n<meta name=\"twitter:creator\" content=\"@SvenskaMagasine\" \/>\n<meta name=\"twitter:site\" content=\"@SvenskaMagasine\" \/>\n<script type=\"application\/ld+json\" class=\"yoast-schema-graph\">{\"@context\":\"https:\\\/\\\/schema.org\",\"@graph\":[{\"@type\":\"Article\",\"@id\":\"https:\\\/\\\/lightweb.dev\\\/l\\\/svm-temp\\\/nyheter\\\/norwegian-sager-upp-nara-1-200-anstallda-i-spanien\\\/#article\",\"isPartOf\":{\"@id\":\"https:\\\/\\\/lightweb.dev\\\/l\\\/svm-temp\\\/nyheter\\\/norwegian-sager-upp-nara-1-200-anstallda-i-spanien\\\/\"},\"author\":{\"name\":\"Redaktionen SvM\",\"@id\":\"https:\\\/\\\/lightweb.dev\\\/l\\\/svm-temp\\\/#\\\/schema\\\/person\\\/206a3bda5b607b0c25e1749191e4d837\"},\"headline\":\"Norwegian s\u00e4ger upp n\u00e4ra 1.200 anst\u00e4llda i Spanien\",\"datePublished\":\"2021-05-03T13:32:00+00:00\",\"mainEntityOfPage\":{\"@id\":\"https:\\\/\\\/lightweb.dev\\\/l\\\/svm-temp\\\/nyheter\\\/norwegian-sager-upp-nara-1-200-anstallda-i-spanien\\\/\"},\"wordCount\":361,\"commentCount\":0,\"publisher\":{\"@id\":\"https:\\\/\\\/lightweb.dev\\\/l\\\/svm-temp\\\/#organization\"},\"image\":{\"@id\":\"https:\\\/\\\/lightweb.dev\\\/l\\\/svm-temp\\\/nyheter\\\/norwegian-sager-upp-nara-1-200-anstallda-i-spanien\\\/#primaryimage\"},\"thumbnailUrl\":\"https:\\\/\\\/lightweb.dev\\\/l\\\/svm-temp\\\/wp-content\\\/uploads\\\/2022\\\/06\\\/norwegian-sager-upp-nara-1200-anstallda-i-spanien.png\",\"articleSection\":[\"Arkiv\",\"Nyheter\"],\"inLanguage\":\"sv-SE\"},{\"@type\":\"WebPage\",\"@id\":\"https:\\\/\\\/lightweb.dev\\\/l\\\/svm-temp\\\/nyheter\\\/norwegian-sager-upp-nara-1-200-anstallda-i-spanien\\\/\",\"url\":\"https:\\\/\\\/lightweb.dev\\\/l\\\/svm-temp\\\/nyheter\\\/norwegian-sager-upp-nara-1-200-anstallda-i-spanien\\\/\",\"name\":\"Norwegian s\u00e4ger upp n\u00e4ra 1.200 anst\u00e4llda i Spanien - Svenska Magasinet\",\"isPartOf\":{\"@id\":\"https:\\\/\\\/lightweb.dev\\\/l\\\/svm-temp\\\/#website\"},\"primaryImageOfPage\":{\"@id\":\"https:\\\/\\\/lightweb.dev\\\/l\\\/svm-temp\\\/nyheter\\\/norwegian-sager-upp-nara-1-200-anstallda-i-spanien\\\/#primaryimage\"},\"image\":{\"@id\":\"https:\\\/\\\/lightweb.dev\\\/l\\\/svm-temp\\\/nyheter\\\/norwegian-sager-upp-nara-1-200-anstallda-i-spanien\\\/#primaryimage\"},\"thumbnailUrl\":\"https:\\\/\\\/lightweb.dev\\\/l\\\/svm-temp\\\/wp-content\\\/uploads\\\/2022\\\/06\\\/norwegian-sager-upp-nara-1200-anstallda-i-spanien.png\",\"datePublished\":\"2021-05-03T13:32:00+00:00\",\"breadcrumb\":{\"@id\":\"https:\\\/\\\/lightweb.dev\\\/l\\\/svm-temp\\\/nyheter\\\/norwegian-sager-upp-nara-1-200-anstallda-i-spanien\\\/#breadcrumb\"},\"inLanguage\":\"sv-SE\",\"potentialAction\":[{\"@type\":\"ReadAction\",\"target\":[\"https:\\\/\\\/lightweb.dev\\\/l\\\/svm-temp\\\/nyheter\\\/norwegian-sager-upp-nara-1-200-anstallda-i-spanien\\\/\"]}]},{\"@type\":\"ImageObject\",\"inLanguage\":\"sv-SE\",\"@id\":\"https:\\\/\\\/lightweb.dev\\\/l\\\/svm-temp\\\/nyheter\\\/norwegian-sager-upp-nara-1-200-anstallda-i-spanien\\\/#primaryimage\",\"url\":\"https:\\\/\\\/lightweb.dev\\\/l\\\/svm-temp\\\/wp-content\\\/uploads\\\/2022\\\/06\\\/norwegian-sager-upp-nara-1200-anstallda-i-spanien.png\",\"contentUrl\":\"https:\\\/\\\/lightweb.dev\\\/l\\\/svm-temp\\\/wp-content\\\/uploads\\\/2022\\\/06\\\/norwegian-sager-upp-nara-1200-anstallda-i-spanien.png\",\"width\":500,\"height\":300},{\"@type\":\"BreadcrumbList\",\"@id\":\"https:\\\/\\\/lightweb.dev\\\/l\\\/svm-temp\\\/nyheter\\\/norwegian-sager-upp-nara-1-200-anstallda-i-spanien\\\/#breadcrumb\",\"itemListElement\":[{\"@type\":\"ListItem\",\"position\":1,\"name\":\"Hem\",\"item\":\"https:\\\/\\\/lightweb.dev\\\/l\\\/svm-temp\\\/\"},{\"@type\":\"ListItem\",\"position\":2,\"name\":\"Norwegian s\u00e4ger upp n\u00e4ra 1.200 anst\u00e4llda i Spanien\"}]},{\"@type\":\"WebSite\",\"@id\":\"https:\\\/\\\/lightweb.dev\\\/l\\\/svm-temp\\\/#website\",\"url\":\"https:\\\/\\\/lightweb.dev\\\/l\\\/svm-temp\\\/\",\"name\":\"Svenska Magasinet\",\"description\":\"Dina Spanska nyheter p&aring; Svenska\",\"publisher\":{\"@id\":\"https:\\\/\\\/lightweb.dev\\\/l\\\/svm-temp\\\/#organization\"},\"potentialAction\":[{\"@type\":\"SearchAction\",\"target\":{\"@type\":\"EntryPoint\",\"urlTemplate\":\"https:\\\/\\\/lightweb.dev\\\/l\\\/svm-temp\\\/?s={search_term_string}\"},\"query-input\":{\"@type\":\"PropertyValueSpecification\",\"valueRequired\":true,\"valueName\":\"search_term_string\"}}],\"inLanguage\":\"sv-SE\"},{\"@type\":\"Organization\",\"@id\":\"https:\\\/\\\/lightweb.dev\\\/l\\\/svm-temp\\\/#organization\",\"name\":\"Melkerson y Nott SL\",\"alternateName\":\"Svenska Magasinet\",\"url\":\"https:\\\/\\\/lightweb.dev\\\/l\\\/svm-temp\\\/\",\"logo\":{\"@type\":\"ImageObject\",\"inLanguage\":\"sv-SE\",\"@id\":\"https:\\\/\\\/lightweb.dev\\\/l\\\/svm-temp\\\/#\\\/schema\\\/logo\\\/image\\\/\",\"url\":\"https:\\\/\\\/lightweb.dev\\\/l\\\/svm-temp\\\/wp-content\\\/uploads\\\/2025\\\/02\\\/SvM-logo-Xtra-Centrerad-SVART.png\",\"contentUrl\":\"https:\\\/\\\/lightweb.dev\\\/l\\\/svm-temp\\\/wp-content\\\/uploads\\\/2025\\\/02\\\/SvM-logo-Xtra-Centrerad-SVART.png\",\"width\":300,\"height\":99,\"caption\":\"Melkerson y Nott SL\"},\"image\":{\"@id\":\"https:\\\/\\\/lightweb.dev\\\/l\\\/svm-temp\\\/#\\\/schema\\\/logo\\\/image\\\/\"},\"sameAs\":[\"https:\\\/\\\/www.facebook.com\\\/svenskamagasinet\",\"https:\\\/\\\/x.com\\\/SvenskaMagasine\"]},{\"@type\":\"Person\",\"@id\":\"https:\\\/\\\/lightweb.dev\\\/l\\\/svm-temp\\\/#\\\/schema\\\/person\\\/206a3bda5b607b0c25e1749191e4d837\",\"name\":\"Redaktionen SvM\",\"description\":\"Redaktionen\",\"sameAs\":[\"https:\\\/\\\/lightweb.dev\\\/l\\\/svm-temp\"],\"url\":\"https:\\\/\\\/lightweb.dev\\\/l\\\/svm-temp\\\/reporter\\\/redaktionen\\\/\"}]}<\/script>\n<!-- \/ Yoast SEO Premium plugin. -->","yoast_head_json":{"title":"Norwegian s\u00e4ger upp n\u00e4ra 1.200 anst\u00e4llda i Spanien - Svenska Magasinet","robots":{"index":"noindex","follow":"follow","max-snippet":"max-snippet:-1","max-image-preview":"max-image-preview:large","max-video-preview":"max-video-preview:-1"},"og_locale":"sv_SE","og_type":"article","og_title":"Norwegian s\u00e4ger upp n\u00e4ra 1.200 anst\u00e4llda i Spanien","og_description":"Norwegian Air Shuttle meddelar p\u00e5 m\u00e5ndagen att de n\u00e4rmaste dagarna inleds samtal med 1.191 anst\u00e4llda i Spanien som tvingas l\u00e4mna flygbolaget. Det \u00e4r 85 procent av kabinpersonalen, enligt fackf\u00f6rbundet USO. Fackf\u00f6rbundet USO och pilotfacket Sepla kommer att sitta med i de stundande f\u00f6rhandlingarna f\u00f6r att s\u00e4kerst\u00e4lla de kabinanst\u00e4lldas r\u00e4ttigheter. Det skriver den spanska aff\u00e4rstidningen Expansi\u00f3n. [&hellip;]","og_url":"https:\/\/lightweb.dev\/l\/svm-temp\/nyheter\/norwegian-sager-upp-nara-1-200-anstallda-i-spanien\/","og_site_name":"Svenska Magasinet","article_publisher":"https:\/\/www.facebook.com\/svenskamagasinet","article_published_time":"2021-05-03T13:32:00+00:00","og_image":[{"width":500,"height":300,"url":"https:\/\/lightweb.dev\/l\/svm-temp\/wp-content\/uploads\/2022\/06\/norwegian-sager-upp-nara-1200-anstallda-i-spanien.png","type":"image\/png"}],"author":"Redaktionen SvM","twitter_card":"summary_large_image","twitter_creator":"@SvenskaMagasine","twitter_site":"@SvenskaMagasine","schema":{"@context":"https:\/\/schema.org","@graph":[{"@type":"Article","@id":"https:\/\/lightweb.dev\/l\/svm-temp\/nyheter\/norwegian-sager-upp-nara-1-200-anstallda-i-spanien\/#article","isPartOf":{"@id":"https:\/\/lightweb.dev\/l\/svm-temp\/nyheter\/norwegian-sager-upp-nara-1-200-anstallda-i-spanien\/"},"author":{"name":"Redaktionen SvM","@id":"https:\/\/lightweb.dev\/l\/svm-temp\/#\/schema\/person\/206a3bda5b607b0c25e1749191e4d837"},"headline":"Norwegian s\u00e4ger upp n\u00e4ra 1.200 anst\u00e4llda i Spanien","datePublished":"2021-05-03T13:32:00+00:00","mainEntityOfPage":{"@id":"https:\/\/lightweb.dev\/l\/svm-temp\/nyheter\/norwegian-sager-upp-nara-1-200-anstallda-i-spanien\/"},"wordCount":361,"commentCount":0,"publisher":{"@id":"https:\/\/lightweb.dev\/l\/svm-temp\/#organization"},"image":{"@id":"https:\/\/lightweb.dev\/l\/svm-temp\/nyheter\/norwegian-sager-upp-nara-1-200-anstallda-i-spanien\/#primaryimage"},"thumbnailUrl":"https:\/\/lightweb.dev\/l\/svm-temp\/wp-content\/uploads\/2022\/06\/norwegian-sager-upp-nara-1200-anstallda-i-spanien.png","articleSection":["Arkiv","Nyheter"],"inLanguage":"sv-SE"},{"@type":"WebPage","@id":"https:\/\/lightweb.dev\/l\/svm-temp\/nyheter\/norwegian-sager-upp-nara-1-200-anstallda-i-spanien\/","url":"https:\/\/lightweb.dev\/l\/svm-temp\/nyheter\/norwegian-sager-upp-nara-1-200-anstallda-i-spanien\/","name":"Norwegian s\u00e4ger upp n\u00e4ra 1.200 anst\u00e4llda i Spanien - Svenska Magasinet","isPartOf":{"@id":"https:\/\/lightweb.dev\/l\/svm-temp\/#website"},"primaryImageOfPage":{"@id":"https:\/\/lightweb.dev\/l\/svm-temp\/nyheter\/norwegian-sager-upp-nara-1-200-anstallda-i-spanien\/#primaryimage"},"image":{"@id":"https:\/\/lightweb.dev\/l\/svm-temp\/nyheter\/norwegian-sager-upp-nara-1-200-anstallda-i-spanien\/#primaryimage"},"thumbnailUrl":"https:\/\/lightweb.dev\/l\/svm-temp\/wp-content\/uploads\/2022\/06\/norwegian-sager-upp-nara-1200-anstallda-i-spanien.png","datePublished":"2021-05-03T13:32:00+00:00","breadcrumb":{"@id":"https:\/\/lightweb.dev\/l\/svm-temp\/nyheter\/norwegian-sager-upp-nara-1-200-anstallda-i-spanien\/#breadcrumb"},"inLanguage":"sv-SE","potentialAction":[{"@type":"ReadAction","target":["https:\/\/lightweb.dev\/l\/svm-temp\/nyheter\/norwegian-sager-upp-nara-1-200-anstallda-i-spanien\/"]}]},{"@type":"ImageObject","inLanguage":"sv-SE","@id":"https:\/\/lightweb.dev\/l\/svm-temp\/nyheter\/norwegian-sager-upp-nara-1-200-anstallda-i-spanien\/#primaryimage","url":"https:\/\/lightweb.dev\/l\/svm-temp\/wp-content\/uploads\/2022\/06\/norwegian-sager-upp-nara-1200-anstallda-i-spanien.png","contentUrl":"https:\/\/lightweb.dev\/l\/svm-temp\/wp-content\/uploads\/2022\/06\/norwegian-sager-upp-nara-1200-anstallda-i-spanien.png","width":500,"height":300},{"@type":"BreadcrumbList","@id":"https:\/\/lightweb.dev\/l\/svm-temp\/nyheter\/norwegian-sager-upp-nara-1-200-anstallda-i-spanien\/#breadcrumb","itemListElement":[{"@type":"ListItem","position":1,"name":"Hem","item":"https:\/\/lightweb.dev\/l\/svm-temp\/"},{"@type":"ListItem","position":2,"name":"Norwegian s\u00e4ger upp n\u00e4ra 1.200 anst\u00e4llda i Spanien"}]},{"@type":"WebSite","@id":"https:\/\/lightweb.dev\/l\/svm-temp\/#website","url":"https:\/\/lightweb.dev\/l\/svm-temp\/","name":"Svenska Magasinet","description":"Dina Spanska nyheter p&aring; Svenska","publisher":{"@id":"https:\/\/lightweb.dev\/l\/svm-temp\/#organization"},"potentialAction":[{"@type":"SearchAction","target":{"@type":"EntryPoint","urlTemplate":"https:\/\/lightweb.dev\/l\/svm-temp\/?s={search_term_string}"},"query-input":{"@type":"PropertyValueSpecification","valueRequired":true,"valueName":"search_term_string"}}],"inLanguage":"sv-SE"},{"@type":"Organization","@id":"https:\/\/lightweb.dev\/l\/svm-temp\/#organization","name":"Melkerson y Nott SL","alternateName":"Svenska Magasinet","url":"https:\/\/lightweb.dev\/l\/svm-temp\/","logo":{"@type":"ImageObject","inLanguage":"sv-SE","@id":"https:\/\/lightweb.dev\/l\/svm-temp\/#\/schema\/logo\/image\/","url":"https:\/\/lightweb.dev\/l\/svm-temp\/wp-content\/uploads\/2025\/02\/SvM-logo-Xtra-Centrerad-SVART.png","contentUrl":"https:\/\/lightweb.dev\/l\/svm-temp\/wp-content\/uploads\/2025\/02\/SvM-logo-Xtra-Centrerad-SVART.png","width":300,"height":99,"caption":"Melkerson y Nott SL"},"image":{"@id":"https:\/\/lightweb.dev\/l\/svm-temp\/#\/schema\/logo\/image\/"},"sameAs":["https:\/\/www.facebook.com\/svenskamagasinet","https:\/\/x.com\/SvenskaMagasine"]},{"@type":"Person","@id":"https:\/\/lightweb.dev\/l\/svm-temp\/#\/schema\/person\/206a3bda5b607b0c25e1749191e4d837","name":"Redaktionen SvM","description":"Redaktionen","sameAs":["https:\/\/lightweb.dev\/l\/svm-temp"],"url":"https:\/\/lightweb.dev\/l\/svm-temp\/reporter\/redaktionen\/"}]}},"_links":{"self":[{"href":"https:\/\/lightweb.dev\/l\/svm-temp\/wp-json\/wp\/v2\/posts\/12245","targetHints":{"allow":["GET"]}}],"collection":[{"href":"https:\/\/lightweb.dev\/l\/svm-temp\/wp-json\/wp\/v2\/posts"}],"about":[{"href":"https:\/\/lightweb.dev\/l\/svm-temp\/wp-json\/wp\/v2\/types\/post"}],"author":[{"embeddable":true,"href":"https:\/\/lightweb.dev\/l\/svm-temp\/wp-json\/wp\/v2\/users\/8"}],"replies":[{"embeddable":true,"href":"https:\/\/lightweb.dev\/l\/svm-temp\/wp-json\/wp\/v2\/comments?post=12245"}],"version-history":[{"count":0,"href":"https:\/\/lightweb.dev\/l\/svm-temp\/wp-json\/wp\/v2\/posts\/12245\/revisions"}],"wp:featuredmedia":[{"embeddable":true,"href":"https:\/\/lightweb.dev\/l\/svm-temp\/wp-json\/wp\/v2\/media\/12246"}],"wp:attachment":[{"href":"https:\/\/lightweb.dev\/l\/svm-temp\/wp-json\/wp\/v2\/media?parent=12245"}],"wp:term":[{"taxonomy":"category","embeddable":true,"href":"https:\/\/lightweb.dev\/l\/svm-temp\/wp-json\/wp\/v2\/categories?post=12245"},{"taxonomy":"post_tag","embeddable":true,"href":"https:\/\/lightweb.dev\/l\/svm-temp\/wp-json\/wp\/v2\/tags?post=12245"}],"curies":[{"name":"wp","href":"https:\/\/api.w.org\/{rel}","templated":true}]}}