{"id":12249,"date":"2021-04-30T11:32:00","date_gmt":"2021-04-30T09:32:00","guid":{"rendered":"https:\/\/lightweb.dev\/l\/svm-temp\/nyheter\/over-40-organisationer-kritiserar-spanien-for-att-neka-vaccin-till-utsatta-grupper\/"},"modified":"2021-04-30T11:32:00","modified_gmt":"2021-04-30T09:32:00","slug":"over-40-organisationer-kritiserar-spanien-for-att-neka-vaccin-till-utsatta-grupper","status":"publish","type":"post","link":"https:\/\/lightweb.dev\/l\/svm-temp\/nyheter\/over-40-organisationer-kritiserar-spanien-for-att-neka-vaccin-till-utsatta-grupper\/","title":{"rendered":"\u00d6ver 40 organisationer kritiserar Spanien f\u00f6r att neka vaccin till utsatta grupper"},"content":{"rendered":"<p> Migranter och invandrare som uppeh\u00e5ller sig illegalt i landet samt personer som kommit genom anh\u00f6riginvandring riskerar att bli utan covidvaccin. Flera organisationer d\u00e4ribland Amnesty kritiserar nu Spanien f\u00f6r att neka covidvaccin till utsatta personer som inte har det allm\u00e4nna socialf\u00f6rs\u00e4kringskortet eller \u00e4r registrerade.<br \/>\n Inte alla riskgrupper eller \u00e4ldre kan vara s\u00e4kra p\u00e5 att bli vaccinerade mot covid-19 i Spanien. Det finns en stor grupp best\u00e5ende av de som har kommit genom anh\u00f6riginvandring, migranter som uppeh\u00e5ller sig illegalt i landet samt heml\u00f6sa.<\/p>\n<p>De saknar det officiella sjukv\u00e5rdskortet och de \u00e4r inte heller registrerade vid de regionala Folkh\u00e4lsov\u00e5rdsmyndigheterna.<\/p>\n<p>Spanien har inte \u00f6ppnat upp sitt hj\u00e4rta tillr\u00e4ckligt menar 40 organisationer och Amnesty International som skrivit ett brev till Spaniens h\u00e4lsov\u00e5rdsminister Carolina Darias.<\/p>\n<p>De kr\u00e4ver att det interterritoriella r\u00e5det f\u00f6r h\u00e4lsov\u00e5rd kommer med bindande riktlinjer f\u00f6r att s\u00e4kra s\u00e5 att alla blir vaccinerade utan diskriminering. \u00c4ven de som inte har det allm\u00e4nna socialf\u00f6rs\u00e4kringskortet.<\/p>\n<p>Organisationen kr\u00e4ver att detta snabbehandlas. Det beskrivs som ett nyckelinstrument f\u00f6r att garantera dessa m\u00e4nniskors r\u00e4tt till god h\u00e4lsa inklusive r\u00e4tten att f\u00e5 tillg\u00e5ng till vaccinet mot Covid-19.<\/p>\n<p>Dagstidningen ABC skriver att p\u00e5 grund av att det saknas ett gemensamt protokoll behandlar de autonoma regionerna detta p\u00e5 olika s\u00e4tt. Vissa uppges ha byr\u00e5kratiska och strikta villkor medan andra f\u00f6rst\u00e5r behovet att alla b\u00f6r vaccineras.<\/p>\n<p>I Balearerna finns en specifik beredskapsplan f\u00f6r utsatta grupper och \u00e4ven Asturien och Valenciaregionen har meddelat v\u00e5rdcentralerna att alla ska vaccineras \u00e4ven de som \u00e4r utan socialf\u00f6rs\u00e4kringskortet. Eller att de kan registrera sig i systemet f\u00f6r att komma med i vaccinationskampanjen.<\/p>\n<p>\u00c4ven Andalusien har kommit med f\u00f6rtydliganden om att de som inte \u00e4r med i det offentliga socialf\u00f6rs\u00e4kringssystemet ska registrera sig f\u00f6r att f\u00e5 vaccin. N\u00e5got som Svenska Magasinet tidigare har ber\u00e4ttat.<\/p>\n<p>WHO uppmanar dessutom alla europeiska l\u00e4nder att \u00e4ven vaccinera interner p\u00e5 anstalter samt f\u00e4ngelsepersonal. I tidskriften Lancet s\u00e4ger representanter f\u00f6r WHO att interner p\u00e5 anstalter bor mycket n\u00e4ra varandra och har begr\u00e4nsad tillg\u00e5ng till tester och personlig skyddsutrustning.<\/p>\n<p>Fler f\u00e4rska covidnyheter hittar du p\u00e5 Svenska Magasinets Twitterkonto<\/p>\n","protected":false},"excerpt":{"rendered":"<p>Migranter och invandrare som uppeh\u00e5ller sig illegalt i landet samt personer som kommit genom anh\u00f6riginvandring riskerar att bli utan covidvaccin. Flera organisationer d\u00e4ribland Amnesty kritiserar nu Spanien f\u00f6r att neka covidvaccin till utsatta personer som inte har det allm\u00e4nna socialf\u00f6rs\u00e4kringskortet eller \u00e4r registrerade. Inte alla riskgrupper eller \u00e4ldre kan vara s\u00e4kra p\u00e5 att bli vaccinerade [&hellip;]<\/p>\n","protected":false},"author":8,"featured_media":12250,"comment_status":"open","ping_status":"open","sticky":false,"template":"","format":"standard","meta":{"_et_pb_use_builder":"","_et_pb_old_content":"","_et_gb_content_width":"","footnotes":""},"categories":[395,3],"tags":[],"class_list":["post-12249","post","type-post","status-publish","format-standard","has-post-thumbnail","hentry","category-arkiv-nyheter","category-nyheter"],"yoast_head":"<!-- This site is optimized with the Yoast SEO Premium plugin v26.2 (Yoast SEO v27.5) - https:\/\/yoast.com\/product\/yoast-seo-premium-wordpress\/ -->\n<title>\u00d6ver 40 organisationer kritiserar Spanien f\u00f6r att neka vaccin till utsatta grupper - Svenska Magasinet<\/title>\n<meta name=\"robots\" content=\"noindex, follow, max-snippet:-1, max-image-preview:large, max-video-preview:-1\" \/>\n<meta property=\"og:locale\" content=\"sv_SE\" \/>\n<meta property=\"og:type\" content=\"article\" \/>\n<meta property=\"og:title\" content=\"\u00d6ver 40 organisationer kritiserar Spanien f\u00f6r att neka vaccin till utsatta grupper\" \/>\n<meta property=\"og:description\" content=\"Migranter och invandrare som uppeh\u00e5ller sig illegalt i landet samt personer som kommit genom anh\u00f6riginvandring riskerar att bli utan covidvaccin. Flera organisationer d\u00e4ribland Amnesty kritiserar nu Spanien f\u00f6r att neka covidvaccin till utsatta personer som inte har det allm\u00e4nna socialf\u00f6rs\u00e4kringskortet eller \u00e4r registrerade. Inte alla riskgrupper eller \u00e4ldre kan vara s\u00e4kra p\u00e5 att bli vaccinerade [&hellip;]\" \/>\n<meta property=\"og:url\" content=\"https:\/\/lightweb.dev\/l\/svm-temp\/nyheter\/over-40-organisationer-kritiserar-spanien-for-att-neka-vaccin-till-utsatta-grupper\/\" \/>\n<meta property=\"og:site_name\" content=\"Svenska Magasinet\" \/>\n<meta property=\"article:publisher\" content=\"https:\/\/www.facebook.com\/svenskamagasinet\" \/>\n<meta property=\"article:published_time\" content=\"2021-04-30T09:32:00+00:00\" \/>\n<meta property=\"og:image\" content=\"https:\/\/lightweb.dev\/l\/svm-temp\/wp-content\/uploads\/2022\/06\/over-40-organisationer-kritiserar-spanien-for-att-neka-vaccin-till-utsatta-grupper.png\" \/>\n\t<meta property=\"og:image:width\" content=\"500\" \/>\n\t<meta property=\"og:image:height\" content=\"300\" \/>\n\t<meta property=\"og:image:type\" content=\"image\/png\" \/>\n<meta name=\"author\" content=\"Redaktionen SvM\" \/>\n<meta name=\"twitter:card\" content=\"summary_large_image\" \/>\n<meta name=\"twitter:creator\" content=\"@SvenskaMagasine\" \/>\n<meta name=\"twitter:site\" content=\"@SvenskaMagasine\" \/>\n<script type=\"application\/ld+json\" class=\"yoast-schema-graph\">{\"@context\":\"https:\\\/\\\/schema.org\",\"@graph\":[{\"@type\":\"Article\",\"@id\":\"https:\\\/\\\/lightweb.dev\\\/l\\\/svm-temp\\\/nyheter\\\/over-40-organisationer-kritiserar-spanien-for-att-neka-vaccin-till-utsatta-grupper\\\/#article\",\"isPartOf\":{\"@id\":\"https:\\\/\\\/lightweb.dev\\\/l\\\/svm-temp\\\/nyheter\\\/over-40-organisationer-kritiserar-spanien-for-att-neka-vaccin-till-utsatta-grupper\\\/\"},\"author\":{\"name\":\"Redaktionen SvM\",\"@id\":\"https:\\\/\\\/lightweb.dev\\\/l\\\/svm-temp\\\/#\\\/schema\\\/person\\\/206a3bda5b607b0c25e1749191e4d837\"},\"headline\":\"\u00d6ver 40 organisationer kritiserar Spanien f\u00f6r att neka vaccin till utsatta grupper\",\"datePublished\":\"2021-04-30T09:32:00+00:00\",\"mainEntityOfPage\":{\"@id\":\"https:\\\/\\\/lightweb.dev\\\/l\\\/svm-temp\\\/nyheter\\\/over-40-organisationer-kritiserar-spanien-for-att-neka-vaccin-till-utsatta-grupper\\\/\"},\"wordCount\":403,\"commentCount\":0,\"publisher\":{\"@id\":\"https:\\\/\\\/lightweb.dev\\\/l\\\/svm-temp\\\/#organization\"},\"image\":{\"@id\":\"https:\\\/\\\/lightweb.dev\\\/l\\\/svm-temp\\\/nyheter\\\/over-40-organisationer-kritiserar-spanien-for-att-neka-vaccin-till-utsatta-grupper\\\/#primaryimage\"},\"thumbnailUrl\":\"https:\\\/\\\/lightweb.dev\\\/l\\\/svm-temp\\\/wp-content\\\/uploads\\\/2022\\\/06\\\/over-40-organisationer-kritiserar-spanien-for-att-neka-vaccin-till-utsatta-grupper.png\",\"articleSection\":[\"Arkiv\",\"Nyheter\"],\"inLanguage\":\"sv-SE\"},{\"@type\":\"WebPage\",\"@id\":\"https:\\\/\\\/lightweb.dev\\\/l\\\/svm-temp\\\/nyheter\\\/over-40-organisationer-kritiserar-spanien-for-att-neka-vaccin-till-utsatta-grupper\\\/\",\"url\":\"https:\\\/\\\/lightweb.dev\\\/l\\\/svm-temp\\\/nyheter\\\/over-40-organisationer-kritiserar-spanien-for-att-neka-vaccin-till-utsatta-grupper\\\/\",\"name\":\"\u00d6ver 40 organisationer kritiserar Spanien f\u00f6r att neka vaccin till utsatta grupper - Svenska Magasinet\",\"isPartOf\":{\"@id\":\"https:\\\/\\\/lightweb.dev\\\/l\\\/svm-temp\\\/#website\"},\"primaryImageOfPage\":{\"@id\":\"https:\\\/\\\/lightweb.dev\\\/l\\\/svm-temp\\\/nyheter\\\/over-40-organisationer-kritiserar-spanien-for-att-neka-vaccin-till-utsatta-grupper\\\/#primaryimage\"},\"image\":{\"@id\":\"https:\\\/\\\/lightweb.dev\\\/l\\\/svm-temp\\\/nyheter\\\/over-40-organisationer-kritiserar-spanien-for-att-neka-vaccin-till-utsatta-grupper\\\/#primaryimage\"},\"thumbnailUrl\":\"https:\\\/\\\/lightweb.dev\\\/l\\\/svm-temp\\\/wp-content\\\/uploads\\\/2022\\\/06\\\/over-40-organisationer-kritiserar-spanien-for-att-neka-vaccin-till-utsatta-grupper.png\",\"datePublished\":\"2021-04-30T09:32:00+00:00\",\"breadcrumb\":{\"@id\":\"https:\\\/\\\/lightweb.dev\\\/l\\\/svm-temp\\\/nyheter\\\/over-40-organisationer-kritiserar-spanien-for-att-neka-vaccin-till-utsatta-grupper\\\/#breadcrumb\"},\"inLanguage\":\"sv-SE\",\"potentialAction\":[{\"@type\":\"ReadAction\",\"target\":[\"https:\\\/\\\/lightweb.dev\\\/l\\\/svm-temp\\\/nyheter\\\/over-40-organisationer-kritiserar-spanien-for-att-neka-vaccin-till-utsatta-grupper\\\/\"]}]},{\"@type\":\"ImageObject\",\"inLanguage\":\"sv-SE\",\"@id\":\"https:\\\/\\\/lightweb.dev\\\/l\\\/svm-temp\\\/nyheter\\\/over-40-organisationer-kritiserar-spanien-for-att-neka-vaccin-till-utsatta-grupper\\\/#primaryimage\",\"url\":\"https:\\\/\\\/lightweb.dev\\\/l\\\/svm-temp\\\/wp-content\\\/uploads\\\/2022\\\/06\\\/over-40-organisationer-kritiserar-spanien-for-att-neka-vaccin-till-utsatta-grupper.png\",\"contentUrl\":\"https:\\\/\\\/lightweb.dev\\\/l\\\/svm-temp\\\/wp-content\\\/uploads\\\/2022\\\/06\\\/over-40-organisationer-kritiserar-spanien-for-att-neka-vaccin-till-utsatta-grupper.png\",\"width\":500,\"height\":300},{\"@type\":\"BreadcrumbList\",\"@id\":\"https:\\\/\\\/lightweb.dev\\\/l\\\/svm-temp\\\/nyheter\\\/over-40-organisationer-kritiserar-spanien-for-att-neka-vaccin-till-utsatta-grupper\\\/#breadcrumb\",\"itemListElement\":[{\"@type\":\"ListItem\",\"position\":1,\"name\":\"Hem\",\"item\":\"https:\\\/\\\/lightweb.dev\\\/l\\\/svm-temp\\\/\"},{\"@type\":\"ListItem\",\"position\":2,\"name\":\"\u00d6ver 40 organisationer kritiserar Spanien f\u00f6r att neka vaccin till utsatta grupper\"}]},{\"@type\":\"WebSite\",\"@id\":\"https:\\\/\\\/lightweb.dev\\\/l\\\/svm-temp\\\/#website\",\"url\":\"https:\\\/\\\/lightweb.dev\\\/l\\\/svm-temp\\\/\",\"name\":\"Svenska Magasinet\",\"description\":\"Dina Spanska nyheter p&aring; Svenska\",\"publisher\":{\"@id\":\"https:\\\/\\\/lightweb.dev\\\/l\\\/svm-temp\\\/#organization\"},\"potentialAction\":[{\"@type\":\"SearchAction\",\"target\":{\"@type\":\"EntryPoint\",\"urlTemplate\":\"https:\\\/\\\/lightweb.dev\\\/l\\\/svm-temp\\\/?s={search_term_string}\"},\"query-input\":{\"@type\":\"PropertyValueSpecification\",\"valueRequired\":true,\"valueName\":\"search_term_string\"}}],\"inLanguage\":\"sv-SE\"},{\"@type\":\"Organization\",\"@id\":\"https:\\\/\\\/lightweb.dev\\\/l\\\/svm-temp\\\/#organization\",\"name\":\"Melkerson y Nott SL\",\"alternateName\":\"Svenska Magasinet\",\"url\":\"https:\\\/\\\/lightweb.dev\\\/l\\\/svm-temp\\\/\",\"logo\":{\"@type\":\"ImageObject\",\"inLanguage\":\"sv-SE\",\"@id\":\"https:\\\/\\\/lightweb.dev\\\/l\\\/svm-temp\\\/#\\\/schema\\\/logo\\\/image\\\/\",\"url\":\"https:\\\/\\\/lightweb.dev\\\/l\\\/svm-temp\\\/wp-content\\\/uploads\\\/2025\\\/02\\\/SvM-logo-Xtra-Centrerad-SVART.png\",\"contentUrl\":\"https:\\\/\\\/lightweb.dev\\\/l\\\/svm-temp\\\/wp-content\\\/uploads\\\/2025\\\/02\\\/SvM-logo-Xtra-Centrerad-SVART.png\",\"width\":300,\"height\":99,\"caption\":\"Melkerson y Nott SL\"},\"image\":{\"@id\":\"https:\\\/\\\/lightweb.dev\\\/l\\\/svm-temp\\\/#\\\/schema\\\/logo\\\/image\\\/\"},\"sameAs\":[\"https:\\\/\\\/www.facebook.com\\\/svenskamagasinet\",\"https:\\\/\\\/x.com\\\/SvenskaMagasine\"]},{\"@type\":\"Person\",\"@id\":\"https:\\\/\\\/lightweb.dev\\\/l\\\/svm-temp\\\/#\\\/schema\\\/person\\\/206a3bda5b607b0c25e1749191e4d837\",\"name\":\"Redaktionen SvM\",\"description\":\"Redaktionen\",\"sameAs\":[\"https:\\\/\\\/lightweb.dev\\\/l\\\/svm-temp\"],\"url\":\"https:\\\/\\\/lightweb.dev\\\/l\\\/svm-temp\\\/reporter\\\/redaktionen\\\/\"}]}<\/script>\n<!-- \/ Yoast SEO Premium plugin. -->","yoast_head_json":{"title":"\u00d6ver 40 organisationer kritiserar Spanien f\u00f6r att neka vaccin till utsatta grupper - Svenska Magasinet","robots":{"index":"noindex","follow":"follow","max-snippet":"max-snippet:-1","max-image-preview":"max-image-preview:large","max-video-preview":"max-video-preview:-1"},"og_locale":"sv_SE","og_type":"article","og_title":"\u00d6ver 40 organisationer kritiserar Spanien f\u00f6r att neka vaccin till utsatta grupper","og_description":"Migranter och invandrare som uppeh\u00e5ller sig illegalt i landet samt personer som kommit genom anh\u00f6riginvandring riskerar att bli utan covidvaccin. Flera organisationer d\u00e4ribland Amnesty kritiserar nu Spanien f\u00f6r att neka covidvaccin till utsatta personer som inte har det allm\u00e4nna socialf\u00f6rs\u00e4kringskortet eller \u00e4r registrerade. Inte alla riskgrupper eller \u00e4ldre kan vara s\u00e4kra p\u00e5 att bli vaccinerade [&hellip;]","og_url":"https:\/\/lightweb.dev\/l\/svm-temp\/nyheter\/over-40-organisationer-kritiserar-spanien-for-att-neka-vaccin-till-utsatta-grupper\/","og_site_name":"Svenska Magasinet","article_publisher":"https:\/\/www.facebook.com\/svenskamagasinet","article_published_time":"2021-04-30T09:32:00+00:00","og_image":[{"width":500,"height":300,"url":"https:\/\/lightweb.dev\/l\/svm-temp\/wp-content\/uploads\/2022\/06\/over-40-organisationer-kritiserar-spanien-for-att-neka-vaccin-till-utsatta-grupper.png","type":"image\/png"}],"author":"Redaktionen SvM","twitter_card":"summary_large_image","twitter_creator":"@SvenskaMagasine","twitter_site":"@SvenskaMagasine","schema":{"@context":"https:\/\/schema.org","@graph":[{"@type":"Article","@id":"https:\/\/lightweb.dev\/l\/svm-temp\/nyheter\/over-40-organisationer-kritiserar-spanien-for-att-neka-vaccin-till-utsatta-grupper\/#article","isPartOf":{"@id":"https:\/\/lightweb.dev\/l\/svm-temp\/nyheter\/over-40-organisationer-kritiserar-spanien-for-att-neka-vaccin-till-utsatta-grupper\/"},"author":{"name":"Redaktionen SvM","@id":"https:\/\/lightweb.dev\/l\/svm-temp\/#\/schema\/person\/206a3bda5b607b0c25e1749191e4d837"},"headline":"\u00d6ver 40 organisationer kritiserar Spanien f\u00f6r att neka vaccin till utsatta grupper","datePublished":"2021-04-30T09:32:00+00:00","mainEntityOfPage":{"@id":"https:\/\/lightweb.dev\/l\/svm-temp\/nyheter\/over-40-organisationer-kritiserar-spanien-for-att-neka-vaccin-till-utsatta-grupper\/"},"wordCount":403,"commentCount":0,"publisher":{"@id":"https:\/\/lightweb.dev\/l\/svm-temp\/#organization"},"image":{"@id":"https:\/\/lightweb.dev\/l\/svm-temp\/nyheter\/over-40-organisationer-kritiserar-spanien-for-att-neka-vaccin-till-utsatta-grupper\/#primaryimage"},"thumbnailUrl":"https:\/\/lightweb.dev\/l\/svm-temp\/wp-content\/uploads\/2022\/06\/over-40-organisationer-kritiserar-spanien-for-att-neka-vaccin-till-utsatta-grupper.png","articleSection":["Arkiv","Nyheter"],"inLanguage":"sv-SE"},{"@type":"WebPage","@id":"https:\/\/lightweb.dev\/l\/svm-temp\/nyheter\/over-40-organisationer-kritiserar-spanien-for-att-neka-vaccin-till-utsatta-grupper\/","url":"https:\/\/lightweb.dev\/l\/svm-temp\/nyheter\/over-40-organisationer-kritiserar-spanien-for-att-neka-vaccin-till-utsatta-grupper\/","name":"\u00d6ver 40 organisationer kritiserar Spanien f\u00f6r att neka vaccin till utsatta grupper - Svenska Magasinet","isPartOf":{"@id":"https:\/\/lightweb.dev\/l\/svm-temp\/#website"},"primaryImageOfPage":{"@id":"https:\/\/lightweb.dev\/l\/svm-temp\/nyheter\/over-40-organisationer-kritiserar-spanien-for-att-neka-vaccin-till-utsatta-grupper\/#primaryimage"},"image":{"@id":"https:\/\/lightweb.dev\/l\/svm-temp\/nyheter\/over-40-organisationer-kritiserar-spanien-for-att-neka-vaccin-till-utsatta-grupper\/#primaryimage"},"thumbnailUrl":"https:\/\/lightweb.dev\/l\/svm-temp\/wp-content\/uploads\/2022\/06\/over-40-organisationer-kritiserar-spanien-for-att-neka-vaccin-till-utsatta-grupper.png","datePublished":"2021-04-30T09:32:00+00:00","breadcrumb":{"@id":"https:\/\/lightweb.dev\/l\/svm-temp\/nyheter\/over-40-organisationer-kritiserar-spanien-for-att-neka-vaccin-till-utsatta-grupper\/#breadcrumb"},"inLanguage":"sv-SE","potentialAction":[{"@type":"ReadAction","target":["https:\/\/lightweb.dev\/l\/svm-temp\/nyheter\/over-40-organisationer-kritiserar-spanien-for-att-neka-vaccin-till-utsatta-grupper\/"]}]},{"@type":"ImageObject","inLanguage":"sv-SE","@id":"https:\/\/lightweb.dev\/l\/svm-temp\/nyheter\/over-40-organisationer-kritiserar-spanien-for-att-neka-vaccin-till-utsatta-grupper\/#primaryimage","url":"https:\/\/lightweb.dev\/l\/svm-temp\/wp-content\/uploads\/2022\/06\/over-40-organisationer-kritiserar-spanien-for-att-neka-vaccin-till-utsatta-grupper.png","contentUrl":"https:\/\/lightweb.dev\/l\/svm-temp\/wp-content\/uploads\/2022\/06\/over-40-organisationer-kritiserar-spanien-for-att-neka-vaccin-till-utsatta-grupper.png","width":500,"height":300},{"@type":"BreadcrumbList","@id":"https:\/\/lightweb.dev\/l\/svm-temp\/nyheter\/over-40-organisationer-kritiserar-spanien-for-att-neka-vaccin-till-utsatta-grupper\/#breadcrumb","itemListElement":[{"@type":"ListItem","position":1,"name":"Hem","item":"https:\/\/lightweb.dev\/l\/svm-temp\/"},{"@type":"ListItem","position":2,"name":"\u00d6ver 40 organisationer kritiserar Spanien f\u00f6r att neka vaccin till utsatta grupper"}]},{"@type":"WebSite","@id":"https:\/\/lightweb.dev\/l\/svm-temp\/#website","url":"https:\/\/lightweb.dev\/l\/svm-temp\/","name":"Svenska Magasinet","description":"Dina Spanska nyheter p&aring; Svenska","publisher":{"@id":"https:\/\/lightweb.dev\/l\/svm-temp\/#organization"},"potentialAction":[{"@type":"SearchAction","target":{"@type":"EntryPoint","urlTemplate":"https:\/\/lightweb.dev\/l\/svm-temp\/?s={search_term_string}"},"query-input":{"@type":"PropertyValueSpecification","valueRequired":true,"valueName":"search_term_string"}}],"inLanguage":"sv-SE"},{"@type":"Organization","@id":"https:\/\/lightweb.dev\/l\/svm-temp\/#organization","name":"Melkerson y Nott SL","alternateName":"Svenska Magasinet","url":"https:\/\/lightweb.dev\/l\/svm-temp\/","logo":{"@type":"ImageObject","inLanguage":"sv-SE","@id":"https:\/\/lightweb.dev\/l\/svm-temp\/#\/schema\/logo\/image\/","url":"https:\/\/lightweb.dev\/l\/svm-temp\/wp-content\/uploads\/2025\/02\/SvM-logo-Xtra-Centrerad-SVART.png","contentUrl":"https:\/\/lightweb.dev\/l\/svm-temp\/wp-content\/uploads\/2025\/02\/SvM-logo-Xtra-Centrerad-SVART.png","width":300,"height":99,"caption":"Melkerson y Nott SL"},"image":{"@id":"https:\/\/lightweb.dev\/l\/svm-temp\/#\/schema\/logo\/image\/"},"sameAs":["https:\/\/www.facebook.com\/svenskamagasinet","https:\/\/x.com\/SvenskaMagasine"]},{"@type":"Person","@id":"https:\/\/lightweb.dev\/l\/svm-temp\/#\/schema\/person\/206a3bda5b607b0c25e1749191e4d837","name":"Redaktionen SvM","description":"Redaktionen","sameAs":["https:\/\/lightweb.dev\/l\/svm-temp"],"url":"https:\/\/lightweb.dev\/l\/svm-temp\/reporter\/redaktionen\/"}]}},"_links":{"self":[{"href":"https:\/\/lightweb.dev\/l\/svm-temp\/wp-json\/wp\/v2\/posts\/12249","targetHints":{"allow":["GET"]}}],"collection":[{"href":"https:\/\/lightweb.dev\/l\/svm-temp\/wp-json\/wp\/v2\/posts"}],"about":[{"href":"https:\/\/lightweb.dev\/l\/svm-temp\/wp-json\/wp\/v2\/types\/post"}],"author":[{"embeddable":true,"href":"https:\/\/lightweb.dev\/l\/svm-temp\/wp-json\/wp\/v2\/users\/8"}],"replies":[{"embeddable":true,"href":"https:\/\/lightweb.dev\/l\/svm-temp\/wp-json\/wp\/v2\/comments?post=12249"}],"version-history":[{"count":0,"href":"https:\/\/lightweb.dev\/l\/svm-temp\/wp-json\/wp\/v2\/posts\/12249\/revisions"}],"wp:featuredmedia":[{"embeddable":true,"href":"https:\/\/lightweb.dev\/l\/svm-temp\/wp-json\/wp\/v2\/media\/12250"}],"wp:attachment":[{"href":"https:\/\/lightweb.dev\/l\/svm-temp\/wp-json\/wp\/v2\/media?parent=12249"}],"wp:term":[{"taxonomy":"category","embeddable":true,"href":"https:\/\/lightweb.dev\/l\/svm-temp\/wp-json\/wp\/v2\/categories?post=12249"},{"taxonomy":"post_tag","embeddable":true,"href":"https:\/\/lightweb.dev\/l\/svm-temp\/wp-json\/wp\/v2\/tags?post=12249"}],"curies":[{"name":"wp","href":"https:\/\/api.w.org\/{rel}","templated":true}]}}