{"id":12251,"date":"2021-04-30T15:27:00","date_gmt":"2021-04-30T13:27:00","guid":{"rendered":"https:\/\/lightweb.dev\/l\/svm-temp\/nyheter\/nerjas-kommunledning-ger-gront-ljus-till-golfprojekt\/"},"modified":"2021-04-30T15:27:00","modified_gmt":"2021-04-30T13:27:00","slug":"nerjas-kommunledning-ger-gront-ljus-till-golfprojekt","status":"publish","type":"post","link":"https:\/\/lightweb.dev\/l\/svm-temp\/nyheter\/nerjas-kommunledning-ger-gront-ljus-till-golfprojekt\/","title":{"rendered":"Nerjas kommunledning ger gr\u00f6nt ljus till golfprojekt"},"content":{"rendered":"<p> Nerjas kommunledning har gett gr\u00f6nt ljus till projektet med 680 bost\u00e4der, hotell och en 18-h\u00e5ls golfbana p\u00e5 omr\u00e5det Vega de Maro. Kommunledningen med Partido Popular, Ciudadanos och Vox nya kommunalr\u00e5d Jeffrey Lee Taylor ger gr\u00f6nt ljus till projektet som avvisas av st\u00f6rsta oppositionspartiet PSOE tillsammans med Adelante Nerja-Maro och ytterligare ett kommunalr\u00e5d.<\/p>\n<p>Det handlar om ett 250 hektar stort markomr\u00e5de som \u00e4gs av Sociedad Azucarera Larios som n\u00e4rmast v\u00e4ntar p\u00e5 att bli godk\u00e4nt av regionregeringen i Andalusien. Projektet v\u00e4rderas till 311 miljoner euro, uppger Diario SUR p\u00e5 fredagen.<\/p>\n<p>Trots att kommunledningen gett sitt godk\u00e4nnande \u00e4r det l\u00e5ng v\u00e4g kvar innan projektet kan p\u00e5b\u00f6rjas.<\/p>\n<p>Kommunalr\u00e5det f\u00f6r stadsplanering, Nieves Atencia (PP) s\u00e4ger att det i nul\u00e4get inte finns n\u00e5got konkret beslut om projektet. Torsdagens beslut i kommunfullm\u00e4ktige ska ses som ett steg med att f\u00f6rverkliga projektet. N\u00e4rmast ska det \u00f6verl\u00e4mnas till regionregeringen i Andalusien som ska s\u00e4ga sitt.<\/p>\n<p>Sociedad Azucarera Larios \u00e4ger marken och har full r\u00e4tt till att f\u00f6lja den process som finns n\u00e4r det g\u00e4ller nya byggprojekt.<\/p>\n<p>Projektet beskrivs som viktigt f\u00f6r Nerja. H\u00e5llbarhet betonas samtidigt som nya arbetstillf\u00e4llen skapas och b\u00e4ttre ekonomi.<\/p>\n<p>Men projektet har \u00e4ven motst\u00e5ndare. En plattform med namnet \u201dOtra Maro y Nerja es Posible volvi\u00f3\u201d manifesterade utanf\u00f6r kommunhuset i Nerja n\u00e4r kommunledningen h\u00f6ll sitt m\u00f6te. Uppskattningsvis 200 personer medverkade.<\/p>\n<p>I s\u00f6ndags h\u00f6lls en manifestation mot det planerade bygget som samlade lika m\u00e5nga.<\/p>\n<p>Plattformens talesperson Rafael Yus s\u00e4ger att de ska forts\u00e4tta sin lagliga kamp mot projektet.<\/p>\n","protected":false},"excerpt":{"rendered":"<p>Nerjas kommunledning har gett gr\u00f6nt ljus till projektet med 680 bost\u00e4der, hotell och en 18-h\u00e5ls golfbana p\u00e5 omr\u00e5det Vega de Maro. Kommunledningen med Partido Popular, Ciudadanos och Vox nya kommunalr\u00e5d Jeffrey Lee Taylor ger gr\u00f6nt ljus till projektet som avvisas av st\u00f6rsta oppositionspartiet PSOE tillsammans med Adelante Nerja-Maro och ytterligare ett kommunalr\u00e5d. Det handlar om [&hellip;]<\/p>\n","protected":false},"author":8,"featured_media":12252,"comment_status":"open","ping_status":"open","sticky":false,"template":"","format":"standard","meta":{"_et_pb_use_builder":"","_et_pb_old_content":"","_et_gb_content_width":"","footnotes":""},"categories":[395,3],"tags":[],"class_list":["post-12251","post","type-post","status-publish","format-standard","has-post-thumbnail","hentry","category-arkiv-nyheter","category-nyheter"],"yoast_head":"<!-- This site is optimized with the Yoast SEO Premium plugin v26.2 (Yoast SEO v27.5) - https:\/\/yoast.com\/product\/yoast-seo-premium-wordpress\/ -->\n<title>Nerjas kommunledning ger gr\u00f6nt ljus till golfprojekt - Svenska Magasinet<\/title>\n<meta name=\"robots\" content=\"noindex, follow, max-snippet:-1, max-image-preview:large, max-video-preview:-1\" \/>\n<meta property=\"og:locale\" content=\"sv_SE\" \/>\n<meta property=\"og:type\" content=\"article\" \/>\n<meta property=\"og:title\" content=\"Nerjas kommunledning ger gr\u00f6nt ljus till golfprojekt\" \/>\n<meta property=\"og:description\" content=\"Nerjas kommunledning har gett gr\u00f6nt ljus till projektet med 680 bost\u00e4der, hotell och en 18-h\u00e5ls golfbana p\u00e5 omr\u00e5det Vega de Maro. Kommunledningen med Partido Popular, Ciudadanos och Vox nya kommunalr\u00e5d Jeffrey Lee Taylor ger gr\u00f6nt ljus till projektet som avvisas av st\u00f6rsta oppositionspartiet PSOE tillsammans med Adelante Nerja-Maro och ytterligare ett kommunalr\u00e5d. Det handlar om [&hellip;]\" \/>\n<meta property=\"og:url\" content=\"https:\/\/lightweb.dev\/l\/svm-temp\/nyheter\/nerjas-kommunledning-ger-gront-ljus-till-golfprojekt\/\" \/>\n<meta property=\"og:site_name\" content=\"Svenska Magasinet\" \/>\n<meta property=\"article:publisher\" content=\"https:\/\/www.facebook.com\/svenskamagasinet\" \/>\n<meta property=\"article:published_time\" content=\"2021-04-30T13:27:00+00:00\" \/>\n<meta property=\"og:image\" content=\"https:\/\/lightweb.dev\/l\/svm-temp\/wp-content\/uploads\/2022\/06\/nerjas-kommunledning-ger-gront-ljus-till-golfprojekt.png\" \/>\n\t<meta property=\"og:image:width\" content=\"500\" \/>\n\t<meta property=\"og:image:height\" content=\"300\" \/>\n\t<meta property=\"og:image:type\" content=\"image\/png\" \/>\n<meta name=\"author\" content=\"Redaktionen SvM\" \/>\n<meta name=\"twitter:card\" content=\"summary_large_image\" \/>\n<meta name=\"twitter:creator\" content=\"@SvenskaMagasine\" \/>\n<meta name=\"twitter:site\" content=\"@SvenskaMagasine\" \/>\n<script type=\"application\/ld+json\" class=\"yoast-schema-graph\">{\"@context\":\"https:\\\/\\\/schema.org\",\"@graph\":[{\"@type\":\"Article\",\"@id\":\"https:\\\/\\\/lightweb.dev\\\/l\\\/svm-temp\\\/nyheter\\\/nerjas-kommunledning-ger-gront-ljus-till-golfprojekt\\\/#article\",\"isPartOf\":{\"@id\":\"https:\\\/\\\/lightweb.dev\\\/l\\\/svm-temp\\\/nyheter\\\/nerjas-kommunledning-ger-gront-ljus-till-golfprojekt\\\/\"},\"author\":{\"name\":\"Redaktionen SvM\",\"@id\":\"https:\\\/\\\/lightweb.dev\\\/l\\\/svm-temp\\\/#\\\/schema\\\/person\\\/206a3bda5b607b0c25e1749191e4d837\"},\"headline\":\"Nerjas kommunledning ger gr\u00f6nt ljus till golfprojekt\",\"datePublished\":\"2021-04-30T13:27:00+00:00\",\"mainEntityOfPage\":{\"@id\":\"https:\\\/\\\/lightweb.dev\\\/l\\\/svm-temp\\\/nyheter\\\/nerjas-kommunledning-ger-gront-ljus-till-golfprojekt\\\/\"},\"wordCount\":290,\"commentCount\":0,\"publisher\":{\"@id\":\"https:\\\/\\\/lightweb.dev\\\/l\\\/svm-temp\\\/#organization\"},\"image\":{\"@id\":\"https:\\\/\\\/lightweb.dev\\\/l\\\/svm-temp\\\/nyheter\\\/nerjas-kommunledning-ger-gront-ljus-till-golfprojekt\\\/#primaryimage\"},\"thumbnailUrl\":\"https:\\\/\\\/lightweb.dev\\\/l\\\/svm-temp\\\/wp-content\\\/uploads\\\/2022\\\/06\\\/nerjas-kommunledning-ger-gront-ljus-till-golfprojekt.png\",\"articleSection\":[\"Arkiv\",\"Nyheter\"],\"inLanguage\":\"sv-SE\"},{\"@type\":\"WebPage\",\"@id\":\"https:\\\/\\\/lightweb.dev\\\/l\\\/svm-temp\\\/nyheter\\\/nerjas-kommunledning-ger-gront-ljus-till-golfprojekt\\\/\",\"url\":\"https:\\\/\\\/lightweb.dev\\\/l\\\/svm-temp\\\/nyheter\\\/nerjas-kommunledning-ger-gront-ljus-till-golfprojekt\\\/\",\"name\":\"Nerjas kommunledning ger gr\u00f6nt ljus till golfprojekt - Svenska Magasinet\",\"isPartOf\":{\"@id\":\"https:\\\/\\\/lightweb.dev\\\/l\\\/svm-temp\\\/#website\"},\"primaryImageOfPage\":{\"@id\":\"https:\\\/\\\/lightweb.dev\\\/l\\\/svm-temp\\\/nyheter\\\/nerjas-kommunledning-ger-gront-ljus-till-golfprojekt\\\/#primaryimage\"},\"image\":{\"@id\":\"https:\\\/\\\/lightweb.dev\\\/l\\\/svm-temp\\\/nyheter\\\/nerjas-kommunledning-ger-gront-ljus-till-golfprojekt\\\/#primaryimage\"},\"thumbnailUrl\":\"https:\\\/\\\/lightweb.dev\\\/l\\\/svm-temp\\\/wp-content\\\/uploads\\\/2022\\\/06\\\/nerjas-kommunledning-ger-gront-ljus-till-golfprojekt.png\",\"datePublished\":\"2021-04-30T13:27:00+00:00\",\"breadcrumb\":{\"@id\":\"https:\\\/\\\/lightweb.dev\\\/l\\\/svm-temp\\\/nyheter\\\/nerjas-kommunledning-ger-gront-ljus-till-golfprojekt\\\/#breadcrumb\"},\"inLanguage\":\"sv-SE\",\"potentialAction\":[{\"@type\":\"ReadAction\",\"target\":[\"https:\\\/\\\/lightweb.dev\\\/l\\\/svm-temp\\\/nyheter\\\/nerjas-kommunledning-ger-gront-ljus-till-golfprojekt\\\/\"]}]},{\"@type\":\"ImageObject\",\"inLanguage\":\"sv-SE\",\"@id\":\"https:\\\/\\\/lightweb.dev\\\/l\\\/svm-temp\\\/nyheter\\\/nerjas-kommunledning-ger-gront-ljus-till-golfprojekt\\\/#primaryimage\",\"url\":\"https:\\\/\\\/lightweb.dev\\\/l\\\/svm-temp\\\/wp-content\\\/uploads\\\/2022\\\/06\\\/nerjas-kommunledning-ger-gront-ljus-till-golfprojekt.png\",\"contentUrl\":\"https:\\\/\\\/lightweb.dev\\\/l\\\/svm-temp\\\/wp-content\\\/uploads\\\/2022\\\/06\\\/nerjas-kommunledning-ger-gront-ljus-till-golfprojekt.png\",\"width\":500,\"height\":300},{\"@type\":\"BreadcrumbList\",\"@id\":\"https:\\\/\\\/lightweb.dev\\\/l\\\/svm-temp\\\/nyheter\\\/nerjas-kommunledning-ger-gront-ljus-till-golfprojekt\\\/#breadcrumb\",\"itemListElement\":[{\"@type\":\"ListItem\",\"position\":1,\"name\":\"Hem\",\"item\":\"https:\\\/\\\/lightweb.dev\\\/l\\\/svm-temp\\\/\"},{\"@type\":\"ListItem\",\"position\":2,\"name\":\"Nerjas kommunledning ger gr\u00f6nt ljus till golfprojekt\"}]},{\"@type\":\"WebSite\",\"@id\":\"https:\\\/\\\/lightweb.dev\\\/l\\\/svm-temp\\\/#website\",\"url\":\"https:\\\/\\\/lightweb.dev\\\/l\\\/svm-temp\\\/\",\"name\":\"Svenska Magasinet\",\"description\":\"Dina Spanska nyheter p&aring; Svenska\",\"publisher\":{\"@id\":\"https:\\\/\\\/lightweb.dev\\\/l\\\/svm-temp\\\/#organization\"},\"potentialAction\":[{\"@type\":\"SearchAction\",\"target\":{\"@type\":\"EntryPoint\",\"urlTemplate\":\"https:\\\/\\\/lightweb.dev\\\/l\\\/svm-temp\\\/?s={search_term_string}\"},\"query-input\":{\"@type\":\"PropertyValueSpecification\",\"valueRequired\":true,\"valueName\":\"search_term_string\"}}],\"inLanguage\":\"sv-SE\"},{\"@type\":\"Organization\",\"@id\":\"https:\\\/\\\/lightweb.dev\\\/l\\\/svm-temp\\\/#organization\",\"name\":\"Melkerson y Nott SL\",\"alternateName\":\"Svenska Magasinet\",\"url\":\"https:\\\/\\\/lightweb.dev\\\/l\\\/svm-temp\\\/\",\"logo\":{\"@type\":\"ImageObject\",\"inLanguage\":\"sv-SE\",\"@id\":\"https:\\\/\\\/lightweb.dev\\\/l\\\/svm-temp\\\/#\\\/schema\\\/logo\\\/image\\\/\",\"url\":\"https:\\\/\\\/lightweb.dev\\\/l\\\/svm-temp\\\/wp-content\\\/uploads\\\/2025\\\/02\\\/SvM-logo-Xtra-Centrerad-SVART.png\",\"contentUrl\":\"https:\\\/\\\/lightweb.dev\\\/l\\\/svm-temp\\\/wp-content\\\/uploads\\\/2025\\\/02\\\/SvM-logo-Xtra-Centrerad-SVART.png\",\"width\":300,\"height\":99,\"caption\":\"Melkerson y Nott SL\"},\"image\":{\"@id\":\"https:\\\/\\\/lightweb.dev\\\/l\\\/svm-temp\\\/#\\\/schema\\\/logo\\\/image\\\/\"},\"sameAs\":[\"https:\\\/\\\/www.facebook.com\\\/svenskamagasinet\",\"https:\\\/\\\/x.com\\\/SvenskaMagasine\"]},{\"@type\":\"Person\",\"@id\":\"https:\\\/\\\/lightweb.dev\\\/l\\\/svm-temp\\\/#\\\/schema\\\/person\\\/206a3bda5b607b0c25e1749191e4d837\",\"name\":\"Redaktionen SvM\",\"description\":\"Redaktionen\",\"sameAs\":[\"https:\\\/\\\/lightweb.dev\\\/l\\\/svm-temp\"],\"url\":\"https:\\\/\\\/lightweb.dev\\\/l\\\/svm-temp\\\/reporter\\\/redaktionen\\\/\"}]}<\/script>\n<!-- \/ Yoast SEO Premium plugin. -->","yoast_head_json":{"title":"Nerjas kommunledning ger gr\u00f6nt ljus till golfprojekt - Svenska Magasinet","robots":{"index":"noindex","follow":"follow","max-snippet":"max-snippet:-1","max-image-preview":"max-image-preview:large","max-video-preview":"max-video-preview:-1"},"og_locale":"sv_SE","og_type":"article","og_title":"Nerjas kommunledning ger gr\u00f6nt ljus till golfprojekt","og_description":"Nerjas kommunledning har gett gr\u00f6nt ljus till projektet med 680 bost\u00e4der, hotell och en 18-h\u00e5ls golfbana p\u00e5 omr\u00e5det Vega de Maro. Kommunledningen med Partido Popular, Ciudadanos och Vox nya kommunalr\u00e5d Jeffrey Lee Taylor ger gr\u00f6nt ljus till projektet som avvisas av st\u00f6rsta oppositionspartiet PSOE tillsammans med Adelante Nerja-Maro och ytterligare ett kommunalr\u00e5d. Det handlar om [&hellip;]","og_url":"https:\/\/lightweb.dev\/l\/svm-temp\/nyheter\/nerjas-kommunledning-ger-gront-ljus-till-golfprojekt\/","og_site_name":"Svenska Magasinet","article_publisher":"https:\/\/www.facebook.com\/svenskamagasinet","article_published_time":"2021-04-30T13:27:00+00:00","og_image":[{"width":500,"height":300,"url":"https:\/\/lightweb.dev\/l\/svm-temp\/wp-content\/uploads\/2022\/06\/nerjas-kommunledning-ger-gront-ljus-till-golfprojekt.png","type":"image\/png"}],"author":"Redaktionen SvM","twitter_card":"summary_large_image","twitter_creator":"@SvenskaMagasine","twitter_site":"@SvenskaMagasine","schema":{"@context":"https:\/\/schema.org","@graph":[{"@type":"Article","@id":"https:\/\/lightweb.dev\/l\/svm-temp\/nyheter\/nerjas-kommunledning-ger-gront-ljus-till-golfprojekt\/#article","isPartOf":{"@id":"https:\/\/lightweb.dev\/l\/svm-temp\/nyheter\/nerjas-kommunledning-ger-gront-ljus-till-golfprojekt\/"},"author":{"name":"Redaktionen SvM","@id":"https:\/\/lightweb.dev\/l\/svm-temp\/#\/schema\/person\/206a3bda5b607b0c25e1749191e4d837"},"headline":"Nerjas kommunledning ger gr\u00f6nt ljus till golfprojekt","datePublished":"2021-04-30T13:27:00+00:00","mainEntityOfPage":{"@id":"https:\/\/lightweb.dev\/l\/svm-temp\/nyheter\/nerjas-kommunledning-ger-gront-ljus-till-golfprojekt\/"},"wordCount":290,"commentCount":0,"publisher":{"@id":"https:\/\/lightweb.dev\/l\/svm-temp\/#organization"},"image":{"@id":"https:\/\/lightweb.dev\/l\/svm-temp\/nyheter\/nerjas-kommunledning-ger-gront-ljus-till-golfprojekt\/#primaryimage"},"thumbnailUrl":"https:\/\/lightweb.dev\/l\/svm-temp\/wp-content\/uploads\/2022\/06\/nerjas-kommunledning-ger-gront-ljus-till-golfprojekt.png","articleSection":["Arkiv","Nyheter"],"inLanguage":"sv-SE"},{"@type":"WebPage","@id":"https:\/\/lightweb.dev\/l\/svm-temp\/nyheter\/nerjas-kommunledning-ger-gront-ljus-till-golfprojekt\/","url":"https:\/\/lightweb.dev\/l\/svm-temp\/nyheter\/nerjas-kommunledning-ger-gront-ljus-till-golfprojekt\/","name":"Nerjas kommunledning ger gr\u00f6nt ljus till golfprojekt - Svenska Magasinet","isPartOf":{"@id":"https:\/\/lightweb.dev\/l\/svm-temp\/#website"},"primaryImageOfPage":{"@id":"https:\/\/lightweb.dev\/l\/svm-temp\/nyheter\/nerjas-kommunledning-ger-gront-ljus-till-golfprojekt\/#primaryimage"},"image":{"@id":"https:\/\/lightweb.dev\/l\/svm-temp\/nyheter\/nerjas-kommunledning-ger-gront-ljus-till-golfprojekt\/#primaryimage"},"thumbnailUrl":"https:\/\/lightweb.dev\/l\/svm-temp\/wp-content\/uploads\/2022\/06\/nerjas-kommunledning-ger-gront-ljus-till-golfprojekt.png","datePublished":"2021-04-30T13:27:00+00:00","breadcrumb":{"@id":"https:\/\/lightweb.dev\/l\/svm-temp\/nyheter\/nerjas-kommunledning-ger-gront-ljus-till-golfprojekt\/#breadcrumb"},"inLanguage":"sv-SE","potentialAction":[{"@type":"ReadAction","target":["https:\/\/lightweb.dev\/l\/svm-temp\/nyheter\/nerjas-kommunledning-ger-gront-ljus-till-golfprojekt\/"]}]},{"@type":"ImageObject","inLanguage":"sv-SE","@id":"https:\/\/lightweb.dev\/l\/svm-temp\/nyheter\/nerjas-kommunledning-ger-gront-ljus-till-golfprojekt\/#primaryimage","url":"https:\/\/lightweb.dev\/l\/svm-temp\/wp-content\/uploads\/2022\/06\/nerjas-kommunledning-ger-gront-ljus-till-golfprojekt.png","contentUrl":"https:\/\/lightweb.dev\/l\/svm-temp\/wp-content\/uploads\/2022\/06\/nerjas-kommunledning-ger-gront-ljus-till-golfprojekt.png","width":500,"height":300},{"@type":"BreadcrumbList","@id":"https:\/\/lightweb.dev\/l\/svm-temp\/nyheter\/nerjas-kommunledning-ger-gront-ljus-till-golfprojekt\/#breadcrumb","itemListElement":[{"@type":"ListItem","position":1,"name":"Hem","item":"https:\/\/lightweb.dev\/l\/svm-temp\/"},{"@type":"ListItem","position":2,"name":"Nerjas kommunledning ger gr\u00f6nt ljus till golfprojekt"}]},{"@type":"WebSite","@id":"https:\/\/lightweb.dev\/l\/svm-temp\/#website","url":"https:\/\/lightweb.dev\/l\/svm-temp\/","name":"Svenska Magasinet","description":"Dina Spanska nyheter p&aring; Svenska","publisher":{"@id":"https:\/\/lightweb.dev\/l\/svm-temp\/#organization"},"potentialAction":[{"@type":"SearchAction","target":{"@type":"EntryPoint","urlTemplate":"https:\/\/lightweb.dev\/l\/svm-temp\/?s={search_term_string}"},"query-input":{"@type":"PropertyValueSpecification","valueRequired":true,"valueName":"search_term_string"}}],"inLanguage":"sv-SE"},{"@type":"Organization","@id":"https:\/\/lightweb.dev\/l\/svm-temp\/#organization","name":"Melkerson y Nott SL","alternateName":"Svenska Magasinet","url":"https:\/\/lightweb.dev\/l\/svm-temp\/","logo":{"@type":"ImageObject","inLanguage":"sv-SE","@id":"https:\/\/lightweb.dev\/l\/svm-temp\/#\/schema\/logo\/image\/","url":"https:\/\/lightweb.dev\/l\/svm-temp\/wp-content\/uploads\/2025\/02\/SvM-logo-Xtra-Centrerad-SVART.png","contentUrl":"https:\/\/lightweb.dev\/l\/svm-temp\/wp-content\/uploads\/2025\/02\/SvM-logo-Xtra-Centrerad-SVART.png","width":300,"height":99,"caption":"Melkerson y Nott SL"},"image":{"@id":"https:\/\/lightweb.dev\/l\/svm-temp\/#\/schema\/logo\/image\/"},"sameAs":["https:\/\/www.facebook.com\/svenskamagasinet","https:\/\/x.com\/SvenskaMagasine"]},{"@type":"Person","@id":"https:\/\/lightweb.dev\/l\/svm-temp\/#\/schema\/person\/206a3bda5b607b0c25e1749191e4d837","name":"Redaktionen SvM","description":"Redaktionen","sameAs":["https:\/\/lightweb.dev\/l\/svm-temp"],"url":"https:\/\/lightweb.dev\/l\/svm-temp\/reporter\/redaktionen\/"}]}},"_links":{"self":[{"href":"https:\/\/lightweb.dev\/l\/svm-temp\/wp-json\/wp\/v2\/posts\/12251","targetHints":{"allow":["GET"]}}],"collection":[{"href":"https:\/\/lightweb.dev\/l\/svm-temp\/wp-json\/wp\/v2\/posts"}],"about":[{"href":"https:\/\/lightweb.dev\/l\/svm-temp\/wp-json\/wp\/v2\/types\/post"}],"author":[{"embeddable":true,"href":"https:\/\/lightweb.dev\/l\/svm-temp\/wp-json\/wp\/v2\/users\/8"}],"replies":[{"embeddable":true,"href":"https:\/\/lightweb.dev\/l\/svm-temp\/wp-json\/wp\/v2\/comments?post=12251"}],"version-history":[{"count":0,"href":"https:\/\/lightweb.dev\/l\/svm-temp\/wp-json\/wp\/v2\/posts\/12251\/revisions"}],"wp:featuredmedia":[{"embeddable":true,"href":"https:\/\/lightweb.dev\/l\/svm-temp\/wp-json\/wp\/v2\/media\/12252"}],"wp:attachment":[{"href":"https:\/\/lightweb.dev\/l\/svm-temp\/wp-json\/wp\/v2\/media?parent=12251"}],"wp:term":[{"taxonomy":"category","embeddable":true,"href":"https:\/\/lightweb.dev\/l\/svm-temp\/wp-json\/wp\/v2\/categories?post=12251"},{"taxonomy":"post_tag","embeddable":true,"href":"https:\/\/lightweb.dev\/l\/svm-temp\/wp-json\/wp\/v2\/tags?post=12251"}],"curies":[{"name":"wp","href":"https:\/\/api.w.org\/{rel}","templated":true}]}}