{"id":12253,"date":"2021-04-30T16:25:00","date_gmt":"2021-04-30T14:25:00","guid":{"rendered":"https:\/\/lightweb.dev\/l\/svm-temp\/nyheter\/fredagsvinet-vinfynda-infor-helgen\/"},"modified":"2021-04-30T16:25:00","modified_gmt":"2021-04-30T14:25:00","slug":"fredagsvinet-vinfynda-infor-helgen","status":"publish","type":"post","link":"https:\/\/lightweb.dev\/l\/svm-temp\/nyheter\/fredagsvinet-vinfynda-infor-helgen\/","title":{"rendered":"Fredagsvinet: Vinfynda inf\u00f6r helgen"},"content":{"rendered":"<p> I veckan h\u00f6lls den kombinerade turist- och matm\u00e4ssan Sal\u00f3n de Innovaci\u00f3n en Hosteler\u00eda i kongresshallarna i M\u00e1laga. F\u00f6rutom att m\u00e5nga lokala vinproducenter var p\u00e5 plats kunde vi som var d\u00e4r gl\u00e4dja oss \u00e5t b\u00e5de bra mat och viner. F\u00f6rutom 130 utst\u00e4llare var det ett 60-tal program med workshops, t\u00e4vlingar och forum. Fjorton kockar, varav \u00e5tta med Michelinstj\u00e4rnor, vinprovningar med ett tjugotal sommeliers och matlagningsshower d\u00e4r unga kockar medverkade.<\/p>\n<p>N\u00e5gra riktigt trevliga lokala vinproducenter var p\u00e5 plats. Vi har stiftat bekantskap med dem tidigare h\u00e4r under vinjetten Fredagsvinet: Bodegas Excelencia, Bodega Cortijo La Fuente, Dimobe Bodegas, Bodega Garcia Hidalgo, Embrujo del Sur och Bodega Jorge Ordonez.<\/p>\n<p>Ytterligare vinproducenter fr\u00e5n Spanien fanns med i M\u00e1laga via sina agenter.<\/p>\n<p>Vid den vinprovning som arrangerades vann Vizconde de la Villa Tinto Roble. Bodegas Covitoro som startade 1974 har framst\u00e4llt vinet. Producenten \u00e4r en av de fr\u00e4msta i distriktet Toro som \u00e4r k\u00e4nt f\u00f6r sina bra r\u00f6da viner i m\u00e5ttlig prisklass. Det h\u00e4r vinet kostar 3,12 euro! Vinet s\u00e4ljs av Makro.<\/p>\n<p>Jag fick v\u00e4xla n\u00e5gra ord med Victoria Ord\u00f3\u00f1ez fr\u00e5n Grupo Jorge Ordo\u00f1ez varifr\u00e5n dessertvinet till Nobelfesten i Stockholm 2012 kom.<\/p>\n<p>Hon ber\u00e4ttar att det h\u00e4nder mycket sp\u00e4nnande i Montes de M\u00e1laga och Axarqu\u00eda. Gamla vinodlingar b\u00f6rjar p\u00e5 nytt odlas upp. Mer om det vid ett annat tillf\u00e4lle.<\/p>\n<p>Jag provade deras Camarolos fr\u00e5n 2017 som \u00e4r gjord p\u00e5 60 procent Cabernet Sauvignon, 20 procent Syrah och 20 procent Tempranillo.<\/p>\n<p>En h\u00e4rlig granat\u00e4pplef\u00e4rg med dofter av r\u00f6d frukt, nyanser av choklad och violer. Fina behagliga tanniner, h\u00e4rlig frukt med fr\u00e4sch finish. Ett utm\u00e4rkt matvin med sina kryddiga toner. Pris 21 euro.<\/p>\n<p>Deras vita torra La Ola del Melillero p\u00e5 90 procent Pedro Xim\u00e9nez och 10 procent Moscatel \u00e4r ett utm\u00e4rkt alternativ till kv\u00e4llens tapas med vitl\u00f6ksfr\u00e4sta r\u00e4kor.<br \/>\nEn doft av sommar\u00e4ng med vita blommor. Bra balans mellan frukt och syra. Fr\u00e4scht och friskt vin som ger gl\u00e4dje i gomseglet. 13 euro.<\/p>\n<p>Dagens trevliga vinfynd var Peregrino 14 (bilden), en crianza fr\u00e5n 2015 och producenten Bodegas Gordonzello i Castilla y Le\u00f3n. Vinet \u00e4r gjort p\u00e5 den ovanliga druvan Prieto Picudo fr\u00e5n gamla stockar. Det var en druva som tidigare hade lite d\u00e5ligt rykte men ack s\u00e5 bra vinerna har blivit. H\u00e4rlig fyllig karakt\u00e4r med kryddiga toner och varma fasta tanniner. Cirkapris 14 euro. Vinet finns att k\u00f6pa hos Nancy Luyten som har 340 Gourmet vid El Pe\u00f1oncillo p\u00e5 Torrox Costa.<\/p>\n<p>Nya vintips regelbundet p\u00e5 Twitter under hashtag #spanskaviner<\/p>\n<p>Vinm\u00e4ssan Verema M\u00e1laga<br \/>\nDen 24 maj \u00e4r det \u00e4ntligen dags f\u00f6r Experiencia Verema i M\u00e1laga p\u00e5 Gran Hotel Miramar GL p\u00e5 Paseo Paseo Reding 22, 24. \u00d6ppet mellan klockan 12 till 15:00 och 17 till 21. F\u00f6rhandsbokning via webbplatsen verema. D\u00e5 kostar intr\u00e4det 10 euro. Annars 15 euro. Svenska Magasinet kommer att vara p\u00e5 plats. <\/p>\n<p>MER OM VIN HITTAR DU H\u00c4R:<\/p>\n<p>Vacker av vin och resveratrol<br \/>\nVin fr\u00e5n Manilva och Mallorca<br \/>\nVin motverkar f\u00f6rkyning<br \/>\nSnyggare och charmigare av vin<br \/>\nR\u00f6dvin f\u00f6rbr\u00e4nner fettceller<br \/>\nVintips: Hj\u00e4lper dig att g\u00e5 ned i vikt<\/p>\n","protected":false},"excerpt":{"rendered":"<p>I veckan h\u00f6lls den kombinerade turist- och matm\u00e4ssan Sal\u00f3n de Innovaci\u00f3n en Hosteler\u00eda i kongresshallarna i M\u00e1laga. F\u00f6rutom att m\u00e5nga lokala vinproducenter var p\u00e5 plats kunde vi som var d\u00e4r gl\u00e4dja oss \u00e5t b\u00e5de bra mat och viner. F\u00f6rutom 130 utst\u00e4llare var det ett 60-tal program med workshops, t\u00e4vlingar och forum. Fjorton kockar, varav \u00e5tta [&hellip;]<\/p>\n","protected":false},"author":8,"featured_media":12254,"comment_status":"open","ping_status":"open","sticky":false,"template":"","format":"standard","meta":{"_et_pb_use_builder":"","_et_pb_old_content":"","_et_gb_content_width":"","footnotes":""},"categories":[395,3],"tags":[],"class_list":["post-12253","post","type-post","status-publish","format-standard","has-post-thumbnail","hentry","category-arkiv-nyheter","category-nyheter"],"yoast_head":"<!-- This site is optimized with the Yoast SEO Premium plugin v26.2 (Yoast SEO v27.5) - https:\/\/yoast.com\/product\/yoast-seo-premium-wordpress\/ -->\n<title>Fredagsvinet: Vinfynda inf\u00f6r helgen - Svenska Magasinet<\/title>\n<meta name=\"robots\" content=\"noindex, follow, max-snippet:-1, max-image-preview:large, max-video-preview:-1\" \/>\n<meta property=\"og:locale\" content=\"sv_SE\" \/>\n<meta property=\"og:type\" content=\"article\" \/>\n<meta property=\"og:title\" content=\"Fredagsvinet: Vinfynda inf\u00f6r helgen\" \/>\n<meta property=\"og:description\" content=\"I veckan h\u00f6lls den kombinerade turist- och matm\u00e4ssan Sal\u00f3n de Innovaci\u00f3n en Hosteler\u00eda i kongresshallarna i M\u00e1laga. F\u00f6rutom att m\u00e5nga lokala vinproducenter var p\u00e5 plats kunde vi som var d\u00e4r gl\u00e4dja oss \u00e5t b\u00e5de bra mat och viner. F\u00f6rutom 130 utst\u00e4llare var det ett 60-tal program med workshops, t\u00e4vlingar och forum. Fjorton kockar, varav \u00e5tta [&hellip;]\" \/>\n<meta property=\"og:url\" content=\"https:\/\/lightweb.dev\/l\/svm-temp\/nyheter\/fredagsvinet-vinfynda-infor-helgen\/\" \/>\n<meta property=\"og:site_name\" content=\"Svenska Magasinet\" \/>\n<meta property=\"article:publisher\" content=\"https:\/\/www.facebook.com\/svenskamagasinet\" \/>\n<meta property=\"article:published_time\" content=\"2021-04-30T14:25:00+00:00\" \/>\n<meta property=\"og:image\" content=\"https:\/\/lightweb.dev\/l\/svm-temp\/wp-content\/uploads\/2022\/06\/fredagsvinet-vinfynda-infor-helgen.png\" \/>\n\t<meta property=\"og:image:width\" content=\"500\" \/>\n\t<meta property=\"og:image:height\" content=\"300\" \/>\n\t<meta property=\"og:image:type\" content=\"image\/png\" \/>\n<meta name=\"author\" content=\"Redaktionen SvM\" \/>\n<meta name=\"twitter:card\" content=\"summary_large_image\" \/>\n<meta name=\"twitter:creator\" content=\"@SvenskaMagasine\" \/>\n<meta name=\"twitter:site\" content=\"@SvenskaMagasine\" \/>\n<script type=\"application\/ld+json\" class=\"yoast-schema-graph\">{\"@context\":\"https:\\\/\\\/schema.org\",\"@graph\":[{\"@type\":\"Article\",\"@id\":\"https:\\\/\\\/lightweb.dev\\\/l\\\/svm-temp\\\/nyheter\\\/fredagsvinet-vinfynda-infor-helgen\\\/#article\",\"isPartOf\":{\"@id\":\"https:\\\/\\\/lightweb.dev\\\/l\\\/svm-temp\\\/nyheter\\\/fredagsvinet-vinfynda-infor-helgen\\\/\"},\"author\":{\"name\":\"Redaktionen SvM\",\"@id\":\"https:\\\/\\\/lightweb.dev\\\/l\\\/svm-temp\\\/#\\\/schema\\\/person\\\/206a3bda5b607b0c25e1749191e4d837\"},\"headline\":\"Fredagsvinet: Vinfynda inf\u00f6r helgen\",\"datePublished\":\"2021-04-30T14:25:00+00:00\",\"mainEntityOfPage\":{\"@id\":\"https:\\\/\\\/lightweb.dev\\\/l\\\/svm-temp\\\/nyheter\\\/fredagsvinet-vinfynda-infor-helgen\\\/\"},\"wordCount\":550,\"commentCount\":0,\"publisher\":{\"@id\":\"https:\\\/\\\/lightweb.dev\\\/l\\\/svm-temp\\\/#organization\"},\"image\":{\"@id\":\"https:\\\/\\\/lightweb.dev\\\/l\\\/svm-temp\\\/nyheter\\\/fredagsvinet-vinfynda-infor-helgen\\\/#primaryimage\"},\"thumbnailUrl\":\"https:\\\/\\\/lightweb.dev\\\/l\\\/svm-temp\\\/wp-content\\\/uploads\\\/2022\\\/06\\\/fredagsvinet-vinfynda-infor-helgen.png\",\"articleSection\":[\"Arkiv\",\"Nyheter\"],\"inLanguage\":\"sv-SE\"},{\"@type\":\"WebPage\",\"@id\":\"https:\\\/\\\/lightweb.dev\\\/l\\\/svm-temp\\\/nyheter\\\/fredagsvinet-vinfynda-infor-helgen\\\/\",\"url\":\"https:\\\/\\\/lightweb.dev\\\/l\\\/svm-temp\\\/nyheter\\\/fredagsvinet-vinfynda-infor-helgen\\\/\",\"name\":\"Fredagsvinet: Vinfynda inf\u00f6r helgen - Svenska Magasinet\",\"isPartOf\":{\"@id\":\"https:\\\/\\\/lightweb.dev\\\/l\\\/svm-temp\\\/#website\"},\"primaryImageOfPage\":{\"@id\":\"https:\\\/\\\/lightweb.dev\\\/l\\\/svm-temp\\\/nyheter\\\/fredagsvinet-vinfynda-infor-helgen\\\/#primaryimage\"},\"image\":{\"@id\":\"https:\\\/\\\/lightweb.dev\\\/l\\\/svm-temp\\\/nyheter\\\/fredagsvinet-vinfynda-infor-helgen\\\/#primaryimage\"},\"thumbnailUrl\":\"https:\\\/\\\/lightweb.dev\\\/l\\\/svm-temp\\\/wp-content\\\/uploads\\\/2022\\\/06\\\/fredagsvinet-vinfynda-infor-helgen.png\",\"datePublished\":\"2021-04-30T14:25:00+00:00\",\"breadcrumb\":{\"@id\":\"https:\\\/\\\/lightweb.dev\\\/l\\\/svm-temp\\\/nyheter\\\/fredagsvinet-vinfynda-infor-helgen\\\/#breadcrumb\"},\"inLanguage\":\"sv-SE\",\"potentialAction\":[{\"@type\":\"ReadAction\",\"target\":[\"https:\\\/\\\/lightweb.dev\\\/l\\\/svm-temp\\\/nyheter\\\/fredagsvinet-vinfynda-infor-helgen\\\/\"]}]},{\"@type\":\"ImageObject\",\"inLanguage\":\"sv-SE\",\"@id\":\"https:\\\/\\\/lightweb.dev\\\/l\\\/svm-temp\\\/nyheter\\\/fredagsvinet-vinfynda-infor-helgen\\\/#primaryimage\",\"url\":\"https:\\\/\\\/lightweb.dev\\\/l\\\/svm-temp\\\/wp-content\\\/uploads\\\/2022\\\/06\\\/fredagsvinet-vinfynda-infor-helgen.png\",\"contentUrl\":\"https:\\\/\\\/lightweb.dev\\\/l\\\/svm-temp\\\/wp-content\\\/uploads\\\/2022\\\/06\\\/fredagsvinet-vinfynda-infor-helgen.png\",\"width\":500,\"height\":300},{\"@type\":\"BreadcrumbList\",\"@id\":\"https:\\\/\\\/lightweb.dev\\\/l\\\/svm-temp\\\/nyheter\\\/fredagsvinet-vinfynda-infor-helgen\\\/#breadcrumb\",\"itemListElement\":[{\"@type\":\"ListItem\",\"position\":1,\"name\":\"Hem\",\"item\":\"https:\\\/\\\/lightweb.dev\\\/l\\\/svm-temp\\\/\"},{\"@type\":\"ListItem\",\"position\":2,\"name\":\"Fredagsvinet: Vinfynda inf\u00f6r helgen\"}]},{\"@type\":\"WebSite\",\"@id\":\"https:\\\/\\\/lightweb.dev\\\/l\\\/svm-temp\\\/#website\",\"url\":\"https:\\\/\\\/lightweb.dev\\\/l\\\/svm-temp\\\/\",\"name\":\"Svenska Magasinet\",\"description\":\"Dina Spanska nyheter p&aring; Svenska\",\"publisher\":{\"@id\":\"https:\\\/\\\/lightweb.dev\\\/l\\\/svm-temp\\\/#organization\"},\"potentialAction\":[{\"@type\":\"SearchAction\",\"target\":{\"@type\":\"EntryPoint\",\"urlTemplate\":\"https:\\\/\\\/lightweb.dev\\\/l\\\/svm-temp\\\/?s={search_term_string}\"},\"query-input\":{\"@type\":\"PropertyValueSpecification\",\"valueRequired\":true,\"valueName\":\"search_term_string\"}}],\"inLanguage\":\"sv-SE\"},{\"@type\":\"Organization\",\"@id\":\"https:\\\/\\\/lightweb.dev\\\/l\\\/svm-temp\\\/#organization\",\"name\":\"Melkerson y Nott SL\",\"alternateName\":\"Svenska Magasinet\",\"url\":\"https:\\\/\\\/lightweb.dev\\\/l\\\/svm-temp\\\/\",\"logo\":{\"@type\":\"ImageObject\",\"inLanguage\":\"sv-SE\",\"@id\":\"https:\\\/\\\/lightweb.dev\\\/l\\\/svm-temp\\\/#\\\/schema\\\/logo\\\/image\\\/\",\"url\":\"https:\\\/\\\/lightweb.dev\\\/l\\\/svm-temp\\\/wp-content\\\/uploads\\\/2025\\\/02\\\/SvM-logo-Xtra-Centrerad-SVART.png\",\"contentUrl\":\"https:\\\/\\\/lightweb.dev\\\/l\\\/svm-temp\\\/wp-content\\\/uploads\\\/2025\\\/02\\\/SvM-logo-Xtra-Centrerad-SVART.png\",\"width\":300,\"height\":99,\"caption\":\"Melkerson y Nott SL\"},\"image\":{\"@id\":\"https:\\\/\\\/lightweb.dev\\\/l\\\/svm-temp\\\/#\\\/schema\\\/logo\\\/image\\\/\"},\"sameAs\":[\"https:\\\/\\\/www.facebook.com\\\/svenskamagasinet\",\"https:\\\/\\\/x.com\\\/SvenskaMagasine\"]},{\"@type\":\"Person\",\"@id\":\"https:\\\/\\\/lightweb.dev\\\/l\\\/svm-temp\\\/#\\\/schema\\\/person\\\/206a3bda5b607b0c25e1749191e4d837\",\"name\":\"Redaktionen SvM\",\"description\":\"Redaktionen\",\"sameAs\":[\"https:\\\/\\\/lightweb.dev\\\/l\\\/svm-temp\"],\"url\":\"https:\\\/\\\/lightweb.dev\\\/l\\\/svm-temp\\\/reporter\\\/redaktionen\\\/\"}]}<\/script>\n<!-- \/ Yoast SEO Premium plugin. -->","yoast_head_json":{"title":"Fredagsvinet: Vinfynda inf\u00f6r helgen - Svenska Magasinet","robots":{"index":"noindex","follow":"follow","max-snippet":"max-snippet:-1","max-image-preview":"max-image-preview:large","max-video-preview":"max-video-preview:-1"},"og_locale":"sv_SE","og_type":"article","og_title":"Fredagsvinet: Vinfynda inf\u00f6r helgen","og_description":"I veckan h\u00f6lls den kombinerade turist- och matm\u00e4ssan Sal\u00f3n de Innovaci\u00f3n en Hosteler\u00eda i kongresshallarna i M\u00e1laga. F\u00f6rutom att m\u00e5nga lokala vinproducenter var p\u00e5 plats kunde vi som var d\u00e4r gl\u00e4dja oss \u00e5t b\u00e5de bra mat och viner. F\u00f6rutom 130 utst\u00e4llare var det ett 60-tal program med workshops, t\u00e4vlingar och forum. Fjorton kockar, varav \u00e5tta [&hellip;]","og_url":"https:\/\/lightweb.dev\/l\/svm-temp\/nyheter\/fredagsvinet-vinfynda-infor-helgen\/","og_site_name":"Svenska Magasinet","article_publisher":"https:\/\/www.facebook.com\/svenskamagasinet","article_published_time":"2021-04-30T14:25:00+00:00","og_image":[{"width":500,"height":300,"url":"https:\/\/lightweb.dev\/l\/svm-temp\/wp-content\/uploads\/2022\/06\/fredagsvinet-vinfynda-infor-helgen.png","type":"image\/png"}],"author":"Redaktionen SvM","twitter_card":"summary_large_image","twitter_creator":"@SvenskaMagasine","twitter_site":"@SvenskaMagasine","schema":{"@context":"https:\/\/schema.org","@graph":[{"@type":"Article","@id":"https:\/\/lightweb.dev\/l\/svm-temp\/nyheter\/fredagsvinet-vinfynda-infor-helgen\/#article","isPartOf":{"@id":"https:\/\/lightweb.dev\/l\/svm-temp\/nyheter\/fredagsvinet-vinfynda-infor-helgen\/"},"author":{"name":"Redaktionen SvM","@id":"https:\/\/lightweb.dev\/l\/svm-temp\/#\/schema\/person\/206a3bda5b607b0c25e1749191e4d837"},"headline":"Fredagsvinet: Vinfynda inf\u00f6r helgen","datePublished":"2021-04-30T14:25:00+00:00","mainEntityOfPage":{"@id":"https:\/\/lightweb.dev\/l\/svm-temp\/nyheter\/fredagsvinet-vinfynda-infor-helgen\/"},"wordCount":550,"commentCount":0,"publisher":{"@id":"https:\/\/lightweb.dev\/l\/svm-temp\/#organization"},"image":{"@id":"https:\/\/lightweb.dev\/l\/svm-temp\/nyheter\/fredagsvinet-vinfynda-infor-helgen\/#primaryimage"},"thumbnailUrl":"https:\/\/lightweb.dev\/l\/svm-temp\/wp-content\/uploads\/2022\/06\/fredagsvinet-vinfynda-infor-helgen.png","articleSection":["Arkiv","Nyheter"],"inLanguage":"sv-SE"},{"@type":"WebPage","@id":"https:\/\/lightweb.dev\/l\/svm-temp\/nyheter\/fredagsvinet-vinfynda-infor-helgen\/","url":"https:\/\/lightweb.dev\/l\/svm-temp\/nyheter\/fredagsvinet-vinfynda-infor-helgen\/","name":"Fredagsvinet: Vinfynda inf\u00f6r helgen - Svenska Magasinet","isPartOf":{"@id":"https:\/\/lightweb.dev\/l\/svm-temp\/#website"},"primaryImageOfPage":{"@id":"https:\/\/lightweb.dev\/l\/svm-temp\/nyheter\/fredagsvinet-vinfynda-infor-helgen\/#primaryimage"},"image":{"@id":"https:\/\/lightweb.dev\/l\/svm-temp\/nyheter\/fredagsvinet-vinfynda-infor-helgen\/#primaryimage"},"thumbnailUrl":"https:\/\/lightweb.dev\/l\/svm-temp\/wp-content\/uploads\/2022\/06\/fredagsvinet-vinfynda-infor-helgen.png","datePublished":"2021-04-30T14:25:00+00:00","breadcrumb":{"@id":"https:\/\/lightweb.dev\/l\/svm-temp\/nyheter\/fredagsvinet-vinfynda-infor-helgen\/#breadcrumb"},"inLanguage":"sv-SE","potentialAction":[{"@type":"ReadAction","target":["https:\/\/lightweb.dev\/l\/svm-temp\/nyheter\/fredagsvinet-vinfynda-infor-helgen\/"]}]},{"@type":"ImageObject","inLanguage":"sv-SE","@id":"https:\/\/lightweb.dev\/l\/svm-temp\/nyheter\/fredagsvinet-vinfynda-infor-helgen\/#primaryimage","url":"https:\/\/lightweb.dev\/l\/svm-temp\/wp-content\/uploads\/2022\/06\/fredagsvinet-vinfynda-infor-helgen.png","contentUrl":"https:\/\/lightweb.dev\/l\/svm-temp\/wp-content\/uploads\/2022\/06\/fredagsvinet-vinfynda-infor-helgen.png","width":500,"height":300},{"@type":"BreadcrumbList","@id":"https:\/\/lightweb.dev\/l\/svm-temp\/nyheter\/fredagsvinet-vinfynda-infor-helgen\/#breadcrumb","itemListElement":[{"@type":"ListItem","position":1,"name":"Hem","item":"https:\/\/lightweb.dev\/l\/svm-temp\/"},{"@type":"ListItem","position":2,"name":"Fredagsvinet: Vinfynda inf\u00f6r helgen"}]},{"@type":"WebSite","@id":"https:\/\/lightweb.dev\/l\/svm-temp\/#website","url":"https:\/\/lightweb.dev\/l\/svm-temp\/","name":"Svenska Magasinet","description":"Dina Spanska nyheter p&aring; Svenska","publisher":{"@id":"https:\/\/lightweb.dev\/l\/svm-temp\/#organization"},"potentialAction":[{"@type":"SearchAction","target":{"@type":"EntryPoint","urlTemplate":"https:\/\/lightweb.dev\/l\/svm-temp\/?s={search_term_string}"},"query-input":{"@type":"PropertyValueSpecification","valueRequired":true,"valueName":"search_term_string"}}],"inLanguage":"sv-SE"},{"@type":"Organization","@id":"https:\/\/lightweb.dev\/l\/svm-temp\/#organization","name":"Melkerson y Nott SL","alternateName":"Svenska Magasinet","url":"https:\/\/lightweb.dev\/l\/svm-temp\/","logo":{"@type":"ImageObject","inLanguage":"sv-SE","@id":"https:\/\/lightweb.dev\/l\/svm-temp\/#\/schema\/logo\/image\/","url":"https:\/\/lightweb.dev\/l\/svm-temp\/wp-content\/uploads\/2025\/02\/SvM-logo-Xtra-Centrerad-SVART.png","contentUrl":"https:\/\/lightweb.dev\/l\/svm-temp\/wp-content\/uploads\/2025\/02\/SvM-logo-Xtra-Centrerad-SVART.png","width":300,"height":99,"caption":"Melkerson y Nott SL"},"image":{"@id":"https:\/\/lightweb.dev\/l\/svm-temp\/#\/schema\/logo\/image\/"},"sameAs":["https:\/\/www.facebook.com\/svenskamagasinet","https:\/\/x.com\/SvenskaMagasine"]},{"@type":"Person","@id":"https:\/\/lightweb.dev\/l\/svm-temp\/#\/schema\/person\/206a3bda5b607b0c25e1749191e4d837","name":"Redaktionen SvM","description":"Redaktionen","sameAs":["https:\/\/lightweb.dev\/l\/svm-temp"],"url":"https:\/\/lightweb.dev\/l\/svm-temp\/reporter\/redaktionen\/"}]}},"_links":{"self":[{"href":"https:\/\/lightweb.dev\/l\/svm-temp\/wp-json\/wp\/v2\/posts\/12253","targetHints":{"allow":["GET"]}}],"collection":[{"href":"https:\/\/lightweb.dev\/l\/svm-temp\/wp-json\/wp\/v2\/posts"}],"about":[{"href":"https:\/\/lightweb.dev\/l\/svm-temp\/wp-json\/wp\/v2\/types\/post"}],"author":[{"embeddable":true,"href":"https:\/\/lightweb.dev\/l\/svm-temp\/wp-json\/wp\/v2\/users\/8"}],"replies":[{"embeddable":true,"href":"https:\/\/lightweb.dev\/l\/svm-temp\/wp-json\/wp\/v2\/comments?post=12253"}],"version-history":[{"count":0,"href":"https:\/\/lightweb.dev\/l\/svm-temp\/wp-json\/wp\/v2\/posts\/12253\/revisions"}],"wp:featuredmedia":[{"embeddable":true,"href":"https:\/\/lightweb.dev\/l\/svm-temp\/wp-json\/wp\/v2\/media\/12254"}],"wp:attachment":[{"href":"https:\/\/lightweb.dev\/l\/svm-temp\/wp-json\/wp\/v2\/media?parent=12253"}],"wp:term":[{"taxonomy":"category","embeddable":true,"href":"https:\/\/lightweb.dev\/l\/svm-temp\/wp-json\/wp\/v2\/categories?post=12253"},{"taxonomy":"post_tag","embeddable":true,"href":"https:\/\/lightweb.dev\/l\/svm-temp\/wp-json\/wp\/v2\/tags?post=12253"}],"curies":[{"name":"wp","href":"https:\/\/api.w.org\/{rel}","templated":true}]}}