{"id":14479,"date":"2020-04-03T00:00:00","date_gmt":"2020-04-02T22:00:00","guid":{"rendered":"https:\/\/lightweb.dev\/l\/svm-temp\/nyheter\/tva-ranare-specialiserade-pa-pensionarer-gripna\/"},"modified":"2020-04-03T00:00:00","modified_gmt":"2020-04-02T22:00:00","slug":"tva-ranare-specialiserade-pa-pensionarer-gripna","status":"publish","type":"post","link":"https:\/\/lightweb.dev\/l\/svm-temp\/nyheter\/tva-ranare-specialiserade-pa-pensionarer-gripna\/","title":{"rendered":"Tv\u00e5 r\u00e5nare specialiserade p\u00e5 pension\u00e4rer gripna"},"content":{"rendered":"<p> Den spanska nationalpolisen har gripit tv\u00e5 m\u00e4n som har rest runt i flera provinser och r\u00e5nat \u00e4ldre personer n\u00e4r dessa har st\u00e5tt i begrepp att ta ut pengar fr\u00e5n uttagsautomater.<\/p>\n<p>De gripna \u00e4r 43 respektive 44 \u00e5r gamla, de har algeriska och franska nationaliteter. De tv\u00e5 personerna misst\u00e4nks i nul\u00e4get f\u00f6r ett 60-tal r\u00e5n (kan bli fler) som har beg\u00e5tts i Alicante, Madrid, Valladolid, Albacete och M\u00e1laga. Och de har av vad som hittills framkommit kommit \u00f6ver n\u00e4rmare 50.000 euro.<\/p>\n<p>Tillv\u00e4gag\u00e5ngss\u00e4ttet har varit likartat i samtliga uppdagade fall, de har st\u00e5tt s\u00e5pass n\u00e4ra att de har kunnat se och memorera pin-koden och d\u00e4refter har de distraherat offret s\u00e5 att de har kunnat stj\u00e4la kortet. I de fall distraktionen inte har lyckats s\u00e5 har de inte tvekat att anv\u00e4nda v\u00e5ld. D\u00e4refter har de gjort kontantuttag till dess att antingen kortet t\u00f6mts eller inaktiverats.<\/p>\n<p>Efterforskningen av r\u00e5narna inleddes i b\u00f6rjan p\u00e5 \u00e5ret efter att det hade kommit in anm\u00e4lningar fr\u00e5n olika distrikt. R\u00e5narna kunde sedan gripas i Alicante tack vare de f\u00f6rst\u00e4rkta s\u00e4kerhets\u00e5tg\u00e4rder som polisen har aktiverat i samband med det r\u00e5dande n\u00f6dl\u00e4get.<\/p>\n<p>Polisen har under en l\u00e4ngre tid \u00e5kt runt till centra f\u00f6r \u00e4ldre och till f\u00f6reningar f\u00f6r \u00e4ldre f\u00f6r att informera om grundl\u00e4ggande s\u00e4kerhets\u00e5tg\u00e4rder n\u00e4r man g\u00e5r till en bank eller till en uttagsautomat. Men efter utlysandet av n\u00f6dl\u00e4get har de intensifierat de operativa uppgifterna f\u00f6r att skydda de \u00e4ldre.<\/p>\n<p>Polisen har f\u00f6rs\u00f6kt att identifiera risksituationer och specificera de platser d\u00e4r det \u00e4r vanligast med brott mot \u00e4ldre personer. Till exempel n\u00e4r det \u00e4r dags f\u00f6r pensionsutbetalningar, vad g\u00e4ller banker och uttagsautomater s\u00e5 har de i samarbete med privata bolag en s\u00e4rskild bevakning av dessa. Gripandet skedde ocks\u00e5 vid en banks uttagsautomat, r\u00e5narna togs p\u00e5 bar g\u00e4rning av en civilkl\u00e4dd styrka fr\u00e5n Polic\u00eda Nacional. Bildtext: Polic\u00eda Nacional, en rikst\u00e4ckande polisstyrka.<br \/>\nArtikel: Jonny Erixon.<\/p>\n","protected":false},"excerpt":{"rendered":"<p>Den spanska nationalpolisen har gripit tv\u00e5 m\u00e4n som har rest runt i flera provinser och r\u00e5nat \u00e4ldre personer n\u00e4r dessa har st\u00e5tt i begrepp att ta ut pengar fr\u00e5n uttagsautomater. De gripna \u00e4r 43 respektive 44 \u00e5r gamla, de har algeriska och franska nationaliteter. De tv\u00e5 personerna misst\u00e4nks i nul\u00e4get f\u00f6r ett 60-tal r\u00e5n (kan [&hellip;]<\/p>\n","protected":false},"author":8,"featured_media":14480,"comment_status":"open","ping_status":"open","sticky":false,"template":"","format":"standard","meta":{"_et_pb_use_builder":"","_et_pb_old_content":"","_et_gb_content_width":"","footnotes":""},"categories":[395,3],"tags":[],"class_list":["post-14479","post","type-post","status-publish","format-standard","has-post-thumbnail","hentry","category-arkiv-nyheter","category-nyheter"],"yoast_head":"<!-- This site is optimized with the Yoast SEO Premium plugin v26.2 (Yoast SEO v28.2) - https:\/\/yoast.com\/product\/yoast-seo-premium-wordpress\/ -->\n<title>Tv\u00e5 r\u00e5nare specialiserade p\u00e5 pension\u00e4rer gripna - Svenska Magasinet<\/title>\n<meta name=\"robots\" content=\"noindex, follow, max-snippet:-1, max-image-preview:large, max-video-preview:-1\" \/>\n<meta property=\"og:locale\" content=\"sv_SE\" \/>\n<meta property=\"og:type\" content=\"article\" \/>\n<meta property=\"og:title\" content=\"Tv\u00e5 r\u00e5nare specialiserade p\u00e5 pension\u00e4rer gripna\" \/>\n<meta property=\"og:description\" content=\"Den spanska nationalpolisen har gripit tv\u00e5 m\u00e4n som har rest runt i flera provinser och r\u00e5nat \u00e4ldre personer n\u00e4r dessa har st\u00e5tt i begrepp att ta ut pengar fr\u00e5n uttagsautomater. De gripna \u00e4r 43 respektive 44 \u00e5r gamla, de har algeriska och franska nationaliteter. De tv\u00e5 personerna misst\u00e4nks i nul\u00e4get f\u00f6r ett 60-tal r\u00e5n (kan [&hellip;]\" \/>\n<meta property=\"og:url\" content=\"https:\/\/lightweb.dev\/l\/svm-temp\/nyheter\/tva-ranare-specialiserade-pa-pensionarer-gripna\/\" \/>\n<meta property=\"og:site_name\" content=\"Svenska Magasinet\" \/>\n<meta property=\"article:publisher\" content=\"https:\/\/www.facebook.com\/svenskamagasinet\" \/>\n<meta property=\"article:published_time\" content=\"2020-04-02T22:00:00+00:00\" \/>\n<meta property=\"og:image\" content=\"https:\/\/lightweb.dev\/l\/svm-temp\/wp-content\/uploads\/2022\/06\/tva-ranare-specialiserade-pa-pensionarer-gripna.png\" \/>\n\t<meta property=\"og:image:width\" content=\"700\" \/>\n\t<meta property=\"og:image:height\" content=\"421\" \/>\n\t<meta property=\"og:image:type\" content=\"image\/png\" \/>\n<meta name=\"author\" content=\"Redaktionen SvM\" \/>\n<meta name=\"twitter:card\" content=\"summary_large_image\" \/>\n<meta name=\"twitter:creator\" content=\"@SvenskaMagasine\" \/>\n<meta name=\"twitter:site\" content=\"@SvenskaMagasine\" \/>\n<script type=\"application\/ld+json\" class=\"yoast-schema-graph\">{\"@context\":\"https:\\\/\\\/schema.org\",\"@graph\":[{\"@type\":\"Article\",\"@id\":\"https:\\\/\\\/lightweb.dev\\\/l\\\/svm-temp\\\/nyheter\\\/tva-ranare-specialiserade-pa-pensionarer-gripna\\\/#article\",\"isPartOf\":{\"@id\":\"https:\\\/\\\/lightweb.dev\\\/l\\\/svm-temp\\\/nyheter\\\/tva-ranare-specialiserade-pa-pensionarer-gripna\\\/\"},\"author\":{\"name\":\"Redaktionen SvM\",\"@id\":\"https:\\\/\\\/lightweb.dev\\\/l\\\/svm-temp\\\/#\\\/schema\\\/person\\\/206a3bda5b607b0c25e1749191e4d837\"},\"headline\":\"Tv\u00e5 r\u00e5nare specialiserade p\u00e5 pension\u00e4rer gripna\",\"datePublished\":\"2020-04-02T22:00:00+00:00\",\"mainEntityOfPage\":{\"@id\":\"https:\\\/\\\/lightweb.dev\\\/l\\\/svm-temp\\\/nyheter\\\/tva-ranare-specialiserade-pa-pensionarer-gripna\\\/\"},\"wordCount\":373,\"commentCount\":0,\"publisher\":{\"@id\":\"https:\\\/\\\/lightweb.dev\\\/l\\\/svm-temp\\\/#organization\"},\"image\":{\"@id\":\"https:\\\/\\\/lightweb.dev\\\/l\\\/svm-temp\\\/nyheter\\\/tva-ranare-specialiserade-pa-pensionarer-gripna\\\/#primaryimage\"},\"thumbnailUrl\":\"https:\\\/\\\/lightweb.dev\\\/l\\\/svm-temp\\\/wp-content\\\/uploads\\\/2022\\\/06\\\/tva-ranare-specialiserade-pa-pensionarer-gripna.png\",\"articleSection\":[\"Arkiv\",\"Nyheter\"],\"inLanguage\":\"sv-SE\"},{\"@type\":\"WebPage\",\"@id\":\"https:\\\/\\\/lightweb.dev\\\/l\\\/svm-temp\\\/nyheter\\\/tva-ranare-specialiserade-pa-pensionarer-gripna\\\/\",\"url\":\"https:\\\/\\\/lightweb.dev\\\/l\\\/svm-temp\\\/nyheter\\\/tva-ranare-specialiserade-pa-pensionarer-gripna\\\/\",\"name\":\"Tv\u00e5 r\u00e5nare specialiserade p\u00e5 pension\u00e4rer gripna - Svenska Magasinet\",\"isPartOf\":{\"@id\":\"https:\\\/\\\/lightweb.dev\\\/l\\\/svm-temp\\\/#website\"},\"primaryImageOfPage\":{\"@id\":\"https:\\\/\\\/lightweb.dev\\\/l\\\/svm-temp\\\/nyheter\\\/tva-ranare-specialiserade-pa-pensionarer-gripna\\\/#primaryimage\"},\"image\":{\"@id\":\"https:\\\/\\\/lightweb.dev\\\/l\\\/svm-temp\\\/nyheter\\\/tva-ranare-specialiserade-pa-pensionarer-gripna\\\/#primaryimage\"},\"thumbnailUrl\":\"https:\\\/\\\/lightweb.dev\\\/l\\\/svm-temp\\\/wp-content\\\/uploads\\\/2022\\\/06\\\/tva-ranare-specialiserade-pa-pensionarer-gripna.png\",\"datePublished\":\"2020-04-02T22:00:00+00:00\",\"breadcrumb\":{\"@id\":\"https:\\\/\\\/lightweb.dev\\\/l\\\/svm-temp\\\/nyheter\\\/tva-ranare-specialiserade-pa-pensionarer-gripna\\\/#breadcrumb\"},\"inLanguage\":\"sv-SE\",\"potentialAction\":[{\"@type\":\"ReadAction\",\"target\":[\"https:\\\/\\\/lightweb.dev\\\/l\\\/svm-temp\\\/nyheter\\\/tva-ranare-specialiserade-pa-pensionarer-gripna\\\/\"]}]},{\"@type\":\"ImageObject\",\"inLanguage\":\"sv-SE\",\"@id\":\"https:\\\/\\\/lightweb.dev\\\/l\\\/svm-temp\\\/nyheter\\\/tva-ranare-specialiserade-pa-pensionarer-gripna\\\/#primaryimage\",\"url\":\"https:\\\/\\\/lightweb.dev\\\/l\\\/svm-temp\\\/wp-content\\\/uploads\\\/2022\\\/06\\\/tva-ranare-specialiserade-pa-pensionarer-gripna.png\",\"contentUrl\":\"https:\\\/\\\/lightweb.dev\\\/l\\\/svm-temp\\\/wp-content\\\/uploads\\\/2022\\\/06\\\/tva-ranare-specialiserade-pa-pensionarer-gripna.png\",\"width\":700,\"height\":421},{\"@type\":\"BreadcrumbList\",\"@id\":\"https:\\\/\\\/lightweb.dev\\\/l\\\/svm-temp\\\/nyheter\\\/tva-ranare-specialiserade-pa-pensionarer-gripna\\\/#breadcrumb\",\"itemListElement\":[{\"@type\":\"ListItem\",\"position\":1,\"name\":\"Hem\",\"item\":\"https:\\\/\\\/lightweb.dev\\\/l\\\/svm-temp\\\/\"},{\"@type\":\"ListItem\",\"position\":2,\"name\":\"Tv\u00e5 r\u00e5nare specialiserade p\u00e5 pension\u00e4rer gripna\"}]},{\"@type\":\"WebSite\",\"@id\":\"https:\\\/\\\/lightweb.dev\\\/l\\\/svm-temp\\\/#website\",\"url\":\"https:\\\/\\\/lightweb.dev\\\/l\\\/svm-temp\\\/\",\"name\":\"Svenska Magasinet\",\"description\":\"Dina Spanska nyheter p&aring; Svenska\",\"publisher\":{\"@id\":\"https:\\\/\\\/lightweb.dev\\\/l\\\/svm-temp\\\/#organization\"},\"potentialAction\":[{\"@type\":\"SearchAction\",\"target\":{\"@type\":\"EntryPoint\",\"urlTemplate\":\"https:\\\/\\\/lightweb.dev\\\/l\\\/svm-temp\\\/?s={search_term_string}\"},\"query-input\":{\"@type\":\"PropertyValueSpecification\",\"valueRequired\":true,\"valueName\":\"search_term_string\"}}],\"inLanguage\":\"sv-SE\"},{\"@type\":\"Organization\",\"@id\":\"https:\\\/\\\/lightweb.dev\\\/l\\\/svm-temp\\\/#organization\",\"name\":\"Melkerson y Nott SL\",\"alternateName\":\"Svenska Magasinet\",\"url\":\"https:\\\/\\\/lightweb.dev\\\/l\\\/svm-temp\\\/\",\"logo\":{\"@type\":\"ImageObject\",\"inLanguage\":\"sv-SE\",\"@id\":\"https:\\\/\\\/lightweb.dev\\\/l\\\/svm-temp\\\/#\\\/schema\\\/logo\\\/image\\\/\",\"url\":\"https:\\\/\\\/lightweb.dev\\\/l\\\/svm-temp\\\/wp-content\\\/uploads\\\/2025\\\/02\\\/SvM-logo-Xtra-Centrerad-SVART.png\",\"contentUrl\":\"https:\\\/\\\/lightweb.dev\\\/l\\\/svm-temp\\\/wp-content\\\/uploads\\\/2025\\\/02\\\/SvM-logo-Xtra-Centrerad-SVART.png\",\"width\":300,\"height\":99,\"caption\":\"Melkerson y Nott SL\"},\"image\":{\"@id\":\"https:\\\/\\\/lightweb.dev\\\/l\\\/svm-temp\\\/#\\\/schema\\\/logo\\\/image\\\/\"},\"sameAs\":[\"https:\\\/\\\/www.facebook.com\\\/svenskamagasinet\",\"https:\\\/\\\/x.com\\\/SvenskaMagasine\"]},{\"@type\":\"Person\",\"@id\":\"https:\\\/\\\/lightweb.dev\\\/l\\\/svm-temp\\\/#\\\/schema\\\/person\\\/206a3bda5b607b0c25e1749191e4d837\",\"name\":\"Redaktionen SvM\",\"description\":\"Redaktionen\",\"sameAs\":[\"https:\\\/\\\/lightweb.dev\\\/l\\\/svm-temp\"],\"url\":\"https:\\\/\\\/lightweb.dev\\\/l\\\/svm-temp\\\/reporter\\\/redaktionen\\\/\"}]}<\/script>\n<!-- \/ Yoast SEO Premium plugin. -->","yoast_head_json":{"title":"Tv\u00e5 r\u00e5nare specialiserade p\u00e5 pension\u00e4rer gripna - Svenska Magasinet","robots":{"index":"noindex","follow":"follow","max-snippet":"max-snippet:-1","max-image-preview":"max-image-preview:large","max-video-preview":"max-video-preview:-1"},"og_locale":"sv_SE","og_type":"article","og_title":"Tv\u00e5 r\u00e5nare specialiserade p\u00e5 pension\u00e4rer gripna","og_description":"Den spanska nationalpolisen har gripit tv\u00e5 m\u00e4n som har rest runt i flera provinser och r\u00e5nat \u00e4ldre personer n\u00e4r dessa har st\u00e5tt i begrepp att ta ut pengar fr\u00e5n uttagsautomater. De gripna \u00e4r 43 respektive 44 \u00e5r gamla, de har algeriska och franska nationaliteter. De tv\u00e5 personerna misst\u00e4nks i nul\u00e4get f\u00f6r ett 60-tal r\u00e5n (kan [&hellip;]","og_url":"https:\/\/lightweb.dev\/l\/svm-temp\/nyheter\/tva-ranare-specialiserade-pa-pensionarer-gripna\/","og_site_name":"Svenska Magasinet","article_publisher":"https:\/\/www.facebook.com\/svenskamagasinet","article_published_time":"2020-04-02T22:00:00+00:00","og_image":[{"width":700,"height":421,"url":"https:\/\/lightweb.dev\/l\/svm-temp\/wp-content\/uploads\/2022\/06\/tva-ranare-specialiserade-pa-pensionarer-gripna.png","type":"image\/png"}],"author":"Redaktionen SvM","twitter_card":"summary_large_image","twitter_creator":"@SvenskaMagasine","twitter_site":"@SvenskaMagasine","schema":{"@context":"https:\/\/schema.org","@graph":[{"@type":"Article","@id":"https:\/\/lightweb.dev\/l\/svm-temp\/nyheter\/tva-ranare-specialiserade-pa-pensionarer-gripna\/#article","isPartOf":{"@id":"https:\/\/lightweb.dev\/l\/svm-temp\/nyheter\/tva-ranare-specialiserade-pa-pensionarer-gripna\/"},"author":{"name":"Redaktionen SvM","@id":"https:\/\/lightweb.dev\/l\/svm-temp\/#\/schema\/person\/206a3bda5b607b0c25e1749191e4d837"},"headline":"Tv\u00e5 r\u00e5nare specialiserade p\u00e5 pension\u00e4rer gripna","datePublished":"2020-04-02T22:00:00+00:00","mainEntityOfPage":{"@id":"https:\/\/lightweb.dev\/l\/svm-temp\/nyheter\/tva-ranare-specialiserade-pa-pensionarer-gripna\/"},"wordCount":373,"commentCount":0,"publisher":{"@id":"https:\/\/lightweb.dev\/l\/svm-temp\/#organization"},"image":{"@id":"https:\/\/lightweb.dev\/l\/svm-temp\/nyheter\/tva-ranare-specialiserade-pa-pensionarer-gripna\/#primaryimage"},"thumbnailUrl":"https:\/\/lightweb.dev\/l\/svm-temp\/wp-content\/uploads\/2022\/06\/tva-ranare-specialiserade-pa-pensionarer-gripna.png","articleSection":["Arkiv","Nyheter"],"inLanguage":"sv-SE"},{"@type":"WebPage","@id":"https:\/\/lightweb.dev\/l\/svm-temp\/nyheter\/tva-ranare-specialiserade-pa-pensionarer-gripna\/","url":"https:\/\/lightweb.dev\/l\/svm-temp\/nyheter\/tva-ranare-specialiserade-pa-pensionarer-gripna\/","name":"Tv\u00e5 r\u00e5nare specialiserade p\u00e5 pension\u00e4rer gripna - Svenska Magasinet","isPartOf":{"@id":"https:\/\/lightweb.dev\/l\/svm-temp\/#website"},"primaryImageOfPage":{"@id":"https:\/\/lightweb.dev\/l\/svm-temp\/nyheter\/tva-ranare-specialiserade-pa-pensionarer-gripna\/#primaryimage"},"image":{"@id":"https:\/\/lightweb.dev\/l\/svm-temp\/nyheter\/tva-ranare-specialiserade-pa-pensionarer-gripna\/#primaryimage"},"thumbnailUrl":"https:\/\/lightweb.dev\/l\/svm-temp\/wp-content\/uploads\/2022\/06\/tva-ranare-specialiserade-pa-pensionarer-gripna.png","datePublished":"2020-04-02T22:00:00+00:00","breadcrumb":{"@id":"https:\/\/lightweb.dev\/l\/svm-temp\/nyheter\/tva-ranare-specialiserade-pa-pensionarer-gripna\/#breadcrumb"},"inLanguage":"sv-SE","potentialAction":[{"@type":"ReadAction","target":["https:\/\/lightweb.dev\/l\/svm-temp\/nyheter\/tva-ranare-specialiserade-pa-pensionarer-gripna\/"]}]},{"@type":"ImageObject","inLanguage":"sv-SE","@id":"https:\/\/lightweb.dev\/l\/svm-temp\/nyheter\/tva-ranare-specialiserade-pa-pensionarer-gripna\/#primaryimage","url":"https:\/\/lightweb.dev\/l\/svm-temp\/wp-content\/uploads\/2022\/06\/tva-ranare-specialiserade-pa-pensionarer-gripna.png","contentUrl":"https:\/\/lightweb.dev\/l\/svm-temp\/wp-content\/uploads\/2022\/06\/tva-ranare-specialiserade-pa-pensionarer-gripna.png","width":700,"height":421},{"@type":"BreadcrumbList","@id":"https:\/\/lightweb.dev\/l\/svm-temp\/nyheter\/tva-ranare-specialiserade-pa-pensionarer-gripna\/#breadcrumb","itemListElement":[{"@type":"ListItem","position":1,"name":"Hem","item":"https:\/\/lightweb.dev\/l\/svm-temp\/"},{"@type":"ListItem","position":2,"name":"Tv\u00e5 r\u00e5nare specialiserade p\u00e5 pension\u00e4rer gripna"}]},{"@type":"WebSite","@id":"https:\/\/lightweb.dev\/l\/svm-temp\/#website","url":"https:\/\/lightweb.dev\/l\/svm-temp\/","name":"Svenska Magasinet","description":"Dina Spanska nyheter p&aring; Svenska","publisher":{"@id":"https:\/\/lightweb.dev\/l\/svm-temp\/#organization"},"potentialAction":[{"@type":"SearchAction","target":{"@type":"EntryPoint","urlTemplate":"https:\/\/lightweb.dev\/l\/svm-temp\/?s={search_term_string}"},"query-input":{"@type":"PropertyValueSpecification","valueRequired":true,"valueName":"search_term_string"}}],"inLanguage":"sv-SE"},{"@type":"Organization","@id":"https:\/\/lightweb.dev\/l\/svm-temp\/#organization","name":"Melkerson y Nott SL","alternateName":"Svenska Magasinet","url":"https:\/\/lightweb.dev\/l\/svm-temp\/","logo":{"@type":"ImageObject","inLanguage":"sv-SE","@id":"https:\/\/lightweb.dev\/l\/svm-temp\/#\/schema\/logo\/image\/","url":"https:\/\/lightweb.dev\/l\/svm-temp\/wp-content\/uploads\/2025\/02\/SvM-logo-Xtra-Centrerad-SVART.png","contentUrl":"https:\/\/lightweb.dev\/l\/svm-temp\/wp-content\/uploads\/2025\/02\/SvM-logo-Xtra-Centrerad-SVART.png","width":300,"height":99,"caption":"Melkerson y Nott SL"},"image":{"@id":"https:\/\/lightweb.dev\/l\/svm-temp\/#\/schema\/logo\/image\/"},"sameAs":["https:\/\/www.facebook.com\/svenskamagasinet","https:\/\/x.com\/SvenskaMagasine"]},{"@type":"Person","@id":"https:\/\/lightweb.dev\/l\/svm-temp\/#\/schema\/person\/206a3bda5b607b0c25e1749191e4d837","name":"Redaktionen SvM","description":"Redaktionen","sameAs":["https:\/\/lightweb.dev\/l\/svm-temp"],"url":"https:\/\/lightweb.dev\/l\/svm-temp\/reporter\/redaktionen\/"}]}},"_links":{"self":[{"href":"https:\/\/lightweb.dev\/l\/svm-temp\/wp-json\/wp\/v2\/posts\/14479","targetHints":{"allow":["GET"]}}],"collection":[{"href":"https:\/\/lightweb.dev\/l\/svm-temp\/wp-json\/wp\/v2\/posts"}],"about":[{"href":"https:\/\/lightweb.dev\/l\/svm-temp\/wp-json\/wp\/v2\/types\/post"}],"author":[{"embeddable":true,"href":"https:\/\/lightweb.dev\/l\/svm-temp\/wp-json\/wp\/v2\/users\/8"}],"replies":[{"embeddable":true,"href":"https:\/\/lightweb.dev\/l\/svm-temp\/wp-json\/wp\/v2\/comments?post=14479"}],"version-history":[{"count":0,"href":"https:\/\/lightweb.dev\/l\/svm-temp\/wp-json\/wp\/v2\/posts\/14479\/revisions"}],"wp:featuredmedia":[{"embeddable":true,"href":"https:\/\/lightweb.dev\/l\/svm-temp\/wp-json\/wp\/v2\/media\/14480"}],"wp:attachment":[{"href":"https:\/\/lightweb.dev\/l\/svm-temp\/wp-json\/wp\/v2\/media?parent=14479"}],"wp:term":[{"taxonomy":"category","embeddable":true,"href":"https:\/\/lightweb.dev\/l\/svm-temp\/wp-json\/wp\/v2\/categories?post=14479"},{"taxonomy":"post_tag","embeddable":true,"href":"https:\/\/lightweb.dev\/l\/svm-temp\/wp-json\/wp\/v2\/tags?post=14479"}],"curies":[{"name":"wp","href":"https:\/\/api.w.org\/{rel}","templated":true}]}}