{"id":14483,"date":"2020-04-03T00:00:00","date_gmt":"2020-04-02T22:00:00","guid":{"rendered":"https:\/\/lightweb.dev\/l\/svm-temp\/nyheter\/advokat-goran-rise-stammer-prastparet-jonsson-ottosson\/"},"modified":"2020-04-03T00:00:00","modified_gmt":"2020-04-02T22:00:00","slug":"advokat-goran-rise-stammer-prastparet-jonsson-ottosson","status":"publish","type":"post","link":"https:\/\/lightweb.dev\/l\/svm-temp\/nyheter\/advokat-goran-rise-stammer-prastparet-jonsson-ottosson\/","title":{"rendered":"Advokat G\u00f6ran Rise st\u00e4mmer pr\u00e4stparet J\u00f6nsson\/Ottosson"},"content":{"rendered":"<p> Svenska Magasinet kan idag avsl\u00f6ja att den svenske advokaten G\u00f6ran Rise st\u00e4mmer den tidigare kyrkoherden Mikael J\u00f6nsson f\u00f6r att denne inte fullgjort avtalet med att betala advokatarvodet p\u00e5 109.941 euro cirka 1,5 miljoner SEK. Av Ola Josefsson<\/p>\n<p>&#8211; Han smiter fr\u00e5n notan, s\u00e4ger advokat G\u00f6ran Rise.<\/p>\n<p>&#8211; Jag har varit advokat i 50 \u00e5r men aldrig blivit s\u00e5 illa behandlad som jag blivit av pr\u00e4stparet Mikael J\u00f6nsson och hans hustru Lena Ottosson. Jag har aldrig beh\u00f6vt diskutera mitt arvode n\u00e5gon g\u00e5ng.<\/p>\n<p>G\u00f6ran Rise var Mikael J\u00f6nsson och Lena Ottossons ombud fram till 30 december 2019 i den konflikt som utmynnade i att pr\u00e4stparet st\u00e4mde Svenska kyrkan i Utlandet.<\/p>\n<p>Rise f\u00f6ljde f\u00f6rhandlingarna mellan pr\u00e4stparet J\u00f6nsson\/Ottosson och Skut.<br \/>\n&#8211; Mikael J\u00f6nsson kontaktade mig och ber\u00e4ttade att de hade tr\u00e4ffat ett avtal med Skut. Tack f\u00f6r din hj\u00e4lp, sa han, och sedan har jag inte h\u00f6rt mer ifr\u00e5n honom.<br \/>\n&#8211; Jag har f\u00f6rs\u00f6kt n\u00e5 honom vid flera tillf\u00e4llen men han vill inte prata med mig. S\u00e5 nu g\u00e5r det till r\u00e4tteg\u00e5ng.<\/p>\n<p>Advokat G\u00f6ran Rise s\u00e4ger till Svenska Magasinet att \u201ddet \u00e4r tack vare mig pr\u00e4stparet tj\u00e4nade 4,6 miljoner kronor. Annars hade de inte f\u00e5tt ett enda \u00f6re&#8221;.<br \/>\n&#8211; Jag vill p\u00e5st\u00e5 att detta \u00e4r de ocks\u00e5 medvetna om.<\/p>\n<p>Sk\u00e4let till att G\u00f6ran Rise gav dem f\u00f6rm\u00e5nen att inte beh\u00f6va betala medan processen p\u00e5gick var att pr\u00e4stparet hade uppgett att de inte hade r\u00e5d. Av det sk\u00e4let gick Rise med p\u00e5 att avvakta med betalningen.<\/p>\n<p>Har Mikael J\u00f6nsson betalat in n\u00e5gon summa?<br \/>\n&#8211; 24.000 euro, det \u00e4r allt.<\/p>\n<p>Vissa privatpersoner p\u00e5 Costa del Sol inledde en insamling tillsammans med f\u00f6rsamlingen. Pengarna skulle g\u00e5 till att st\u00f6tta pr\u00e4stparets r\u00e4tteg\u00e5ngskostnader. Vad Svenska Magasinet erfar skulle den summan ha varit p\u00e5 n\u00e5gra tusentals euro.<br \/>\n&#8211; Dessa pengar gick inte till mig, f\u00f6rtydligar G\u00f6ran Rise.<\/p>\n<p>Vad tror du \u00e4r orsaken till att pr\u00e4stparet inte har betalat advokatarvodet?<br \/>\n&#8211; De g\u00f6r en \u00f6verenskommelse med Skut. Men pr\u00e4stparet \u00e4r v\u00e4l medvetna om att jag inte st\u00e4llde upp gratis. Det \u00e4r n\u00e5got de i s\u00e5 fall hittar p\u00e5.<\/p>\n<p>En st\u00e4mningsans\u00f6kan l\u00e4mnades in vid Uppsala tingsr\u00e4tt den 1 april. Enligt de aktbilagor som Svenska Magasinet har l\u00e4st framkommer det att den tidigare kyrkoherden vid Svenska kyrkan p\u00e5 Costa del Sol har varit medveten om kostnaderna.<\/p>\n<p>I mejlkorrespondens den 26 september 2019 ger G\u00f6ran Rise en liten uppdatering till Mikael J\u00f6nsson och Lena Ottosson \u00f6ver vad kostnaderna vid tillf\u00e4llet l\u00e5g p\u00e5.<\/p>\n<p>&#8211; Pr\u00e4stparet har f\u00e5tt underr\u00e4ttelser om vad de har varit skyldig, n\u00e5got som de inte har protesterat emot, bara vid n\u00e5got tillf\u00e4lle kommenterat med att det h\u00e4r blir dyrt. Mellan mars till januari har 1.300 mejl skickats mellan oss. Mikael och Lena har hela tiden varit informerade om kostnaderna, s\u00e4ger G\u00f6ran Rise.<\/p>\n<p>Det \u00e4r advokat Lars Sandberg vid Skarp Advokatbyr\u00e5 som \u00e4r ombud f\u00f6r G\u00f6ran Rise.<\/p>\n<p>Lena Ottosson st\u00e4ms ocks\u00e5 f\u00f6r att hon inte har fullgjort avtalet med att betala advokatarvodet p\u00e5 cirka 28.120 euro inklusive IVA (moms) j\u00e4mte r\u00e4nta enligt r\u00e4ntelagen. Lena Ottosson har betalat f\u00f6r tj\u00e4nster till och med den 25 juni 2019. Denna tvist g\u00e4ller d\u00e4refter utf\u00f6rda tj\u00e4nster.<\/p>\n<p>Svenska Magasinet har s\u00f6kt Mikael J\u00f6nsson p\u00e5 telefon och via textmeddelande upprepade g\u00e5nger f\u00f6r en kommentar men inte lyckats n\u00e5 honom.<\/p>\n<p>Mikael J\u00f6nsson har betalat f\u00f6r tj\u00e4nster till och med den 25 juni 2019. Denna tvist g\u00e4ller d\u00e4refter utf\u00f6rda tj\u00e4nster.<\/p>\n<p>Det vore till gagn f\u00f6r utredningen och processekonomiskt f\u00f6rdelaktigt om tingsr\u00e4tten skulle besluta att de b\u00e5da m\u00e5len ska handl\u00e4ggas i en r\u00e4tteg\u00e5ng, skriver Lars Sandberg i st\u00e4mningsans\u00f6kan.<\/p>\n<p>L\u00e4s tidigare artiklar i \u00e4mnet<br \/>\nAvhoppade ledam\u00f6ter vid Svenska kyrkan tillbakavisar rykten<\/p>\n","protected":false},"excerpt":{"rendered":"<p>Svenska Magasinet kan idag avsl\u00f6ja att den svenske advokaten G\u00f6ran Rise st\u00e4mmer den tidigare kyrkoherden Mikael J\u00f6nsson f\u00f6r att denne inte fullgjort avtalet med att betala advokatarvodet p\u00e5 109.941 euro cirka 1,5 miljoner SEK. Av Ola Josefsson &#8211; Han smiter fr\u00e5n notan, s\u00e4ger advokat G\u00f6ran Rise. &#8211; Jag har varit advokat i 50 \u00e5r men [&hellip;]<\/p>\n","protected":false},"author":8,"featured_media":14484,"comment_status":"open","ping_status":"open","sticky":false,"template":"","format":"standard","meta":{"_et_pb_use_builder":"","_et_pb_old_content":"","_et_gb_content_width":"","footnotes":""},"categories":[395,3],"tags":[],"class_list":["post-14483","post","type-post","status-publish","format-standard","has-post-thumbnail","hentry","category-arkiv-nyheter","category-nyheter"],"yoast_head":"<!-- This site is optimized with the Yoast SEO Premium plugin v26.2 (Yoast SEO v28.2) - https:\/\/yoast.com\/product\/yoast-seo-premium-wordpress\/ -->\n<title>Advokat G\u00f6ran Rise st\u00e4mmer pr\u00e4stparet J\u00f6nsson\/Ottosson - Svenska Magasinet<\/title>\n<meta name=\"robots\" content=\"noindex, follow, max-snippet:-1, max-image-preview:large, max-video-preview:-1\" \/>\n<meta property=\"og:locale\" content=\"sv_SE\" \/>\n<meta property=\"og:type\" content=\"article\" \/>\n<meta property=\"og:title\" content=\"Advokat G\u00f6ran Rise st\u00e4mmer pr\u00e4stparet J\u00f6nsson\/Ottosson\" \/>\n<meta property=\"og:description\" content=\"Svenska Magasinet kan idag avsl\u00f6ja att den svenske advokaten G\u00f6ran Rise st\u00e4mmer den tidigare kyrkoherden Mikael J\u00f6nsson f\u00f6r att denne inte fullgjort avtalet med att betala advokatarvodet p\u00e5 109.941 euro cirka 1,5 miljoner SEK. Av Ola Josefsson &#8211; Han smiter fr\u00e5n notan, s\u00e4ger advokat G\u00f6ran Rise. &#8211; Jag har varit advokat i 50 \u00e5r men [&hellip;]\" \/>\n<meta property=\"og:url\" content=\"https:\/\/lightweb.dev\/l\/svm-temp\/nyheter\/advokat-goran-rise-stammer-prastparet-jonsson-ottosson\/\" \/>\n<meta property=\"og:site_name\" content=\"Svenska Magasinet\" \/>\n<meta property=\"article:publisher\" content=\"https:\/\/www.facebook.com\/svenskamagasinet\" \/>\n<meta property=\"article:published_time\" content=\"2020-04-02T22:00:00+00:00\" \/>\n<meta property=\"og:image\" content=\"https:\/\/lightweb.dev\/l\/svm-temp\/wp-content\/uploads\/2022\/06\/advokat-goran-rise-stammer-prastparet-jonssonottosson.png\" \/>\n\t<meta property=\"og:image:width\" content=\"700\" \/>\n\t<meta property=\"og:image:height\" content=\"420\" \/>\n\t<meta property=\"og:image:type\" content=\"image\/png\" \/>\n<meta name=\"author\" content=\"Redaktionen SvM\" \/>\n<meta name=\"twitter:card\" content=\"summary_large_image\" \/>\n<meta name=\"twitter:creator\" content=\"@SvenskaMagasine\" \/>\n<meta name=\"twitter:site\" content=\"@SvenskaMagasine\" \/>\n<script type=\"application\/ld+json\" class=\"yoast-schema-graph\">{\"@context\":\"https:\\\/\\\/schema.org\",\"@graph\":[{\"@type\":\"Article\",\"@id\":\"https:\\\/\\\/lightweb.dev\\\/l\\\/svm-temp\\\/nyheter\\\/advokat-goran-rise-stammer-prastparet-jonsson-ottosson\\\/#article\",\"isPartOf\":{\"@id\":\"https:\\\/\\\/lightweb.dev\\\/l\\\/svm-temp\\\/nyheter\\\/advokat-goran-rise-stammer-prastparet-jonsson-ottosson\\\/\"},\"author\":{\"name\":\"Redaktionen SvM\",\"@id\":\"https:\\\/\\\/lightweb.dev\\\/l\\\/svm-temp\\\/#\\\/schema\\\/person\\\/206a3bda5b607b0c25e1749191e4d837\"},\"headline\":\"Advokat G\u00f6ran Rise st\u00e4mmer pr\u00e4stparet J\u00f6nsson\\\/Ottosson\",\"datePublished\":\"2020-04-02T22:00:00+00:00\",\"mainEntityOfPage\":{\"@id\":\"https:\\\/\\\/lightweb.dev\\\/l\\\/svm-temp\\\/nyheter\\\/advokat-goran-rise-stammer-prastparet-jonsson-ottosson\\\/\"},\"wordCount\":703,\"commentCount\":1,\"publisher\":{\"@id\":\"https:\\\/\\\/lightweb.dev\\\/l\\\/svm-temp\\\/#organization\"},\"image\":{\"@id\":\"https:\\\/\\\/lightweb.dev\\\/l\\\/svm-temp\\\/nyheter\\\/advokat-goran-rise-stammer-prastparet-jonsson-ottosson\\\/#primaryimage\"},\"thumbnailUrl\":\"https:\\\/\\\/lightweb.dev\\\/l\\\/svm-temp\\\/wp-content\\\/uploads\\\/2022\\\/06\\\/advokat-goran-rise-stammer-prastparet-jonssonottosson.png\",\"articleSection\":[\"Arkiv\",\"Nyheter\"],\"inLanguage\":\"sv-SE\"},{\"@type\":\"WebPage\",\"@id\":\"https:\\\/\\\/lightweb.dev\\\/l\\\/svm-temp\\\/nyheter\\\/advokat-goran-rise-stammer-prastparet-jonsson-ottosson\\\/\",\"url\":\"https:\\\/\\\/lightweb.dev\\\/l\\\/svm-temp\\\/nyheter\\\/advokat-goran-rise-stammer-prastparet-jonsson-ottosson\\\/\",\"name\":\"Advokat G\u00f6ran Rise st\u00e4mmer pr\u00e4stparet J\u00f6nsson\\\/Ottosson - Svenska Magasinet\",\"isPartOf\":{\"@id\":\"https:\\\/\\\/lightweb.dev\\\/l\\\/svm-temp\\\/#website\"},\"primaryImageOfPage\":{\"@id\":\"https:\\\/\\\/lightweb.dev\\\/l\\\/svm-temp\\\/nyheter\\\/advokat-goran-rise-stammer-prastparet-jonsson-ottosson\\\/#primaryimage\"},\"image\":{\"@id\":\"https:\\\/\\\/lightweb.dev\\\/l\\\/svm-temp\\\/nyheter\\\/advokat-goran-rise-stammer-prastparet-jonsson-ottosson\\\/#primaryimage\"},\"thumbnailUrl\":\"https:\\\/\\\/lightweb.dev\\\/l\\\/svm-temp\\\/wp-content\\\/uploads\\\/2022\\\/06\\\/advokat-goran-rise-stammer-prastparet-jonssonottosson.png\",\"datePublished\":\"2020-04-02T22:00:00+00:00\",\"breadcrumb\":{\"@id\":\"https:\\\/\\\/lightweb.dev\\\/l\\\/svm-temp\\\/nyheter\\\/advokat-goran-rise-stammer-prastparet-jonsson-ottosson\\\/#breadcrumb\"},\"inLanguage\":\"sv-SE\",\"potentialAction\":[{\"@type\":\"ReadAction\",\"target\":[\"https:\\\/\\\/lightweb.dev\\\/l\\\/svm-temp\\\/nyheter\\\/advokat-goran-rise-stammer-prastparet-jonsson-ottosson\\\/\"]}]},{\"@type\":\"ImageObject\",\"inLanguage\":\"sv-SE\",\"@id\":\"https:\\\/\\\/lightweb.dev\\\/l\\\/svm-temp\\\/nyheter\\\/advokat-goran-rise-stammer-prastparet-jonsson-ottosson\\\/#primaryimage\",\"url\":\"https:\\\/\\\/lightweb.dev\\\/l\\\/svm-temp\\\/wp-content\\\/uploads\\\/2022\\\/06\\\/advokat-goran-rise-stammer-prastparet-jonssonottosson.png\",\"contentUrl\":\"https:\\\/\\\/lightweb.dev\\\/l\\\/svm-temp\\\/wp-content\\\/uploads\\\/2022\\\/06\\\/advokat-goran-rise-stammer-prastparet-jonssonottosson.png\",\"width\":700,\"height\":420},{\"@type\":\"BreadcrumbList\",\"@id\":\"https:\\\/\\\/lightweb.dev\\\/l\\\/svm-temp\\\/nyheter\\\/advokat-goran-rise-stammer-prastparet-jonsson-ottosson\\\/#breadcrumb\",\"itemListElement\":[{\"@type\":\"ListItem\",\"position\":1,\"name\":\"Hem\",\"item\":\"https:\\\/\\\/lightweb.dev\\\/l\\\/svm-temp\\\/\"},{\"@type\":\"ListItem\",\"position\":2,\"name\":\"Advokat G\u00f6ran Rise st\u00e4mmer pr\u00e4stparet J\u00f6nsson\\\/Ottosson\"}]},{\"@type\":\"WebSite\",\"@id\":\"https:\\\/\\\/lightweb.dev\\\/l\\\/svm-temp\\\/#website\",\"url\":\"https:\\\/\\\/lightweb.dev\\\/l\\\/svm-temp\\\/\",\"name\":\"Svenska Magasinet\",\"description\":\"Dina Spanska nyheter p&aring; Svenska\",\"publisher\":{\"@id\":\"https:\\\/\\\/lightweb.dev\\\/l\\\/svm-temp\\\/#organization\"},\"potentialAction\":[{\"@type\":\"SearchAction\",\"target\":{\"@type\":\"EntryPoint\",\"urlTemplate\":\"https:\\\/\\\/lightweb.dev\\\/l\\\/svm-temp\\\/?s={search_term_string}\"},\"query-input\":{\"@type\":\"PropertyValueSpecification\",\"valueRequired\":true,\"valueName\":\"search_term_string\"}}],\"inLanguage\":\"sv-SE\"},{\"@type\":\"Organization\",\"@id\":\"https:\\\/\\\/lightweb.dev\\\/l\\\/svm-temp\\\/#organization\",\"name\":\"Melkerson y Nott SL\",\"alternateName\":\"Svenska Magasinet\",\"url\":\"https:\\\/\\\/lightweb.dev\\\/l\\\/svm-temp\\\/\",\"logo\":{\"@type\":\"ImageObject\",\"inLanguage\":\"sv-SE\",\"@id\":\"https:\\\/\\\/lightweb.dev\\\/l\\\/svm-temp\\\/#\\\/schema\\\/logo\\\/image\\\/\",\"url\":\"https:\\\/\\\/lightweb.dev\\\/l\\\/svm-temp\\\/wp-content\\\/uploads\\\/2025\\\/02\\\/SvM-logo-Xtra-Centrerad-SVART.png\",\"contentUrl\":\"https:\\\/\\\/lightweb.dev\\\/l\\\/svm-temp\\\/wp-content\\\/uploads\\\/2025\\\/02\\\/SvM-logo-Xtra-Centrerad-SVART.png\",\"width\":300,\"height\":99,\"caption\":\"Melkerson y Nott SL\"},\"image\":{\"@id\":\"https:\\\/\\\/lightweb.dev\\\/l\\\/svm-temp\\\/#\\\/schema\\\/logo\\\/image\\\/\"},\"sameAs\":[\"https:\\\/\\\/www.facebook.com\\\/svenskamagasinet\",\"https:\\\/\\\/x.com\\\/SvenskaMagasine\"]},{\"@type\":\"Person\",\"@id\":\"https:\\\/\\\/lightweb.dev\\\/l\\\/svm-temp\\\/#\\\/schema\\\/person\\\/206a3bda5b607b0c25e1749191e4d837\",\"name\":\"Redaktionen SvM\",\"description\":\"Redaktionen\",\"sameAs\":[\"https:\\\/\\\/lightweb.dev\\\/l\\\/svm-temp\"],\"url\":\"https:\\\/\\\/lightweb.dev\\\/l\\\/svm-temp\\\/reporter\\\/redaktionen\\\/\"}]}<\/script>\n<!-- \/ Yoast SEO Premium plugin. -->","yoast_head_json":{"title":"Advokat G\u00f6ran Rise st\u00e4mmer pr\u00e4stparet J\u00f6nsson\/Ottosson - Svenska Magasinet","robots":{"index":"noindex","follow":"follow","max-snippet":"max-snippet:-1","max-image-preview":"max-image-preview:large","max-video-preview":"max-video-preview:-1"},"og_locale":"sv_SE","og_type":"article","og_title":"Advokat G\u00f6ran Rise st\u00e4mmer pr\u00e4stparet J\u00f6nsson\/Ottosson","og_description":"Svenska Magasinet kan idag avsl\u00f6ja att den svenske advokaten G\u00f6ran Rise st\u00e4mmer den tidigare kyrkoherden Mikael J\u00f6nsson f\u00f6r att denne inte fullgjort avtalet med att betala advokatarvodet p\u00e5 109.941 euro cirka 1,5 miljoner SEK. Av Ola Josefsson &#8211; Han smiter fr\u00e5n notan, s\u00e4ger advokat G\u00f6ran Rise. &#8211; Jag har varit advokat i 50 \u00e5r men [&hellip;]","og_url":"https:\/\/lightweb.dev\/l\/svm-temp\/nyheter\/advokat-goran-rise-stammer-prastparet-jonsson-ottosson\/","og_site_name":"Svenska Magasinet","article_publisher":"https:\/\/www.facebook.com\/svenskamagasinet","article_published_time":"2020-04-02T22:00:00+00:00","og_image":[{"width":700,"height":420,"url":"https:\/\/lightweb.dev\/l\/svm-temp\/wp-content\/uploads\/2022\/06\/advokat-goran-rise-stammer-prastparet-jonssonottosson.png","type":"image\/png"}],"author":"Redaktionen SvM","twitter_card":"summary_large_image","twitter_creator":"@SvenskaMagasine","twitter_site":"@SvenskaMagasine","schema":{"@context":"https:\/\/schema.org","@graph":[{"@type":"Article","@id":"https:\/\/lightweb.dev\/l\/svm-temp\/nyheter\/advokat-goran-rise-stammer-prastparet-jonsson-ottosson\/#article","isPartOf":{"@id":"https:\/\/lightweb.dev\/l\/svm-temp\/nyheter\/advokat-goran-rise-stammer-prastparet-jonsson-ottosson\/"},"author":{"name":"Redaktionen SvM","@id":"https:\/\/lightweb.dev\/l\/svm-temp\/#\/schema\/person\/206a3bda5b607b0c25e1749191e4d837"},"headline":"Advokat G\u00f6ran Rise st\u00e4mmer pr\u00e4stparet J\u00f6nsson\/Ottosson","datePublished":"2020-04-02T22:00:00+00:00","mainEntityOfPage":{"@id":"https:\/\/lightweb.dev\/l\/svm-temp\/nyheter\/advokat-goran-rise-stammer-prastparet-jonsson-ottosson\/"},"wordCount":703,"commentCount":1,"publisher":{"@id":"https:\/\/lightweb.dev\/l\/svm-temp\/#organization"},"image":{"@id":"https:\/\/lightweb.dev\/l\/svm-temp\/nyheter\/advokat-goran-rise-stammer-prastparet-jonsson-ottosson\/#primaryimage"},"thumbnailUrl":"https:\/\/lightweb.dev\/l\/svm-temp\/wp-content\/uploads\/2022\/06\/advokat-goran-rise-stammer-prastparet-jonssonottosson.png","articleSection":["Arkiv","Nyheter"],"inLanguage":"sv-SE"},{"@type":"WebPage","@id":"https:\/\/lightweb.dev\/l\/svm-temp\/nyheter\/advokat-goran-rise-stammer-prastparet-jonsson-ottosson\/","url":"https:\/\/lightweb.dev\/l\/svm-temp\/nyheter\/advokat-goran-rise-stammer-prastparet-jonsson-ottosson\/","name":"Advokat G\u00f6ran Rise st\u00e4mmer pr\u00e4stparet J\u00f6nsson\/Ottosson - Svenska Magasinet","isPartOf":{"@id":"https:\/\/lightweb.dev\/l\/svm-temp\/#website"},"primaryImageOfPage":{"@id":"https:\/\/lightweb.dev\/l\/svm-temp\/nyheter\/advokat-goran-rise-stammer-prastparet-jonsson-ottosson\/#primaryimage"},"image":{"@id":"https:\/\/lightweb.dev\/l\/svm-temp\/nyheter\/advokat-goran-rise-stammer-prastparet-jonsson-ottosson\/#primaryimage"},"thumbnailUrl":"https:\/\/lightweb.dev\/l\/svm-temp\/wp-content\/uploads\/2022\/06\/advokat-goran-rise-stammer-prastparet-jonssonottosson.png","datePublished":"2020-04-02T22:00:00+00:00","breadcrumb":{"@id":"https:\/\/lightweb.dev\/l\/svm-temp\/nyheter\/advokat-goran-rise-stammer-prastparet-jonsson-ottosson\/#breadcrumb"},"inLanguage":"sv-SE","potentialAction":[{"@type":"ReadAction","target":["https:\/\/lightweb.dev\/l\/svm-temp\/nyheter\/advokat-goran-rise-stammer-prastparet-jonsson-ottosson\/"]}]},{"@type":"ImageObject","inLanguage":"sv-SE","@id":"https:\/\/lightweb.dev\/l\/svm-temp\/nyheter\/advokat-goran-rise-stammer-prastparet-jonsson-ottosson\/#primaryimage","url":"https:\/\/lightweb.dev\/l\/svm-temp\/wp-content\/uploads\/2022\/06\/advokat-goran-rise-stammer-prastparet-jonssonottosson.png","contentUrl":"https:\/\/lightweb.dev\/l\/svm-temp\/wp-content\/uploads\/2022\/06\/advokat-goran-rise-stammer-prastparet-jonssonottosson.png","width":700,"height":420},{"@type":"BreadcrumbList","@id":"https:\/\/lightweb.dev\/l\/svm-temp\/nyheter\/advokat-goran-rise-stammer-prastparet-jonsson-ottosson\/#breadcrumb","itemListElement":[{"@type":"ListItem","position":1,"name":"Hem","item":"https:\/\/lightweb.dev\/l\/svm-temp\/"},{"@type":"ListItem","position":2,"name":"Advokat G\u00f6ran Rise st\u00e4mmer pr\u00e4stparet J\u00f6nsson\/Ottosson"}]},{"@type":"WebSite","@id":"https:\/\/lightweb.dev\/l\/svm-temp\/#website","url":"https:\/\/lightweb.dev\/l\/svm-temp\/","name":"Svenska Magasinet","description":"Dina Spanska nyheter p&aring; Svenska","publisher":{"@id":"https:\/\/lightweb.dev\/l\/svm-temp\/#organization"},"potentialAction":[{"@type":"SearchAction","target":{"@type":"EntryPoint","urlTemplate":"https:\/\/lightweb.dev\/l\/svm-temp\/?s={search_term_string}"},"query-input":{"@type":"PropertyValueSpecification","valueRequired":true,"valueName":"search_term_string"}}],"inLanguage":"sv-SE"},{"@type":"Organization","@id":"https:\/\/lightweb.dev\/l\/svm-temp\/#organization","name":"Melkerson y Nott SL","alternateName":"Svenska Magasinet","url":"https:\/\/lightweb.dev\/l\/svm-temp\/","logo":{"@type":"ImageObject","inLanguage":"sv-SE","@id":"https:\/\/lightweb.dev\/l\/svm-temp\/#\/schema\/logo\/image\/","url":"https:\/\/lightweb.dev\/l\/svm-temp\/wp-content\/uploads\/2025\/02\/SvM-logo-Xtra-Centrerad-SVART.png","contentUrl":"https:\/\/lightweb.dev\/l\/svm-temp\/wp-content\/uploads\/2025\/02\/SvM-logo-Xtra-Centrerad-SVART.png","width":300,"height":99,"caption":"Melkerson y Nott SL"},"image":{"@id":"https:\/\/lightweb.dev\/l\/svm-temp\/#\/schema\/logo\/image\/"},"sameAs":["https:\/\/www.facebook.com\/svenskamagasinet","https:\/\/x.com\/SvenskaMagasine"]},{"@type":"Person","@id":"https:\/\/lightweb.dev\/l\/svm-temp\/#\/schema\/person\/206a3bda5b607b0c25e1749191e4d837","name":"Redaktionen SvM","description":"Redaktionen","sameAs":["https:\/\/lightweb.dev\/l\/svm-temp"],"url":"https:\/\/lightweb.dev\/l\/svm-temp\/reporter\/redaktionen\/"}]}},"_links":{"self":[{"href":"https:\/\/lightweb.dev\/l\/svm-temp\/wp-json\/wp\/v2\/posts\/14483","targetHints":{"allow":["GET"]}}],"collection":[{"href":"https:\/\/lightweb.dev\/l\/svm-temp\/wp-json\/wp\/v2\/posts"}],"about":[{"href":"https:\/\/lightweb.dev\/l\/svm-temp\/wp-json\/wp\/v2\/types\/post"}],"author":[{"embeddable":true,"href":"https:\/\/lightweb.dev\/l\/svm-temp\/wp-json\/wp\/v2\/users\/8"}],"replies":[{"embeddable":true,"href":"https:\/\/lightweb.dev\/l\/svm-temp\/wp-json\/wp\/v2\/comments?post=14483"}],"version-history":[{"count":0,"href":"https:\/\/lightweb.dev\/l\/svm-temp\/wp-json\/wp\/v2\/posts\/14483\/revisions"}],"wp:featuredmedia":[{"embeddable":true,"href":"https:\/\/lightweb.dev\/l\/svm-temp\/wp-json\/wp\/v2\/media\/14484"}],"wp:attachment":[{"href":"https:\/\/lightweb.dev\/l\/svm-temp\/wp-json\/wp\/v2\/media?parent=14483"}],"wp:term":[{"taxonomy":"category","embeddable":true,"href":"https:\/\/lightweb.dev\/l\/svm-temp\/wp-json\/wp\/v2\/categories?post=14483"},{"taxonomy":"post_tag","embeddable":true,"href":"https:\/\/lightweb.dev\/l\/svm-temp\/wp-json\/wp\/v2\/tags?post=14483"}],"curies":[{"name":"wp","href":"https:\/\/api.w.org\/{rel}","templated":true}]}}