{"id":14489,"date":"2020-04-02T00:00:00","date_gmt":"2020-04-01T22:00:00","guid":{"rendered":"https:\/\/lightweb.dev\/l\/svm-temp\/nyheter\/coronakrisen-overtraffar-senaste-ekonomiska-krisen\/"},"modified":"2020-04-02T00:00:00","modified_gmt":"2020-04-01T22:00:00","slug":"coronakrisen-overtraffar-senaste-ekonomiska-krisen","status":"publish","type":"post","link":"https:\/\/lightweb.dev\/l\/svm-temp\/nyheter\/coronakrisen-overtraffar-senaste-ekonomiska-krisen\/","title":{"rendered":"Coronakrisen \u00f6vertr\u00e4ffar senaste ekonomiska krisen"},"content":{"rendered":"<p> P\u00e5 torsdagen kom det svart p\u00e5 vitt vilken inverkan coronapandemin har p\u00e5 arbetsmarknaden n\u00e4r siffrorna \u00f6ver antalet arbetsl\u00f6sa f\u00f6r mars presenterades. Det allm\u00e4nna socialf\u00f6rs\u00e4kringssystemet Seguridad Social f\u00f6rlorade under mars m\u00e5nad 900.000 tidigare anst\u00e4llda medan arbetsl\u00f6sheten \u00f6kade med 311.000 personer. Det visar f\u00e4rska siffror fr\u00e5n Socialf\u00f6rs\u00e4kringsdepartementet.<\/p>\n<p>Det betyder att under 18,5 miljoner personer i Spanien \u00e4r inskrivna i Seguridad Social. Antalet arbetsl\u00f6sa var den 1 april 3.548.312. Historiskt \u00e4r det rekordsiffror som \u00e4ven \u00f6vertr\u00e4ffar den senaste l\u00e5gkonjunkturen och ekonomiska krisen 2007.<\/p>\n<p>P\u00e5 Costa del Sol och i provinsen M\u00e1laga \u00f6kar antalet arbetsl\u00f6sa med 30.234. Det \u00e4r rekord\u00f6kning och saknar historiskt motstycke. Det betyder att arbetsl\u00f6sheten landar p\u00e5 19,7 procent eller totalt 183.720 personer.<\/p>\n<p>M\u00e1laga \u00e4r den provins i Spanien som redovisar den st\u00f6rsta \u00f6kningen av antalet arbetsl\u00f6sa, bara Sevilla \u00e4r v\u00e4rre med 31.813. I provinsen Granada \u00f6kar arbetsl\u00f6sheten med 13.968.<\/p>\n<p>Sektorer som p\u00e5verkats mest p\u00e5 Costa del Sol \u00e4r servicesektorn (+21.917) f\u00f6lht av byggsektorn (+5.883), industri (+1.111) och jordbruk (+568). <\/p>\n<p>(Foto: Ministerio Trabajo y Econom\u00eda Social)<\/p>\n","protected":false},"excerpt":{"rendered":"<p>P\u00e5 torsdagen kom det svart p\u00e5 vitt vilken inverkan coronapandemin har p\u00e5 arbetsmarknaden n\u00e4r siffrorna \u00f6ver antalet arbetsl\u00f6sa f\u00f6r mars presenterades. Det allm\u00e4nna socialf\u00f6rs\u00e4kringssystemet Seguridad Social f\u00f6rlorade under mars m\u00e5nad 900.000 tidigare anst\u00e4llda medan arbetsl\u00f6sheten \u00f6kade med 311.000 personer. Det visar f\u00e4rska siffror fr\u00e5n Socialf\u00f6rs\u00e4kringsdepartementet. Det betyder att under 18,5 miljoner personer i Spanien \u00e4r [&hellip;]<\/p>\n","protected":false},"author":8,"featured_media":14490,"comment_status":"open","ping_status":"open","sticky":false,"template":"","format":"standard","meta":{"_et_pb_use_builder":"","_et_pb_old_content":"","_et_gb_content_width":"","footnotes":""},"categories":[395,3],"tags":[],"class_list":["post-14489","post","type-post","status-publish","format-standard","has-post-thumbnail","hentry","category-arkiv-nyheter","category-nyheter"],"yoast_head":"<!-- This site is optimized with the Yoast SEO Premium plugin v26.2 (Yoast SEO v28.2) - https:\/\/yoast.com\/product\/yoast-seo-premium-wordpress\/ -->\n<title>Coronakrisen \u00f6vertr\u00e4ffar senaste ekonomiska krisen - Svenska Magasinet<\/title>\n<meta name=\"robots\" content=\"noindex, follow, max-snippet:-1, max-image-preview:large, max-video-preview:-1\" \/>\n<meta property=\"og:locale\" content=\"sv_SE\" \/>\n<meta property=\"og:type\" content=\"article\" \/>\n<meta property=\"og:title\" content=\"Coronakrisen \u00f6vertr\u00e4ffar senaste ekonomiska krisen\" \/>\n<meta property=\"og:description\" content=\"P\u00e5 torsdagen kom det svart p\u00e5 vitt vilken inverkan coronapandemin har p\u00e5 arbetsmarknaden n\u00e4r siffrorna \u00f6ver antalet arbetsl\u00f6sa f\u00f6r mars presenterades. Det allm\u00e4nna socialf\u00f6rs\u00e4kringssystemet Seguridad Social f\u00f6rlorade under mars m\u00e5nad 900.000 tidigare anst\u00e4llda medan arbetsl\u00f6sheten \u00f6kade med 311.000 personer. Det visar f\u00e4rska siffror fr\u00e5n Socialf\u00f6rs\u00e4kringsdepartementet. Det betyder att under 18,5 miljoner personer i Spanien \u00e4r [&hellip;]\" \/>\n<meta property=\"og:url\" content=\"https:\/\/lightweb.dev\/l\/svm-temp\/nyheter\/coronakrisen-overtraffar-senaste-ekonomiska-krisen\/\" \/>\n<meta property=\"og:site_name\" content=\"Svenska Magasinet\" \/>\n<meta property=\"article:publisher\" content=\"https:\/\/www.facebook.com\/svenskamagasinet\" \/>\n<meta property=\"article:published_time\" content=\"2020-04-01T22:00:00+00:00\" \/>\n<meta property=\"og:image\" content=\"https:\/\/lightweb.dev\/l\/svm-temp\/wp-content\/uploads\/2022\/06\/coronakrisen-overtraffar-senaste-ekonomiska-krisen.png\" \/>\n\t<meta property=\"og:image:width\" content=\"700\" \/>\n\t<meta property=\"og:image:height\" content=\"420\" \/>\n\t<meta property=\"og:image:type\" content=\"image\/png\" \/>\n<meta name=\"author\" content=\"Redaktionen SvM\" \/>\n<meta name=\"twitter:card\" content=\"summary_large_image\" \/>\n<meta name=\"twitter:creator\" content=\"@SvenskaMagasine\" \/>\n<meta name=\"twitter:site\" content=\"@SvenskaMagasine\" \/>\n<script type=\"application\/ld+json\" class=\"yoast-schema-graph\">{\"@context\":\"https:\\\/\\\/schema.org\",\"@graph\":[{\"@type\":\"Article\",\"@id\":\"https:\\\/\\\/lightweb.dev\\\/l\\\/svm-temp\\\/nyheter\\\/coronakrisen-overtraffar-senaste-ekonomiska-krisen\\\/#article\",\"isPartOf\":{\"@id\":\"https:\\\/\\\/lightweb.dev\\\/l\\\/svm-temp\\\/nyheter\\\/coronakrisen-overtraffar-senaste-ekonomiska-krisen\\\/\"},\"author\":{\"name\":\"Redaktionen SvM\",\"@id\":\"https:\\\/\\\/lightweb.dev\\\/l\\\/svm-temp\\\/#\\\/schema\\\/person\\\/206a3bda5b607b0c25e1749191e4d837\"},\"headline\":\"Coronakrisen \u00f6vertr\u00e4ffar senaste ekonomiska krisen\",\"datePublished\":\"2020-04-01T22:00:00+00:00\",\"mainEntityOfPage\":{\"@id\":\"https:\\\/\\\/lightweb.dev\\\/l\\\/svm-temp\\\/nyheter\\\/coronakrisen-overtraffar-senaste-ekonomiska-krisen\\\/\"},\"wordCount\":185,\"commentCount\":0,\"publisher\":{\"@id\":\"https:\\\/\\\/lightweb.dev\\\/l\\\/svm-temp\\\/#organization\"},\"image\":{\"@id\":\"https:\\\/\\\/lightweb.dev\\\/l\\\/svm-temp\\\/nyheter\\\/coronakrisen-overtraffar-senaste-ekonomiska-krisen\\\/#primaryimage\"},\"thumbnailUrl\":\"https:\\\/\\\/lightweb.dev\\\/l\\\/svm-temp\\\/wp-content\\\/uploads\\\/2022\\\/06\\\/coronakrisen-overtraffar-senaste-ekonomiska-krisen.png\",\"articleSection\":[\"Arkiv\",\"Nyheter\"],\"inLanguage\":\"sv-SE\"},{\"@type\":\"WebPage\",\"@id\":\"https:\\\/\\\/lightweb.dev\\\/l\\\/svm-temp\\\/nyheter\\\/coronakrisen-overtraffar-senaste-ekonomiska-krisen\\\/\",\"url\":\"https:\\\/\\\/lightweb.dev\\\/l\\\/svm-temp\\\/nyheter\\\/coronakrisen-overtraffar-senaste-ekonomiska-krisen\\\/\",\"name\":\"Coronakrisen \u00f6vertr\u00e4ffar senaste ekonomiska krisen - Svenska Magasinet\",\"isPartOf\":{\"@id\":\"https:\\\/\\\/lightweb.dev\\\/l\\\/svm-temp\\\/#website\"},\"primaryImageOfPage\":{\"@id\":\"https:\\\/\\\/lightweb.dev\\\/l\\\/svm-temp\\\/nyheter\\\/coronakrisen-overtraffar-senaste-ekonomiska-krisen\\\/#primaryimage\"},\"image\":{\"@id\":\"https:\\\/\\\/lightweb.dev\\\/l\\\/svm-temp\\\/nyheter\\\/coronakrisen-overtraffar-senaste-ekonomiska-krisen\\\/#primaryimage\"},\"thumbnailUrl\":\"https:\\\/\\\/lightweb.dev\\\/l\\\/svm-temp\\\/wp-content\\\/uploads\\\/2022\\\/06\\\/coronakrisen-overtraffar-senaste-ekonomiska-krisen.png\",\"datePublished\":\"2020-04-01T22:00:00+00:00\",\"breadcrumb\":{\"@id\":\"https:\\\/\\\/lightweb.dev\\\/l\\\/svm-temp\\\/nyheter\\\/coronakrisen-overtraffar-senaste-ekonomiska-krisen\\\/#breadcrumb\"},\"inLanguage\":\"sv-SE\",\"potentialAction\":[{\"@type\":\"ReadAction\",\"target\":[\"https:\\\/\\\/lightweb.dev\\\/l\\\/svm-temp\\\/nyheter\\\/coronakrisen-overtraffar-senaste-ekonomiska-krisen\\\/\"]}]},{\"@type\":\"ImageObject\",\"inLanguage\":\"sv-SE\",\"@id\":\"https:\\\/\\\/lightweb.dev\\\/l\\\/svm-temp\\\/nyheter\\\/coronakrisen-overtraffar-senaste-ekonomiska-krisen\\\/#primaryimage\",\"url\":\"https:\\\/\\\/lightweb.dev\\\/l\\\/svm-temp\\\/wp-content\\\/uploads\\\/2022\\\/06\\\/coronakrisen-overtraffar-senaste-ekonomiska-krisen.png\",\"contentUrl\":\"https:\\\/\\\/lightweb.dev\\\/l\\\/svm-temp\\\/wp-content\\\/uploads\\\/2022\\\/06\\\/coronakrisen-overtraffar-senaste-ekonomiska-krisen.png\",\"width\":700,\"height\":420},{\"@type\":\"BreadcrumbList\",\"@id\":\"https:\\\/\\\/lightweb.dev\\\/l\\\/svm-temp\\\/nyheter\\\/coronakrisen-overtraffar-senaste-ekonomiska-krisen\\\/#breadcrumb\",\"itemListElement\":[{\"@type\":\"ListItem\",\"position\":1,\"name\":\"Hem\",\"item\":\"https:\\\/\\\/lightweb.dev\\\/l\\\/svm-temp\\\/\"},{\"@type\":\"ListItem\",\"position\":2,\"name\":\"Coronakrisen \u00f6vertr\u00e4ffar senaste ekonomiska krisen\"}]},{\"@type\":\"WebSite\",\"@id\":\"https:\\\/\\\/lightweb.dev\\\/l\\\/svm-temp\\\/#website\",\"url\":\"https:\\\/\\\/lightweb.dev\\\/l\\\/svm-temp\\\/\",\"name\":\"Svenska Magasinet\",\"description\":\"Dina Spanska nyheter p&aring; Svenska\",\"publisher\":{\"@id\":\"https:\\\/\\\/lightweb.dev\\\/l\\\/svm-temp\\\/#organization\"},\"potentialAction\":[{\"@type\":\"SearchAction\",\"target\":{\"@type\":\"EntryPoint\",\"urlTemplate\":\"https:\\\/\\\/lightweb.dev\\\/l\\\/svm-temp\\\/?s={search_term_string}\"},\"query-input\":{\"@type\":\"PropertyValueSpecification\",\"valueRequired\":true,\"valueName\":\"search_term_string\"}}],\"inLanguage\":\"sv-SE\"},{\"@type\":\"Organization\",\"@id\":\"https:\\\/\\\/lightweb.dev\\\/l\\\/svm-temp\\\/#organization\",\"name\":\"Melkerson y Nott SL\",\"alternateName\":\"Svenska Magasinet\",\"url\":\"https:\\\/\\\/lightweb.dev\\\/l\\\/svm-temp\\\/\",\"logo\":{\"@type\":\"ImageObject\",\"inLanguage\":\"sv-SE\",\"@id\":\"https:\\\/\\\/lightweb.dev\\\/l\\\/svm-temp\\\/#\\\/schema\\\/logo\\\/image\\\/\",\"url\":\"https:\\\/\\\/lightweb.dev\\\/l\\\/svm-temp\\\/wp-content\\\/uploads\\\/2025\\\/02\\\/SvM-logo-Xtra-Centrerad-SVART.png\",\"contentUrl\":\"https:\\\/\\\/lightweb.dev\\\/l\\\/svm-temp\\\/wp-content\\\/uploads\\\/2025\\\/02\\\/SvM-logo-Xtra-Centrerad-SVART.png\",\"width\":300,\"height\":99,\"caption\":\"Melkerson y Nott SL\"},\"image\":{\"@id\":\"https:\\\/\\\/lightweb.dev\\\/l\\\/svm-temp\\\/#\\\/schema\\\/logo\\\/image\\\/\"},\"sameAs\":[\"https:\\\/\\\/www.facebook.com\\\/svenskamagasinet\",\"https:\\\/\\\/x.com\\\/SvenskaMagasine\"]},{\"@type\":\"Person\",\"@id\":\"https:\\\/\\\/lightweb.dev\\\/l\\\/svm-temp\\\/#\\\/schema\\\/person\\\/206a3bda5b607b0c25e1749191e4d837\",\"name\":\"Redaktionen SvM\",\"description\":\"Redaktionen\",\"sameAs\":[\"https:\\\/\\\/lightweb.dev\\\/l\\\/svm-temp\"],\"url\":\"https:\\\/\\\/lightweb.dev\\\/l\\\/svm-temp\\\/reporter\\\/redaktionen\\\/\"}]}<\/script>\n<!-- \/ Yoast SEO Premium plugin. -->","yoast_head_json":{"title":"Coronakrisen \u00f6vertr\u00e4ffar senaste ekonomiska krisen - Svenska Magasinet","robots":{"index":"noindex","follow":"follow","max-snippet":"max-snippet:-1","max-image-preview":"max-image-preview:large","max-video-preview":"max-video-preview:-1"},"og_locale":"sv_SE","og_type":"article","og_title":"Coronakrisen \u00f6vertr\u00e4ffar senaste ekonomiska krisen","og_description":"P\u00e5 torsdagen kom det svart p\u00e5 vitt vilken inverkan coronapandemin har p\u00e5 arbetsmarknaden n\u00e4r siffrorna \u00f6ver antalet arbetsl\u00f6sa f\u00f6r mars presenterades. Det allm\u00e4nna socialf\u00f6rs\u00e4kringssystemet Seguridad Social f\u00f6rlorade under mars m\u00e5nad 900.000 tidigare anst\u00e4llda medan arbetsl\u00f6sheten \u00f6kade med 311.000 personer. Det visar f\u00e4rska siffror fr\u00e5n Socialf\u00f6rs\u00e4kringsdepartementet. Det betyder att under 18,5 miljoner personer i Spanien \u00e4r [&hellip;]","og_url":"https:\/\/lightweb.dev\/l\/svm-temp\/nyheter\/coronakrisen-overtraffar-senaste-ekonomiska-krisen\/","og_site_name":"Svenska Magasinet","article_publisher":"https:\/\/www.facebook.com\/svenskamagasinet","article_published_time":"2020-04-01T22:00:00+00:00","og_image":[{"width":700,"height":420,"url":"https:\/\/lightweb.dev\/l\/svm-temp\/wp-content\/uploads\/2022\/06\/coronakrisen-overtraffar-senaste-ekonomiska-krisen.png","type":"image\/png"}],"author":"Redaktionen SvM","twitter_card":"summary_large_image","twitter_creator":"@SvenskaMagasine","twitter_site":"@SvenskaMagasine","schema":{"@context":"https:\/\/schema.org","@graph":[{"@type":"Article","@id":"https:\/\/lightweb.dev\/l\/svm-temp\/nyheter\/coronakrisen-overtraffar-senaste-ekonomiska-krisen\/#article","isPartOf":{"@id":"https:\/\/lightweb.dev\/l\/svm-temp\/nyheter\/coronakrisen-overtraffar-senaste-ekonomiska-krisen\/"},"author":{"name":"Redaktionen SvM","@id":"https:\/\/lightweb.dev\/l\/svm-temp\/#\/schema\/person\/206a3bda5b607b0c25e1749191e4d837"},"headline":"Coronakrisen \u00f6vertr\u00e4ffar senaste ekonomiska krisen","datePublished":"2020-04-01T22:00:00+00:00","mainEntityOfPage":{"@id":"https:\/\/lightweb.dev\/l\/svm-temp\/nyheter\/coronakrisen-overtraffar-senaste-ekonomiska-krisen\/"},"wordCount":185,"commentCount":0,"publisher":{"@id":"https:\/\/lightweb.dev\/l\/svm-temp\/#organization"},"image":{"@id":"https:\/\/lightweb.dev\/l\/svm-temp\/nyheter\/coronakrisen-overtraffar-senaste-ekonomiska-krisen\/#primaryimage"},"thumbnailUrl":"https:\/\/lightweb.dev\/l\/svm-temp\/wp-content\/uploads\/2022\/06\/coronakrisen-overtraffar-senaste-ekonomiska-krisen.png","articleSection":["Arkiv","Nyheter"],"inLanguage":"sv-SE"},{"@type":"WebPage","@id":"https:\/\/lightweb.dev\/l\/svm-temp\/nyheter\/coronakrisen-overtraffar-senaste-ekonomiska-krisen\/","url":"https:\/\/lightweb.dev\/l\/svm-temp\/nyheter\/coronakrisen-overtraffar-senaste-ekonomiska-krisen\/","name":"Coronakrisen \u00f6vertr\u00e4ffar senaste ekonomiska krisen - Svenska Magasinet","isPartOf":{"@id":"https:\/\/lightweb.dev\/l\/svm-temp\/#website"},"primaryImageOfPage":{"@id":"https:\/\/lightweb.dev\/l\/svm-temp\/nyheter\/coronakrisen-overtraffar-senaste-ekonomiska-krisen\/#primaryimage"},"image":{"@id":"https:\/\/lightweb.dev\/l\/svm-temp\/nyheter\/coronakrisen-overtraffar-senaste-ekonomiska-krisen\/#primaryimage"},"thumbnailUrl":"https:\/\/lightweb.dev\/l\/svm-temp\/wp-content\/uploads\/2022\/06\/coronakrisen-overtraffar-senaste-ekonomiska-krisen.png","datePublished":"2020-04-01T22:00:00+00:00","breadcrumb":{"@id":"https:\/\/lightweb.dev\/l\/svm-temp\/nyheter\/coronakrisen-overtraffar-senaste-ekonomiska-krisen\/#breadcrumb"},"inLanguage":"sv-SE","potentialAction":[{"@type":"ReadAction","target":["https:\/\/lightweb.dev\/l\/svm-temp\/nyheter\/coronakrisen-overtraffar-senaste-ekonomiska-krisen\/"]}]},{"@type":"ImageObject","inLanguage":"sv-SE","@id":"https:\/\/lightweb.dev\/l\/svm-temp\/nyheter\/coronakrisen-overtraffar-senaste-ekonomiska-krisen\/#primaryimage","url":"https:\/\/lightweb.dev\/l\/svm-temp\/wp-content\/uploads\/2022\/06\/coronakrisen-overtraffar-senaste-ekonomiska-krisen.png","contentUrl":"https:\/\/lightweb.dev\/l\/svm-temp\/wp-content\/uploads\/2022\/06\/coronakrisen-overtraffar-senaste-ekonomiska-krisen.png","width":700,"height":420},{"@type":"BreadcrumbList","@id":"https:\/\/lightweb.dev\/l\/svm-temp\/nyheter\/coronakrisen-overtraffar-senaste-ekonomiska-krisen\/#breadcrumb","itemListElement":[{"@type":"ListItem","position":1,"name":"Hem","item":"https:\/\/lightweb.dev\/l\/svm-temp\/"},{"@type":"ListItem","position":2,"name":"Coronakrisen \u00f6vertr\u00e4ffar senaste ekonomiska krisen"}]},{"@type":"WebSite","@id":"https:\/\/lightweb.dev\/l\/svm-temp\/#website","url":"https:\/\/lightweb.dev\/l\/svm-temp\/","name":"Svenska Magasinet","description":"Dina Spanska nyheter p&aring; Svenska","publisher":{"@id":"https:\/\/lightweb.dev\/l\/svm-temp\/#organization"},"potentialAction":[{"@type":"SearchAction","target":{"@type":"EntryPoint","urlTemplate":"https:\/\/lightweb.dev\/l\/svm-temp\/?s={search_term_string}"},"query-input":{"@type":"PropertyValueSpecification","valueRequired":true,"valueName":"search_term_string"}}],"inLanguage":"sv-SE"},{"@type":"Organization","@id":"https:\/\/lightweb.dev\/l\/svm-temp\/#organization","name":"Melkerson y Nott SL","alternateName":"Svenska Magasinet","url":"https:\/\/lightweb.dev\/l\/svm-temp\/","logo":{"@type":"ImageObject","inLanguage":"sv-SE","@id":"https:\/\/lightweb.dev\/l\/svm-temp\/#\/schema\/logo\/image\/","url":"https:\/\/lightweb.dev\/l\/svm-temp\/wp-content\/uploads\/2025\/02\/SvM-logo-Xtra-Centrerad-SVART.png","contentUrl":"https:\/\/lightweb.dev\/l\/svm-temp\/wp-content\/uploads\/2025\/02\/SvM-logo-Xtra-Centrerad-SVART.png","width":300,"height":99,"caption":"Melkerson y Nott SL"},"image":{"@id":"https:\/\/lightweb.dev\/l\/svm-temp\/#\/schema\/logo\/image\/"},"sameAs":["https:\/\/www.facebook.com\/svenskamagasinet","https:\/\/x.com\/SvenskaMagasine"]},{"@type":"Person","@id":"https:\/\/lightweb.dev\/l\/svm-temp\/#\/schema\/person\/206a3bda5b607b0c25e1749191e4d837","name":"Redaktionen SvM","description":"Redaktionen","sameAs":["https:\/\/lightweb.dev\/l\/svm-temp"],"url":"https:\/\/lightweb.dev\/l\/svm-temp\/reporter\/redaktionen\/"}]}},"_links":{"self":[{"href":"https:\/\/lightweb.dev\/l\/svm-temp\/wp-json\/wp\/v2\/posts\/14489","targetHints":{"allow":["GET"]}}],"collection":[{"href":"https:\/\/lightweb.dev\/l\/svm-temp\/wp-json\/wp\/v2\/posts"}],"about":[{"href":"https:\/\/lightweb.dev\/l\/svm-temp\/wp-json\/wp\/v2\/types\/post"}],"author":[{"embeddable":true,"href":"https:\/\/lightweb.dev\/l\/svm-temp\/wp-json\/wp\/v2\/users\/8"}],"replies":[{"embeddable":true,"href":"https:\/\/lightweb.dev\/l\/svm-temp\/wp-json\/wp\/v2\/comments?post=14489"}],"version-history":[{"count":0,"href":"https:\/\/lightweb.dev\/l\/svm-temp\/wp-json\/wp\/v2\/posts\/14489\/revisions"}],"wp:featuredmedia":[{"embeddable":true,"href":"https:\/\/lightweb.dev\/l\/svm-temp\/wp-json\/wp\/v2\/media\/14490"}],"wp:attachment":[{"href":"https:\/\/lightweb.dev\/l\/svm-temp\/wp-json\/wp\/v2\/media?parent=14489"}],"wp:term":[{"taxonomy":"category","embeddable":true,"href":"https:\/\/lightweb.dev\/l\/svm-temp\/wp-json\/wp\/v2\/categories?post=14489"},{"taxonomy":"post_tag","embeddable":true,"href":"https:\/\/lightweb.dev\/l\/svm-temp\/wp-json\/wp\/v2\/tags?post=14489"}],"curies":[{"name":"wp","href":"https:\/\/api.w.org\/{rel}","templated":true}]}}