{"id":14501,"date":"2020-04-01T00:00:00","date_gmt":"2020-03-31T22:00:00","guid":{"rendered":"https:\/\/lightweb.dev\/l\/svm-temp\/nyheter\/den-spanska-biltillverkaren-seat-borjar-tillverka-respiratorer\/"},"modified":"2020-04-01T00:00:00","modified_gmt":"2020-03-31T22:00:00","slug":"den-spanska-biltillverkaren-seat-borjar-tillverka-respiratorer","status":"publish","type":"post","link":"https:\/\/lightweb.dev\/l\/svm-temp\/nyheter\/den-spanska-biltillverkaren-seat-borjar-tillverka-respiratorer\/","title":{"rendered":"Den spanska biltillverkaren Seat b\u00f6rjar tillverka respiratorer"},"content":{"rendered":"<p> F\u00f6r att bek\u00e4mpa coronoaviruset startar Seats fabrik i Martorell (Barcelona) massproducering av en egenutvecklad respirator. Tillverkningen sker p\u00e5 den monteringslinjen d\u00e4r det vanligtvis tillverkas personbilen Seat Le\u00f3n.<\/p>\n<p>&#8221;Att modifiera en monteringslinje som tillverkar bilar och kunna f\u00f6r\u00e4ndra den och producera respiratorer har varit h\u00e5rt arbete d\u00e4r m\u00e5nga avdelningar i f\u00f6retaget har varit involverade och vi har gjort det p\u00e5 rekordtiden en vecka&#8221;, sa Sergio Arreciado, fr\u00e5n Seat&#8217;s Process Engineering-omr\u00e5de. <\/p>\n<p>Mer \u00e4n 150 anst\u00e4llda fr\u00e5n olika delar av f\u00f6retaget har arbetat med konstruktionen och f\u00f6re den slutliga modellen blev godk\u00e4nd togs det fram 13 olika prototyper. Varje respirator inneh\u00e5ller fler \u00e4n 80 elektroniska och mekaniska komponenter. Hj\u00e4rtat i respiratorn \u00e4r en av f\u00f6retagets befintliga motorer f\u00f6r vindrutetorkare men \u00e4ven andra delar fr\u00e5n bilfabrikationen har anv\u00e4nts. Varje respirator genomg\u00e5r en omfattande kvalitetskontroll och steriliseras slutligen med uv-ljus.<\/p>\n<p>&#8221;Motivet f\u00f6r alla m\u00e4nniskor som deltar i detta projekt \u00e4r att hj\u00e4lpa till p\u00e5 det s\u00e4tt vi kan, som att massproducera en utrustning, den h\u00e4r g\u00e5ngen f\u00f6r att r\u00e4dda liv,&#8221; sade Nicol\u00e1s Mora fr\u00e5n produktionsomr\u00e5det Seat Martorell. <\/p>\n<p>Utvecklingen har skett i samarbete med f\u00f6retaget Protofy.XYZ och respiratorerna har f\u00e5tt namnet OxyGEN. Nu v\u00e4ntar f\u00f6retaget bara p\u00e5 myndigheternas slutliga godk\u00e4nnande av produkten, d\u00e4refter startar serieproduktionen omedelbart och i stora kvantiteter. Bildtext: Den omtalade respiratorn, foto Seat.<br \/>\nArtikel: Jonny Erixon.<\/p>\n","protected":false},"excerpt":{"rendered":"<p>F\u00f6r att bek\u00e4mpa coronoaviruset startar Seats fabrik i Martorell (Barcelona) massproducering av en egenutvecklad respirator. Tillverkningen sker p\u00e5 den monteringslinjen d\u00e4r det vanligtvis tillverkas personbilen Seat Le\u00f3n. &#8221;Att modifiera en monteringslinje som tillverkar bilar och kunna f\u00f6r\u00e4ndra den och producera respiratorer har varit h\u00e5rt arbete d\u00e4r m\u00e5nga avdelningar i f\u00f6retaget har varit involverade och vi [&hellip;]<\/p>\n","protected":false},"author":8,"featured_media":14502,"comment_status":"open","ping_status":"open","sticky":false,"template":"","format":"standard","meta":{"_et_pb_use_builder":"","_et_pb_old_content":"","_et_gb_content_width":"","footnotes":""},"categories":[395,3],"tags":[],"class_list":["post-14501","post","type-post","status-publish","format-standard","has-post-thumbnail","hentry","category-arkiv-nyheter","category-nyheter"],"yoast_head":"<!-- This site is optimized with the Yoast SEO Premium plugin v26.2 (Yoast SEO v28.2) - https:\/\/yoast.com\/product\/yoast-seo-premium-wordpress\/ -->\n<title>Den spanska biltillverkaren Seat b\u00f6rjar tillverka respiratorer - Svenska Magasinet<\/title>\n<meta name=\"robots\" content=\"noindex, follow, max-snippet:-1, max-image-preview:large, max-video-preview:-1\" \/>\n<meta property=\"og:locale\" content=\"sv_SE\" \/>\n<meta property=\"og:type\" content=\"article\" \/>\n<meta property=\"og:title\" content=\"Den spanska biltillverkaren Seat b\u00f6rjar tillverka respiratorer\" \/>\n<meta property=\"og:description\" content=\"F\u00f6r att bek\u00e4mpa coronoaviruset startar Seats fabrik i Martorell (Barcelona) massproducering av en egenutvecklad respirator. Tillverkningen sker p\u00e5 den monteringslinjen d\u00e4r det vanligtvis tillverkas personbilen Seat Le\u00f3n. &#8221;Att modifiera en monteringslinje som tillverkar bilar och kunna f\u00f6r\u00e4ndra den och producera respiratorer har varit h\u00e5rt arbete d\u00e4r m\u00e5nga avdelningar i f\u00f6retaget har varit involverade och vi [&hellip;]\" \/>\n<meta property=\"og:url\" content=\"https:\/\/lightweb.dev\/l\/svm-temp\/nyheter\/den-spanska-biltillverkaren-seat-borjar-tillverka-respiratorer\/\" \/>\n<meta property=\"og:site_name\" content=\"Svenska Magasinet\" \/>\n<meta property=\"article:publisher\" content=\"https:\/\/www.facebook.com\/svenskamagasinet\" \/>\n<meta property=\"article:published_time\" content=\"2020-03-31T22:00:00+00:00\" \/>\n<meta property=\"og:image\" content=\"https:\/\/lightweb.dev\/l\/svm-temp\/wp-content\/uploads\/2022\/06\/den-spanska-biltillverkaren-seat-borjar-tillverka-respiratorer.png\" \/>\n\t<meta property=\"og:image:width\" content=\"700\" \/>\n\t<meta property=\"og:image:height\" content=\"420\" \/>\n\t<meta property=\"og:image:type\" content=\"image\/png\" \/>\n<meta name=\"author\" content=\"Redaktionen SvM\" \/>\n<meta name=\"twitter:card\" content=\"summary_large_image\" \/>\n<meta name=\"twitter:creator\" content=\"@SvenskaMagasine\" \/>\n<meta name=\"twitter:site\" content=\"@SvenskaMagasine\" \/>\n<script type=\"application\/ld+json\" class=\"yoast-schema-graph\">{\"@context\":\"https:\\\/\\\/schema.org\",\"@graph\":[{\"@type\":\"Article\",\"@id\":\"https:\\\/\\\/lightweb.dev\\\/l\\\/svm-temp\\\/nyheter\\\/den-spanska-biltillverkaren-seat-borjar-tillverka-respiratorer\\\/#article\",\"isPartOf\":{\"@id\":\"https:\\\/\\\/lightweb.dev\\\/l\\\/svm-temp\\\/nyheter\\\/den-spanska-biltillverkaren-seat-borjar-tillverka-respiratorer\\\/\"},\"author\":{\"name\":\"Redaktionen SvM\",\"@id\":\"https:\\\/\\\/lightweb.dev\\\/l\\\/svm-temp\\\/#\\\/schema\\\/person\\\/206a3bda5b607b0c25e1749191e4d837\"},\"headline\":\"Den spanska biltillverkaren Seat b\u00f6rjar tillverka respiratorer\",\"datePublished\":\"2020-03-31T22:00:00+00:00\",\"mainEntityOfPage\":{\"@id\":\"https:\\\/\\\/lightweb.dev\\\/l\\\/svm-temp\\\/nyheter\\\/den-spanska-biltillverkaren-seat-borjar-tillverka-respiratorer\\\/\"},\"wordCount\":261,\"commentCount\":0,\"publisher\":{\"@id\":\"https:\\\/\\\/lightweb.dev\\\/l\\\/svm-temp\\\/#organization\"},\"image\":{\"@id\":\"https:\\\/\\\/lightweb.dev\\\/l\\\/svm-temp\\\/nyheter\\\/den-spanska-biltillverkaren-seat-borjar-tillverka-respiratorer\\\/#primaryimage\"},\"thumbnailUrl\":\"https:\\\/\\\/lightweb.dev\\\/l\\\/svm-temp\\\/wp-content\\\/uploads\\\/2022\\\/06\\\/den-spanska-biltillverkaren-seat-borjar-tillverka-respiratorer.png\",\"articleSection\":[\"Arkiv\",\"Nyheter\"],\"inLanguage\":\"sv-SE\"},{\"@type\":\"WebPage\",\"@id\":\"https:\\\/\\\/lightweb.dev\\\/l\\\/svm-temp\\\/nyheter\\\/den-spanska-biltillverkaren-seat-borjar-tillverka-respiratorer\\\/\",\"url\":\"https:\\\/\\\/lightweb.dev\\\/l\\\/svm-temp\\\/nyheter\\\/den-spanska-biltillverkaren-seat-borjar-tillverka-respiratorer\\\/\",\"name\":\"Den spanska biltillverkaren Seat b\u00f6rjar tillverka respiratorer - Svenska Magasinet\",\"isPartOf\":{\"@id\":\"https:\\\/\\\/lightweb.dev\\\/l\\\/svm-temp\\\/#website\"},\"primaryImageOfPage\":{\"@id\":\"https:\\\/\\\/lightweb.dev\\\/l\\\/svm-temp\\\/nyheter\\\/den-spanska-biltillverkaren-seat-borjar-tillverka-respiratorer\\\/#primaryimage\"},\"image\":{\"@id\":\"https:\\\/\\\/lightweb.dev\\\/l\\\/svm-temp\\\/nyheter\\\/den-spanska-biltillverkaren-seat-borjar-tillverka-respiratorer\\\/#primaryimage\"},\"thumbnailUrl\":\"https:\\\/\\\/lightweb.dev\\\/l\\\/svm-temp\\\/wp-content\\\/uploads\\\/2022\\\/06\\\/den-spanska-biltillverkaren-seat-borjar-tillverka-respiratorer.png\",\"datePublished\":\"2020-03-31T22:00:00+00:00\",\"breadcrumb\":{\"@id\":\"https:\\\/\\\/lightweb.dev\\\/l\\\/svm-temp\\\/nyheter\\\/den-spanska-biltillverkaren-seat-borjar-tillverka-respiratorer\\\/#breadcrumb\"},\"inLanguage\":\"sv-SE\",\"potentialAction\":[{\"@type\":\"ReadAction\",\"target\":[\"https:\\\/\\\/lightweb.dev\\\/l\\\/svm-temp\\\/nyheter\\\/den-spanska-biltillverkaren-seat-borjar-tillverka-respiratorer\\\/\"]}]},{\"@type\":\"ImageObject\",\"inLanguage\":\"sv-SE\",\"@id\":\"https:\\\/\\\/lightweb.dev\\\/l\\\/svm-temp\\\/nyheter\\\/den-spanska-biltillverkaren-seat-borjar-tillverka-respiratorer\\\/#primaryimage\",\"url\":\"https:\\\/\\\/lightweb.dev\\\/l\\\/svm-temp\\\/wp-content\\\/uploads\\\/2022\\\/06\\\/den-spanska-biltillverkaren-seat-borjar-tillverka-respiratorer.png\",\"contentUrl\":\"https:\\\/\\\/lightweb.dev\\\/l\\\/svm-temp\\\/wp-content\\\/uploads\\\/2022\\\/06\\\/den-spanska-biltillverkaren-seat-borjar-tillverka-respiratorer.png\",\"width\":700,\"height\":420},{\"@type\":\"BreadcrumbList\",\"@id\":\"https:\\\/\\\/lightweb.dev\\\/l\\\/svm-temp\\\/nyheter\\\/den-spanska-biltillverkaren-seat-borjar-tillverka-respiratorer\\\/#breadcrumb\",\"itemListElement\":[{\"@type\":\"ListItem\",\"position\":1,\"name\":\"Hem\",\"item\":\"https:\\\/\\\/lightweb.dev\\\/l\\\/svm-temp\\\/\"},{\"@type\":\"ListItem\",\"position\":2,\"name\":\"Den spanska biltillverkaren Seat b\u00f6rjar tillverka respiratorer\"}]},{\"@type\":\"WebSite\",\"@id\":\"https:\\\/\\\/lightweb.dev\\\/l\\\/svm-temp\\\/#website\",\"url\":\"https:\\\/\\\/lightweb.dev\\\/l\\\/svm-temp\\\/\",\"name\":\"Svenska Magasinet\",\"description\":\"Dina Spanska nyheter p&aring; Svenska\",\"publisher\":{\"@id\":\"https:\\\/\\\/lightweb.dev\\\/l\\\/svm-temp\\\/#organization\"},\"potentialAction\":[{\"@type\":\"SearchAction\",\"target\":{\"@type\":\"EntryPoint\",\"urlTemplate\":\"https:\\\/\\\/lightweb.dev\\\/l\\\/svm-temp\\\/?s={search_term_string}\"},\"query-input\":{\"@type\":\"PropertyValueSpecification\",\"valueRequired\":true,\"valueName\":\"search_term_string\"}}],\"inLanguage\":\"sv-SE\"},{\"@type\":\"Organization\",\"@id\":\"https:\\\/\\\/lightweb.dev\\\/l\\\/svm-temp\\\/#organization\",\"name\":\"Melkerson y Nott SL\",\"alternateName\":\"Svenska Magasinet\",\"url\":\"https:\\\/\\\/lightweb.dev\\\/l\\\/svm-temp\\\/\",\"logo\":{\"@type\":\"ImageObject\",\"inLanguage\":\"sv-SE\",\"@id\":\"https:\\\/\\\/lightweb.dev\\\/l\\\/svm-temp\\\/#\\\/schema\\\/logo\\\/image\\\/\",\"url\":\"https:\\\/\\\/lightweb.dev\\\/l\\\/svm-temp\\\/wp-content\\\/uploads\\\/2025\\\/02\\\/SvM-logo-Xtra-Centrerad-SVART.png\",\"contentUrl\":\"https:\\\/\\\/lightweb.dev\\\/l\\\/svm-temp\\\/wp-content\\\/uploads\\\/2025\\\/02\\\/SvM-logo-Xtra-Centrerad-SVART.png\",\"width\":300,\"height\":99,\"caption\":\"Melkerson y Nott SL\"},\"image\":{\"@id\":\"https:\\\/\\\/lightweb.dev\\\/l\\\/svm-temp\\\/#\\\/schema\\\/logo\\\/image\\\/\"},\"sameAs\":[\"https:\\\/\\\/www.facebook.com\\\/svenskamagasinet\",\"https:\\\/\\\/x.com\\\/SvenskaMagasine\"]},{\"@type\":\"Person\",\"@id\":\"https:\\\/\\\/lightweb.dev\\\/l\\\/svm-temp\\\/#\\\/schema\\\/person\\\/206a3bda5b607b0c25e1749191e4d837\",\"name\":\"Redaktionen SvM\",\"description\":\"Redaktionen\",\"sameAs\":[\"https:\\\/\\\/lightweb.dev\\\/l\\\/svm-temp\"],\"url\":\"https:\\\/\\\/lightweb.dev\\\/l\\\/svm-temp\\\/reporter\\\/redaktionen\\\/\"}]}<\/script>\n<!-- \/ Yoast SEO Premium plugin. -->","yoast_head_json":{"title":"Den spanska biltillverkaren Seat b\u00f6rjar tillverka respiratorer - Svenska Magasinet","robots":{"index":"noindex","follow":"follow","max-snippet":"max-snippet:-1","max-image-preview":"max-image-preview:large","max-video-preview":"max-video-preview:-1"},"og_locale":"sv_SE","og_type":"article","og_title":"Den spanska biltillverkaren Seat b\u00f6rjar tillverka respiratorer","og_description":"F\u00f6r att bek\u00e4mpa coronoaviruset startar Seats fabrik i Martorell (Barcelona) massproducering av en egenutvecklad respirator. Tillverkningen sker p\u00e5 den monteringslinjen d\u00e4r det vanligtvis tillverkas personbilen Seat Le\u00f3n. &#8221;Att modifiera en monteringslinje som tillverkar bilar och kunna f\u00f6r\u00e4ndra den och producera respiratorer har varit h\u00e5rt arbete d\u00e4r m\u00e5nga avdelningar i f\u00f6retaget har varit involverade och vi [&hellip;]","og_url":"https:\/\/lightweb.dev\/l\/svm-temp\/nyheter\/den-spanska-biltillverkaren-seat-borjar-tillverka-respiratorer\/","og_site_name":"Svenska Magasinet","article_publisher":"https:\/\/www.facebook.com\/svenskamagasinet","article_published_time":"2020-03-31T22:00:00+00:00","og_image":[{"width":700,"height":420,"url":"https:\/\/lightweb.dev\/l\/svm-temp\/wp-content\/uploads\/2022\/06\/den-spanska-biltillverkaren-seat-borjar-tillverka-respiratorer.png","type":"image\/png"}],"author":"Redaktionen SvM","twitter_card":"summary_large_image","twitter_creator":"@SvenskaMagasine","twitter_site":"@SvenskaMagasine","schema":{"@context":"https:\/\/schema.org","@graph":[{"@type":"Article","@id":"https:\/\/lightweb.dev\/l\/svm-temp\/nyheter\/den-spanska-biltillverkaren-seat-borjar-tillverka-respiratorer\/#article","isPartOf":{"@id":"https:\/\/lightweb.dev\/l\/svm-temp\/nyheter\/den-spanska-biltillverkaren-seat-borjar-tillverka-respiratorer\/"},"author":{"name":"Redaktionen SvM","@id":"https:\/\/lightweb.dev\/l\/svm-temp\/#\/schema\/person\/206a3bda5b607b0c25e1749191e4d837"},"headline":"Den spanska biltillverkaren Seat b\u00f6rjar tillverka respiratorer","datePublished":"2020-03-31T22:00:00+00:00","mainEntityOfPage":{"@id":"https:\/\/lightweb.dev\/l\/svm-temp\/nyheter\/den-spanska-biltillverkaren-seat-borjar-tillverka-respiratorer\/"},"wordCount":261,"commentCount":0,"publisher":{"@id":"https:\/\/lightweb.dev\/l\/svm-temp\/#organization"},"image":{"@id":"https:\/\/lightweb.dev\/l\/svm-temp\/nyheter\/den-spanska-biltillverkaren-seat-borjar-tillverka-respiratorer\/#primaryimage"},"thumbnailUrl":"https:\/\/lightweb.dev\/l\/svm-temp\/wp-content\/uploads\/2022\/06\/den-spanska-biltillverkaren-seat-borjar-tillverka-respiratorer.png","articleSection":["Arkiv","Nyheter"],"inLanguage":"sv-SE"},{"@type":"WebPage","@id":"https:\/\/lightweb.dev\/l\/svm-temp\/nyheter\/den-spanska-biltillverkaren-seat-borjar-tillverka-respiratorer\/","url":"https:\/\/lightweb.dev\/l\/svm-temp\/nyheter\/den-spanska-biltillverkaren-seat-borjar-tillverka-respiratorer\/","name":"Den spanska biltillverkaren Seat b\u00f6rjar tillverka respiratorer - Svenska Magasinet","isPartOf":{"@id":"https:\/\/lightweb.dev\/l\/svm-temp\/#website"},"primaryImageOfPage":{"@id":"https:\/\/lightweb.dev\/l\/svm-temp\/nyheter\/den-spanska-biltillverkaren-seat-borjar-tillverka-respiratorer\/#primaryimage"},"image":{"@id":"https:\/\/lightweb.dev\/l\/svm-temp\/nyheter\/den-spanska-biltillverkaren-seat-borjar-tillverka-respiratorer\/#primaryimage"},"thumbnailUrl":"https:\/\/lightweb.dev\/l\/svm-temp\/wp-content\/uploads\/2022\/06\/den-spanska-biltillverkaren-seat-borjar-tillverka-respiratorer.png","datePublished":"2020-03-31T22:00:00+00:00","breadcrumb":{"@id":"https:\/\/lightweb.dev\/l\/svm-temp\/nyheter\/den-spanska-biltillverkaren-seat-borjar-tillverka-respiratorer\/#breadcrumb"},"inLanguage":"sv-SE","potentialAction":[{"@type":"ReadAction","target":["https:\/\/lightweb.dev\/l\/svm-temp\/nyheter\/den-spanska-biltillverkaren-seat-borjar-tillverka-respiratorer\/"]}]},{"@type":"ImageObject","inLanguage":"sv-SE","@id":"https:\/\/lightweb.dev\/l\/svm-temp\/nyheter\/den-spanska-biltillverkaren-seat-borjar-tillverka-respiratorer\/#primaryimage","url":"https:\/\/lightweb.dev\/l\/svm-temp\/wp-content\/uploads\/2022\/06\/den-spanska-biltillverkaren-seat-borjar-tillverka-respiratorer.png","contentUrl":"https:\/\/lightweb.dev\/l\/svm-temp\/wp-content\/uploads\/2022\/06\/den-spanska-biltillverkaren-seat-borjar-tillverka-respiratorer.png","width":700,"height":420},{"@type":"BreadcrumbList","@id":"https:\/\/lightweb.dev\/l\/svm-temp\/nyheter\/den-spanska-biltillverkaren-seat-borjar-tillverka-respiratorer\/#breadcrumb","itemListElement":[{"@type":"ListItem","position":1,"name":"Hem","item":"https:\/\/lightweb.dev\/l\/svm-temp\/"},{"@type":"ListItem","position":2,"name":"Den spanska biltillverkaren Seat b\u00f6rjar tillverka respiratorer"}]},{"@type":"WebSite","@id":"https:\/\/lightweb.dev\/l\/svm-temp\/#website","url":"https:\/\/lightweb.dev\/l\/svm-temp\/","name":"Svenska Magasinet","description":"Dina Spanska nyheter p&aring; Svenska","publisher":{"@id":"https:\/\/lightweb.dev\/l\/svm-temp\/#organization"},"potentialAction":[{"@type":"SearchAction","target":{"@type":"EntryPoint","urlTemplate":"https:\/\/lightweb.dev\/l\/svm-temp\/?s={search_term_string}"},"query-input":{"@type":"PropertyValueSpecification","valueRequired":true,"valueName":"search_term_string"}}],"inLanguage":"sv-SE"},{"@type":"Organization","@id":"https:\/\/lightweb.dev\/l\/svm-temp\/#organization","name":"Melkerson y Nott SL","alternateName":"Svenska Magasinet","url":"https:\/\/lightweb.dev\/l\/svm-temp\/","logo":{"@type":"ImageObject","inLanguage":"sv-SE","@id":"https:\/\/lightweb.dev\/l\/svm-temp\/#\/schema\/logo\/image\/","url":"https:\/\/lightweb.dev\/l\/svm-temp\/wp-content\/uploads\/2025\/02\/SvM-logo-Xtra-Centrerad-SVART.png","contentUrl":"https:\/\/lightweb.dev\/l\/svm-temp\/wp-content\/uploads\/2025\/02\/SvM-logo-Xtra-Centrerad-SVART.png","width":300,"height":99,"caption":"Melkerson y Nott SL"},"image":{"@id":"https:\/\/lightweb.dev\/l\/svm-temp\/#\/schema\/logo\/image\/"},"sameAs":["https:\/\/www.facebook.com\/svenskamagasinet","https:\/\/x.com\/SvenskaMagasine"]},{"@type":"Person","@id":"https:\/\/lightweb.dev\/l\/svm-temp\/#\/schema\/person\/206a3bda5b607b0c25e1749191e4d837","name":"Redaktionen SvM","description":"Redaktionen","sameAs":["https:\/\/lightweb.dev\/l\/svm-temp"],"url":"https:\/\/lightweb.dev\/l\/svm-temp\/reporter\/redaktionen\/"}]}},"_links":{"self":[{"href":"https:\/\/lightweb.dev\/l\/svm-temp\/wp-json\/wp\/v2\/posts\/14501","targetHints":{"allow":["GET"]}}],"collection":[{"href":"https:\/\/lightweb.dev\/l\/svm-temp\/wp-json\/wp\/v2\/posts"}],"about":[{"href":"https:\/\/lightweb.dev\/l\/svm-temp\/wp-json\/wp\/v2\/types\/post"}],"author":[{"embeddable":true,"href":"https:\/\/lightweb.dev\/l\/svm-temp\/wp-json\/wp\/v2\/users\/8"}],"replies":[{"embeddable":true,"href":"https:\/\/lightweb.dev\/l\/svm-temp\/wp-json\/wp\/v2\/comments?post=14501"}],"version-history":[{"count":0,"href":"https:\/\/lightweb.dev\/l\/svm-temp\/wp-json\/wp\/v2\/posts\/14501\/revisions"}],"wp:featuredmedia":[{"embeddable":true,"href":"https:\/\/lightweb.dev\/l\/svm-temp\/wp-json\/wp\/v2\/media\/14502"}],"wp:attachment":[{"href":"https:\/\/lightweb.dev\/l\/svm-temp\/wp-json\/wp\/v2\/media?parent=14501"}],"wp:term":[{"taxonomy":"category","embeddable":true,"href":"https:\/\/lightweb.dev\/l\/svm-temp\/wp-json\/wp\/v2\/categories?post=14501"},{"taxonomy":"post_tag","embeddable":true,"href":"https:\/\/lightweb.dev\/l\/svm-temp\/wp-json\/wp\/v2\/tags?post=14501"}],"curies":[{"name":"wp","href":"https:\/\/api.w.org\/{rel}","templated":true}]}}