{"id":14513,"date":"2020-03-30T00:00:00","date_gmt":"2020-03-29T22:00:00","guid":{"rendered":"https:\/\/lightweb.dev\/l\/svm-temp\/nyheter\/avhoppade-ledamoter-vid-svenska-kyrkan-tillbakavisar-rykten\/"},"modified":"2020-03-30T00:00:00","modified_gmt":"2020-03-29T22:00:00","slug":"avhoppade-ledamoter-vid-svenska-kyrkan-tillbakavisar-rykten","status":"publish","type":"post","link":"https:\/\/lightweb.dev\/l\/svm-temp\/nyheter\/avhoppade-ledamoter-vid-svenska-kyrkan-tillbakavisar-rykten\/","title":{"rendered":"Avhoppade ledam\u00f6ter vid Svenska kyrkan tillbakavisar rykten"},"content":{"rendered":"<p> Det florerar just nu en massa rykten runt Kyrkor\u00e5det i Fuengirola. Senast skrev en tidning p\u00e5 kusten, dock inte Svenska Magasinet, att orsaken till fem ledam\u00f6ters avg\u00e5ng berodde p\u00e5 meningsskiljaktigheter mot Skut vilket inte alls \u00e4r sant, s\u00e4ger Ann-Britt \u00d6dman. Av Ola Josefsson<\/p>\n<p>D\u00e4rf\u00f6r vill fyra av de avhoppade ledam\u00f6terna, f\u00f6rutom Mattias Friman, som avgick tidigare av personliga sk\u00e4l, ge sin gemensamma version av varf\u00f6r de avg\u00e5tt. De har skrivit en inlaga med information om varf\u00f6r de l\u00e4mnat Kyrkor\u00e5det som du hittar h\u00e4r. <\/p>\n<p>&#8211; I dagsl\u00e4get t\u00e4nker vi inte ge n\u00e5gra fler kommenterar och f\u00f6regripa den kommande f\u00f6rdjupade oberoende revisionen som \u00e4r utannonserad av Skut, s\u00e4ger Ann-Britt \u00d6dman till Svenska Magasinet p\u00e5 m\u00e5ndagen.<\/p>\n<p>De fyra ledam\u00f6terna som har avg\u00e5tt har var f\u00f6r sig redovisat sina sk\u00e4l till Kyrkor\u00e5det i enlighet med Kyrkof\u00f6rordningen.<br \/>\n&#8211; Vi alla fyra gick in i styrelsen med en gemensam m\u00e5ls\u00e4ttning att g\u00f6ra en Turn Around och f\u00e5 ordning p\u00e5 kyrkans ekonomi. Anssi Lakomaa hade ett \u00e5r kvar. Men redan efter det f\u00f6rsta styrelsem\u00f6tet, och f\u00f6r flera av oss det enda, stod det klart f\u00f6r oss att det fanns dolda agendor och m\u00f6ten som inte<br \/>\nalla var kallade till.<\/p>\n<p>&#8211; Det blev d\u00e5 uppenbart f\u00f6r oss att den tidigare kyrkoherden Mikael J\u00f6nsson inte ville l\u00e4mna sitt inflytande \u00f6ver f\u00f6rsamlingen trots f\u00f6rlikningen med Skut.<\/p>\n<p>Att han \u00f6verhuvudtaget blev invald som suppleant i styrelsen \u00e4r f\u00f6rv\u00e5nande, menar samtliga fyra som har l\u00e4mnat Kyrkor\u00e5det. Hans kunskaper och information om f\u00f6rsamlingen hade kunnat \u00f6verl\u00e4mnats under ordnade former efter f\u00f6rlikningen med Skut.<\/p>\n<p>&#8211; Ytterligare en bidragande orsak till v\u00e5rt beslut var hur det gick till n\u00e4r Anssi Lakomaa blev uppmanad att avg\u00e5. Han blev d\u00e5 uppringd av en person i valberedningen som uppgav att han ringde p\u00e5 uppdrag av styrelsen. Det m\u00e4rkliga var att flera av oss inte var informerade om att detta samtal skulle \u00e4ga rum.<\/p>\n<p>&#8211; Vi stod varken bakom beslutet eller uppdraget till honom att ringa. Fanns det \u00f6nskem\u00e5l om att byta ordf\u00f6rande hade detta kunnat diskuteras under sedvanliga<br \/>\nformer i styrelsen. I dessa tider med coronaviruset f\u00f6rst\u00e5r vi inte heller varf\u00f6r det var s\u00e5 br\u00e5ttom.<\/p>\n<p>De fyra ledam\u00f6terna som nyligen l\u00e4mnade sina uppdrag \u00e4r \u00f6vertygade om att Svenska kyrkan Costa del Sol \u00e5ter har m\u00f6jlighet att uppn\u00e5 en positiv och god framtid.<br \/>\n&#8211; Det \u00e4r ett par mycket viktiga saker som m\u00e5ste \u00e5tg\u00e4rdas. F\u00f6rst en ekonomisk sanering av verksamheten. Dessutom m\u00e5ste samarbetet med Skut fungera. Sedan m\u00e5ste en ny tilltr\u00e4dande kyrkoherde och diakon v\u00e4lkomnas och f\u00e5 m\u00f6jlighet att skapa en positiv atmosf\u00e4r f\u00f6r frivilliga volont\u00e4rer, s\u00e4ger tidigare styrelseordf\u00f6randen Anssi Lakomaa, ledam\u00f6terna Karl Klinga och Karl Sigge samt suppleanten Ann-Britt \u00d6dman i en skriftlig kommentar till Svenska Magasinet.<\/p>\n<p>Som Svenska Magasinet tidigare har ber\u00e4ttat har Svenska kyrkan p\u00e5 Costa del Sol st\u00e4ngt p\u00e5 obest\u00e4md tid. \u201dP\u00e5 grund av brister i styrdokument och arbetsmilj\u00f6 st\u00e4nger kyrkan\u201d, meddelar Utlandskyrkans ledning. \u201dN\u00e4r dessa \u00e4r \u00e5tg\u00e4rdade kan vi \u00f6ppna igen\u201d.<\/p>\n<p>\u201dMedan lokalerna \u00e4r st\u00e4ngda finns uts\u00e4nd personal, kyrkoherde, pr\u00e4st och assistent, tillg\u00e4ngliga via telefon och e-post, samt arbetar med kyrkans n\u00e4rvaro i sociala medier som Facebook och Instagram\u201d skriver kyrkan p\u00e5 sin webbplats.<\/p>\n<p>Camilla Persson, Utlandschef, vid Svenska kyrkan i utlandet skriver i en kommentar att de \u201dhar n\u00e5tts av information om att arbetsmilj\u00f6f\u00f6rh\u00e5llandena i f\u00f6rsamlingen inte \u00e4r acceptabla och att detta inte minst har drabbat den som av oss har utsetts att under en \u00f6verg\u00e5ngstid leda verksamheten i f\u00f6rsamlingen. Vi ser d\u00e4rf\u00f6r inte att det \u00e4r m\u00f6jligt att under r\u00e5dande f\u00f6rh\u00e5llanden ha kvar v\u00e5r personal p\u00e5 plats, och vi har d\u00e4rf\u00f6r pausat den p\u00e5g\u00e5ende rekryteringen, till missf\u00f6rh\u00e5llandena \u00e4r \u00e5tg\u00e4rdade\u201d.<\/p>\n<p>Sammantaget g\u00f6r detta att inga ytterligare anslag att betalas ut till f\u00f6rsamlingen i Fuengirola fr\u00e5n Svenska kyrkan p\u00e5 nationell niv\u00e5 innan en oberoende revision har skett och eventuella brister som revisorn, stiftet och avdelningen noterat har \u00e5tg\u00e4rdats. Det \u00e4r bland annat av det sk\u00e4let angel\u00e4get att revisionen kan genomf\u00f6ras s\u00e5 snart som m\u00f6jligt n\u00e4r en revisor har utsetts. F\u00f6rsamlingen f\u00f6ruts\u00e4tts d\u00e5 vara behj\u00e4lplig med att tillhandah\u00e5lla material och upplysningar s\u00e5 att revisionen kan genomf\u00f6ras p\u00e5 b\u00e4sta s\u00e4tt.<\/p>\n<p>Svenska kyrkan p\u00e5 Teneriffa h\u00e5ller ig\u00e5ng med morgonb\u00f6n och gudstj\u00e4nst via Facebook och de tr\u00e4ffas dagligen p\u00e5 Skype.<br \/>\n\u201dVi ringer ocks\u00e5 till de som vi vet finns kvar p\u00e5 \u00f6n, s\u00e4rskilt de som av n\u00e5gon anledning inte kan eller vill delta i de digitala m\u00f6tena\u201d skriver Svenska kyrkan p\u00e5 Teneriffa som du hittar h\u00e4r.<\/p>\n","protected":false},"excerpt":{"rendered":"<p>Det florerar just nu en massa rykten runt Kyrkor\u00e5det i Fuengirola. Senast skrev en tidning p\u00e5 kusten, dock inte Svenska Magasinet, att orsaken till fem ledam\u00f6ters avg\u00e5ng berodde p\u00e5 meningsskiljaktigheter mot Skut vilket inte alls \u00e4r sant, s\u00e4ger Ann-Britt \u00d6dman. Av Ola Josefsson D\u00e4rf\u00f6r vill fyra av de avhoppade ledam\u00f6terna, f\u00f6rutom Mattias Friman, som avgick [&hellip;]<\/p>\n","protected":false},"author":8,"featured_media":14514,"comment_status":"open","ping_status":"open","sticky":false,"template":"","format":"standard","meta":{"_et_pb_use_builder":"","_et_pb_old_content":"","_et_gb_content_width":"","footnotes":""},"categories":[395,3],"tags":[],"class_list":["post-14513","post","type-post","status-publish","format-standard","has-post-thumbnail","hentry","category-arkiv-nyheter","category-nyheter"],"yoast_head":"<!-- This site is optimized with the Yoast SEO Premium plugin v26.2 (Yoast SEO v28.2) - https:\/\/yoast.com\/product\/yoast-seo-premium-wordpress\/ -->\n<title>Avhoppade ledam\u00f6ter vid Svenska kyrkan tillbakavisar rykten - Svenska Magasinet<\/title>\n<meta name=\"robots\" content=\"noindex, follow, max-snippet:-1, max-image-preview:large, max-video-preview:-1\" \/>\n<meta property=\"og:locale\" content=\"sv_SE\" \/>\n<meta property=\"og:type\" content=\"article\" \/>\n<meta property=\"og:title\" content=\"Avhoppade ledam\u00f6ter vid Svenska kyrkan tillbakavisar rykten\" \/>\n<meta property=\"og:description\" content=\"Det florerar just nu en massa rykten runt Kyrkor\u00e5det i Fuengirola. Senast skrev en tidning p\u00e5 kusten, dock inte Svenska Magasinet, att orsaken till fem ledam\u00f6ters avg\u00e5ng berodde p\u00e5 meningsskiljaktigheter mot Skut vilket inte alls \u00e4r sant, s\u00e4ger Ann-Britt \u00d6dman. Av Ola Josefsson D\u00e4rf\u00f6r vill fyra av de avhoppade ledam\u00f6terna, f\u00f6rutom Mattias Friman, som avgick [&hellip;]\" \/>\n<meta property=\"og:url\" content=\"https:\/\/lightweb.dev\/l\/svm-temp\/nyheter\/avhoppade-ledamoter-vid-svenska-kyrkan-tillbakavisar-rykten\/\" \/>\n<meta property=\"og:site_name\" content=\"Svenska Magasinet\" \/>\n<meta property=\"article:publisher\" content=\"https:\/\/www.facebook.com\/svenskamagasinet\" \/>\n<meta property=\"article:published_time\" content=\"2020-03-29T22:00:00+00:00\" \/>\n<meta property=\"og:image\" content=\"https:\/\/lightweb.dev\/l\/svm-temp\/wp-content\/uploads\/2022\/06\/avhoppade-ledamoter-vid-svenska-kyrkan-tillbakavisar-rykten.png\" \/>\n\t<meta property=\"og:image:width\" content=\"700\" \/>\n\t<meta property=\"og:image:height\" content=\"420\" \/>\n\t<meta property=\"og:image:type\" content=\"image\/png\" \/>\n<meta name=\"author\" content=\"Redaktionen SvM\" \/>\n<meta name=\"twitter:card\" content=\"summary_large_image\" \/>\n<meta name=\"twitter:creator\" content=\"@SvenskaMagasine\" \/>\n<meta name=\"twitter:site\" content=\"@SvenskaMagasine\" \/>\n<script type=\"application\/ld+json\" class=\"yoast-schema-graph\">{\"@context\":\"https:\\\/\\\/schema.org\",\"@graph\":[{\"@type\":\"Article\",\"@id\":\"https:\\\/\\\/lightweb.dev\\\/l\\\/svm-temp\\\/nyheter\\\/avhoppade-ledamoter-vid-svenska-kyrkan-tillbakavisar-rykten\\\/#article\",\"isPartOf\":{\"@id\":\"https:\\\/\\\/lightweb.dev\\\/l\\\/svm-temp\\\/nyheter\\\/avhoppade-ledamoter-vid-svenska-kyrkan-tillbakavisar-rykten\\\/\"},\"author\":{\"name\":\"Redaktionen SvM\",\"@id\":\"https:\\\/\\\/lightweb.dev\\\/l\\\/svm-temp\\\/#\\\/schema\\\/person\\\/206a3bda5b607b0c25e1749191e4d837\"},\"headline\":\"Avhoppade ledam\u00f6ter vid Svenska kyrkan tillbakavisar rykten\",\"datePublished\":\"2020-03-29T22:00:00+00:00\",\"mainEntityOfPage\":{\"@id\":\"https:\\\/\\\/lightweb.dev\\\/l\\\/svm-temp\\\/nyheter\\\/avhoppade-ledamoter-vid-svenska-kyrkan-tillbakavisar-rykten\\\/\"},\"wordCount\":858,\"commentCount\":0,\"publisher\":{\"@id\":\"https:\\\/\\\/lightweb.dev\\\/l\\\/svm-temp\\\/#organization\"},\"image\":{\"@id\":\"https:\\\/\\\/lightweb.dev\\\/l\\\/svm-temp\\\/nyheter\\\/avhoppade-ledamoter-vid-svenska-kyrkan-tillbakavisar-rykten\\\/#primaryimage\"},\"thumbnailUrl\":\"https:\\\/\\\/lightweb.dev\\\/l\\\/svm-temp\\\/wp-content\\\/uploads\\\/2022\\\/06\\\/avhoppade-ledamoter-vid-svenska-kyrkan-tillbakavisar-rykten.png\",\"articleSection\":[\"Arkiv\",\"Nyheter\"],\"inLanguage\":\"sv-SE\"},{\"@type\":\"WebPage\",\"@id\":\"https:\\\/\\\/lightweb.dev\\\/l\\\/svm-temp\\\/nyheter\\\/avhoppade-ledamoter-vid-svenska-kyrkan-tillbakavisar-rykten\\\/\",\"url\":\"https:\\\/\\\/lightweb.dev\\\/l\\\/svm-temp\\\/nyheter\\\/avhoppade-ledamoter-vid-svenska-kyrkan-tillbakavisar-rykten\\\/\",\"name\":\"Avhoppade ledam\u00f6ter vid Svenska kyrkan tillbakavisar rykten - Svenska Magasinet\",\"isPartOf\":{\"@id\":\"https:\\\/\\\/lightweb.dev\\\/l\\\/svm-temp\\\/#website\"},\"primaryImageOfPage\":{\"@id\":\"https:\\\/\\\/lightweb.dev\\\/l\\\/svm-temp\\\/nyheter\\\/avhoppade-ledamoter-vid-svenska-kyrkan-tillbakavisar-rykten\\\/#primaryimage\"},\"image\":{\"@id\":\"https:\\\/\\\/lightweb.dev\\\/l\\\/svm-temp\\\/nyheter\\\/avhoppade-ledamoter-vid-svenska-kyrkan-tillbakavisar-rykten\\\/#primaryimage\"},\"thumbnailUrl\":\"https:\\\/\\\/lightweb.dev\\\/l\\\/svm-temp\\\/wp-content\\\/uploads\\\/2022\\\/06\\\/avhoppade-ledamoter-vid-svenska-kyrkan-tillbakavisar-rykten.png\",\"datePublished\":\"2020-03-29T22:00:00+00:00\",\"breadcrumb\":{\"@id\":\"https:\\\/\\\/lightweb.dev\\\/l\\\/svm-temp\\\/nyheter\\\/avhoppade-ledamoter-vid-svenska-kyrkan-tillbakavisar-rykten\\\/#breadcrumb\"},\"inLanguage\":\"sv-SE\",\"potentialAction\":[{\"@type\":\"ReadAction\",\"target\":[\"https:\\\/\\\/lightweb.dev\\\/l\\\/svm-temp\\\/nyheter\\\/avhoppade-ledamoter-vid-svenska-kyrkan-tillbakavisar-rykten\\\/\"]}]},{\"@type\":\"ImageObject\",\"inLanguage\":\"sv-SE\",\"@id\":\"https:\\\/\\\/lightweb.dev\\\/l\\\/svm-temp\\\/nyheter\\\/avhoppade-ledamoter-vid-svenska-kyrkan-tillbakavisar-rykten\\\/#primaryimage\",\"url\":\"https:\\\/\\\/lightweb.dev\\\/l\\\/svm-temp\\\/wp-content\\\/uploads\\\/2022\\\/06\\\/avhoppade-ledamoter-vid-svenska-kyrkan-tillbakavisar-rykten.png\",\"contentUrl\":\"https:\\\/\\\/lightweb.dev\\\/l\\\/svm-temp\\\/wp-content\\\/uploads\\\/2022\\\/06\\\/avhoppade-ledamoter-vid-svenska-kyrkan-tillbakavisar-rykten.png\",\"width\":700,\"height\":420},{\"@type\":\"BreadcrumbList\",\"@id\":\"https:\\\/\\\/lightweb.dev\\\/l\\\/svm-temp\\\/nyheter\\\/avhoppade-ledamoter-vid-svenska-kyrkan-tillbakavisar-rykten\\\/#breadcrumb\",\"itemListElement\":[{\"@type\":\"ListItem\",\"position\":1,\"name\":\"Hem\",\"item\":\"https:\\\/\\\/lightweb.dev\\\/l\\\/svm-temp\\\/\"},{\"@type\":\"ListItem\",\"position\":2,\"name\":\"Avhoppade ledam\u00f6ter vid Svenska kyrkan tillbakavisar rykten\"}]},{\"@type\":\"WebSite\",\"@id\":\"https:\\\/\\\/lightweb.dev\\\/l\\\/svm-temp\\\/#website\",\"url\":\"https:\\\/\\\/lightweb.dev\\\/l\\\/svm-temp\\\/\",\"name\":\"Svenska Magasinet\",\"description\":\"Dina Spanska nyheter p&aring; Svenska\",\"publisher\":{\"@id\":\"https:\\\/\\\/lightweb.dev\\\/l\\\/svm-temp\\\/#organization\"},\"potentialAction\":[{\"@type\":\"SearchAction\",\"target\":{\"@type\":\"EntryPoint\",\"urlTemplate\":\"https:\\\/\\\/lightweb.dev\\\/l\\\/svm-temp\\\/?s={search_term_string}\"},\"query-input\":{\"@type\":\"PropertyValueSpecification\",\"valueRequired\":true,\"valueName\":\"search_term_string\"}}],\"inLanguage\":\"sv-SE\"},{\"@type\":\"Organization\",\"@id\":\"https:\\\/\\\/lightweb.dev\\\/l\\\/svm-temp\\\/#organization\",\"name\":\"Melkerson y Nott SL\",\"alternateName\":\"Svenska Magasinet\",\"url\":\"https:\\\/\\\/lightweb.dev\\\/l\\\/svm-temp\\\/\",\"logo\":{\"@type\":\"ImageObject\",\"inLanguage\":\"sv-SE\",\"@id\":\"https:\\\/\\\/lightweb.dev\\\/l\\\/svm-temp\\\/#\\\/schema\\\/logo\\\/image\\\/\",\"url\":\"https:\\\/\\\/lightweb.dev\\\/l\\\/svm-temp\\\/wp-content\\\/uploads\\\/2025\\\/02\\\/SvM-logo-Xtra-Centrerad-SVART.png\",\"contentUrl\":\"https:\\\/\\\/lightweb.dev\\\/l\\\/svm-temp\\\/wp-content\\\/uploads\\\/2025\\\/02\\\/SvM-logo-Xtra-Centrerad-SVART.png\",\"width\":300,\"height\":99,\"caption\":\"Melkerson y Nott SL\"},\"image\":{\"@id\":\"https:\\\/\\\/lightweb.dev\\\/l\\\/svm-temp\\\/#\\\/schema\\\/logo\\\/image\\\/\"},\"sameAs\":[\"https:\\\/\\\/www.facebook.com\\\/svenskamagasinet\",\"https:\\\/\\\/x.com\\\/SvenskaMagasine\"]},{\"@type\":\"Person\",\"@id\":\"https:\\\/\\\/lightweb.dev\\\/l\\\/svm-temp\\\/#\\\/schema\\\/person\\\/206a3bda5b607b0c25e1749191e4d837\",\"name\":\"Redaktionen SvM\",\"description\":\"Redaktionen\",\"sameAs\":[\"https:\\\/\\\/lightweb.dev\\\/l\\\/svm-temp\"],\"url\":\"https:\\\/\\\/lightweb.dev\\\/l\\\/svm-temp\\\/reporter\\\/redaktionen\\\/\"}]}<\/script>\n<!-- \/ Yoast SEO Premium plugin. -->","yoast_head_json":{"title":"Avhoppade ledam\u00f6ter vid Svenska kyrkan tillbakavisar rykten - Svenska Magasinet","robots":{"index":"noindex","follow":"follow","max-snippet":"max-snippet:-1","max-image-preview":"max-image-preview:large","max-video-preview":"max-video-preview:-1"},"og_locale":"sv_SE","og_type":"article","og_title":"Avhoppade ledam\u00f6ter vid Svenska kyrkan tillbakavisar rykten","og_description":"Det florerar just nu en massa rykten runt Kyrkor\u00e5det i Fuengirola. Senast skrev en tidning p\u00e5 kusten, dock inte Svenska Magasinet, att orsaken till fem ledam\u00f6ters avg\u00e5ng berodde p\u00e5 meningsskiljaktigheter mot Skut vilket inte alls \u00e4r sant, s\u00e4ger Ann-Britt \u00d6dman. Av Ola Josefsson D\u00e4rf\u00f6r vill fyra av de avhoppade ledam\u00f6terna, f\u00f6rutom Mattias Friman, som avgick [&hellip;]","og_url":"https:\/\/lightweb.dev\/l\/svm-temp\/nyheter\/avhoppade-ledamoter-vid-svenska-kyrkan-tillbakavisar-rykten\/","og_site_name":"Svenska Magasinet","article_publisher":"https:\/\/www.facebook.com\/svenskamagasinet","article_published_time":"2020-03-29T22:00:00+00:00","og_image":[{"width":700,"height":420,"url":"https:\/\/lightweb.dev\/l\/svm-temp\/wp-content\/uploads\/2022\/06\/avhoppade-ledamoter-vid-svenska-kyrkan-tillbakavisar-rykten.png","type":"image\/png"}],"author":"Redaktionen SvM","twitter_card":"summary_large_image","twitter_creator":"@SvenskaMagasine","twitter_site":"@SvenskaMagasine","schema":{"@context":"https:\/\/schema.org","@graph":[{"@type":"Article","@id":"https:\/\/lightweb.dev\/l\/svm-temp\/nyheter\/avhoppade-ledamoter-vid-svenska-kyrkan-tillbakavisar-rykten\/#article","isPartOf":{"@id":"https:\/\/lightweb.dev\/l\/svm-temp\/nyheter\/avhoppade-ledamoter-vid-svenska-kyrkan-tillbakavisar-rykten\/"},"author":{"name":"Redaktionen SvM","@id":"https:\/\/lightweb.dev\/l\/svm-temp\/#\/schema\/person\/206a3bda5b607b0c25e1749191e4d837"},"headline":"Avhoppade ledam\u00f6ter vid Svenska kyrkan tillbakavisar rykten","datePublished":"2020-03-29T22:00:00+00:00","mainEntityOfPage":{"@id":"https:\/\/lightweb.dev\/l\/svm-temp\/nyheter\/avhoppade-ledamoter-vid-svenska-kyrkan-tillbakavisar-rykten\/"},"wordCount":858,"commentCount":0,"publisher":{"@id":"https:\/\/lightweb.dev\/l\/svm-temp\/#organization"},"image":{"@id":"https:\/\/lightweb.dev\/l\/svm-temp\/nyheter\/avhoppade-ledamoter-vid-svenska-kyrkan-tillbakavisar-rykten\/#primaryimage"},"thumbnailUrl":"https:\/\/lightweb.dev\/l\/svm-temp\/wp-content\/uploads\/2022\/06\/avhoppade-ledamoter-vid-svenska-kyrkan-tillbakavisar-rykten.png","articleSection":["Arkiv","Nyheter"],"inLanguage":"sv-SE"},{"@type":"WebPage","@id":"https:\/\/lightweb.dev\/l\/svm-temp\/nyheter\/avhoppade-ledamoter-vid-svenska-kyrkan-tillbakavisar-rykten\/","url":"https:\/\/lightweb.dev\/l\/svm-temp\/nyheter\/avhoppade-ledamoter-vid-svenska-kyrkan-tillbakavisar-rykten\/","name":"Avhoppade ledam\u00f6ter vid Svenska kyrkan tillbakavisar rykten - Svenska Magasinet","isPartOf":{"@id":"https:\/\/lightweb.dev\/l\/svm-temp\/#website"},"primaryImageOfPage":{"@id":"https:\/\/lightweb.dev\/l\/svm-temp\/nyheter\/avhoppade-ledamoter-vid-svenska-kyrkan-tillbakavisar-rykten\/#primaryimage"},"image":{"@id":"https:\/\/lightweb.dev\/l\/svm-temp\/nyheter\/avhoppade-ledamoter-vid-svenska-kyrkan-tillbakavisar-rykten\/#primaryimage"},"thumbnailUrl":"https:\/\/lightweb.dev\/l\/svm-temp\/wp-content\/uploads\/2022\/06\/avhoppade-ledamoter-vid-svenska-kyrkan-tillbakavisar-rykten.png","datePublished":"2020-03-29T22:00:00+00:00","breadcrumb":{"@id":"https:\/\/lightweb.dev\/l\/svm-temp\/nyheter\/avhoppade-ledamoter-vid-svenska-kyrkan-tillbakavisar-rykten\/#breadcrumb"},"inLanguage":"sv-SE","potentialAction":[{"@type":"ReadAction","target":["https:\/\/lightweb.dev\/l\/svm-temp\/nyheter\/avhoppade-ledamoter-vid-svenska-kyrkan-tillbakavisar-rykten\/"]}]},{"@type":"ImageObject","inLanguage":"sv-SE","@id":"https:\/\/lightweb.dev\/l\/svm-temp\/nyheter\/avhoppade-ledamoter-vid-svenska-kyrkan-tillbakavisar-rykten\/#primaryimage","url":"https:\/\/lightweb.dev\/l\/svm-temp\/wp-content\/uploads\/2022\/06\/avhoppade-ledamoter-vid-svenska-kyrkan-tillbakavisar-rykten.png","contentUrl":"https:\/\/lightweb.dev\/l\/svm-temp\/wp-content\/uploads\/2022\/06\/avhoppade-ledamoter-vid-svenska-kyrkan-tillbakavisar-rykten.png","width":700,"height":420},{"@type":"BreadcrumbList","@id":"https:\/\/lightweb.dev\/l\/svm-temp\/nyheter\/avhoppade-ledamoter-vid-svenska-kyrkan-tillbakavisar-rykten\/#breadcrumb","itemListElement":[{"@type":"ListItem","position":1,"name":"Hem","item":"https:\/\/lightweb.dev\/l\/svm-temp\/"},{"@type":"ListItem","position":2,"name":"Avhoppade ledam\u00f6ter vid Svenska kyrkan tillbakavisar rykten"}]},{"@type":"WebSite","@id":"https:\/\/lightweb.dev\/l\/svm-temp\/#website","url":"https:\/\/lightweb.dev\/l\/svm-temp\/","name":"Svenska Magasinet","description":"Dina Spanska nyheter p&aring; Svenska","publisher":{"@id":"https:\/\/lightweb.dev\/l\/svm-temp\/#organization"},"potentialAction":[{"@type":"SearchAction","target":{"@type":"EntryPoint","urlTemplate":"https:\/\/lightweb.dev\/l\/svm-temp\/?s={search_term_string}"},"query-input":{"@type":"PropertyValueSpecification","valueRequired":true,"valueName":"search_term_string"}}],"inLanguage":"sv-SE"},{"@type":"Organization","@id":"https:\/\/lightweb.dev\/l\/svm-temp\/#organization","name":"Melkerson y Nott SL","alternateName":"Svenska Magasinet","url":"https:\/\/lightweb.dev\/l\/svm-temp\/","logo":{"@type":"ImageObject","inLanguage":"sv-SE","@id":"https:\/\/lightweb.dev\/l\/svm-temp\/#\/schema\/logo\/image\/","url":"https:\/\/lightweb.dev\/l\/svm-temp\/wp-content\/uploads\/2025\/02\/SvM-logo-Xtra-Centrerad-SVART.png","contentUrl":"https:\/\/lightweb.dev\/l\/svm-temp\/wp-content\/uploads\/2025\/02\/SvM-logo-Xtra-Centrerad-SVART.png","width":300,"height":99,"caption":"Melkerson y Nott SL"},"image":{"@id":"https:\/\/lightweb.dev\/l\/svm-temp\/#\/schema\/logo\/image\/"},"sameAs":["https:\/\/www.facebook.com\/svenskamagasinet","https:\/\/x.com\/SvenskaMagasine"]},{"@type":"Person","@id":"https:\/\/lightweb.dev\/l\/svm-temp\/#\/schema\/person\/206a3bda5b607b0c25e1749191e4d837","name":"Redaktionen SvM","description":"Redaktionen","sameAs":["https:\/\/lightweb.dev\/l\/svm-temp"],"url":"https:\/\/lightweb.dev\/l\/svm-temp\/reporter\/redaktionen\/"}]}},"_links":{"self":[{"href":"https:\/\/lightweb.dev\/l\/svm-temp\/wp-json\/wp\/v2\/posts\/14513","targetHints":{"allow":["GET"]}}],"collection":[{"href":"https:\/\/lightweb.dev\/l\/svm-temp\/wp-json\/wp\/v2\/posts"}],"about":[{"href":"https:\/\/lightweb.dev\/l\/svm-temp\/wp-json\/wp\/v2\/types\/post"}],"author":[{"embeddable":true,"href":"https:\/\/lightweb.dev\/l\/svm-temp\/wp-json\/wp\/v2\/users\/8"}],"replies":[{"embeddable":true,"href":"https:\/\/lightweb.dev\/l\/svm-temp\/wp-json\/wp\/v2\/comments?post=14513"}],"version-history":[{"count":0,"href":"https:\/\/lightweb.dev\/l\/svm-temp\/wp-json\/wp\/v2\/posts\/14513\/revisions"}],"wp:featuredmedia":[{"embeddable":true,"href":"https:\/\/lightweb.dev\/l\/svm-temp\/wp-json\/wp\/v2\/media\/14514"}],"wp:attachment":[{"href":"https:\/\/lightweb.dev\/l\/svm-temp\/wp-json\/wp\/v2\/media?parent=14513"}],"wp:term":[{"taxonomy":"category","embeddable":true,"href":"https:\/\/lightweb.dev\/l\/svm-temp\/wp-json\/wp\/v2\/categories?post=14513"},{"taxonomy":"post_tag","embeddable":true,"href":"https:\/\/lightweb.dev\/l\/svm-temp\/wp-json\/wp\/v2\/tags?post=14513"}],"curies":[{"name":"wp","href":"https:\/\/api.w.org\/{rel}","templated":true}]}}