{"id":14519,"date":"2020-03-29T00:00:00","date_gmt":"2020-03-28T23:00:00","guid":{"rendered":"https:\/\/lightweb.dev\/l\/svm-temp\/nyheter\/den-spanska-regeringen-skarper-utegangsforbudet\/"},"modified":"2020-03-29T00:00:00","modified_gmt":"2020-03-28T23:00:00","slug":"den-spanska-regeringen-skarper-utegangsforbudet","status":"publish","type":"post","link":"https:\/\/lightweb.dev\/l\/svm-temp\/nyheter\/den-spanska-regeringen-skarper-utegangsforbudet\/","title":{"rendered":"Den spanska regeringen sk\u00e4rper uteg\u00e5ngsf\u00f6rbudet"},"content":{"rendered":"<p> Den spanska premi\u00e4rministern Pedro S\u00e1nchez tillk\u00e4nnagav p\u00e5 l\u00f6rdagen sk\u00e4rpt uteg\u00e5ngsf\u00f6rbud f\u00f6r alla 47 miljoner spanjorer bortsett fr\u00e5n de som arbetar i viktiga sektorer. Allt f\u00f6r att f\u00f6rs\u00f6ka stoppa spridningen av coronaviruset och minska tr\u00e4ngseln p\u00e5 landets intensivv\u00e5rdsenheter (ICU). Vid ett extraordin\u00e4rt m\u00f6te idag s\u00f6ndag kommer ministrarna att godk\u00e4nna det nya utvidgade uteg\u00e5ngsf\u00f6rbudet f\u00f6r icke-n\u00f6dv\u00e4ndiga arbeten fr\u00e5n m\u00e5ndag 30 mars, fram tom torsdag 9 april.<\/p>\n<p>&#8221;Denna \u00e5tg\u00e4rd kommer att minska m\u00e4nniskors r\u00f6rlighet \u00e4nnu mer, den kommer att minska risken f\u00f6r smittsamhet och kommer att g\u00f6ra det m\u00f6jligt f\u00f6r oss att avl\u00e4gsna ICU: er,&#8221; f\u00f6rklarade Pedro S\u00e1nchez i ett tv-uttalande p\u00e5 l\u00f6rdag kv\u00e4ll och tillade att han erk\u00e4nde att \u00e5tg\u00e4rderna var &#8221;extraordin\u00e4rt tufft.&#8221;<\/p>\n<p>Till idag har totalt 5 704 personer d\u00f6tt i Spanien till f\u00f6ljd av coronaviruspandemin, 72 248 infektioner uppt\u00e4ckta. Mer \u00e4n 40 600 coronaviruspatienter \u00e4r f\u00f6r n\u00e4rvarande inlagda p\u00e5 sjukhus, medan 12 285 har \u00e5terh\u00e4mtat sig fr\u00e5n Covid-19-sjukdomen och har utskrivits fr\u00e5n sjukhus. Totalt finns 4,575 idag patienter p\u00e5 ICU: s spanska sjukhus.<\/p>\n<p>De nya \u00e5tg\u00e4rderna g\u00e4ller inte de som \u00e4r anst\u00e4llda inom livsmedel, l\u00e4kemedel, h\u00e4lso- och sjukv\u00e5rd, veterin\u00e4rer, optiker, hygienprodukter, pressen, bensinstationer, tidningskiosker, IT- och telekommunikationsf\u00f6rs\u00e4ljare, internetf\u00f6rs\u00e4ljare och kemtv\u00e4tt.<\/p>\n<p>Situationen i Spanien kunde inte vara mer kritisk efter tv\u00e5 dagar med stigande d\u00f6dsfall &#8211; och det \u00e4r trots optimistiska f\u00f6rv\u00e4ntningar halvv\u00e4gs genom veckan. D\u00f6dsfallskurvan sl\u00e4tas inte ut och Spanien har \u00e4nnu inte n\u00e5tt toppen av infektioner tror man.<\/p>\n<p>K\u00e4lla El Pais<br \/>\nBild European Parliament,  Pedro S\u00e1nchez &#8221;We must protect Europe, so Europe can protect its citizens&#8221; <\/p>\n","protected":false},"excerpt":{"rendered":"<p>Den spanska premi\u00e4rministern Pedro S\u00e1nchez tillk\u00e4nnagav p\u00e5 l\u00f6rdagen sk\u00e4rpt uteg\u00e5ngsf\u00f6rbud f\u00f6r alla 47 miljoner spanjorer bortsett fr\u00e5n de som arbetar i viktiga sektorer. Allt f\u00f6r att f\u00f6rs\u00f6ka stoppa spridningen av coronaviruset och minska tr\u00e4ngseln p\u00e5 landets intensivv\u00e5rdsenheter (ICU). Vid ett extraordin\u00e4rt m\u00f6te idag s\u00f6ndag kommer ministrarna att godk\u00e4nna det nya utvidgade uteg\u00e5ngsf\u00f6rbudet f\u00f6r icke-n\u00f6dv\u00e4ndiga arbeten [&hellip;]<\/p>\n","protected":false},"author":8,"featured_media":14520,"comment_status":"open","ping_status":"open","sticky":false,"template":"","format":"standard","meta":{"_et_pb_use_builder":"","_et_pb_old_content":"","_et_gb_content_width":"","footnotes":""},"categories":[395,3],"tags":[],"class_list":["post-14519","post","type-post","status-publish","format-standard","has-post-thumbnail","hentry","category-arkiv-nyheter","category-nyheter"],"yoast_head":"<!-- This site is optimized with the Yoast SEO Premium plugin v26.2 (Yoast SEO v28.2) - https:\/\/yoast.com\/product\/yoast-seo-premium-wordpress\/ -->\n<title>Den spanska regeringen sk\u00e4rper uteg\u00e5ngsf\u00f6rbudet - Svenska Magasinet<\/title>\n<meta name=\"robots\" content=\"noindex, follow, max-snippet:-1, max-image-preview:large, max-video-preview:-1\" \/>\n<meta property=\"og:locale\" content=\"sv_SE\" \/>\n<meta property=\"og:type\" content=\"article\" \/>\n<meta property=\"og:title\" content=\"Den spanska regeringen sk\u00e4rper uteg\u00e5ngsf\u00f6rbudet\" \/>\n<meta property=\"og:description\" content=\"Den spanska premi\u00e4rministern Pedro S\u00e1nchez tillk\u00e4nnagav p\u00e5 l\u00f6rdagen sk\u00e4rpt uteg\u00e5ngsf\u00f6rbud f\u00f6r alla 47 miljoner spanjorer bortsett fr\u00e5n de som arbetar i viktiga sektorer. Allt f\u00f6r att f\u00f6rs\u00f6ka stoppa spridningen av coronaviruset och minska tr\u00e4ngseln p\u00e5 landets intensivv\u00e5rdsenheter (ICU). Vid ett extraordin\u00e4rt m\u00f6te idag s\u00f6ndag kommer ministrarna att godk\u00e4nna det nya utvidgade uteg\u00e5ngsf\u00f6rbudet f\u00f6r icke-n\u00f6dv\u00e4ndiga arbeten [&hellip;]\" \/>\n<meta property=\"og:url\" content=\"https:\/\/lightweb.dev\/l\/svm-temp\/nyheter\/den-spanska-regeringen-skarper-utegangsforbudet\/\" \/>\n<meta property=\"og:site_name\" content=\"Svenska Magasinet\" \/>\n<meta property=\"article:publisher\" content=\"https:\/\/www.facebook.com\/svenskamagasinet\" \/>\n<meta property=\"article:published_time\" content=\"2020-03-28T23:00:00+00:00\" \/>\n<meta property=\"og:image\" content=\"https:\/\/lightweb.dev\/l\/svm-temp\/wp-content\/uploads\/2022\/06\/den-spanska-regeringen-skarper-utegangsforbudet.png\" \/>\n\t<meta property=\"og:image:width\" content=\"700\" \/>\n\t<meta property=\"og:image:height\" content=\"420\" \/>\n\t<meta property=\"og:image:type\" content=\"image\/png\" \/>\n<meta name=\"author\" content=\"Redaktionen SvM\" \/>\n<meta name=\"twitter:card\" content=\"summary_large_image\" \/>\n<meta name=\"twitter:creator\" content=\"@SvenskaMagasine\" \/>\n<meta name=\"twitter:site\" content=\"@SvenskaMagasine\" \/>\n<script type=\"application\/ld+json\" class=\"yoast-schema-graph\">{\"@context\":\"https:\\\/\\\/schema.org\",\"@graph\":[{\"@type\":\"Article\",\"@id\":\"https:\\\/\\\/lightweb.dev\\\/l\\\/svm-temp\\\/nyheter\\\/den-spanska-regeringen-skarper-utegangsforbudet\\\/#article\",\"isPartOf\":{\"@id\":\"https:\\\/\\\/lightweb.dev\\\/l\\\/svm-temp\\\/nyheter\\\/den-spanska-regeringen-skarper-utegangsforbudet\\\/\"},\"author\":{\"name\":\"Redaktionen SvM\",\"@id\":\"https:\\\/\\\/lightweb.dev\\\/l\\\/svm-temp\\\/#\\\/schema\\\/person\\\/206a3bda5b607b0c25e1749191e4d837\"},\"headline\":\"Den spanska regeringen sk\u00e4rper uteg\u00e5ngsf\u00f6rbudet\",\"datePublished\":\"2020-03-28T23:00:00+00:00\",\"mainEntityOfPage\":{\"@id\":\"https:\\\/\\\/lightweb.dev\\\/l\\\/svm-temp\\\/nyheter\\\/den-spanska-regeringen-skarper-utegangsforbudet\\\/\"},\"wordCount\":313,\"commentCount\":0,\"publisher\":{\"@id\":\"https:\\\/\\\/lightweb.dev\\\/l\\\/svm-temp\\\/#organization\"},\"image\":{\"@id\":\"https:\\\/\\\/lightweb.dev\\\/l\\\/svm-temp\\\/nyheter\\\/den-spanska-regeringen-skarper-utegangsforbudet\\\/#primaryimage\"},\"thumbnailUrl\":\"https:\\\/\\\/lightweb.dev\\\/l\\\/svm-temp\\\/wp-content\\\/uploads\\\/2022\\\/06\\\/den-spanska-regeringen-skarper-utegangsforbudet.png\",\"articleSection\":[\"Arkiv\",\"Nyheter\"],\"inLanguage\":\"sv-SE\"},{\"@type\":\"WebPage\",\"@id\":\"https:\\\/\\\/lightweb.dev\\\/l\\\/svm-temp\\\/nyheter\\\/den-spanska-regeringen-skarper-utegangsforbudet\\\/\",\"url\":\"https:\\\/\\\/lightweb.dev\\\/l\\\/svm-temp\\\/nyheter\\\/den-spanska-regeringen-skarper-utegangsforbudet\\\/\",\"name\":\"Den spanska regeringen sk\u00e4rper uteg\u00e5ngsf\u00f6rbudet - Svenska Magasinet\",\"isPartOf\":{\"@id\":\"https:\\\/\\\/lightweb.dev\\\/l\\\/svm-temp\\\/#website\"},\"primaryImageOfPage\":{\"@id\":\"https:\\\/\\\/lightweb.dev\\\/l\\\/svm-temp\\\/nyheter\\\/den-spanska-regeringen-skarper-utegangsforbudet\\\/#primaryimage\"},\"image\":{\"@id\":\"https:\\\/\\\/lightweb.dev\\\/l\\\/svm-temp\\\/nyheter\\\/den-spanska-regeringen-skarper-utegangsforbudet\\\/#primaryimage\"},\"thumbnailUrl\":\"https:\\\/\\\/lightweb.dev\\\/l\\\/svm-temp\\\/wp-content\\\/uploads\\\/2022\\\/06\\\/den-spanska-regeringen-skarper-utegangsforbudet.png\",\"datePublished\":\"2020-03-28T23:00:00+00:00\",\"breadcrumb\":{\"@id\":\"https:\\\/\\\/lightweb.dev\\\/l\\\/svm-temp\\\/nyheter\\\/den-spanska-regeringen-skarper-utegangsforbudet\\\/#breadcrumb\"},\"inLanguage\":\"sv-SE\",\"potentialAction\":[{\"@type\":\"ReadAction\",\"target\":[\"https:\\\/\\\/lightweb.dev\\\/l\\\/svm-temp\\\/nyheter\\\/den-spanska-regeringen-skarper-utegangsforbudet\\\/\"]}]},{\"@type\":\"ImageObject\",\"inLanguage\":\"sv-SE\",\"@id\":\"https:\\\/\\\/lightweb.dev\\\/l\\\/svm-temp\\\/nyheter\\\/den-spanska-regeringen-skarper-utegangsforbudet\\\/#primaryimage\",\"url\":\"https:\\\/\\\/lightweb.dev\\\/l\\\/svm-temp\\\/wp-content\\\/uploads\\\/2022\\\/06\\\/den-spanska-regeringen-skarper-utegangsforbudet.png\",\"contentUrl\":\"https:\\\/\\\/lightweb.dev\\\/l\\\/svm-temp\\\/wp-content\\\/uploads\\\/2022\\\/06\\\/den-spanska-regeringen-skarper-utegangsforbudet.png\",\"width\":700,\"height\":420},{\"@type\":\"BreadcrumbList\",\"@id\":\"https:\\\/\\\/lightweb.dev\\\/l\\\/svm-temp\\\/nyheter\\\/den-spanska-regeringen-skarper-utegangsforbudet\\\/#breadcrumb\",\"itemListElement\":[{\"@type\":\"ListItem\",\"position\":1,\"name\":\"Hem\",\"item\":\"https:\\\/\\\/lightweb.dev\\\/l\\\/svm-temp\\\/\"},{\"@type\":\"ListItem\",\"position\":2,\"name\":\"Den spanska regeringen sk\u00e4rper uteg\u00e5ngsf\u00f6rbudet\"}]},{\"@type\":\"WebSite\",\"@id\":\"https:\\\/\\\/lightweb.dev\\\/l\\\/svm-temp\\\/#website\",\"url\":\"https:\\\/\\\/lightweb.dev\\\/l\\\/svm-temp\\\/\",\"name\":\"Svenska Magasinet\",\"description\":\"Dina Spanska nyheter p&aring; Svenska\",\"publisher\":{\"@id\":\"https:\\\/\\\/lightweb.dev\\\/l\\\/svm-temp\\\/#organization\"},\"potentialAction\":[{\"@type\":\"SearchAction\",\"target\":{\"@type\":\"EntryPoint\",\"urlTemplate\":\"https:\\\/\\\/lightweb.dev\\\/l\\\/svm-temp\\\/?s={search_term_string}\"},\"query-input\":{\"@type\":\"PropertyValueSpecification\",\"valueRequired\":true,\"valueName\":\"search_term_string\"}}],\"inLanguage\":\"sv-SE\"},{\"@type\":\"Organization\",\"@id\":\"https:\\\/\\\/lightweb.dev\\\/l\\\/svm-temp\\\/#organization\",\"name\":\"Melkerson y Nott SL\",\"alternateName\":\"Svenska Magasinet\",\"url\":\"https:\\\/\\\/lightweb.dev\\\/l\\\/svm-temp\\\/\",\"logo\":{\"@type\":\"ImageObject\",\"inLanguage\":\"sv-SE\",\"@id\":\"https:\\\/\\\/lightweb.dev\\\/l\\\/svm-temp\\\/#\\\/schema\\\/logo\\\/image\\\/\",\"url\":\"https:\\\/\\\/lightweb.dev\\\/l\\\/svm-temp\\\/wp-content\\\/uploads\\\/2025\\\/02\\\/SvM-logo-Xtra-Centrerad-SVART.png\",\"contentUrl\":\"https:\\\/\\\/lightweb.dev\\\/l\\\/svm-temp\\\/wp-content\\\/uploads\\\/2025\\\/02\\\/SvM-logo-Xtra-Centrerad-SVART.png\",\"width\":300,\"height\":99,\"caption\":\"Melkerson y Nott SL\"},\"image\":{\"@id\":\"https:\\\/\\\/lightweb.dev\\\/l\\\/svm-temp\\\/#\\\/schema\\\/logo\\\/image\\\/\"},\"sameAs\":[\"https:\\\/\\\/www.facebook.com\\\/svenskamagasinet\",\"https:\\\/\\\/x.com\\\/SvenskaMagasine\"]},{\"@type\":\"Person\",\"@id\":\"https:\\\/\\\/lightweb.dev\\\/l\\\/svm-temp\\\/#\\\/schema\\\/person\\\/206a3bda5b607b0c25e1749191e4d837\",\"name\":\"Redaktionen SvM\",\"description\":\"Redaktionen\",\"sameAs\":[\"https:\\\/\\\/lightweb.dev\\\/l\\\/svm-temp\"],\"url\":\"https:\\\/\\\/lightweb.dev\\\/l\\\/svm-temp\\\/reporter\\\/redaktionen\\\/\"}]}<\/script>\n<!-- \/ Yoast SEO Premium plugin. -->","yoast_head_json":{"title":"Den spanska regeringen sk\u00e4rper uteg\u00e5ngsf\u00f6rbudet - Svenska Magasinet","robots":{"index":"noindex","follow":"follow","max-snippet":"max-snippet:-1","max-image-preview":"max-image-preview:large","max-video-preview":"max-video-preview:-1"},"og_locale":"sv_SE","og_type":"article","og_title":"Den spanska regeringen sk\u00e4rper uteg\u00e5ngsf\u00f6rbudet","og_description":"Den spanska premi\u00e4rministern Pedro S\u00e1nchez tillk\u00e4nnagav p\u00e5 l\u00f6rdagen sk\u00e4rpt uteg\u00e5ngsf\u00f6rbud f\u00f6r alla 47 miljoner spanjorer bortsett fr\u00e5n de som arbetar i viktiga sektorer. Allt f\u00f6r att f\u00f6rs\u00f6ka stoppa spridningen av coronaviruset och minska tr\u00e4ngseln p\u00e5 landets intensivv\u00e5rdsenheter (ICU). Vid ett extraordin\u00e4rt m\u00f6te idag s\u00f6ndag kommer ministrarna att godk\u00e4nna det nya utvidgade uteg\u00e5ngsf\u00f6rbudet f\u00f6r icke-n\u00f6dv\u00e4ndiga arbeten [&hellip;]","og_url":"https:\/\/lightweb.dev\/l\/svm-temp\/nyheter\/den-spanska-regeringen-skarper-utegangsforbudet\/","og_site_name":"Svenska Magasinet","article_publisher":"https:\/\/www.facebook.com\/svenskamagasinet","article_published_time":"2020-03-28T23:00:00+00:00","og_image":[{"width":700,"height":420,"url":"https:\/\/lightweb.dev\/l\/svm-temp\/wp-content\/uploads\/2022\/06\/den-spanska-regeringen-skarper-utegangsforbudet.png","type":"image\/png"}],"author":"Redaktionen SvM","twitter_card":"summary_large_image","twitter_creator":"@SvenskaMagasine","twitter_site":"@SvenskaMagasine","schema":{"@context":"https:\/\/schema.org","@graph":[{"@type":"Article","@id":"https:\/\/lightweb.dev\/l\/svm-temp\/nyheter\/den-spanska-regeringen-skarper-utegangsforbudet\/#article","isPartOf":{"@id":"https:\/\/lightweb.dev\/l\/svm-temp\/nyheter\/den-spanska-regeringen-skarper-utegangsforbudet\/"},"author":{"name":"Redaktionen SvM","@id":"https:\/\/lightweb.dev\/l\/svm-temp\/#\/schema\/person\/206a3bda5b607b0c25e1749191e4d837"},"headline":"Den spanska regeringen sk\u00e4rper uteg\u00e5ngsf\u00f6rbudet","datePublished":"2020-03-28T23:00:00+00:00","mainEntityOfPage":{"@id":"https:\/\/lightweb.dev\/l\/svm-temp\/nyheter\/den-spanska-regeringen-skarper-utegangsforbudet\/"},"wordCount":313,"commentCount":0,"publisher":{"@id":"https:\/\/lightweb.dev\/l\/svm-temp\/#organization"},"image":{"@id":"https:\/\/lightweb.dev\/l\/svm-temp\/nyheter\/den-spanska-regeringen-skarper-utegangsforbudet\/#primaryimage"},"thumbnailUrl":"https:\/\/lightweb.dev\/l\/svm-temp\/wp-content\/uploads\/2022\/06\/den-spanska-regeringen-skarper-utegangsforbudet.png","articleSection":["Arkiv","Nyheter"],"inLanguage":"sv-SE"},{"@type":"WebPage","@id":"https:\/\/lightweb.dev\/l\/svm-temp\/nyheter\/den-spanska-regeringen-skarper-utegangsforbudet\/","url":"https:\/\/lightweb.dev\/l\/svm-temp\/nyheter\/den-spanska-regeringen-skarper-utegangsforbudet\/","name":"Den spanska regeringen sk\u00e4rper uteg\u00e5ngsf\u00f6rbudet - Svenska Magasinet","isPartOf":{"@id":"https:\/\/lightweb.dev\/l\/svm-temp\/#website"},"primaryImageOfPage":{"@id":"https:\/\/lightweb.dev\/l\/svm-temp\/nyheter\/den-spanska-regeringen-skarper-utegangsforbudet\/#primaryimage"},"image":{"@id":"https:\/\/lightweb.dev\/l\/svm-temp\/nyheter\/den-spanska-regeringen-skarper-utegangsforbudet\/#primaryimage"},"thumbnailUrl":"https:\/\/lightweb.dev\/l\/svm-temp\/wp-content\/uploads\/2022\/06\/den-spanska-regeringen-skarper-utegangsforbudet.png","datePublished":"2020-03-28T23:00:00+00:00","breadcrumb":{"@id":"https:\/\/lightweb.dev\/l\/svm-temp\/nyheter\/den-spanska-regeringen-skarper-utegangsforbudet\/#breadcrumb"},"inLanguage":"sv-SE","potentialAction":[{"@type":"ReadAction","target":["https:\/\/lightweb.dev\/l\/svm-temp\/nyheter\/den-spanska-regeringen-skarper-utegangsforbudet\/"]}]},{"@type":"ImageObject","inLanguage":"sv-SE","@id":"https:\/\/lightweb.dev\/l\/svm-temp\/nyheter\/den-spanska-regeringen-skarper-utegangsforbudet\/#primaryimage","url":"https:\/\/lightweb.dev\/l\/svm-temp\/wp-content\/uploads\/2022\/06\/den-spanska-regeringen-skarper-utegangsforbudet.png","contentUrl":"https:\/\/lightweb.dev\/l\/svm-temp\/wp-content\/uploads\/2022\/06\/den-spanska-regeringen-skarper-utegangsforbudet.png","width":700,"height":420},{"@type":"BreadcrumbList","@id":"https:\/\/lightweb.dev\/l\/svm-temp\/nyheter\/den-spanska-regeringen-skarper-utegangsforbudet\/#breadcrumb","itemListElement":[{"@type":"ListItem","position":1,"name":"Hem","item":"https:\/\/lightweb.dev\/l\/svm-temp\/"},{"@type":"ListItem","position":2,"name":"Den spanska regeringen sk\u00e4rper uteg\u00e5ngsf\u00f6rbudet"}]},{"@type":"WebSite","@id":"https:\/\/lightweb.dev\/l\/svm-temp\/#website","url":"https:\/\/lightweb.dev\/l\/svm-temp\/","name":"Svenska Magasinet","description":"Dina Spanska nyheter p&aring; Svenska","publisher":{"@id":"https:\/\/lightweb.dev\/l\/svm-temp\/#organization"},"potentialAction":[{"@type":"SearchAction","target":{"@type":"EntryPoint","urlTemplate":"https:\/\/lightweb.dev\/l\/svm-temp\/?s={search_term_string}"},"query-input":{"@type":"PropertyValueSpecification","valueRequired":true,"valueName":"search_term_string"}}],"inLanguage":"sv-SE"},{"@type":"Organization","@id":"https:\/\/lightweb.dev\/l\/svm-temp\/#organization","name":"Melkerson y Nott SL","alternateName":"Svenska Magasinet","url":"https:\/\/lightweb.dev\/l\/svm-temp\/","logo":{"@type":"ImageObject","inLanguage":"sv-SE","@id":"https:\/\/lightweb.dev\/l\/svm-temp\/#\/schema\/logo\/image\/","url":"https:\/\/lightweb.dev\/l\/svm-temp\/wp-content\/uploads\/2025\/02\/SvM-logo-Xtra-Centrerad-SVART.png","contentUrl":"https:\/\/lightweb.dev\/l\/svm-temp\/wp-content\/uploads\/2025\/02\/SvM-logo-Xtra-Centrerad-SVART.png","width":300,"height":99,"caption":"Melkerson y Nott SL"},"image":{"@id":"https:\/\/lightweb.dev\/l\/svm-temp\/#\/schema\/logo\/image\/"},"sameAs":["https:\/\/www.facebook.com\/svenskamagasinet","https:\/\/x.com\/SvenskaMagasine"]},{"@type":"Person","@id":"https:\/\/lightweb.dev\/l\/svm-temp\/#\/schema\/person\/206a3bda5b607b0c25e1749191e4d837","name":"Redaktionen SvM","description":"Redaktionen","sameAs":["https:\/\/lightweb.dev\/l\/svm-temp"],"url":"https:\/\/lightweb.dev\/l\/svm-temp\/reporter\/redaktionen\/"}]}},"_links":{"self":[{"href":"https:\/\/lightweb.dev\/l\/svm-temp\/wp-json\/wp\/v2\/posts\/14519","targetHints":{"allow":["GET"]}}],"collection":[{"href":"https:\/\/lightweb.dev\/l\/svm-temp\/wp-json\/wp\/v2\/posts"}],"about":[{"href":"https:\/\/lightweb.dev\/l\/svm-temp\/wp-json\/wp\/v2\/types\/post"}],"author":[{"embeddable":true,"href":"https:\/\/lightweb.dev\/l\/svm-temp\/wp-json\/wp\/v2\/users\/8"}],"replies":[{"embeddable":true,"href":"https:\/\/lightweb.dev\/l\/svm-temp\/wp-json\/wp\/v2\/comments?post=14519"}],"version-history":[{"count":0,"href":"https:\/\/lightweb.dev\/l\/svm-temp\/wp-json\/wp\/v2\/posts\/14519\/revisions"}],"wp:featuredmedia":[{"embeddable":true,"href":"https:\/\/lightweb.dev\/l\/svm-temp\/wp-json\/wp\/v2\/media\/14520"}],"wp:attachment":[{"href":"https:\/\/lightweb.dev\/l\/svm-temp\/wp-json\/wp\/v2\/media?parent=14519"}],"wp:term":[{"taxonomy":"category","embeddable":true,"href":"https:\/\/lightweb.dev\/l\/svm-temp\/wp-json\/wp\/v2\/categories?post=14519"},{"taxonomy":"post_tag","embeddable":true,"href":"https:\/\/lightweb.dev\/l\/svm-temp\/wp-json\/wp\/v2\/tags?post=14519"}],"curies":[{"name":"wp","href":"https:\/\/api.w.org\/{rel}","templated":true}]}}