{"id":14521,"date":"2020-03-29T00:00:00","date_gmt":"2020-03-28T23:00:00","guid":{"rendered":"https:\/\/lightweb.dev\/l\/svm-temp\/nyheter\/nytt-rekord-med-832-dodsfall-i-coronavirus-pa-24-timmar\/"},"modified":"2020-03-29T00:00:00","modified_gmt":"2020-03-28T23:00:00","slug":"nytt-rekord-med-832-dodsfall-i-coronavirus-pa-24-timmar","status":"publish","type":"post","link":"https:\/\/lightweb.dev\/l\/svm-temp\/nyheter\/nytt-rekord-med-832-dodsfall-i-coronavirus-pa-24-timmar\/","title":{"rendered":"Nytt rekord med 832 d\u00f6dsfall i coronavirus p\u00e5 24 timmar"},"content":{"rendered":"<p> D\u00f6dstalet fr\u00e5n coronavirus i Spanien hade n\u00e5tt 5 704 p\u00e5 l\u00f6rdag eftermiddag, medan det officiella antalet infektioner \u00f6kade till 72 248, enligt officiella siffror fr\u00e5n regeringen, men det verkliga antalet kan vara h\u00f6gre d\u00e5 otestade offer inte r\u00e4knats.<\/p>\n<p>Landet har satt ett dyster nytt rekord med 832 d\u00f6dsfall p\u00e5 24 timmar, upp fr\u00e5n 769 dagen innan. Hittills ska 12 285 patienter har \u00e5terh\u00e4mtat sig, vilket motsvarar 17% av alla infektioner.<\/p>\n<p>\u201dVi n\u00e5r den topp som vi har varit s\u00e5 oroliga f\u00f6r. I vissa delar av Spanien kanske de till och med kommer att \u00f6verskrida detta, s\u00e5 vi m\u00e5ste vara f\u00f6rsiktiga, \u201ds\u00e4ger Fernando Sim\u00f3n, chef f\u00f6r Spaniens centrum f\u00f6r akutkoordination f\u00f6r h\u00e4lsa, och noterade att den verkliga striden nu \u00e4r i de \u00f6verbelastade intensivv\u00e5rdsavdelningarna p\u00e5 sjukhus .<\/p>\n<p>Medan Spanien redan har den n\u00e4st h\u00f6gsta d\u00f6dstalet i v\u00e4rlden efter Italien, tyder en ny rapport fr\u00e5n Carlos III folkh\u00e4lsoinstitut som EL PA\u00cdS har sett p\u00e5 att det verkliga antalet d\u00f6dsfall i coronavirus kan vara mycket h\u00f6gre.<\/p>\n<p>Trots betydande begr\u00e4nsningar f\u00f6r m\u00e4nniskors r\u00f6relse sedan 14 mars forts\u00e4tter fallen att \u00f6ka och sjukhusen k\u00e4mpar f\u00f6r att klara av ett infl\u00f6de av patienter medan efterfr\u00e5gan v\u00e4xer efter fler respiratorer f\u00f6r kritiska fall och skyddsutrustning f\u00f6r personal.<\/p>\n<p>K\u00e4lla El Pais<br \/>\nBild: Hospital Costa del Sol<\/p>\n","protected":false},"excerpt":{"rendered":"<p>D\u00f6dstalet fr\u00e5n coronavirus i Spanien hade n\u00e5tt 5 704 p\u00e5 l\u00f6rdag eftermiddag, medan det officiella antalet infektioner \u00f6kade till 72 248, enligt officiella siffror fr\u00e5n regeringen, men det verkliga antalet kan vara h\u00f6gre d\u00e5 otestade offer inte r\u00e4knats. Landet har satt ett dyster nytt rekord med 832 d\u00f6dsfall p\u00e5 24 timmar, upp fr\u00e5n 769 dagen [&hellip;]<\/p>\n","protected":false},"author":8,"featured_media":14522,"comment_status":"open","ping_status":"open","sticky":false,"template":"","format":"standard","meta":{"_et_pb_use_builder":"","_et_pb_old_content":"","_et_gb_content_width":"","footnotes":""},"categories":[395,3],"tags":[],"class_list":["post-14521","post","type-post","status-publish","format-standard","has-post-thumbnail","hentry","category-arkiv-nyheter","category-nyheter"],"yoast_head":"<!-- This site is optimized with the Yoast SEO Premium plugin v26.2 (Yoast SEO v28.2) - https:\/\/yoast.com\/product\/yoast-seo-premium-wordpress\/ -->\n<title>Nytt rekord med 832 d\u00f6dsfall i coronavirus p\u00e5 24 timmar - Svenska Magasinet<\/title>\n<meta name=\"robots\" content=\"noindex, follow, max-snippet:-1, max-image-preview:large, max-video-preview:-1\" \/>\n<meta property=\"og:locale\" content=\"sv_SE\" \/>\n<meta property=\"og:type\" content=\"article\" \/>\n<meta property=\"og:title\" content=\"Nytt rekord med 832 d\u00f6dsfall i coronavirus p\u00e5 24 timmar\" \/>\n<meta property=\"og:description\" content=\"D\u00f6dstalet fr\u00e5n coronavirus i Spanien hade n\u00e5tt 5 704 p\u00e5 l\u00f6rdag eftermiddag, medan det officiella antalet infektioner \u00f6kade till 72 248, enligt officiella siffror fr\u00e5n regeringen, men det verkliga antalet kan vara h\u00f6gre d\u00e5 otestade offer inte r\u00e4knats. Landet har satt ett dyster nytt rekord med 832 d\u00f6dsfall p\u00e5 24 timmar, upp fr\u00e5n 769 dagen [&hellip;]\" \/>\n<meta property=\"og:url\" content=\"https:\/\/lightweb.dev\/l\/svm-temp\/nyheter\/nytt-rekord-med-832-dodsfall-i-coronavirus-pa-24-timmar\/\" \/>\n<meta property=\"og:site_name\" content=\"Svenska Magasinet\" \/>\n<meta property=\"article:publisher\" content=\"https:\/\/www.facebook.com\/svenskamagasinet\" \/>\n<meta property=\"article:published_time\" content=\"2020-03-28T23:00:00+00:00\" \/>\n<meta property=\"og:image\" content=\"https:\/\/lightweb.dev\/l\/svm-temp\/wp-content\/uploads\/2022\/06\/nytt-rekord-med-832-dodsfall-i-coronavirus-pa-24-timmar.png\" \/>\n\t<meta property=\"og:image:width\" content=\"700\" \/>\n\t<meta property=\"og:image:height\" content=\"420\" \/>\n\t<meta property=\"og:image:type\" content=\"image\/png\" \/>\n<meta name=\"author\" content=\"Redaktionen SvM\" \/>\n<meta name=\"twitter:card\" content=\"summary_large_image\" \/>\n<meta name=\"twitter:creator\" content=\"@SvenskaMagasine\" \/>\n<meta name=\"twitter:site\" content=\"@SvenskaMagasine\" \/>\n<script type=\"application\/ld+json\" class=\"yoast-schema-graph\">{\"@context\":\"https:\\\/\\\/schema.org\",\"@graph\":[{\"@type\":\"Article\",\"@id\":\"https:\\\/\\\/lightweb.dev\\\/l\\\/svm-temp\\\/nyheter\\\/nytt-rekord-med-832-dodsfall-i-coronavirus-pa-24-timmar\\\/#article\",\"isPartOf\":{\"@id\":\"https:\\\/\\\/lightweb.dev\\\/l\\\/svm-temp\\\/nyheter\\\/nytt-rekord-med-832-dodsfall-i-coronavirus-pa-24-timmar\\\/\"},\"author\":{\"name\":\"Redaktionen SvM\",\"@id\":\"https:\\\/\\\/lightweb.dev\\\/l\\\/svm-temp\\\/#\\\/schema\\\/person\\\/206a3bda5b607b0c25e1749191e4d837\"},\"headline\":\"Nytt rekord med 832 d\u00f6dsfall i coronavirus p\u00e5 24 timmar\",\"datePublished\":\"2020-03-28T23:00:00+00:00\",\"mainEntityOfPage\":{\"@id\":\"https:\\\/\\\/lightweb.dev\\\/l\\\/svm-temp\\\/nyheter\\\/nytt-rekord-med-832-dodsfall-i-coronavirus-pa-24-timmar\\\/\"},\"wordCount\":248,\"commentCount\":0,\"publisher\":{\"@id\":\"https:\\\/\\\/lightweb.dev\\\/l\\\/svm-temp\\\/#organization\"},\"image\":{\"@id\":\"https:\\\/\\\/lightweb.dev\\\/l\\\/svm-temp\\\/nyheter\\\/nytt-rekord-med-832-dodsfall-i-coronavirus-pa-24-timmar\\\/#primaryimage\"},\"thumbnailUrl\":\"https:\\\/\\\/lightweb.dev\\\/l\\\/svm-temp\\\/wp-content\\\/uploads\\\/2022\\\/06\\\/nytt-rekord-med-832-dodsfall-i-coronavirus-pa-24-timmar.png\",\"articleSection\":[\"Arkiv\",\"Nyheter\"],\"inLanguage\":\"sv-SE\"},{\"@type\":\"WebPage\",\"@id\":\"https:\\\/\\\/lightweb.dev\\\/l\\\/svm-temp\\\/nyheter\\\/nytt-rekord-med-832-dodsfall-i-coronavirus-pa-24-timmar\\\/\",\"url\":\"https:\\\/\\\/lightweb.dev\\\/l\\\/svm-temp\\\/nyheter\\\/nytt-rekord-med-832-dodsfall-i-coronavirus-pa-24-timmar\\\/\",\"name\":\"Nytt rekord med 832 d\u00f6dsfall i coronavirus p\u00e5 24 timmar - Svenska Magasinet\",\"isPartOf\":{\"@id\":\"https:\\\/\\\/lightweb.dev\\\/l\\\/svm-temp\\\/#website\"},\"primaryImageOfPage\":{\"@id\":\"https:\\\/\\\/lightweb.dev\\\/l\\\/svm-temp\\\/nyheter\\\/nytt-rekord-med-832-dodsfall-i-coronavirus-pa-24-timmar\\\/#primaryimage\"},\"image\":{\"@id\":\"https:\\\/\\\/lightweb.dev\\\/l\\\/svm-temp\\\/nyheter\\\/nytt-rekord-med-832-dodsfall-i-coronavirus-pa-24-timmar\\\/#primaryimage\"},\"thumbnailUrl\":\"https:\\\/\\\/lightweb.dev\\\/l\\\/svm-temp\\\/wp-content\\\/uploads\\\/2022\\\/06\\\/nytt-rekord-med-832-dodsfall-i-coronavirus-pa-24-timmar.png\",\"datePublished\":\"2020-03-28T23:00:00+00:00\",\"breadcrumb\":{\"@id\":\"https:\\\/\\\/lightweb.dev\\\/l\\\/svm-temp\\\/nyheter\\\/nytt-rekord-med-832-dodsfall-i-coronavirus-pa-24-timmar\\\/#breadcrumb\"},\"inLanguage\":\"sv-SE\",\"potentialAction\":[{\"@type\":\"ReadAction\",\"target\":[\"https:\\\/\\\/lightweb.dev\\\/l\\\/svm-temp\\\/nyheter\\\/nytt-rekord-med-832-dodsfall-i-coronavirus-pa-24-timmar\\\/\"]}]},{\"@type\":\"ImageObject\",\"inLanguage\":\"sv-SE\",\"@id\":\"https:\\\/\\\/lightweb.dev\\\/l\\\/svm-temp\\\/nyheter\\\/nytt-rekord-med-832-dodsfall-i-coronavirus-pa-24-timmar\\\/#primaryimage\",\"url\":\"https:\\\/\\\/lightweb.dev\\\/l\\\/svm-temp\\\/wp-content\\\/uploads\\\/2022\\\/06\\\/nytt-rekord-med-832-dodsfall-i-coronavirus-pa-24-timmar.png\",\"contentUrl\":\"https:\\\/\\\/lightweb.dev\\\/l\\\/svm-temp\\\/wp-content\\\/uploads\\\/2022\\\/06\\\/nytt-rekord-med-832-dodsfall-i-coronavirus-pa-24-timmar.png\",\"width\":700,\"height\":420},{\"@type\":\"BreadcrumbList\",\"@id\":\"https:\\\/\\\/lightweb.dev\\\/l\\\/svm-temp\\\/nyheter\\\/nytt-rekord-med-832-dodsfall-i-coronavirus-pa-24-timmar\\\/#breadcrumb\",\"itemListElement\":[{\"@type\":\"ListItem\",\"position\":1,\"name\":\"Hem\",\"item\":\"https:\\\/\\\/lightweb.dev\\\/l\\\/svm-temp\\\/\"},{\"@type\":\"ListItem\",\"position\":2,\"name\":\"Nytt rekord med 832 d\u00f6dsfall i coronavirus p\u00e5 24 timmar\"}]},{\"@type\":\"WebSite\",\"@id\":\"https:\\\/\\\/lightweb.dev\\\/l\\\/svm-temp\\\/#website\",\"url\":\"https:\\\/\\\/lightweb.dev\\\/l\\\/svm-temp\\\/\",\"name\":\"Svenska Magasinet\",\"description\":\"Dina Spanska nyheter p&aring; Svenska\",\"publisher\":{\"@id\":\"https:\\\/\\\/lightweb.dev\\\/l\\\/svm-temp\\\/#organization\"},\"potentialAction\":[{\"@type\":\"SearchAction\",\"target\":{\"@type\":\"EntryPoint\",\"urlTemplate\":\"https:\\\/\\\/lightweb.dev\\\/l\\\/svm-temp\\\/?s={search_term_string}\"},\"query-input\":{\"@type\":\"PropertyValueSpecification\",\"valueRequired\":true,\"valueName\":\"search_term_string\"}}],\"inLanguage\":\"sv-SE\"},{\"@type\":\"Organization\",\"@id\":\"https:\\\/\\\/lightweb.dev\\\/l\\\/svm-temp\\\/#organization\",\"name\":\"Melkerson y Nott SL\",\"alternateName\":\"Svenska Magasinet\",\"url\":\"https:\\\/\\\/lightweb.dev\\\/l\\\/svm-temp\\\/\",\"logo\":{\"@type\":\"ImageObject\",\"inLanguage\":\"sv-SE\",\"@id\":\"https:\\\/\\\/lightweb.dev\\\/l\\\/svm-temp\\\/#\\\/schema\\\/logo\\\/image\\\/\",\"url\":\"https:\\\/\\\/lightweb.dev\\\/l\\\/svm-temp\\\/wp-content\\\/uploads\\\/2025\\\/02\\\/SvM-logo-Xtra-Centrerad-SVART.png\",\"contentUrl\":\"https:\\\/\\\/lightweb.dev\\\/l\\\/svm-temp\\\/wp-content\\\/uploads\\\/2025\\\/02\\\/SvM-logo-Xtra-Centrerad-SVART.png\",\"width\":300,\"height\":99,\"caption\":\"Melkerson y Nott SL\"},\"image\":{\"@id\":\"https:\\\/\\\/lightweb.dev\\\/l\\\/svm-temp\\\/#\\\/schema\\\/logo\\\/image\\\/\"},\"sameAs\":[\"https:\\\/\\\/www.facebook.com\\\/svenskamagasinet\",\"https:\\\/\\\/x.com\\\/SvenskaMagasine\"]},{\"@type\":\"Person\",\"@id\":\"https:\\\/\\\/lightweb.dev\\\/l\\\/svm-temp\\\/#\\\/schema\\\/person\\\/206a3bda5b607b0c25e1749191e4d837\",\"name\":\"Redaktionen SvM\",\"description\":\"Redaktionen\",\"sameAs\":[\"https:\\\/\\\/lightweb.dev\\\/l\\\/svm-temp\"],\"url\":\"https:\\\/\\\/lightweb.dev\\\/l\\\/svm-temp\\\/reporter\\\/redaktionen\\\/\"}]}<\/script>\n<!-- \/ Yoast SEO Premium plugin. -->","yoast_head_json":{"title":"Nytt rekord med 832 d\u00f6dsfall i coronavirus p\u00e5 24 timmar - Svenska Magasinet","robots":{"index":"noindex","follow":"follow","max-snippet":"max-snippet:-1","max-image-preview":"max-image-preview:large","max-video-preview":"max-video-preview:-1"},"og_locale":"sv_SE","og_type":"article","og_title":"Nytt rekord med 832 d\u00f6dsfall i coronavirus p\u00e5 24 timmar","og_description":"D\u00f6dstalet fr\u00e5n coronavirus i Spanien hade n\u00e5tt 5 704 p\u00e5 l\u00f6rdag eftermiddag, medan det officiella antalet infektioner \u00f6kade till 72 248, enligt officiella siffror fr\u00e5n regeringen, men det verkliga antalet kan vara h\u00f6gre d\u00e5 otestade offer inte r\u00e4knats. Landet har satt ett dyster nytt rekord med 832 d\u00f6dsfall p\u00e5 24 timmar, upp fr\u00e5n 769 dagen [&hellip;]","og_url":"https:\/\/lightweb.dev\/l\/svm-temp\/nyheter\/nytt-rekord-med-832-dodsfall-i-coronavirus-pa-24-timmar\/","og_site_name":"Svenska Magasinet","article_publisher":"https:\/\/www.facebook.com\/svenskamagasinet","article_published_time":"2020-03-28T23:00:00+00:00","og_image":[{"width":700,"height":420,"url":"https:\/\/lightweb.dev\/l\/svm-temp\/wp-content\/uploads\/2022\/06\/nytt-rekord-med-832-dodsfall-i-coronavirus-pa-24-timmar.png","type":"image\/png"}],"author":"Redaktionen SvM","twitter_card":"summary_large_image","twitter_creator":"@SvenskaMagasine","twitter_site":"@SvenskaMagasine","schema":{"@context":"https:\/\/schema.org","@graph":[{"@type":"Article","@id":"https:\/\/lightweb.dev\/l\/svm-temp\/nyheter\/nytt-rekord-med-832-dodsfall-i-coronavirus-pa-24-timmar\/#article","isPartOf":{"@id":"https:\/\/lightweb.dev\/l\/svm-temp\/nyheter\/nytt-rekord-med-832-dodsfall-i-coronavirus-pa-24-timmar\/"},"author":{"name":"Redaktionen SvM","@id":"https:\/\/lightweb.dev\/l\/svm-temp\/#\/schema\/person\/206a3bda5b607b0c25e1749191e4d837"},"headline":"Nytt rekord med 832 d\u00f6dsfall i coronavirus p\u00e5 24 timmar","datePublished":"2020-03-28T23:00:00+00:00","mainEntityOfPage":{"@id":"https:\/\/lightweb.dev\/l\/svm-temp\/nyheter\/nytt-rekord-med-832-dodsfall-i-coronavirus-pa-24-timmar\/"},"wordCount":248,"commentCount":0,"publisher":{"@id":"https:\/\/lightweb.dev\/l\/svm-temp\/#organization"},"image":{"@id":"https:\/\/lightweb.dev\/l\/svm-temp\/nyheter\/nytt-rekord-med-832-dodsfall-i-coronavirus-pa-24-timmar\/#primaryimage"},"thumbnailUrl":"https:\/\/lightweb.dev\/l\/svm-temp\/wp-content\/uploads\/2022\/06\/nytt-rekord-med-832-dodsfall-i-coronavirus-pa-24-timmar.png","articleSection":["Arkiv","Nyheter"],"inLanguage":"sv-SE"},{"@type":"WebPage","@id":"https:\/\/lightweb.dev\/l\/svm-temp\/nyheter\/nytt-rekord-med-832-dodsfall-i-coronavirus-pa-24-timmar\/","url":"https:\/\/lightweb.dev\/l\/svm-temp\/nyheter\/nytt-rekord-med-832-dodsfall-i-coronavirus-pa-24-timmar\/","name":"Nytt rekord med 832 d\u00f6dsfall i coronavirus p\u00e5 24 timmar - Svenska Magasinet","isPartOf":{"@id":"https:\/\/lightweb.dev\/l\/svm-temp\/#website"},"primaryImageOfPage":{"@id":"https:\/\/lightweb.dev\/l\/svm-temp\/nyheter\/nytt-rekord-med-832-dodsfall-i-coronavirus-pa-24-timmar\/#primaryimage"},"image":{"@id":"https:\/\/lightweb.dev\/l\/svm-temp\/nyheter\/nytt-rekord-med-832-dodsfall-i-coronavirus-pa-24-timmar\/#primaryimage"},"thumbnailUrl":"https:\/\/lightweb.dev\/l\/svm-temp\/wp-content\/uploads\/2022\/06\/nytt-rekord-med-832-dodsfall-i-coronavirus-pa-24-timmar.png","datePublished":"2020-03-28T23:00:00+00:00","breadcrumb":{"@id":"https:\/\/lightweb.dev\/l\/svm-temp\/nyheter\/nytt-rekord-med-832-dodsfall-i-coronavirus-pa-24-timmar\/#breadcrumb"},"inLanguage":"sv-SE","potentialAction":[{"@type":"ReadAction","target":["https:\/\/lightweb.dev\/l\/svm-temp\/nyheter\/nytt-rekord-med-832-dodsfall-i-coronavirus-pa-24-timmar\/"]}]},{"@type":"ImageObject","inLanguage":"sv-SE","@id":"https:\/\/lightweb.dev\/l\/svm-temp\/nyheter\/nytt-rekord-med-832-dodsfall-i-coronavirus-pa-24-timmar\/#primaryimage","url":"https:\/\/lightweb.dev\/l\/svm-temp\/wp-content\/uploads\/2022\/06\/nytt-rekord-med-832-dodsfall-i-coronavirus-pa-24-timmar.png","contentUrl":"https:\/\/lightweb.dev\/l\/svm-temp\/wp-content\/uploads\/2022\/06\/nytt-rekord-med-832-dodsfall-i-coronavirus-pa-24-timmar.png","width":700,"height":420},{"@type":"BreadcrumbList","@id":"https:\/\/lightweb.dev\/l\/svm-temp\/nyheter\/nytt-rekord-med-832-dodsfall-i-coronavirus-pa-24-timmar\/#breadcrumb","itemListElement":[{"@type":"ListItem","position":1,"name":"Hem","item":"https:\/\/lightweb.dev\/l\/svm-temp\/"},{"@type":"ListItem","position":2,"name":"Nytt rekord med 832 d\u00f6dsfall i coronavirus p\u00e5 24 timmar"}]},{"@type":"WebSite","@id":"https:\/\/lightweb.dev\/l\/svm-temp\/#website","url":"https:\/\/lightweb.dev\/l\/svm-temp\/","name":"Svenska Magasinet","description":"Dina Spanska nyheter p&aring; Svenska","publisher":{"@id":"https:\/\/lightweb.dev\/l\/svm-temp\/#organization"},"potentialAction":[{"@type":"SearchAction","target":{"@type":"EntryPoint","urlTemplate":"https:\/\/lightweb.dev\/l\/svm-temp\/?s={search_term_string}"},"query-input":{"@type":"PropertyValueSpecification","valueRequired":true,"valueName":"search_term_string"}}],"inLanguage":"sv-SE"},{"@type":"Organization","@id":"https:\/\/lightweb.dev\/l\/svm-temp\/#organization","name":"Melkerson y Nott SL","alternateName":"Svenska Magasinet","url":"https:\/\/lightweb.dev\/l\/svm-temp\/","logo":{"@type":"ImageObject","inLanguage":"sv-SE","@id":"https:\/\/lightweb.dev\/l\/svm-temp\/#\/schema\/logo\/image\/","url":"https:\/\/lightweb.dev\/l\/svm-temp\/wp-content\/uploads\/2025\/02\/SvM-logo-Xtra-Centrerad-SVART.png","contentUrl":"https:\/\/lightweb.dev\/l\/svm-temp\/wp-content\/uploads\/2025\/02\/SvM-logo-Xtra-Centrerad-SVART.png","width":300,"height":99,"caption":"Melkerson y Nott SL"},"image":{"@id":"https:\/\/lightweb.dev\/l\/svm-temp\/#\/schema\/logo\/image\/"},"sameAs":["https:\/\/www.facebook.com\/svenskamagasinet","https:\/\/x.com\/SvenskaMagasine"]},{"@type":"Person","@id":"https:\/\/lightweb.dev\/l\/svm-temp\/#\/schema\/person\/206a3bda5b607b0c25e1749191e4d837","name":"Redaktionen SvM","description":"Redaktionen","sameAs":["https:\/\/lightweb.dev\/l\/svm-temp"],"url":"https:\/\/lightweb.dev\/l\/svm-temp\/reporter\/redaktionen\/"}]}},"_links":{"self":[{"href":"https:\/\/lightweb.dev\/l\/svm-temp\/wp-json\/wp\/v2\/posts\/14521","targetHints":{"allow":["GET"]}}],"collection":[{"href":"https:\/\/lightweb.dev\/l\/svm-temp\/wp-json\/wp\/v2\/posts"}],"about":[{"href":"https:\/\/lightweb.dev\/l\/svm-temp\/wp-json\/wp\/v2\/types\/post"}],"author":[{"embeddable":true,"href":"https:\/\/lightweb.dev\/l\/svm-temp\/wp-json\/wp\/v2\/users\/8"}],"replies":[{"embeddable":true,"href":"https:\/\/lightweb.dev\/l\/svm-temp\/wp-json\/wp\/v2\/comments?post=14521"}],"version-history":[{"count":0,"href":"https:\/\/lightweb.dev\/l\/svm-temp\/wp-json\/wp\/v2\/posts\/14521\/revisions"}],"wp:featuredmedia":[{"embeddable":true,"href":"https:\/\/lightweb.dev\/l\/svm-temp\/wp-json\/wp\/v2\/media\/14522"}],"wp:attachment":[{"href":"https:\/\/lightweb.dev\/l\/svm-temp\/wp-json\/wp\/v2\/media?parent=14521"}],"wp:term":[{"taxonomy":"category","embeddable":true,"href":"https:\/\/lightweb.dev\/l\/svm-temp\/wp-json\/wp\/v2\/categories?post=14521"},{"taxonomy":"post_tag","embeddable":true,"href":"https:\/\/lightweb.dev\/l\/svm-temp\/wp-json\/wp\/v2\/tags?post=14521"}],"curies":[{"name":"wp","href":"https:\/\/api.w.org\/{rel}","templated":true}]}}