{"id":14531,"date":"2020-03-26T00:00:00","date_gmt":"2020-03-25T23:00:00","guid":{"rendered":"https:\/\/lightweb.dev\/l\/svm-temp\/nyheter\/sportkedja-stoppar-forsaljning-av-dykmasker-som-gar-till-vardpersonal\/"},"modified":"2020-03-26T00:00:00","modified_gmt":"2020-03-25T23:00:00","slug":"sportkedja-stoppar-forsaljning-av-dykmasker-som-gar-till-vardpersonal","status":"publish","type":"post","link":"https:\/\/lightweb.dev\/l\/svm-temp\/nyheter\/sportkedja-stoppar-forsaljning-av-dykmasker-som-gar-till-vardpersonal\/","title":{"rendered":"Sportkedja stoppar f\u00f6rs\u00e4ljning av dykmasker som g\u00e5r till v\u00e5rdpersonal"},"content":{"rendered":"<p> Sportbutikskedjan Decathlon har stoppat f\u00f6rs\u00e4ljningen p\u00e5 sin webbplats av en speciell dykmask efter att sjukv\u00e5rdspersonal efterfr\u00e5gat just den produkten. Cyklop\u00f6gat har hittills s\u00e5lts f\u00f6r 24,99 euro skriver Diario SUR.<\/p>\n<p>Det \u00e4r v\u00e5rdpersonal och civilf\u00f6rsvaret Protecci\u00f3n Civil i Madridf\u00f6rorten Boadilla del Monte som genom Twitter har v\u00e4djat om att f\u00e5 den \u00e4r typen av dykmask som ska skydda dem mot att bli smittade av coronaviruset Covid-19. \u00c4ven personal vid Madridsjukhuset Hospital Montepr\u00edncipe har uttryckt liknande \u00f6nskem\u00e5l.<\/p>\n<p>Italienska Isinnova har med hj\u00e4lp av 3D-teknik modifierat dykmasker som blir till skydd f\u00f6r v\u00e5rdpersonal. Det g\u00e4ller modellen Easybreath som s\u00e4ljs vid Decathlon (bilden).<\/p>\n<p>Dykmasken kan vara till hj\u00e4lp vid en n\u00f6dsituation d\u00e4r annan skyddsutrustning saknas.<\/p>\n","protected":false},"excerpt":{"rendered":"<p>Sportbutikskedjan Decathlon har stoppat f\u00f6rs\u00e4ljningen p\u00e5 sin webbplats av en speciell dykmask efter att sjukv\u00e5rdspersonal efterfr\u00e5gat just den produkten. Cyklop\u00f6gat har hittills s\u00e5lts f\u00f6r 24,99 euro skriver Diario SUR. Det \u00e4r v\u00e5rdpersonal och civilf\u00f6rsvaret Protecci\u00f3n Civil i Madridf\u00f6rorten Boadilla del Monte som genom Twitter har v\u00e4djat om att f\u00e5 den \u00e4r typen av dykmask som [&hellip;]<\/p>\n","protected":false},"author":8,"featured_media":14532,"comment_status":"open","ping_status":"open","sticky":false,"template":"","format":"standard","meta":{"_et_pb_use_builder":"","_et_pb_old_content":"","_et_gb_content_width":"","footnotes":""},"categories":[395,3],"tags":[],"class_list":["post-14531","post","type-post","status-publish","format-standard","has-post-thumbnail","hentry","category-arkiv-nyheter","category-nyheter"],"yoast_head":"<!-- This site is optimized with the Yoast SEO Premium plugin v26.2 (Yoast SEO v28.2) - https:\/\/yoast.com\/product\/yoast-seo-premium-wordpress\/ -->\n<title>Sportkedja stoppar f\u00f6rs\u00e4ljning av dykmasker som g\u00e5r till v\u00e5rdpersonal - Svenska Magasinet<\/title>\n<meta name=\"robots\" content=\"noindex, follow, max-snippet:-1, max-image-preview:large, max-video-preview:-1\" \/>\n<meta property=\"og:locale\" content=\"sv_SE\" \/>\n<meta property=\"og:type\" content=\"article\" \/>\n<meta property=\"og:title\" content=\"Sportkedja stoppar f\u00f6rs\u00e4ljning av dykmasker som g\u00e5r till v\u00e5rdpersonal\" \/>\n<meta property=\"og:description\" content=\"Sportbutikskedjan Decathlon har stoppat f\u00f6rs\u00e4ljningen p\u00e5 sin webbplats av en speciell dykmask efter att sjukv\u00e5rdspersonal efterfr\u00e5gat just den produkten. Cyklop\u00f6gat har hittills s\u00e5lts f\u00f6r 24,99 euro skriver Diario SUR. Det \u00e4r v\u00e5rdpersonal och civilf\u00f6rsvaret Protecci\u00f3n Civil i Madridf\u00f6rorten Boadilla del Monte som genom Twitter har v\u00e4djat om att f\u00e5 den \u00e4r typen av dykmask som [&hellip;]\" \/>\n<meta property=\"og:url\" content=\"https:\/\/lightweb.dev\/l\/svm-temp\/nyheter\/sportkedja-stoppar-forsaljning-av-dykmasker-som-gar-till-vardpersonal\/\" \/>\n<meta property=\"og:site_name\" content=\"Svenska Magasinet\" \/>\n<meta property=\"article:publisher\" content=\"https:\/\/www.facebook.com\/svenskamagasinet\" \/>\n<meta property=\"article:published_time\" content=\"2020-03-25T23:00:00+00:00\" \/>\n<meta property=\"og:image\" content=\"https:\/\/lightweb.dev\/l\/svm-temp\/wp-content\/uploads\/2022\/06\/sportkedja-stoppar-forsaljning-av-dykmasker-som-gar-till-vardpersonal.png\" \/>\n\t<meta property=\"og:image:width\" content=\"700\" \/>\n\t<meta property=\"og:image:height\" content=\"420\" \/>\n\t<meta property=\"og:image:type\" content=\"image\/png\" \/>\n<meta name=\"author\" content=\"Redaktionen SvM\" \/>\n<meta name=\"twitter:card\" content=\"summary_large_image\" \/>\n<meta name=\"twitter:creator\" content=\"@SvenskaMagasine\" \/>\n<meta name=\"twitter:site\" content=\"@SvenskaMagasine\" \/>\n<script type=\"application\/ld+json\" class=\"yoast-schema-graph\">{\"@context\":\"https:\\\/\\\/schema.org\",\"@graph\":[{\"@type\":\"Article\",\"@id\":\"https:\\\/\\\/lightweb.dev\\\/l\\\/svm-temp\\\/nyheter\\\/sportkedja-stoppar-forsaljning-av-dykmasker-som-gar-till-vardpersonal\\\/#article\",\"isPartOf\":{\"@id\":\"https:\\\/\\\/lightweb.dev\\\/l\\\/svm-temp\\\/nyheter\\\/sportkedja-stoppar-forsaljning-av-dykmasker-som-gar-till-vardpersonal\\\/\"},\"author\":{\"name\":\"Redaktionen SvM\",\"@id\":\"https:\\\/\\\/lightweb.dev\\\/l\\\/svm-temp\\\/#\\\/schema\\\/person\\\/206a3bda5b607b0c25e1749191e4d837\"},\"headline\":\"Sportkedja stoppar f\u00f6rs\u00e4ljning av dykmasker som g\u00e5r till v\u00e5rdpersonal\",\"datePublished\":\"2020-03-25T23:00:00+00:00\",\"mainEntityOfPage\":{\"@id\":\"https:\\\/\\\/lightweb.dev\\\/l\\\/svm-temp\\\/nyheter\\\/sportkedja-stoppar-forsaljning-av-dykmasker-som-gar-till-vardpersonal\\\/\"},\"wordCount\":145,\"commentCount\":0,\"publisher\":{\"@id\":\"https:\\\/\\\/lightweb.dev\\\/l\\\/svm-temp\\\/#organization\"},\"image\":{\"@id\":\"https:\\\/\\\/lightweb.dev\\\/l\\\/svm-temp\\\/nyheter\\\/sportkedja-stoppar-forsaljning-av-dykmasker-som-gar-till-vardpersonal\\\/#primaryimage\"},\"thumbnailUrl\":\"https:\\\/\\\/lightweb.dev\\\/l\\\/svm-temp\\\/wp-content\\\/uploads\\\/2022\\\/06\\\/sportkedja-stoppar-forsaljning-av-dykmasker-som-gar-till-vardpersonal.png\",\"articleSection\":[\"Arkiv\",\"Nyheter\"],\"inLanguage\":\"sv-SE\"},{\"@type\":\"WebPage\",\"@id\":\"https:\\\/\\\/lightweb.dev\\\/l\\\/svm-temp\\\/nyheter\\\/sportkedja-stoppar-forsaljning-av-dykmasker-som-gar-till-vardpersonal\\\/\",\"url\":\"https:\\\/\\\/lightweb.dev\\\/l\\\/svm-temp\\\/nyheter\\\/sportkedja-stoppar-forsaljning-av-dykmasker-som-gar-till-vardpersonal\\\/\",\"name\":\"Sportkedja stoppar f\u00f6rs\u00e4ljning av dykmasker som g\u00e5r till v\u00e5rdpersonal - Svenska Magasinet\",\"isPartOf\":{\"@id\":\"https:\\\/\\\/lightweb.dev\\\/l\\\/svm-temp\\\/#website\"},\"primaryImageOfPage\":{\"@id\":\"https:\\\/\\\/lightweb.dev\\\/l\\\/svm-temp\\\/nyheter\\\/sportkedja-stoppar-forsaljning-av-dykmasker-som-gar-till-vardpersonal\\\/#primaryimage\"},\"image\":{\"@id\":\"https:\\\/\\\/lightweb.dev\\\/l\\\/svm-temp\\\/nyheter\\\/sportkedja-stoppar-forsaljning-av-dykmasker-som-gar-till-vardpersonal\\\/#primaryimage\"},\"thumbnailUrl\":\"https:\\\/\\\/lightweb.dev\\\/l\\\/svm-temp\\\/wp-content\\\/uploads\\\/2022\\\/06\\\/sportkedja-stoppar-forsaljning-av-dykmasker-som-gar-till-vardpersonal.png\",\"datePublished\":\"2020-03-25T23:00:00+00:00\",\"breadcrumb\":{\"@id\":\"https:\\\/\\\/lightweb.dev\\\/l\\\/svm-temp\\\/nyheter\\\/sportkedja-stoppar-forsaljning-av-dykmasker-som-gar-till-vardpersonal\\\/#breadcrumb\"},\"inLanguage\":\"sv-SE\",\"potentialAction\":[{\"@type\":\"ReadAction\",\"target\":[\"https:\\\/\\\/lightweb.dev\\\/l\\\/svm-temp\\\/nyheter\\\/sportkedja-stoppar-forsaljning-av-dykmasker-som-gar-till-vardpersonal\\\/\"]}]},{\"@type\":\"ImageObject\",\"inLanguage\":\"sv-SE\",\"@id\":\"https:\\\/\\\/lightweb.dev\\\/l\\\/svm-temp\\\/nyheter\\\/sportkedja-stoppar-forsaljning-av-dykmasker-som-gar-till-vardpersonal\\\/#primaryimage\",\"url\":\"https:\\\/\\\/lightweb.dev\\\/l\\\/svm-temp\\\/wp-content\\\/uploads\\\/2022\\\/06\\\/sportkedja-stoppar-forsaljning-av-dykmasker-som-gar-till-vardpersonal.png\",\"contentUrl\":\"https:\\\/\\\/lightweb.dev\\\/l\\\/svm-temp\\\/wp-content\\\/uploads\\\/2022\\\/06\\\/sportkedja-stoppar-forsaljning-av-dykmasker-som-gar-till-vardpersonal.png\",\"width\":700,\"height\":420},{\"@type\":\"BreadcrumbList\",\"@id\":\"https:\\\/\\\/lightweb.dev\\\/l\\\/svm-temp\\\/nyheter\\\/sportkedja-stoppar-forsaljning-av-dykmasker-som-gar-till-vardpersonal\\\/#breadcrumb\",\"itemListElement\":[{\"@type\":\"ListItem\",\"position\":1,\"name\":\"Hem\",\"item\":\"https:\\\/\\\/lightweb.dev\\\/l\\\/svm-temp\\\/\"},{\"@type\":\"ListItem\",\"position\":2,\"name\":\"Sportkedja stoppar f\u00f6rs\u00e4ljning av dykmasker som g\u00e5r till v\u00e5rdpersonal\"}]},{\"@type\":\"WebSite\",\"@id\":\"https:\\\/\\\/lightweb.dev\\\/l\\\/svm-temp\\\/#website\",\"url\":\"https:\\\/\\\/lightweb.dev\\\/l\\\/svm-temp\\\/\",\"name\":\"Svenska Magasinet\",\"description\":\"Dina Spanska nyheter p&aring; Svenska\",\"publisher\":{\"@id\":\"https:\\\/\\\/lightweb.dev\\\/l\\\/svm-temp\\\/#organization\"},\"potentialAction\":[{\"@type\":\"SearchAction\",\"target\":{\"@type\":\"EntryPoint\",\"urlTemplate\":\"https:\\\/\\\/lightweb.dev\\\/l\\\/svm-temp\\\/?s={search_term_string}\"},\"query-input\":{\"@type\":\"PropertyValueSpecification\",\"valueRequired\":true,\"valueName\":\"search_term_string\"}}],\"inLanguage\":\"sv-SE\"},{\"@type\":\"Organization\",\"@id\":\"https:\\\/\\\/lightweb.dev\\\/l\\\/svm-temp\\\/#organization\",\"name\":\"Melkerson y Nott SL\",\"alternateName\":\"Svenska Magasinet\",\"url\":\"https:\\\/\\\/lightweb.dev\\\/l\\\/svm-temp\\\/\",\"logo\":{\"@type\":\"ImageObject\",\"inLanguage\":\"sv-SE\",\"@id\":\"https:\\\/\\\/lightweb.dev\\\/l\\\/svm-temp\\\/#\\\/schema\\\/logo\\\/image\\\/\",\"url\":\"https:\\\/\\\/lightweb.dev\\\/l\\\/svm-temp\\\/wp-content\\\/uploads\\\/2025\\\/02\\\/SvM-logo-Xtra-Centrerad-SVART.png\",\"contentUrl\":\"https:\\\/\\\/lightweb.dev\\\/l\\\/svm-temp\\\/wp-content\\\/uploads\\\/2025\\\/02\\\/SvM-logo-Xtra-Centrerad-SVART.png\",\"width\":300,\"height\":99,\"caption\":\"Melkerson y Nott SL\"},\"image\":{\"@id\":\"https:\\\/\\\/lightweb.dev\\\/l\\\/svm-temp\\\/#\\\/schema\\\/logo\\\/image\\\/\"},\"sameAs\":[\"https:\\\/\\\/www.facebook.com\\\/svenskamagasinet\",\"https:\\\/\\\/x.com\\\/SvenskaMagasine\"]},{\"@type\":\"Person\",\"@id\":\"https:\\\/\\\/lightweb.dev\\\/l\\\/svm-temp\\\/#\\\/schema\\\/person\\\/206a3bda5b607b0c25e1749191e4d837\",\"name\":\"Redaktionen SvM\",\"description\":\"Redaktionen\",\"sameAs\":[\"https:\\\/\\\/lightweb.dev\\\/l\\\/svm-temp\"],\"url\":\"https:\\\/\\\/lightweb.dev\\\/l\\\/svm-temp\\\/reporter\\\/redaktionen\\\/\"}]}<\/script>\n<!-- \/ Yoast SEO Premium plugin. -->","yoast_head_json":{"title":"Sportkedja stoppar f\u00f6rs\u00e4ljning av dykmasker som g\u00e5r till v\u00e5rdpersonal - Svenska Magasinet","robots":{"index":"noindex","follow":"follow","max-snippet":"max-snippet:-1","max-image-preview":"max-image-preview:large","max-video-preview":"max-video-preview:-1"},"og_locale":"sv_SE","og_type":"article","og_title":"Sportkedja stoppar f\u00f6rs\u00e4ljning av dykmasker som g\u00e5r till v\u00e5rdpersonal","og_description":"Sportbutikskedjan Decathlon har stoppat f\u00f6rs\u00e4ljningen p\u00e5 sin webbplats av en speciell dykmask efter att sjukv\u00e5rdspersonal efterfr\u00e5gat just den produkten. Cyklop\u00f6gat har hittills s\u00e5lts f\u00f6r 24,99 euro skriver Diario SUR. Det \u00e4r v\u00e5rdpersonal och civilf\u00f6rsvaret Protecci\u00f3n Civil i Madridf\u00f6rorten Boadilla del Monte som genom Twitter har v\u00e4djat om att f\u00e5 den \u00e4r typen av dykmask som [&hellip;]","og_url":"https:\/\/lightweb.dev\/l\/svm-temp\/nyheter\/sportkedja-stoppar-forsaljning-av-dykmasker-som-gar-till-vardpersonal\/","og_site_name":"Svenska Magasinet","article_publisher":"https:\/\/www.facebook.com\/svenskamagasinet","article_published_time":"2020-03-25T23:00:00+00:00","og_image":[{"width":700,"height":420,"url":"https:\/\/lightweb.dev\/l\/svm-temp\/wp-content\/uploads\/2022\/06\/sportkedja-stoppar-forsaljning-av-dykmasker-som-gar-till-vardpersonal.png","type":"image\/png"}],"author":"Redaktionen SvM","twitter_card":"summary_large_image","twitter_creator":"@SvenskaMagasine","twitter_site":"@SvenskaMagasine","schema":{"@context":"https:\/\/schema.org","@graph":[{"@type":"Article","@id":"https:\/\/lightweb.dev\/l\/svm-temp\/nyheter\/sportkedja-stoppar-forsaljning-av-dykmasker-som-gar-till-vardpersonal\/#article","isPartOf":{"@id":"https:\/\/lightweb.dev\/l\/svm-temp\/nyheter\/sportkedja-stoppar-forsaljning-av-dykmasker-som-gar-till-vardpersonal\/"},"author":{"name":"Redaktionen SvM","@id":"https:\/\/lightweb.dev\/l\/svm-temp\/#\/schema\/person\/206a3bda5b607b0c25e1749191e4d837"},"headline":"Sportkedja stoppar f\u00f6rs\u00e4ljning av dykmasker som g\u00e5r till v\u00e5rdpersonal","datePublished":"2020-03-25T23:00:00+00:00","mainEntityOfPage":{"@id":"https:\/\/lightweb.dev\/l\/svm-temp\/nyheter\/sportkedja-stoppar-forsaljning-av-dykmasker-som-gar-till-vardpersonal\/"},"wordCount":145,"commentCount":0,"publisher":{"@id":"https:\/\/lightweb.dev\/l\/svm-temp\/#organization"},"image":{"@id":"https:\/\/lightweb.dev\/l\/svm-temp\/nyheter\/sportkedja-stoppar-forsaljning-av-dykmasker-som-gar-till-vardpersonal\/#primaryimage"},"thumbnailUrl":"https:\/\/lightweb.dev\/l\/svm-temp\/wp-content\/uploads\/2022\/06\/sportkedja-stoppar-forsaljning-av-dykmasker-som-gar-till-vardpersonal.png","articleSection":["Arkiv","Nyheter"],"inLanguage":"sv-SE"},{"@type":"WebPage","@id":"https:\/\/lightweb.dev\/l\/svm-temp\/nyheter\/sportkedja-stoppar-forsaljning-av-dykmasker-som-gar-till-vardpersonal\/","url":"https:\/\/lightweb.dev\/l\/svm-temp\/nyheter\/sportkedja-stoppar-forsaljning-av-dykmasker-som-gar-till-vardpersonal\/","name":"Sportkedja stoppar f\u00f6rs\u00e4ljning av dykmasker som g\u00e5r till v\u00e5rdpersonal - Svenska Magasinet","isPartOf":{"@id":"https:\/\/lightweb.dev\/l\/svm-temp\/#website"},"primaryImageOfPage":{"@id":"https:\/\/lightweb.dev\/l\/svm-temp\/nyheter\/sportkedja-stoppar-forsaljning-av-dykmasker-som-gar-till-vardpersonal\/#primaryimage"},"image":{"@id":"https:\/\/lightweb.dev\/l\/svm-temp\/nyheter\/sportkedja-stoppar-forsaljning-av-dykmasker-som-gar-till-vardpersonal\/#primaryimage"},"thumbnailUrl":"https:\/\/lightweb.dev\/l\/svm-temp\/wp-content\/uploads\/2022\/06\/sportkedja-stoppar-forsaljning-av-dykmasker-som-gar-till-vardpersonal.png","datePublished":"2020-03-25T23:00:00+00:00","breadcrumb":{"@id":"https:\/\/lightweb.dev\/l\/svm-temp\/nyheter\/sportkedja-stoppar-forsaljning-av-dykmasker-som-gar-till-vardpersonal\/#breadcrumb"},"inLanguage":"sv-SE","potentialAction":[{"@type":"ReadAction","target":["https:\/\/lightweb.dev\/l\/svm-temp\/nyheter\/sportkedja-stoppar-forsaljning-av-dykmasker-som-gar-till-vardpersonal\/"]}]},{"@type":"ImageObject","inLanguage":"sv-SE","@id":"https:\/\/lightweb.dev\/l\/svm-temp\/nyheter\/sportkedja-stoppar-forsaljning-av-dykmasker-som-gar-till-vardpersonal\/#primaryimage","url":"https:\/\/lightweb.dev\/l\/svm-temp\/wp-content\/uploads\/2022\/06\/sportkedja-stoppar-forsaljning-av-dykmasker-som-gar-till-vardpersonal.png","contentUrl":"https:\/\/lightweb.dev\/l\/svm-temp\/wp-content\/uploads\/2022\/06\/sportkedja-stoppar-forsaljning-av-dykmasker-som-gar-till-vardpersonal.png","width":700,"height":420},{"@type":"BreadcrumbList","@id":"https:\/\/lightweb.dev\/l\/svm-temp\/nyheter\/sportkedja-stoppar-forsaljning-av-dykmasker-som-gar-till-vardpersonal\/#breadcrumb","itemListElement":[{"@type":"ListItem","position":1,"name":"Hem","item":"https:\/\/lightweb.dev\/l\/svm-temp\/"},{"@type":"ListItem","position":2,"name":"Sportkedja stoppar f\u00f6rs\u00e4ljning av dykmasker som g\u00e5r till v\u00e5rdpersonal"}]},{"@type":"WebSite","@id":"https:\/\/lightweb.dev\/l\/svm-temp\/#website","url":"https:\/\/lightweb.dev\/l\/svm-temp\/","name":"Svenska Magasinet","description":"Dina Spanska nyheter p&aring; Svenska","publisher":{"@id":"https:\/\/lightweb.dev\/l\/svm-temp\/#organization"},"potentialAction":[{"@type":"SearchAction","target":{"@type":"EntryPoint","urlTemplate":"https:\/\/lightweb.dev\/l\/svm-temp\/?s={search_term_string}"},"query-input":{"@type":"PropertyValueSpecification","valueRequired":true,"valueName":"search_term_string"}}],"inLanguage":"sv-SE"},{"@type":"Organization","@id":"https:\/\/lightweb.dev\/l\/svm-temp\/#organization","name":"Melkerson y Nott SL","alternateName":"Svenska Magasinet","url":"https:\/\/lightweb.dev\/l\/svm-temp\/","logo":{"@type":"ImageObject","inLanguage":"sv-SE","@id":"https:\/\/lightweb.dev\/l\/svm-temp\/#\/schema\/logo\/image\/","url":"https:\/\/lightweb.dev\/l\/svm-temp\/wp-content\/uploads\/2025\/02\/SvM-logo-Xtra-Centrerad-SVART.png","contentUrl":"https:\/\/lightweb.dev\/l\/svm-temp\/wp-content\/uploads\/2025\/02\/SvM-logo-Xtra-Centrerad-SVART.png","width":300,"height":99,"caption":"Melkerson y Nott SL"},"image":{"@id":"https:\/\/lightweb.dev\/l\/svm-temp\/#\/schema\/logo\/image\/"},"sameAs":["https:\/\/www.facebook.com\/svenskamagasinet","https:\/\/x.com\/SvenskaMagasine"]},{"@type":"Person","@id":"https:\/\/lightweb.dev\/l\/svm-temp\/#\/schema\/person\/206a3bda5b607b0c25e1749191e4d837","name":"Redaktionen SvM","description":"Redaktionen","sameAs":["https:\/\/lightweb.dev\/l\/svm-temp"],"url":"https:\/\/lightweb.dev\/l\/svm-temp\/reporter\/redaktionen\/"}]}},"_links":{"self":[{"href":"https:\/\/lightweb.dev\/l\/svm-temp\/wp-json\/wp\/v2\/posts\/14531","targetHints":{"allow":["GET"]}}],"collection":[{"href":"https:\/\/lightweb.dev\/l\/svm-temp\/wp-json\/wp\/v2\/posts"}],"about":[{"href":"https:\/\/lightweb.dev\/l\/svm-temp\/wp-json\/wp\/v2\/types\/post"}],"author":[{"embeddable":true,"href":"https:\/\/lightweb.dev\/l\/svm-temp\/wp-json\/wp\/v2\/users\/8"}],"replies":[{"embeddable":true,"href":"https:\/\/lightweb.dev\/l\/svm-temp\/wp-json\/wp\/v2\/comments?post=14531"}],"version-history":[{"count":0,"href":"https:\/\/lightweb.dev\/l\/svm-temp\/wp-json\/wp\/v2\/posts\/14531\/revisions"}],"wp:featuredmedia":[{"embeddable":true,"href":"https:\/\/lightweb.dev\/l\/svm-temp\/wp-json\/wp\/v2\/media\/14532"}],"wp:attachment":[{"href":"https:\/\/lightweb.dev\/l\/svm-temp\/wp-json\/wp\/v2\/media?parent=14531"}],"wp:term":[{"taxonomy":"category","embeddable":true,"href":"https:\/\/lightweb.dev\/l\/svm-temp\/wp-json\/wp\/v2\/categories?post=14531"},{"taxonomy":"post_tag","embeddable":true,"href":"https:\/\/lightweb.dev\/l\/svm-temp\/wp-json\/wp\/v2\/tags?post=14531"}],"curies":[{"name":"wp","href":"https:\/\/api.w.org\/{rel}","templated":true}]}}