{"id":14539,"date":"2020-03-25T00:00:00","date_gmt":"2020-03-24T23:00:00","guid":{"rendered":"https:\/\/lightweb.dev\/l\/svm-temp\/nyheter\/fortsatt-konflikt-i-svenska-kyrkan\/"},"modified":"2022-06-18T19:37:08","modified_gmt":"2022-06-18T17:37:08","slug":"fortsatt-konflikt-i-svenska-kyrkan","status":"publish","type":"post","link":"https:\/\/lightweb.dev\/l\/svm-temp\/nyheter\/fortsatt-konflikt-i-svenska-kyrkan\/","title":{"rendered":"Fortsatt konflikt i Svenska kyrkan"},"content":{"rendered":"<p>Konflikten mellan Svenska kyrkan p\u00e5 Solkusten och SKUT som handlar om den tidigare kyrkoherden och nyligen invalde suppleanten Mikael J\u00f6nsson ligger kvar och pyr. J\u00f6nsson \u00e4r firmatecknare i Kyrkor\u00e5det och har fortsatt legal r\u00e4tt n\u00e4r det kommer till officiella handlingar. Konflikten \u00e4r inte avslutad och \u00e4r orsaken till att fem ledam\u00f6ter i Kyrkor\u00e5det har l\u00e4mnat sina uppdrag. Det s\u00e4ger en k\u00e4lla inifr\u00e5n Svenska kyrkan p\u00e5 Costa del Sol. L\u00c4S MER OM V\u00c5R BEVAKNING AV SVENSKA KYRKAN P\u00c5 COSTA DEL SOL H\u00c4R:<\/p>\n<p>Pr\u00e4st p\u00e5 Costa del Sol st\u00e4mmer Svenska kyrkan<br \/>\nSvenska kyrkan ska synkroniseras med regelverket<br \/>\nTidigare anst\u00e4lld st\u00e4mmer Svenska kyrkan f\u00f6r kontraktsbrott<br \/>\nFortsatt konflikt i Svenska kyrkan<br \/>\nPr\u00e4stparet J\u00f6nsson\/Ottosson har f\u00e5tt mest vid kyrkans utk\u00f6p<br \/>\nPr\u00e4stparet J\u00f6nsson-Ottosson drar tillbaka st\u00e4mning mot Svenska kyrkan<br \/>\nSvenska kyrkan p\u00e5 Solkusten st\u00e4nger p\u00e5 obest\u00e4md tid<br \/>\nOmfattande brister i f\u00f6rsamlingens r\u00e4kenskaper<br \/>\nKyrkan v\u00e4lkomnar juridisk pr\u00f6vning<br \/>\n\u00d6ver tre miljoner SEK till pr\u00e4stparet J\u00f6nsson\/Ottosson<br \/>\nStorm kring bokutsl\u00e4pp p\u00e5 Solkusten<br \/>\nRevisionsrapporten som kyrkor\u00e5det ska ta st\u00e4llning till<br \/>\nAvhoppade ledam\u00f6ter vid Svenska kyrkan tillbakavisar rykten<\/p>\n","protected":false},"excerpt":{"rendered":"<p>Konflikten mellan Svenska kyrkan p\u00e5 Solkusten och SKUT som handlar om den tidigare kyrkoherden och nyligen invalde suppleanten Mikael J\u00f6nsson ligger kvar och pyr. J\u00f6nsson \u00e4r firmatecknare i Kyrkor\u00e5det och har fortsatt legal r\u00e4tt n\u00e4r det kommer till officiella handlingar. Konflikten \u00e4r inte avslutad och \u00e4r orsaken till att fem ledam\u00f6ter i Kyrkor\u00e5det har l\u00e4mnat [&hellip;]<\/p>\n","protected":false},"author":8,"featured_media":14778,"comment_status":"open","ping_status":"open","sticky":false,"template":"","format":"standard","meta":{"_et_pb_use_builder":"","_et_pb_old_content":"","_et_gb_content_width":"","footnotes":""},"categories":[395,3],"tags":[],"class_list":["post-14539","post","type-post","status-publish","format-standard","has-post-thumbnail","hentry","category-arkiv-nyheter","category-nyheter"],"yoast_head":"<!-- This site is optimized with the Yoast SEO Premium plugin v26.2 (Yoast SEO v28.2) - https:\/\/yoast.com\/product\/yoast-seo-premium-wordpress\/ -->\n<title>Fortsatt konflikt i Svenska kyrkan - Svenska Magasinet<\/title>\n<meta name=\"robots\" content=\"noindex, follow, max-snippet:-1, max-image-preview:large, max-video-preview:-1\" \/>\n<meta property=\"og:locale\" content=\"sv_SE\" \/>\n<meta property=\"og:type\" content=\"article\" \/>\n<meta property=\"og:title\" content=\"Fortsatt konflikt i Svenska kyrkan\" \/>\n<meta property=\"og:description\" content=\"Konflikten mellan Svenska kyrkan p\u00e5 Solkusten och SKUT som handlar om den tidigare kyrkoherden och nyligen invalde suppleanten Mikael J\u00f6nsson ligger kvar och pyr. J\u00f6nsson \u00e4r firmatecknare i Kyrkor\u00e5det och har fortsatt legal r\u00e4tt n\u00e4r det kommer till officiella handlingar. Konflikten \u00e4r inte avslutad och \u00e4r orsaken till att fem ledam\u00f6ter i Kyrkor\u00e5det har l\u00e4mnat [&hellip;]\" \/>\n<meta property=\"og:url\" content=\"https:\/\/lightweb.dev\/l\/svm-temp\/nyheter\/fortsatt-konflikt-i-svenska-kyrkan\/\" \/>\n<meta property=\"og:site_name\" content=\"Svenska Magasinet\" \/>\n<meta property=\"article:publisher\" content=\"https:\/\/www.facebook.com\/svenskamagasinet\" \/>\n<meta property=\"article:published_time\" content=\"2020-03-24T23:00:00+00:00\" \/>\n<meta property=\"article:modified_time\" content=\"2022-06-18T17:37:08+00:00\" \/>\n<meta property=\"og:image\" content=\"https:\/\/lightweb.dev\/l\/svm-temp\/wp-content\/uploads\/2022\/06\/15210__ImageNormal__jrOypPZLEJBLSyBweMHrn.jpg\" \/>\n\t<meta property=\"og:image:width\" content=\"299\" \/>\n\t<meta property=\"og:image:height\" content=\"200\" \/>\n\t<meta property=\"og:image:type\" content=\"image\/jpeg\" \/>\n<meta name=\"author\" content=\"Redaktionen SvM\" \/>\n<meta name=\"twitter:card\" content=\"summary_large_image\" \/>\n<meta name=\"twitter:creator\" content=\"@SvenskaMagasine\" \/>\n<meta name=\"twitter:site\" content=\"@SvenskaMagasine\" \/>\n<script type=\"application\/ld+json\" class=\"yoast-schema-graph\">{\"@context\":\"https:\\\/\\\/schema.org\",\"@graph\":[{\"@type\":\"Article\",\"@id\":\"https:\\\/\\\/lightweb.dev\\\/l\\\/svm-temp\\\/nyheter\\\/fortsatt-konflikt-i-svenska-kyrkan\\\/#article\",\"isPartOf\":{\"@id\":\"https:\\\/\\\/lightweb.dev\\\/l\\\/svm-temp\\\/nyheter\\\/fortsatt-konflikt-i-svenska-kyrkan\\\/\"},\"author\":{\"name\":\"Redaktionen SvM\",\"@id\":\"https:\\\/\\\/lightweb.dev\\\/l\\\/svm-temp\\\/#\\\/schema\\\/person\\\/206a3bda5b607b0c25e1749191e4d837\"},\"headline\":\"Fortsatt konflikt i Svenska kyrkan\",\"datePublished\":\"2020-03-24T23:00:00+00:00\",\"dateModified\":\"2022-06-18T17:37:08+00:00\",\"mainEntityOfPage\":{\"@id\":\"https:\\\/\\\/lightweb.dev\\\/l\\\/svm-temp\\\/nyheter\\\/fortsatt-konflikt-i-svenska-kyrkan\\\/\"},\"wordCount\":211,\"commentCount\":0,\"publisher\":{\"@id\":\"https:\\\/\\\/lightweb.dev\\\/l\\\/svm-temp\\\/#organization\"},\"image\":{\"@id\":\"https:\\\/\\\/lightweb.dev\\\/l\\\/svm-temp\\\/nyheter\\\/fortsatt-konflikt-i-svenska-kyrkan\\\/#primaryimage\"},\"thumbnailUrl\":\"https:\\\/\\\/lightweb.dev\\\/l\\\/svm-temp\\\/wp-content\\\/uploads\\\/2022\\\/06\\\/15210__ImageNormal__jrOypPZLEJBLSyBweMHrn.jpg\",\"articleSection\":[\"Arkiv\",\"Nyheter\"],\"inLanguage\":\"sv-SE\"},{\"@type\":\"WebPage\",\"@id\":\"https:\\\/\\\/lightweb.dev\\\/l\\\/svm-temp\\\/nyheter\\\/fortsatt-konflikt-i-svenska-kyrkan\\\/\",\"url\":\"https:\\\/\\\/lightweb.dev\\\/l\\\/svm-temp\\\/nyheter\\\/fortsatt-konflikt-i-svenska-kyrkan\\\/\",\"name\":\"Fortsatt konflikt i Svenska kyrkan - Svenska Magasinet\",\"isPartOf\":{\"@id\":\"https:\\\/\\\/lightweb.dev\\\/l\\\/svm-temp\\\/#website\"},\"primaryImageOfPage\":{\"@id\":\"https:\\\/\\\/lightweb.dev\\\/l\\\/svm-temp\\\/nyheter\\\/fortsatt-konflikt-i-svenska-kyrkan\\\/#primaryimage\"},\"image\":{\"@id\":\"https:\\\/\\\/lightweb.dev\\\/l\\\/svm-temp\\\/nyheter\\\/fortsatt-konflikt-i-svenska-kyrkan\\\/#primaryimage\"},\"thumbnailUrl\":\"https:\\\/\\\/lightweb.dev\\\/l\\\/svm-temp\\\/wp-content\\\/uploads\\\/2022\\\/06\\\/15210__ImageNormal__jrOypPZLEJBLSyBweMHrn.jpg\",\"datePublished\":\"2020-03-24T23:00:00+00:00\",\"dateModified\":\"2022-06-18T17:37:08+00:00\",\"breadcrumb\":{\"@id\":\"https:\\\/\\\/lightweb.dev\\\/l\\\/svm-temp\\\/nyheter\\\/fortsatt-konflikt-i-svenska-kyrkan\\\/#breadcrumb\"},\"inLanguage\":\"sv-SE\",\"potentialAction\":[{\"@type\":\"ReadAction\",\"target\":[\"https:\\\/\\\/lightweb.dev\\\/l\\\/svm-temp\\\/nyheter\\\/fortsatt-konflikt-i-svenska-kyrkan\\\/\"]}]},{\"@type\":\"ImageObject\",\"inLanguage\":\"sv-SE\",\"@id\":\"https:\\\/\\\/lightweb.dev\\\/l\\\/svm-temp\\\/nyheter\\\/fortsatt-konflikt-i-svenska-kyrkan\\\/#primaryimage\",\"url\":\"https:\\\/\\\/lightweb.dev\\\/l\\\/svm-temp\\\/wp-content\\\/uploads\\\/2022\\\/06\\\/15210__ImageNormal__jrOypPZLEJBLSyBweMHrn.jpg\",\"contentUrl\":\"https:\\\/\\\/lightweb.dev\\\/l\\\/svm-temp\\\/wp-content\\\/uploads\\\/2022\\\/06\\\/15210__ImageNormal__jrOypPZLEJBLSyBweMHrn.jpg\",\"width\":299,\"height\":200},{\"@type\":\"BreadcrumbList\",\"@id\":\"https:\\\/\\\/lightweb.dev\\\/l\\\/svm-temp\\\/nyheter\\\/fortsatt-konflikt-i-svenska-kyrkan\\\/#breadcrumb\",\"itemListElement\":[{\"@type\":\"ListItem\",\"position\":1,\"name\":\"Hem\",\"item\":\"https:\\\/\\\/lightweb.dev\\\/l\\\/svm-temp\\\/\"},{\"@type\":\"ListItem\",\"position\":2,\"name\":\"Fortsatt konflikt i Svenska kyrkan\"}]},{\"@type\":\"WebSite\",\"@id\":\"https:\\\/\\\/lightweb.dev\\\/l\\\/svm-temp\\\/#website\",\"url\":\"https:\\\/\\\/lightweb.dev\\\/l\\\/svm-temp\\\/\",\"name\":\"Svenska Magasinet\",\"description\":\"Dina Spanska nyheter p&aring; Svenska\",\"publisher\":{\"@id\":\"https:\\\/\\\/lightweb.dev\\\/l\\\/svm-temp\\\/#organization\"},\"potentialAction\":[{\"@type\":\"SearchAction\",\"target\":{\"@type\":\"EntryPoint\",\"urlTemplate\":\"https:\\\/\\\/lightweb.dev\\\/l\\\/svm-temp\\\/?s={search_term_string}\"},\"query-input\":{\"@type\":\"PropertyValueSpecification\",\"valueRequired\":true,\"valueName\":\"search_term_string\"}}],\"inLanguage\":\"sv-SE\"},{\"@type\":\"Organization\",\"@id\":\"https:\\\/\\\/lightweb.dev\\\/l\\\/svm-temp\\\/#organization\",\"name\":\"Melkerson y Nott SL\",\"alternateName\":\"Svenska Magasinet\",\"url\":\"https:\\\/\\\/lightweb.dev\\\/l\\\/svm-temp\\\/\",\"logo\":{\"@type\":\"ImageObject\",\"inLanguage\":\"sv-SE\",\"@id\":\"https:\\\/\\\/lightweb.dev\\\/l\\\/svm-temp\\\/#\\\/schema\\\/logo\\\/image\\\/\",\"url\":\"https:\\\/\\\/lightweb.dev\\\/l\\\/svm-temp\\\/wp-content\\\/uploads\\\/2025\\\/02\\\/SvM-logo-Xtra-Centrerad-SVART.png\",\"contentUrl\":\"https:\\\/\\\/lightweb.dev\\\/l\\\/svm-temp\\\/wp-content\\\/uploads\\\/2025\\\/02\\\/SvM-logo-Xtra-Centrerad-SVART.png\",\"width\":300,\"height\":99,\"caption\":\"Melkerson y Nott SL\"},\"image\":{\"@id\":\"https:\\\/\\\/lightweb.dev\\\/l\\\/svm-temp\\\/#\\\/schema\\\/logo\\\/image\\\/\"},\"sameAs\":[\"https:\\\/\\\/www.facebook.com\\\/svenskamagasinet\",\"https:\\\/\\\/x.com\\\/SvenskaMagasine\"]},{\"@type\":\"Person\",\"@id\":\"https:\\\/\\\/lightweb.dev\\\/l\\\/svm-temp\\\/#\\\/schema\\\/person\\\/206a3bda5b607b0c25e1749191e4d837\",\"name\":\"Redaktionen SvM\",\"description\":\"Redaktionen\",\"sameAs\":[\"https:\\\/\\\/lightweb.dev\\\/l\\\/svm-temp\"],\"url\":\"https:\\\/\\\/lightweb.dev\\\/l\\\/svm-temp\\\/reporter\\\/redaktionen\\\/\"}]}<\/script>\n<!-- \/ Yoast SEO Premium plugin. -->","yoast_head_json":{"title":"Fortsatt konflikt i Svenska kyrkan - Svenska Magasinet","robots":{"index":"noindex","follow":"follow","max-snippet":"max-snippet:-1","max-image-preview":"max-image-preview:large","max-video-preview":"max-video-preview:-1"},"og_locale":"sv_SE","og_type":"article","og_title":"Fortsatt konflikt i Svenska kyrkan","og_description":"Konflikten mellan Svenska kyrkan p\u00e5 Solkusten och SKUT som handlar om den tidigare kyrkoherden och nyligen invalde suppleanten Mikael J\u00f6nsson ligger kvar och pyr. J\u00f6nsson \u00e4r firmatecknare i Kyrkor\u00e5det och har fortsatt legal r\u00e4tt n\u00e4r det kommer till officiella handlingar. Konflikten \u00e4r inte avslutad och \u00e4r orsaken till att fem ledam\u00f6ter i Kyrkor\u00e5det har l\u00e4mnat [&hellip;]","og_url":"https:\/\/lightweb.dev\/l\/svm-temp\/nyheter\/fortsatt-konflikt-i-svenska-kyrkan\/","og_site_name":"Svenska Magasinet","article_publisher":"https:\/\/www.facebook.com\/svenskamagasinet","article_published_time":"2020-03-24T23:00:00+00:00","article_modified_time":"2022-06-18T17:37:08+00:00","og_image":[{"width":299,"height":200,"url":"https:\/\/lightweb.dev\/l\/svm-temp\/wp-content\/uploads\/2022\/06\/15210__ImageNormal__jrOypPZLEJBLSyBweMHrn.jpg","type":"image\/jpeg"}],"author":"Redaktionen SvM","twitter_card":"summary_large_image","twitter_creator":"@SvenskaMagasine","twitter_site":"@SvenskaMagasine","schema":{"@context":"https:\/\/schema.org","@graph":[{"@type":"Article","@id":"https:\/\/lightweb.dev\/l\/svm-temp\/nyheter\/fortsatt-konflikt-i-svenska-kyrkan\/#article","isPartOf":{"@id":"https:\/\/lightweb.dev\/l\/svm-temp\/nyheter\/fortsatt-konflikt-i-svenska-kyrkan\/"},"author":{"name":"Redaktionen SvM","@id":"https:\/\/lightweb.dev\/l\/svm-temp\/#\/schema\/person\/206a3bda5b607b0c25e1749191e4d837"},"headline":"Fortsatt konflikt i Svenska kyrkan","datePublished":"2020-03-24T23:00:00+00:00","dateModified":"2022-06-18T17:37:08+00:00","mainEntityOfPage":{"@id":"https:\/\/lightweb.dev\/l\/svm-temp\/nyheter\/fortsatt-konflikt-i-svenska-kyrkan\/"},"wordCount":211,"commentCount":0,"publisher":{"@id":"https:\/\/lightweb.dev\/l\/svm-temp\/#organization"},"image":{"@id":"https:\/\/lightweb.dev\/l\/svm-temp\/nyheter\/fortsatt-konflikt-i-svenska-kyrkan\/#primaryimage"},"thumbnailUrl":"https:\/\/lightweb.dev\/l\/svm-temp\/wp-content\/uploads\/2022\/06\/15210__ImageNormal__jrOypPZLEJBLSyBweMHrn.jpg","articleSection":["Arkiv","Nyheter"],"inLanguage":"sv-SE"},{"@type":"WebPage","@id":"https:\/\/lightweb.dev\/l\/svm-temp\/nyheter\/fortsatt-konflikt-i-svenska-kyrkan\/","url":"https:\/\/lightweb.dev\/l\/svm-temp\/nyheter\/fortsatt-konflikt-i-svenska-kyrkan\/","name":"Fortsatt konflikt i Svenska kyrkan - Svenska Magasinet","isPartOf":{"@id":"https:\/\/lightweb.dev\/l\/svm-temp\/#website"},"primaryImageOfPage":{"@id":"https:\/\/lightweb.dev\/l\/svm-temp\/nyheter\/fortsatt-konflikt-i-svenska-kyrkan\/#primaryimage"},"image":{"@id":"https:\/\/lightweb.dev\/l\/svm-temp\/nyheter\/fortsatt-konflikt-i-svenska-kyrkan\/#primaryimage"},"thumbnailUrl":"https:\/\/lightweb.dev\/l\/svm-temp\/wp-content\/uploads\/2022\/06\/15210__ImageNormal__jrOypPZLEJBLSyBweMHrn.jpg","datePublished":"2020-03-24T23:00:00+00:00","dateModified":"2022-06-18T17:37:08+00:00","breadcrumb":{"@id":"https:\/\/lightweb.dev\/l\/svm-temp\/nyheter\/fortsatt-konflikt-i-svenska-kyrkan\/#breadcrumb"},"inLanguage":"sv-SE","potentialAction":[{"@type":"ReadAction","target":["https:\/\/lightweb.dev\/l\/svm-temp\/nyheter\/fortsatt-konflikt-i-svenska-kyrkan\/"]}]},{"@type":"ImageObject","inLanguage":"sv-SE","@id":"https:\/\/lightweb.dev\/l\/svm-temp\/nyheter\/fortsatt-konflikt-i-svenska-kyrkan\/#primaryimage","url":"https:\/\/lightweb.dev\/l\/svm-temp\/wp-content\/uploads\/2022\/06\/15210__ImageNormal__jrOypPZLEJBLSyBweMHrn.jpg","contentUrl":"https:\/\/lightweb.dev\/l\/svm-temp\/wp-content\/uploads\/2022\/06\/15210__ImageNormal__jrOypPZLEJBLSyBweMHrn.jpg","width":299,"height":200},{"@type":"BreadcrumbList","@id":"https:\/\/lightweb.dev\/l\/svm-temp\/nyheter\/fortsatt-konflikt-i-svenska-kyrkan\/#breadcrumb","itemListElement":[{"@type":"ListItem","position":1,"name":"Hem","item":"https:\/\/lightweb.dev\/l\/svm-temp\/"},{"@type":"ListItem","position":2,"name":"Fortsatt konflikt i Svenska kyrkan"}]},{"@type":"WebSite","@id":"https:\/\/lightweb.dev\/l\/svm-temp\/#website","url":"https:\/\/lightweb.dev\/l\/svm-temp\/","name":"Svenska Magasinet","description":"Dina Spanska nyheter p&aring; Svenska","publisher":{"@id":"https:\/\/lightweb.dev\/l\/svm-temp\/#organization"},"potentialAction":[{"@type":"SearchAction","target":{"@type":"EntryPoint","urlTemplate":"https:\/\/lightweb.dev\/l\/svm-temp\/?s={search_term_string}"},"query-input":{"@type":"PropertyValueSpecification","valueRequired":true,"valueName":"search_term_string"}}],"inLanguage":"sv-SE"},{"@type":"Organization","@id":"https:\/\/lightweb.dev\/l\/svm-temp\/#organization","name":"Melkerson y Nott SL","alternateName":"Svenska Magasinet","url":"https:\/\/lightweb.dev\/l\/svm-temp\/","logo":{"@type":"ImageObject","inLanguage":"sv-SE","@id":"https:\/\/lightweb.dev\/l\/svm-temp\/#\/schema\/logo\/image\/","url":"https:\/\/lightweb.dev\/l\/svm-temp\/wp-content\/uploads\/2025\/02\/SvM-logo-Xtra-Centrerad-SVART.png","contentUrl":"https:\/\/lightweb.dev\/l\/svm-temp\/wp-content\/uploads\/2025\/02\/SvM-logo-Xtra-Centrerad-SVART.png","width":300,"height":99,"caption":"Melkerson y Nott SL"},"image":{"@id":"https:\/\/lightweb.dev\/l\/svm-temp\/#\/schema\/logo\/image\/"},"sameAs":["https:\/\/www.facebook.com\/svenskamagasinet","https:\/\/x.com\/SvenskaMagasine"]},{"@type":"Person","@id":"https:\/\/lightweb.dev\/l\/svm-temp\/#\/schema\/person\/206a3bda5b607b0c25e1749191e4d837","name":"Redaktionen SvM","description":"Redaktionen","sameAs":["https:\/\/lightweb.dev\/l\/svm-temp"],"url":"https:\/\/lightweb.dev\/l\/svm-temp\/reporter\/redaktionen\/"}]}},"_links":{"self":[{"href":"https:\/\/lightweb.dev\/l\/svm-temp\/wp-json\/wp\/v2\/posts\/14539","targetHints":{"allow":["GET"]}}],"collection":[{"href":"https:\/\/lightweb.dev\/l\/svm-temp\/wp-json\/wp\/v2\/posts"}],"about":[{"href":"https:\/\/lightweb.dev\/l\/svm-temp\/wp-json\/wp\/v2\/types\/post"}],"author":[{"embeddable":true,"href":"https:\/\/lightweb.dev\/l\/svm-temp\/wp-json\/wp\/v2\/users\/8"}],"replies":[{"embeddable":true,"href":"https:\/\/lightweb.dev\/l\/svm-temp\/wp-json\/wp\/v2\/comments?post=14539"}],"version-history":[{"count":0,"href":"https:\/\/lightweb.dev\/l\/svm-temp\/wp-json\/wp\/v2\/posts\/14539\/revisions"}],"wp:featuredmedia":[{"embeddable":true,"href":"https:\/\/lightweb.dev\/l\/svm-temp\/wp-json\/wp\/v2\/media\/14778"}],"wp:attachment":[{"href":"https:\/\/lightweb.dev\/l\/svm-temp\/wp-json\/wp\/v2\/media?parent=14539"}],"wp:term":[{"taxonomy":"category","embeddable":true,"href":"https:\/\/lightweb.dev\/l\/svm-temp\/wp-json\/wp\/v2\/categories?post=14539"},{"taxonomy":"post_tag","embeddable":true,"href":"https:\/\/lightweb.dev\/l\/svm-temp\/wp-json\/wp\/v2\/tags?post=14539"}],"curies":[{"name":"wp","href":"https:\/\/api.w.org\/{rel}","templated":true}]}}