{"id":14541,"date":"2020-03-25T00:00:00","date_gmt":"2020-03-24T23:00:00","guid":{"rendered":"https:\/\/lightweb.dev\/l\/svm-temp\/nyheter\/luftfororeningarna-i-spanien-faller-till-rekordlaga-siffror\/"},"modified":"2020-03-25T00:00:00","modified_gmt":"2020-03-24T23:00:00","slug":"luftfororeningarna-i-spanien-faller-till-rekordlaga-siffror","status":"publish","type":"post","link":"https:\/\/lightweb.dev\/l\/svm-temp\/nyheter\/luftfororeningarna-i-spanien-faller-till-rekordlaga-siffror\/","title":{"rendered":"Luftf\u00f6roreningarna i Spanien faller till rekordl\u00e5ga siffror"},"content":{"rendered":"<p> Spanien har generellt sett en mycket bra luftkvalitet, men med tv\u00e5 utm\u00e4rkande undantag \u2013 storstadsomr\u00e5dena Madrid och Barcelona. Men d\u00e4r har luften markant f\u00f6rb\u00e4ttrats sedan regeringen utlyste det landsomfattande n\u00f6dl\u00e4get i f\u00f6rra veckan.<\/p>\n<p>I Madrid och Barcelona, har niv\u00e5erna av kv\u00e4vedioxid som i huvudsak orsakas av trafik och fossil br\u00e4nslekraft, sjunkit kraftigt under de f\u00f6rsta dagarna av nedst\u00e4ngningen och nu befinner de sig p\u00e5 &#8221;historiskt l\u00e5ga niv\u00e5er&#8221; i b\u00e5da st\u00e4derna, enligt en rapport fr\u00e5n milj\u00f6organisationen Greenpeace. I Madrid, till exempel, var den genomsnittliga niv\u00e5n p\u00e5 kv\u00e4vedioxid registrerad den 17 mars n\u00e4stan 75% l\u00e4gre \u00e4n f\u00f6rra veckan. I Barcelona f\u00f6ll den med \u00f6ver 45%, enligt uppgifter som samlats in av Adrian Fern\u00e1ndez, chef f\u00f6r Greenpeace mobilitetskampanj. \u00c4ven om Fern\u00e1ndez p\u00e5pekar att v\u00e4derf\u00f6rh\u00e5llandena ocks\u00e5 m\u00e5ste beaktas d\u00e4r en storm i b\u00f6rjan av veckan hj\u00e4lpte till att f\u00f6rb\u00e4ttra luftkvaliteten, s\u00e4ger han att minskningen av f\u00f6roreningar \u00e4r tydligt kopplad till minskningen av trafiken, som har minskat med cirka 60% i b\u00e5da regionala huvudst\u00e4derna.<\/p>\n<p>Slutsatserna som Greenpeace drar liknar de som dras av NASA och Europeiska rymdorganisationen ESA efter att de m\u00e4tt f\u00f6roreningarna i Italien och Kina via satellit\u00f6vervakning.<\/p>\n<p>&#8221;Det \u00e4r helt logiskt att det \u00e4r mindre f\u00f6roreningar,&#8221; s\u00e4ger Xavier Querol, fr\u00e5n det spanska nationella forskningsr\u00e5det (CSIC). &#8221;P\u00e5 s\u00f6ndagar \u00e4r det i allm\u00e4nhet mindre f\u00f6roreningar eftersom det \u00e4r mindre industri och trafik, och nu har vi mindre trafik och industri alla dagar i veckan.&#8221; Men han varnade: &#8221;Kampen mot f\u00f6roreningar \u00e4r en l\u00e5ngdistanslopp, inte en sprint.&#8221;<\/p>\n<p>Liksom andra experter \u00e4r Querol oroad \u00f6ver vad som kan h\u00e4nda n\u00e4r koronaviruskrisen \u00e4r \u00f6ver och aktiviteterna \u00e5terupptas. &#8221;Allt som inte har gjorts kommer att hanteras och aktiviteterna kommer att p\u00e5skyndas,&#8221; s\u00e4ger han, vilket kan inneb\u00e4ra en \u00e5terh\u00e4mtningseffekt som vi sett i tidigare kriser.<br \/>\nUnder l\u00e5gkonjunkturen 2008 minskade de globala utsl\u00e4ppen av koldioxid, som \u00e4r den viktigaste v\u00e4xthusgasen, med cirka 1%. Men under \u00e5ren som f\u00f6ljde, n\u00e4r \u00e5tg\u00e4rder f\u00f6r att stimulera produktion och efterfr\u00e5gan genomf\u00f6rdes, \u00f6kade utsl\u00e4ppen igen och kl\u00e4ttrade \u00e4nnu snabbare \u00e4n f\u00f6re finanskrisen. &#8221;Vi kommer inte att bek\u00e4mpa klimatf\u00f6r\u00e4ndringar med ett virus&#8221;, varnade FN: s generalsekreterare Ant\u00f3nio Guterres den 13 mars.<\/p>\n<p>N\u00e4r anstr\u00e4ngningarna startar f\u00f6r att \u00e5teruppliva ekonomin tror Querol att det kommer att vara sv\u00e5rt att sk\u00e4rpa gr\u00e4nserna f\u00f6r f\u00f6roreningar. \u201dMilj\u00f6politiken kommer inte att bli str\u00e4ngare,\u201d varnar han. <\/p>\n<p>Bildtext: Glorieta de Atocha, Madrid den 22 mars 2020 klockan 12:54, foto: Nemo via Wikimedia Commons.<br \/>\nArtikel: Jonny Erixon.<\/p>\n","protected":false},"excerpt":{"rendered":"<p>Spanien har generellt sett en mycket bra luftkvalitet, men med tv\u00e5 utm\u00e4rkande undantag \u2013 storstadsomr\u00e5dena Madrid och Barcelona. Men d\u00e4r har luften markant f\u00f6rb\u00e4ttrats sedan regeringen utlyste det landsomfattande n\u00f6dl\u00e4get i f\u00f6rra veckan. I Madrid och Barcelona, har niv\u00e5erna av kv\u00e4vedioxid som i huvudsak orsakas av trafik och fossil br\u00e4nslekraft, sjunkit kraftigt under de f\u00f6rsta [&hellip;]<\/p>\n","protected":false},"author":8,"featured_media":14542,"comment_status":"open","ping_status":"open","sticky":false,"template":"","format":"standard","meta":{"_et_pb_use_builder":"","_et_pb_old_content":"","_et_gb_content_width":"","footnotes":""},"categories":[395,3],"tags":[],"class_list":["post-14541","post","type-post","status-publish","format-standard","has-post-thumbnail","hentry","category-arkiv-nyheter","category-nyheter"],"yoast_head":"<!-- This site is optimized with the Yoast SEO Premium plugin v26.2 (Yoast SEO v28.2) - https:\/\/yoast.com\/product\/yoast-seo-premium-wordpress\/ -->\n<title>Luftf\u00f6roreningarna i Spanien faller till rekordl\u00e5ga siffror - Svenska Magasinet<\/title>\n<meta name=\"robots\" content=\"noindex, follow, max-snippet:-1, max-image-preview:large, max-video-preview:-1\" \/>\n<meta property=\"og:locale\" content=\"sv_SE\" \/>\n<meta property=\"og:type\" content=\"article\" \/>\n<meta property=\"og:title\" content=\"Luftf\u00f6roreningarna i Spanien faller till rekordl\u00e5ga siffror\" \/>\n<meta property=\"og:description\" content=\"Spanien har generellt sett en mycket bra luftkvalitet, men med tv\u00e5 utm\u00e4rkande undantag \u2013 storstadsomr\u00e5dena Madrid och Barcelona. Men d\u00e4r har luften markant f\u00f6rb\u00e4ttrats sedan regeringen utlyste det landsomfattande n\u00f6dl\u00e4get i f\u00f6rra veckan. I Madrid och Barcelona, har niv\u00e5erna av kv\u00e4vedioxid som i huvudsak orsakas av trafik och fossil br\u00e4nslekraft, sjunkit kraftigt under de f\u00f6rsta [&hellip;]\" \/>\n<meta property=\"og:url\" content=\"https:\/\/lightweb.dev\/l\/svm-temp\/nyheter\/luftfororeningarna-i-spanien-faller-till-rekordlaga-siffror\/\" \/>\n<meta property=\"og:site_name\" content=\"Svenska Magasinet\" \/>\n<meta property=\"article:publisher\" content=\"https:\/\/www.facebook.com\/svenskamagasinet\" \/>\n<meta property=\"article:published_time\" content=\"2020-03-24T23:00:00+00:00\" \/>\n<meta property=\"og:image\" content=\"https:\/\/lightweb.dev\/l\/svm-temp\/wp-content\/uploads\/2022\/06\/luftfororeningarna-i-spanien-faller-till-rekordlaga-siffror.png\" \/>\n\t<meta property=\"og:image:width\" content=\"700\" \/>\n\t<meta property=\"og:image:height\" content=\"421\" \/>\n\t<meta property=\"og:image:type\" content=\"image\/png\" \/>\n<meta name=\"author\" content=\"Redaktionen SvM\" \/>\n<meta name=\"twitter:card\" content=\"summary_large_image\" \/>\n<meta name=\"twitter:creator\" content=\"@SvenskaMagasine\" \/>\n<meta name=\"twitter:site\" content=\"@SvenskaMagasine\" \/>\n<script type=\"application\/ld+json\" class=\"yoast-schema-graph\">{\"@context\":\"https:\\\/\\\/schema.org\",\"@graph\":[{\"@type\":\"Article\",\"@id\":\"https:\\\/\\\/lightweb.dev\\\/l\\\/svm-temp\\\/nyheter\\\/luftfororeningarna-i-spanien-faller-till-rekordlaga-siffror\\\/#article\",\"isPartOf\":{\"@id\":\"https:\\\/\\\/lightweb.dev\\\/l\\\/svm-temp\\\/nyheter\\\/luftfororeningarna-i-spanien-faller-till-rekordlaga-siffror\\\/\"},\"author\":{\"name\":\"Redaktionen SvM\",\"@id\":\"https:\\\/\\\/lightweb.dev\\\/l\\\/svm-temp\\\/#\\\/schema\\\/person\\\/206a3bda5b607b0c25e1749191e4d837\"},\"headline\":\"Luftf\u00f6roreningarna i Spanien faller till rekordl\u00e5ga siffror\",\"datePublished\":\"2020-03-24T23:00:00+00:00\",\"mainEntityOfPage\":{\"@id\":\"https:\\\/\\\/lightweb.dev\\\/l\\\/svm-temp\\\/nyheter\\\/luftfororeningarna-i-spanien-faller-till-rekordlaga-siffror\\\/\"},\"wordCount\":475,\"commentCount\":0,\"publisher\":{\"@id\":\"https:\\\/\\\/lightweb.dev\\\/l\\\/svm-temp\\\/#organization\"},\"image\":{\"@id\":\"https:\\\/\\\/lightweb.dev\\\/l\\\/svm-temp\\\/nyheter\\\/luftfororeningarna-i-spanien-faller-till-rekordlaga-siffror\\\/#primaryimage\"},\"thumbnailUrl\":\"https:\\\/\\\/lightweb.dev\\\/l\\\/svm-temp\\\/wp-content\\\/uploads\\\/2022\\\/06\\\/luftfororeningarna-i-spanien-faller-till-rekordlaga-siffror.png\",\"articleSection\":[\"Arkiv\",\"Nyheter\"],\"inLanguage\":\"sv-SE\"},{\"@type\":\"WebPage\",\"@id\":\"https:\\\/\\\/lightweb.dev\\\/l\\\/svm-temp\\\/nyheter\\\/luftfororeningarna-i-spanien-faller-till-rekordlaga-siffror\\\/\",\"url\":\"https:\\\/\\\/lightweb.dev\\\/l\\\/svm-temp\\\/nyheter\\\/luftfororeningarna-i-spanien-faller-till-rekordlaga-siffror\\\/\",\"name\":\"Luftf\u00f6roreningarna i Spanien faller till rekordl\u00e5ga siffror - Svenska Magasinet\",\"isPartOf\":{\"@id\":\"https:\\\/\\\/lightweb.dev\\\/l\\\/svm-temp\\\/#website\"},\"primaryImageOfPage\":{\"@id\":\"https:\\\/\\\/lightweb.dev\\\/l\\\/svm-temp\\\/nyheter\\\/luftfororeningarna-i-spanien-faller-till-rekordlaga-siffror\\\/#primaryimage\"},\"image\":{\"@id\":\"https:\\\/\\\/lightweb.dev\\\/l\\\/svm-temp\\\/nyheter\\\/luftfororeningarna-i-spanien-faller-till-rekordlaga-siffror\\\/#primaryimage\"},\"thumbnailUrl\":\"https:\\\/\\\/lightweb.dev\\\/l\\\/svm-temp\\\/wp-content\\\/uploads\\\/2022\\\/06\\\/luftfororeningarna-i-spanien-faller-till-rekordlaga-siffror.png\",\"datePublished\":\"2020-03-24T23:00:00+00:00\",\"breadcrumb\":{\"@id\":\"https:\\\/\\\/lightweb.dev\\\/l\\\/svm-temp\\\/nyheter\\\/luftfororeningarna-i-spanien-faller-till-rekordlaga-siffror\\\/#breadcrumb\"},\"inLanguage\":\"sv-SE\",\"potentialAction\":[{\"@type\":\"ReadAction\",\"target\":[\"https:\\\/\\\/lightweb.dev\\\/l\\\/svm-temp\\\/nyheter\\\/luftfororeningarna-i-spanien-faller-till-rekordlaga-siffror\\\/\"]}]},{\"@type\":\"ImageObject\",\"inLanguage\":\"sv-SE\",\"@id\":\"https:\\\/\\\/lightweb.dev\\\/l\\\/svm-temp\\\/nyheter\\\/luftfororeningarna-i-spanien-faller-till-rekordlaga-siffror\\\/#primaryimage\",\"url\":\"https:\\\/\\\/lightweb.dev\\\/l\\\/svm-temp\\\/wp-content\\\/uploads\\\/2022\\\/06\\\/luftfororeningarna-i-spanien-faller-till-rekordlaga-siffror.png\",\"contentUrl\":\"https:\\\/\\\/lightweb.dev\\\/l\\\/svm-temp\\\/wp-content\\\/uploads\\\/2022\\\/06\\\/luftfororeningarna-i-spanien-faller-till-rekordlaga-siffror.png\",\"width\":700,\"height\":421},{\"@type\":\"BreadcrumbList\",\"@id\":\"https:\\\/\\\/lightweb.dev\\\/l\\\/svm-temp\\\/nyheter\\\/luftfororeningarna-i-spanien-faller-till-rekordlaga-siffror\\\/#breadcrumb\",\"itemListElement\":[{\"@type\":\"ListItem\",\"position\":1,\"name\":\"Hem\",\"item\":\"https:\\\/\\\/lightweb.dev\\\/l\\\/svm-temp\\\/\"},{\"@type\":\"ListItem\",\"position\":2,\"name\":\"Luftf\u00f6roreningarna i Spanien faller till rekordl\u00e5ga siffror\"}]},{\"@type\":\"WebSite\",\"@id\":\"https:\\\/\\\/lightweb.dev\\\/l\\\/svm-temp\\\/#website\",\"url\":\"https:\\\/\\\/lightweb.dev\\\/l\\\/svm-temp\\\/\",\"name\":\"Svenska Magasinet\",\"description\":\"Dina Spanska nyheter p&aring; Svenska\",\"publisher\":{\"@id\":\"https:\\\/\\\/lightweb.dev\\\/l\\\/svm-temp\\\/#organization\"},\"potentialAction\":[{\"@type\":\"SearchAction\",\"target\":{\"@type\":\"EntryPoint\",\"urlTemplate\":\"https:\\\/\\\/lightweb.dev\\\/l\\\/svm-temp\\\/?s={search_term_string}\"},\"query-input\":{\"@type\":\"PropertyValueSpecification\",\"valueRequired\":true,\"valueName\":\"search_term_string\"}}],\"inLanguage\":\"sv-SE\"},{\"@type\":\"Organization\",\"@id\":\"https:\\\/\\\/lightweb.dev\\\/l\\\/svm-temp\\\/#organization\",\"name\":\"Melkerson y Nott SL\",\"alternateName\":\"Svenska Magasinet\",\"url\":\"https:\\\/\\\/lightweb.dev\\\/l\\\/svm-temp\\\/\",\"logo\":{\"@type\":\"ImageObject\",\"inLanguage\":\"sv-SE\",\"@id\":\"https:\\\/\\\/lightweb.dev\\\/l\\\/svm-temp\\\/#\\\/schema\\\/logo\\\/image\\\/\",\"url\":\"https:\\\/\\\/lightweb.dev\\\/l\\\/svm-temp\\\/wp-content\\\/uploads\\\/2025\\\/02\\\/SvM-logo-Xtra-Centrerad-SVART.png\",\"contentUrl\":\"https:\\\/\\\/lightweb.dev\\\/l\\\/svm-temp\\\/wp-content\\\/uploads\\\/2025\\\/02\\\/SvM-logo-Xtra-Centrerad-SVART.png\",\"width\":300,\"height\":99,\"caption\":\"Melkerson y Nott SL\"},\"image\":{\"@id\":\"https:\\\/\\\/lightweb.dev\\\/l\\\/svm-temp\\\/#\\\/schema\\\/logo\\\/image\\\/\"},\"sameAs\":[\"https:\\\/\\\/www.facebook.com\\\/svenskamagasinet\",\"https:\\\/\\\/x.com\\\/SvenskaMagasine\"]},{\"@type\":\"Person\",\"@id\":\"https:\\\/\\\/lightweb.dev\\\/l\\\/svm-temp\\\/#\\\/schema\\\/person\\\/206a3bda5b607b0c25e1749191e4d837\",\"name\":\"Redaktionen SvM\",\"description\":\"Redaktionen\",\"sameAs\":[\"https:\\\/\\\/lightweb.dev\\\/l\\\/svm-temp\"],\"url\":\"https:\\\/\\\/lightweb.dev\\\/l\\\/svm-temp\\\/reporter\\\/redaktionen\\\/\"}]}<\/script>\n<!-- \/ Yoast SEO Premium plugin. -->","yoast_head_json":{"title":"Luftf\u00f6roreningarna i Spanien faller till rekordl\u00e5ga siffror - Svenska Magasinet","robots":{"index":"noindex","follow":"follow","max-snippet":"max-snippet:-1","max-image-preview":"max-image-preview:large","max-video-preview":"max-video-preview:-1"},"og_locale":"sv_SE","og_type":"article","og_title":"Luftf\u00f6roreningarna i Spanien faller till rekordl\u00e5ga siffror","og_description":"Spanien har generellt sett en mycket bra luftkvalitet, men med tv\u00e5 utm\u00e4rkande undantag \u2013 storstadsomr\u00e5dena Madrid och Barcelona. Men d\u00e4r har luften markant f\u00f6rb\u00e4ttrats sedan regeringen utlyste det landsomfattande n\u00f6dl\u00e4get i f\u00f6rra veckan. I Madrid och Barcelona, har niv\u00e5erna av kv\u00e4vedioxid som i huvudsak orsakas av trafik och fossil br\u00e4nslekraft, sjunkit kraftigt under de f\u00f6rsta [&hellip;]","og_url":"https:\/\/lightweb.dev\/l\/svm-temp\/nyheter\/luftfororeningarna-i-spanien-faller-till-rekordlaga-siffror\/","og_site_name":"Svenska Magasinet","article_publisher":"https:\/\/www.facebook.com\/svenskamagasinet","article_published_time":"2020-03-24T23:00:00+00:00","og_image":[{"width":700,"height":421,"url":"https:\/\/lightweb.dev\/l\/svm-temp\/wp-content\/uploads\/2022\/06\/luftfororeningarna-i-spanien-faller-till-rekordlaga-siffror.png","type":"image\/png"}],"author":"Redaktionen SvM","twitter_card":"summary_large_image","twitter_creator":"@SvenskaMagasine","twitter_site":"@SvenskaMagasine","schema":{"@context":"https:\/\/schema.org","@graph":[{"@type":"Article","@id":"https:\/\/lightweb.dev\/l\/svm-temp\/nyheter\/luftfororeningarna-i-spanien-faller-till-rekordlaga-siffror\/#article","isPartOf":{"@id":"https:\/\/lightweb.dev\/l\/svm-temp\/nyheter\/luftfororeningarna-i-spanien-faller-till-rekordlaga-siffror\/"},"author":{"name":"Redaktionen SvM","@id":"https:\/\/lightweb.dev\/l\/svm-temp\/#\/schema\/person\/206a3bda5b607b0c25e1749191e4d837"},"headline":"Luftf\u00f6roreningarna i Spanien faller till rekordl\u00e5ga siffror","datePublished":"2020-03-24T23:00:00+00:00","mainEntityOfPage":{"@id":"https:\/\/lightweb.dev\/l\/svm-temp\/nyheter\/luftfororeningarna-i-spanien-faller-till-rekordlaga-siffror\/"},"wordCount":475,"commentCount":0,"publisher":{"@id":"https:\/\/lightweb.dev\/l\/svm-temp\/#organization"},"image":{"@id":"https:\/\/lightweb.dev\/l\/svm-temp\/nyheter\/luftfororeningarna-i-spanien-faller-till-rekordlaga-siffror\/#primaryimage"},"thumbnailUrl":"https:\/\/lightweb.dev\/l\/svm-temp\/wp-content\/uploads\/2022\/06\/luftfororeningarna-i-spanien-faller-till-rekordlaga-siffror.png","articleSection":["Arkiv","Nyheter"],"inLanguage":"sv-SE"},{"@type":"WebPage","@id":"https:\/\/lightweb.dev\/l\/svm-temp\/nyheter\/luftfororeningarna-i-spanien-faller-till-rekordlaga-siffror\/","url":"https:\/\/lightweb.dev\/l\/svm-temp\/nyheter\/luftfororeningarna-i-spanien-faller-till-rekordlaga-siffror\/","name":"Luftf\u00f6roreningarna i Spanien faller till rekordl\u00e5ga siffror - Svenska Magasinet","isPartOf":{"@id":"https:\/\/lightweb.dev\/l\/svm-temp\/#website"},"primaryImageOfPage":{"@id":"https:\/\/lightweb.dev\/l\/svm-temp\/nyheter\/luftfororeningarna-i-spanien-faller-till-rekordlaga-siffror\/#primaryimage"},"image":{"@id":"https:\/\/lightweb.dev\/l\/svm-temp\/nyheter\/luftfororeningarna-i-spanien-faller-till-rekordlaga-siffror\/#primaryimage"},"thumbnailUrl":"https:\/\/lightweb.dev\/l\/svm-temp\/wp-content\/uploads\/2022\/06\/luftfororeningarna-i-spanien-faller-till-rekordlaga-siffror.png","datePublished":"2020-03-24T23:00:00+00:00","breadcrumb":{"@id":"https:\/\/lightweb.dev\/l\/svm-temp\/nyheter\/luftfororeningarna-i-spanien-faller-till-rekordlaga-siffror\/#breadcrumb"},"inLanguage":"sv-SE","potentialAction":[{"@type":"ReadAction","target":["https:\/\/lightweb.dev\/l\/svm-temp\/nyheter\/luftfororeningarna-i-spanien-faller-till-rekordlaga-siffror\/"]}]},{"@type":"ImageObject","inLanguage":"sv-SE","@id":"https:\/\/lightweb.dev\/l\/svm-temp\/nyheter\/luftfororeningarna-i-spanien-faller-till-rekordlaga-siffror\/#primaryimage","url":"https:\/\/lightweb.dev\/l\/svm-temp\/wp-content\/uploads\/2022\/06\/luftfororeningarna-i-spanien-faller-till-rekordlaga-siffror.png","contentUrl":"https:\/\/lightweb.dev\/l\/svm-temp\/wp-content\/uploads\/2022\/06\/luftfororeningarna-i-spanien-faller-till-rekordlaga-siffror.png","width":700,"height":421},{"@type":"BreadcrumbList","@id":"https:\/\/lightweb.dev\/l\/svm-temp\/nyheter\/luftfororeningarna-i-spanien-faller-till-rekordlaga-siffror\/#breadcrumb","itemListElement":[{"@type":"ListItem","position":1,"name":"Hem","item":"https:\/\/lightweb.dev\/l\/svm-temp\/"},{"@type":"ListItem","position":2,"name":"Luftf\u00f6roreningarna i Spanien faller till rekordl\u00e5ga siffror"}]},{"@type":"WebSite","@id":"https:\/\/lightweb.dev\/l\/svm-temp\/#website","url":"https:\/\/lightweb.dev\/l\/svm-temp\/","name":"Svenska Magasinet","description":"Dina Spanska nyheter p&aring; Svenska","publisher":{"@id":"https:\/\/lightweb.dev\/l\/svm-temp\/#organization"},"potentialAction":[{"@type":"SearchAction","target":{"@type":"EntryPoint","urlTemplate":"https:\/\/lightweb.dev\/l\/svm-temp\/?s={search_term_string}"},"query-input":{"@type":"PropertyValueSpecification","valueRequired":true,"valueName":"search_term_string"}}],"inLanguage":"sv-SE"},{"@type":"Organization","@id":"https:\/\/lightweb.dev\/l\/svm-temp\/#organization","name":"Melkerson y Nott SL","alternateName":"Svenska Magasinet","url":"https:\/\/lightweb.dev\/l\/svm-temp\/","logo":{"@type":"ImageObject","inLanguage":"sv-SE","@id":"https:\/\/lightweb.dev\/l\/svm-temp\/#\/schema\/logo\/image\/","url":"https:\/\/lightweb.dev\/l\/svm-temp\/wp-content\/uploads\/2025\/02\/SvM-logo-Xtra-Centrerad-SVART.png","contentUrl":"https:\/\/lightweb.dev\/l\/svm-temp\/wp-content\/uploads\/2025\/02\/SvM-logo-Xtra-Centrerad-SVART.png","width":300,"height":99,"caption":"Melkerson y Nott SL"},"image":{"@id":"https:\/\/lightweb.dev\/l\/svm-temp\/#\/schema\/logo\/image\/"},"sameAs":["https:\/\/www.facebook.com\/svenskamagasinet","https:\/\/x.com\/SvenskaMagasine"]},{"@type":"Person","@id":"https:\/\/lightweb.dev\/l\/svm-temp\/#\/schema\/person\/206a3bda5b607b0c25e1749191e4d837","name":"Redaktionen SvM","description":"Redaktionen","sameAs":["https:\/\/lightweb.dev\/l\/svm-temp"],"url":"https:\/\/lightweb.dev\/l\/svm-temp\/reporter\/redaktionen\/"}]}},"_links":{"self":[{"href":"https:\/\/lightweb.dev\/l\/svm-temp\/wp-json\/wp\/v2\/posts\/14541","targetHints":{"allow":["GET"]}}],"collection":[{"href":"https:\/\/lightweb.dev\/l\/svm-temp\/wp-json\/wp\/v2\/posts"}],"about":[{"href":"https:\/\/lightweb.dev\/l\/svm-temp\/wp-json\/wp\/v2\/types\/post"}],"author":[{"embeddable":true,"href":"https:\/\/lightweb.dev\/l\/svm-temp\/wp-json\/wp\/v2\/users\/8"}],"replies":[{"embeddable":true,"href":"https:\/\/lightweb.dev\/l\/svm-temp\/wp-json\/wp\/v2\/comments?post=14541"}],"version-history":[{"count":0,"href":"https:\/\/lightweb.dev\/l\/svm-temp\/wp-json\/wp\/v2\/posts\/14541\/revisions"}],"wp:featuredmedia":[{"embeddable":true,"href":"https:\/\/lightweb.dev\/l\/svm-temp\/wp-json\/wp\/v2\/media\/14542"}],"wp:attachment":[{"href":"https:\/\/lightweb.dev\/l\/svm-temp\/wp-json\/wp\/v2\/media?parent=14541"}],"wp:term":[{"taxonomy":"category","embeddable":true,"href":"https:\/\/lightweb.dev\/l\/svm-temp\/wp-json\/wp\/v2\/categories?post=14541"},{"taxonomy":"post_tag","embeddable":true,"href":"https:\/\/lightweb.dev\/l\/svm-temp\/wp-json\/wp\/v2\/tags?post=14541"}],"curies":[{"name":"wp","href":"https:\/\/api.w.org\/{rel}","templated":true}]}}