{"id":14545,"date":"2020-03-25T00:00:00","date_gmt":"2020-03-24T23:00:00","guid":{"rendered":"https:\/\/lightweb.dev\/l\/svm-temp\/nyheter\/star-du-utan-logi-har-hittar-du-lista-pa-oppna-hotell\/"},"modified":"2020-03-25T00:00:00","modified_gmt":"2020-03-24T23:00:00","slug":"star-du-utan-logi-har-hittar-du-lista-pa-oppna-hotell","status":"publish","type":"post","link":"https:\/\/lightweb.dev\/l\/svm-temp\/nyheter\/star-du-utan-logi-har-hittar-du-lista-pa-oppna-hotell\/","title":{"rendered":"St\u00e5r du utan logi? \u2013 H\u00e4r hittar du lista p\u00e5 \u00f6ppna hotell"},"content":{"rendered":"<p> Med anledning av att de flesta hotell och turistl\u00e4genheter st\u00e4nger i Spanien vid midnatt kan turister som \u00e4r kvar i Spanien st\u00e5 utan logi fr\u00e5n i morgon torsdag den 26 mars. Spanska staten har d\u00e4rf\u00f6r skickat ut en officiell lista \u00f6ver vissa hotell som h\u00e5ller \u00f6ppet och dit strandade turister som inte lyckats ta sig tillbaka till sina hemorter kan h\u00f6ra av sig till. Det skriver Sveriges ambassad i Madrid p\u00e5 Twitter.<\/p>\n<p>P\u00e5 listan kan du se att vissa hotell i Alicante, M\u00e1laga, Marbella, Mijas och Nerja bland annat kommer att h\u00e5lla \u00f6ppet f\u00f6r turister som har blivit kvar i Spanien och v\u00e4ntar p\u00e5 hemresa.<\/p>\n<p>KLICKA: Listan \u00f6ver hotell hittar du h\u00e4r<\/p>\n<p>Extraflyg med SAS fr\u00e5n M\u00e1laga till Stockholm 26, 27, 28 mars. Se SAS webbplats f\u00f6r mer information och bokning.<\/p>\n<p>Som Svenska Magasinet ber\u00e4ttade i m\u00e5ndags kommer \u00e4ven turistl\u00e4genheter som hyrs ut p\u00e5 kort tid att st\u00e4nga efter ett myndighetsbeslut. Omkring 40.000 bost\u00e4der i provinsen M\u00e1laga \u00e4r registrerade som semesterl\u00e4genheter som \u00e4r avsedda f\u00f6r uthyrning p\u00e5 kortare tid upp till tre m\u00e5nader.<\/p>\n","protected":false},"excerpt":{"rendered":"<p>Med anledning av att de flesta hotell och turistl\u00e4genheter st\u00e4nger i Spanien vid midnatt kan turister som \u00e4r kvar i Spanien st\u00e5 utan logi fr\u00e5n i morgon torsdag den 26 mars. Spanska staten har d\u00e4rf\u00f6r skickat ut en officiell lista \u00f6ver vissa hotell som h\u00e5ller \u00f6ppet och dit strandade turister som inte lyckats ta sig [&hellip;]<\/p>\n","protected":false},"author":8,"featured_media":14546,"comment_status":"open","ping_status":"open","sticky":false,"template":"","format":"standard","meta":{"_et_pb_use_builder":"","_et_pb_old_content":"","_et_gb_content_width":"","footnotes":""},"categories":[395,3],"tags":[],"class_list":["post-14545","post","type-post","status-publish","format-standard","has-post-thumbnail","hentry","category-arkiv-nyheter","category-nyheter"],"yoast_head":"<!-- This site is optimized with the Yoast SEO Premium plugin v26.2 (Yoast SEO v28.2) - https:\/\/yoast.com\/product\/yoast-seo-premium-wordpress\/ -->\n<title>St\u00e5r du utan logi? \u2013 H\u00e4r hittar du lista p\u00e5 \u00f6ppna hotell - Svenska Magasinet<\/title>\n<meta name=\"robots\" content=\"noindex, follow, max-snippet:-1, max-image-preview:large, max-video-preview:-1\" \/>\n<meta property=\"og:locale\" content=\"sv_SE\" \/>\n<meta property=\"og:type\" content=\"article\" \/>\n<meta property=\"og:title\" content=\"St\u00e5r du utan logi? \u2013 H\u00e4r hittar du lista p\u00e5 \u00f6ppna hotell\" \/>\n<meta property=\"og:description\" content=\"Med anledning av att de flesta hotell och turistl\u00e4genheter st\u00e4nger i Spanien vid midnatt kan turister som \u00e4r kvar i Spanien st\u00e5 utan logi fr\u00e5n i morgon torsdag den 26 mars. Spanska staten har d\u00e4rf\u00f6r skickat ut en officiell lista \u00f6ver vissa hotell som h\u00e5ller \u00f6ppet och dit strandade turister som inte lyckats ta sig [&hellip;]\" \/>\n<meta property=\"og:url\" content=\"https:\/\/lightweb.dev\/l\/svm-temp\/nyheter\/star-du-utan-logi-har-hittar-du-lista-pa-oppna-hotell\/\" \/>\n<meta property=\"og:site_name\" content=\"Svenska Magasinet\" \/>\n<meta property=\"article:publisher\" content=\"https:\/\/www.facebook.com\/svenskamagasinet\" \/>\n<meta property=\"article:published_time\" content=\"2020-03-24T23:00:00+00:00\" \/>\n<meta property=\"og:image\" content=\"https:\/\/lightweb.dev\/l\/svm-temp\/wp-content\/uploads\/2022\/06\/star-du-utan-logi-har-hittar-du-lista-pa-oppna-hotell.png\" \/>\n\t<meta property=\"og:image:width\" content=\"700\" \/>\n\t<meta property=\"og:image:height\" content=\"420\" \/>\n\t<meta property=\"og:image:type\" content=\"image\/png\" \/>\n<meta name=\"author\" content=\"Redaktionen SvM\" \/>\n<meta name=\"twitter:card\" content=\"summary_large_image\" \/>\n<meta name=\"twitter:creator\" content=\"@SvenskaMagasine\" \/>\n<meta name=\"twitter:site\" content=\"@SvenskaMagasine\" \/>\n<script type=\"application\/ld+json\" class=\"yoast-schema-graph\">{\"@context\":\"https:\\\/\\\/schema.org\",\"@graph\":[{\"@type\":\"Article\",\"@id\":\"https:\\\/\\\/lightweb.dev\\\/l\\\/svm-temp\\\/nyheter\\\/star-du-utan-logi-har-hittar-du-lista-pa-oppna-hotell\\\/#article\",\"isPartOf\":{\"@id\":\"https:\\\/\\\/lightweb.dev\\\/l\\\/svm-temp\\\/nyheter\\\/star-du-utan-logi-har-hittar-du-lista-pa-oppna-hotell\\\/\"},\"author\":{\"name\":\"Redaktionen SvM\",\"@id\":\"https:\\\/\\\/lightweb.dev\\\/l\\\/svm-temp\\\/#\\\/schema\\\/person\\\/206a3bda5b607b0c25e1749191e4d837\"},\"headline\":\"St\u00e5r du utan logi? \u2013 H\u00e4r hittar du lista p\u00e5 \u00f6ppna hotell\",\"datePublished\":\"2020-03-24T23:00:00+00:00\",\"mainEntityOfPage\":{\"@id\":\"https:\\\/\\\/lightweb.dev\\\/l\\\/svm-temp\\\/nyheter\\\/star-du-utan-logi-har-hittar-du-lista-pa-oppna-hotell\\\/\"},\"wordCount\":205,\"commentCount\":0,\"publisher\":{\"@id\":\"https:\\\/\\\/lightweb.dev\\\/l\\\/svm-temp\\\/#organization\"},\"image\":{\"@id\":\"https:\\\/\\\/lightweb.dev\\\/l\\\/svm-temp\\\/nyheter\\\/star-du-utan-logi-har-hittar-du-lista-pa-oppna-hotell\\\/#primaryimage\"},\"thumbnailUrl\":\"https:\\\/\\\/lightweb.dev\\\/l\\\/svm-temp\\\/wp-content\\\/uploads\\\/2022\\\/06\\\/star-du-utan-logi-har-hittar-du-lista-pa-oppna-hotell.png\",\"articleSection\":[\"Arkiv\",\"Nyheter\"],\"inLanguage\":\"sv-SE\"},{\"@type\":\"WebPage\",\"@id\":\"https:\\\/\\\/lightweb.dev\\\/l\\\/svm-temp\\\/nyheter\\\/star-du-utan-logi-har-hittar-du-lista-pa-oppna-hotell\\\/\",\"url\":\"https:\\\/\\\/lightweb.dev\\\/l\\\/svm-temp\\\/nyheter\\\/star-du-utan-logi-har-hittar-du-lista-pa-oppna-hotell\\\/\",\"name\":\"St\u00e5r du utan logi? \u2013 H\u00e4r hittar du lista p\u00e5 \u00f6ppna hotell - Svenska Magasinet\",\"isPartOf\":{\"@id\":\"https:\\\/\\\/lightweb.dev\\\/l\\\/svm-temp\\\/#website\"},\"primaryImageOfPage\":{\"@id\":\"https:\\\/\\\/lightweb.dev\\\/l\\\/svm-temp\\\/nyheter\\\/star-du-utan-logi-har-hittar-du-lista-pa-oppna-hotell\\\/#primaryimage\"},\"image\":{\"@id\":\"https:\\\/\\\/lightweb.dev\\\/l\\\/svm-temp\\\/nyheter\\\/star-du-utan-logi-har-hittar-du-lista-pa-oppna-hotell\\\/#primaryimage\"},\"thumbnailUrl\":\"https:\\\/\\\/lightweb.dev\\\/l\\\/svm-temp\\\/wp-content\\\/uploads\\\/2022\\\/06\\\/star-du-utan-logi-har-hittar-du-lista-pa-oppna-hotell.png\",\"datePublished\":\"2020-03-24T23:00:00+00:00\",\"breadcrumb\":{\"@id\":\"https:\\\/\\\/lightweb.dev\\\/l\\\/svm-temp\\\/nyheter\\\/star-du-utan-logi-har-hittar-du-lista-pa-oppna-hotell\\\/#breadcrumb\"},\"inLanguage\":\"sv-SE\",\"potentialAction\":[{\"@type\":\"ReadAction\",\"target\":[\"https:\\\/\\\/lightweb.dev\\\/l\\\/svm-temp\\\/nyheter\\\/star-du-utan-logi-har-hittar-du-lista-pa-oppna-hotell\\\/\"]}]},{\"@type\":\"ImageObject\",\"inLanguage\":\"sv-SE\",\"@id\":\"https:\\\/\\\/lightweb.dev\\\/l\\\/svm-temp\\\/nyheter\\\/star-du-utan-logi-har-hittar-du-lista-pa-oppna-hotell\\\/#primaryimage\",\"url\":\"https:\\\/\\\/lightweb.dev\\\/l\\\/svm-temp\\\/wp-content\\\/uploads\\\/2022\\\/06\\\/star-du-utan-logi-har-hittar-du-lista-pa-oppna-hotell.png\",\"contentUrl\":\"https:\\\/\\\/lightweb.dev\\\/l\\\/svm-temp\\\/wp-content\\\/uploads\\\/2022\\\/06\\\/star-du-utan-logi-har-hittar-du-lista-pa-oppna-hotell.png\",\"width\":700,\"height\":420},{\"@type\":\"BreadcrumbList\",\"@id\":\"https:\\\/\\\/lightweb.dev\\\/l\\\/svm-temp\\\/nyheter\\\/star-du-utan-logi-har-hittar-du-lista-pa-oppna-hotell\\\/#breadcrumb\",\"itemListElement\":[{\"@type\":\"ListItem\",\"position\":1,\"name\":\"Hem\",\"item\":\"https:\\\/\\\/lightweb.dev\\\/l\\\/svm-temp\\\/\"},{\"@type\":\"ListItem\",\"position\":2,\"name\":\"St\u00e5r du utan logi? \u2013 H\u00e4r hittar du lista p\u00e5 \u00f6ppna hotell\"}]},{\"@type\":\"WebSite\",\"@id\":\"https:\\\/\\\/lightweb.dev\\\/l\\\/svm-temp\\\/#website\",\"url\":\"https:\\\/\\\/lightweb.dev\\\/l\\\/svm-temp\\\/\",\"name\":\"Svenska Magasinet\",\"description\":\"Dina Spanska nyheter p&aring; Svenska\",\"publisher\":{\"@id\":\"https:\\\/\\\/lightweb.dev\\\/l\\\/svm-temp\\\/#organization\"},\"potentialAction\":[{\"@type\":\"SearchAction\",\"target\":{\"@type\":\"EntryPoint\",\"urlTemplate\":\"https:\\\/\\\/lightweb.dev\\\/l\\\/svm-temp\\\/?s={search_term_string}\"},\"query-input\":{\"@type\":\"PropertyValueSpecification\",\"valueRequired\":true,\"valueName\":\"search_term_string\"}}],\"inLanguage\":\"sv-SE\"},{\"@type\":\"Organization\",\"@id\":\"https:\\\/\\\/lightweb.dev\\\/l\\\/svm-temp\\\/#organization\",\"name\":\"Melkerson y Nott SL\",\"alternateName\":\"Svenska Magasinet\",\"url\":\"https:\\\/\\\/lightweb.dev\\\/l\\\/svm-temp\\\/\",\"logo\":{\"@type\":\"ImageObject\",\"inLanguage\":\"sv-SE\",\"@id\":\"https:\\\/\\\/lightweb.dev\\\/l\\\/svm-temp\\\/#\\\/schema\\\/logo\\\/image\\\/\",\"url\":\"https:\\\/\\\/lightweb.dev\\\/l\\\/svm-temp\\\/wp-content\\\/uploads\\\/2025\\\/02\\\/SvM-logo-Xtra-Centrerad-SVART.png\",\"contentUrl\":\"https:\\\/\\\/lightweb.dev\\\/l\\\/svm-temp\\\/wp-content\\\/uploads\\\/2025\\\/02\\\/SvM-logo-Xtra-Centrerad-SVART.png\",\"width\":300,\"height\":99,\"caption\":\"Melkerson y Nott SL\"},\"image\":{\"@id\":\"https:\\\/\\\/lightweb.dev\\\/l\\\/svm-temp\\\/#\\\/schema\\\/logo\\\/image\\\/\"},\"sameAs\":[\"https:\\\/\\\/www.facebook.com\\\/svenskamagasinet\",\"https:\\\/\\\/x.com\\\/SvenskaMagasine\"]},{\"@type\":\"Person\",\"@id\":\"https:\\\/\\\/lightweb.dev\\\/l\\\/svm-temp\\\/#\\\/schema\\\/person\\\/206a3bda5b607b0c25e1749191e4d837\",\"name\":\"Redaktionen SvM\",\"description\":\"Redaktionen\",\"sameAs\":[\"https:\\\/\\\/lightweb.dev\\\/l\\\/svm-temp\"],\"url\":\"https:\\\/\\\/lightweb.dev\\\/l\\\/svm-temp\\\/reporter\\\/redaktionen\\\/\"}]}<\/script>\n<!-- \/ Yoast SEO Premium plugin. -->","yoast_head_json":{"title":"St\u00e5r du utan logi? \u2013 H\u00e4r hittar du lista p\u00e5 \u00f6ppna hotell - Svenska Magasinet","robots":{"index":"noindex","follow":"follow","max-snippet":"max-snippet:-1","max-image-preview":"max-image-preview:large","max-video-preview":"max-video-preview:-1"},"og_locale":"sv_SE","og_type":"article","og_title":"St\u00e5r du utan logi? \u2013 H\u00e4r hittar du lista p\u00e5 \u00f6ppna hotell","og_description":"Med anledning av att de flesta hotell och turistl\u00e4genheter st\u00e4nger i Spanien vid midnatt kan turister som \u00e4r kvar i Spanien st\u00e5 utan logi fr\u00e5n i morgon torsdag den 26 mars. Spanska staten har d\u00e4rf\u00f6r skickat ut en officiell lista \u00f6ver vissa hotell som h\u00e5ller \u00f6ppet och dit strandade turister som inte lyckats ta sig [&hellip;]","og_url":"https:\/\/lightweb.dev\/l\/svm-temp\/nyheter\/star-du-utan-logi-har-hittar-du-lista-pa-oppna-hotell\/","og_site_name":"Svenska Magasinet","article_publisher":"https:\/\/www.facebook.com\/svenskamagasinet","article_published_time":"2020-03-24T23:00:00+00:00","og_image":[{"width":700,"height":420,"url":"https:\/\/lightweb.dev\/l\/svm-temp\/wp-content\/uploads\/2022\/06\/star-du-utan-logi-har-hittar-du-lista-pa-oppna-hotell.png","type":"image\/png"}],"author":"Redaktionen SvM","twitter_card":"summary_large_image","twitter_creator":"@SvenskaMagasine","twitter_site":"@SvenskaMagasine","schema":{"@context":"https:\/\/schema.org","@graph":[{"@type":"Article","@id":"https:\/\/lightweb.dev\/l\/svm-temp\/nyheter\/star-du-utan-logi-har-hittar-du-lista-pa-oppna-hotell\/#article","isPartOf":{"@id":"https:\/\/lightweb.dev\/l\/svm-temp\/nyheter\/star-du-utan-logi-har-hittar-du-lista-pa-oppna-hotell\/"},"author":{"name":"Redaktionen SvM","@id":"https:\/\/lightweb.dev\/l\/svm-temp\/#\/schema\/person\/206a3bda5b607b0c25e1749191e4d837"},"headline":"St\u00e5r du utan logi? \u2013 H\u00e4r hittar du lista p\u00e5 \u00f6ppna hotell","datePublished":"2020-03-24T23:00:00+00:00","mainEntityOfPage":{"@id":"https:\/\/lightweb.dev\/l\/svm-temp\/nyheter\/star-du-utan-logi-har-hittar-du-lista-pa-oppna-hotell\/"},"wordCount":205,"commentCount":0,"publisher":{"@id":"https:\/\/lightweb.dev\/l\/svm-temp\/#organization"},"image":{"@id":"https:\/\/lightweb.dev\/l\/svm-temp\/nyheter\/star-du-utan-logi-har-hittar-du-lista-pa-oppna-hotell\/#primaryimage"},"thumbnailUrl":"https:\/\/lightweb.dev\/l\/svm-temp\/wp-content\/uploads\/2022\/06\/star-du-utan-logi-har-hittar-du-lista-pa-oppna-hotell.png","articleSection":["Arkiv","Nyheter"],"inLanguage":"sv-SE"},{"@type":"WebPage","@id":"https:\/\/lightweb.dev\/l\/svm-temp\/nyheter\/star-du-utan-logi-har-hittar-du-lista-pa-oppna-hotell\/","url":"https:\/\/lightweb.dev\/l\/svm-temp\/nyheter\/star-du-utan-logi-har-hittar-du-lista-pa-oppna-hotell\/","name":"St\u00e5r du utan logi? \u2013 H\u00e4r hittar du lista p\u00e5 \u00f6ppna hotell - Svenska Magasinet","isPartOf":{"@id":"https:\/\/lightweb.dev\/l\/svm-temp\/#website"},"primaryImageOfPage":{"@id":"https:\/\/lightweb.dev\/l\/svm-temp\/nyheter\/star-du-utan-logi-har-hittar-du-lista-pa-oppna-hotell\/#primaryimage"},"image":{"@id":"https:\/\/lightweb.dev\/l\/svm-temp\/nyheter\/star-du-utan-logi-har-hittar-du-lista-pa-oppna-hotell\/#primaryimage"},"thumbnailUrl":"https:\/\/lightweb.dev\/l\/svm-temp\/wp-content\/uploads\/2022\/06\/star-du-utan-logi-har-hittar-du-lista-pa-oppna-hotell.png","datePublished":"2020-03-24T23:00:00+00:00","breadcrumb":{"@id":"https:\/\/lightweb.dev\/l\/svm-temp\/nyheter\/star-du-utan-logi-har-hittar-du-lista-pa-oppna-hotell\/#breadcrumb"},"inLanguage":"sv-SE","potentialAction":[{"@type":"ReadAction","target":["https:\/\/lightweb.dev\/l\/svm-temp\/nyheter\/star-du-utan-logi-har-hittar-du-lista-pa-oppna-hotell\/"]}]},{"@type":"ImageObject","inLanguage":"sv-SE","@id":"https:\/\/lightweb.dev\/l\/svm-temp\/nyheter\/star-du-utan-logi-har-hittar-du-lista-pa-oppna-hotell\/#primaryimage","url":"https:\/\/lightweb.dev\/l\/svm-temp\/wp-content\/uploads\/2022\/06\/star-du-utan-logi-har-hittar-du-lista-pa-oppna-hotell.png","contentUrl":"https:\/\/lightweb.dev\/l\/svm-temp\/wp-content\/uploads\/2022\/06\/star-du-utan-logi-har-hittar-du-lista-pa-oppna-hotell.png","width":700,"height":420},{"@type":"BreadcrumbList","@id":"https:\/\/lightweb.dev\/l\/svm-temp\/nyheter\/star-du-utan-logi-har-hittar-du-lista-pa-oppna-hotell\/#breadcrumb","itemListElement":[{"@type":"ListItem","position":1,"name":"Hem","item":"https:\/\/lightweb.dev\/l\/svm-temp\/"},{"@type":"ListItem","position":2,"name":"St\u00e5r du utan logi? \u2013 H\u00e4r hittar du lista p\u00e5 \u00f6ppna hotell"}]},{"@type":"WebSite","@id":"https:\/\/lightweb.dev\/l\/svm-temp\/#website","url":"https:\/\/lightweb.dev\/l\/svm-temp\/","name":"Svenska Magasinet","description":"Dina Spanska nyheter p&aring; Svenska","publisher":{"@id":"https:\/\/lightweb.dev\/l\/svm-temp\/#organization"},"potentialAction":[{"@type":"SearchAction","target":{"@type":"EntryPoint","urlTemplate":"https:\/\/lightweb.dev\/l\/svm-temp\/?s={search_term_string}"},"query-input":{"@type":"PropertyValueSpecification","valueRequired":true,"valueName":"search_term_string"}}],"inLanguage":"sv-SE"},{"@type":"Organization","@id":"https:\/\/lightweb.dev\/l\/svm-temp\/#organization","name":"Melkerson y Nott SL","alternateName":"Svenska Magasinet","url":"https:\/\/lightweb.dev\/l\/svm-temp\/","logo":{"@type":"ImageObject","inLanguage":"sv-SE","@id":"https:\/\/lightweb.dev\/l\/svm-temp\/#\/schema\/logo\/image\/","url":"https:\/\/lightweb.dev\/l\/svm-temp\/wp-content\/uploads\/2025\/02\/SvM-logo-Xtra-Centrerad-SVART.png","contentUrl":"https:\/\/lightweb.dev\/l\/svm-temp\/wp-content\/uploads\/2025\/02\/SvM-logo-Xtra-Centrerad-SVART.png","width":300,"height":99,"caption":"Melkerson y Nott SL"},"image":{"@id":"https:\/\/lightweb.dev\/l\/svm-temp\/#\/schema\/logo\/image\/"},"sameAs":["https:\/\/www.facebook.com\/svenskamagasinet","https:\/\/x.com\/SvenskaMagasine"]},{"@type":"Person","@id":"https:\/\/lightweb.dev\/l\/svm-temp\/#\/schema\/person\/206a3bda5b607b0c25e1749191e4d837","name":"Redaktionen SvM","description":"Redaktionen","sameAs":["https:\/\/lightweb.dev\/l\/svm-temp"],"url":"https:\/\/lightweb.dev\/l\/svm-temp\/reporter\/redaktionen\/"}]}},"_links":{"self":[{"href":"https:\/\/lightweb.dev\/l\/svm-temp\/wp-json\/wp\/v2\/posts\/14545","targetHints":{"allow":["GET"]}}],"collection":[{"href":"https:\/\/lightweb.dev\/l\/svm-temp\/wp-json\/wp\/v2\/posts"}],"about":[{"href":"https:\/\/lightweb.dev\/l\/svm-temp\/wp-json\/wp\/v2\/types\/post"}],"author":[{"embeddable":true,"href":"https:\/\/lightweb.dev\/l\/svm-temp\/wp-json\/wp\/v2\/users\/8"}],"replies":[{"embeddable":true,"href":"https:\/\/lightweb.dev\/l\/svm-temp\/wp-json\/wp\/v2\/comments?post=14545"}],"version-history":[{"count":0,"href":"https:\/\/lightweb.dev\/l\/svm-temp\/wp-json\/wp\/v2\/posts\/14545\/revisions"}],"wp:featuredmedia":[{"embeddable":true,"href":"https:\/\/lightweb.dev\/l\/svm-temp\/wp-json\/wp\/v2\/media\/14546"}],"wp:attachment":[{"href":"https:\/\/lightweb.dev\/l\/svm-temp\/wp-json\/wp\/v2\/media?parent=14545"}],"wp:term":[{"taxonomy":"category","embeddable":true,"href":"https:\/\/lightweb.dev\/l\/svm-temp\/wp-json\/wp\/v2\/categories?post=14545"},{"taxonomy":"post_tag","embeddable":true,"href":"https:\/\/lightweb.dev\/l\/svm-temp\/wp-json\/wp\/v2\/tags?post=14545"}],"curies":[{"name":"wp","href":"https:\/\/api.w.org\/{rel}","templated":true}]}}