{"id":14547,"date":"2020-03-24T00:00:00","date_gmt":"2020-03-23T23:00:00","guid":{"rendered":"https:\/\/lightweb.dev\/l\/svm-temp\/nyheter\/andrade-oppettider-vid-livsmedelskedjor\/"},"modified":"2020-03-24T00:00:00","modified_gmt":"2020-03-23T23:00:00","slug":"andrade-oppettider-vid-livsmedelskedjor","status":"publish","type":"post","link":"https:\/\/lightweb.dev\/l\/svm-temp\/nyheter\/andrade-oppettider-vid-livsmedelskedjor\/","title":{"rendered":"\u00c4ndrade \u00f6ppettider vid livsmedelskedjor"},"content":{"rendered":"<p> I samband med det utlysta nationella n\u00f6dl\u00e4get s\u00e5 har \u00f6ppettider och s\u00e4kerheten f\u00f6r\u00e4ndras n\u00e5got vid de stora livsmedelskedjorna. Observera att f\u00f6rsiktighets\u00e5tg\u00e4rder har vidtagits f\u00f6r att begr\u00e4nsa antalet kunder f\u00f6r att undvika eventuell smittspridning i samtliga butiker. Det g\u00e4ller \u00e4ven att h\u00e5lla avst\u00e5nd till \u00f6vriga bes\u00f6kare.<\/p>\n<p>S\u00e5 h\u00e4r \u00e4r l\u00e4get just nu vid de stora livsmedelsbutikerna:<\/p>\n<p>Mercadona<br \/>\n\u00d6ppet mellan klockan 9 och 19. \u00c4ldre, personer med funktionshinder och nedsatt r\u00f6rlighet och gravida kvinnor prioriteras.<\/p>\n<p>El Corte Ingl\u00e9s<br \/>\nSupercor och Hipercor h\u00e5ller \u00f6ppet mellan klockan 10 och 20 m\u00e5ndagar till l\u00f6rdagar, och 11 till 20 p\u00e5 s\u00f6ndagar och helgdagar. El Corte Ingl\u00e9s har \u00e4ven shopping online p\u00e5 901 930 930.<br \/>\nEl Corte Ingl\u00e9s st\u00f6der \u00e4ven sjukhuspersonal med en speciell tj\u00e4nst d\u00e5 matvaror levereras till deras bostad.<\/p>\n<p>Carrefour<br \/>\nCarrefour h\u00e5ller \u00f6ppet mellan klockan 9.00 till 21. Carrefour h\u00e5ller med eng\u00e5ngshandskar och munskydd samt desinfektion.<\/p>\n<p>Dia<br \/>\nMatkedjan Dia h\u00e5ller \u00f6ppet mellan klockan 10 till 20.<\/p>\n<p>Lidl<br \/>\nH\u00e5ller \u00f6ppet fram till klockan 20 mot normala klockan 21. Endast 50 bes\u00f6kare kommer in \u00e5t g\u00e5ngen. Endast en person per hush\u00e5ll f\u00e5r bes\u00f6ka Lidl.<\/p>\n<p>Consum<br \/>\nConsum h\u00e5ller \u00f6ppet mellan klockan 10 till 20. H\u00e4r f\u00e5r kunderna bara k\u00f6pa sex paket av samma vara.<\/p>\n<p>Aldi<br \/>\nH\u00e5ller \u00f6ppet mellan klockan 9 till 20 med max 50 kunder i butiken.<\/p>\n","protected":false},"excerpt":{"rendered":"<p>I samband med det utlysta nationella n\u00f6dl\u00e4get s\u00e5 har \u00f6ppettider och s\u00e4kerheten f\u00f6r\u00e4ndras n\u00e5got vid de stora livsmedelskedjorna. Observera att f\u00f6rsiktighets\u00e5tg\u00e4rder har vidtagits f\u00f6r att begr\u00e4nsa antalet kunder f\u00f6r att undvika eventuell smittspridning i samtliga butiker. Det g\u00e4ller \u00e4ven att h\u00e5lla avst\u00e5nd till \u00f6vriga bes\u00f6kare. S\u00e5 h\u00e4r \u00e4r l\u00e4get just nu vid de stora livsmedelsbutikerna: [&hellip;]<\/p>\n","protected":false},"author":8,"featured_media":14548,"comment_status":"open","ping_status":"open","sticky":false,"template":"","format":"standard","meta":{"_et_pb_use_builder":"","_et_pb_old_content":"","_et_gb_content_width":"","footnotes":""},"categories":[395,3],"tags":[],"class_list":["post-14547","post","type-post","status-publish","format-standard","has-post-thumbnail","hentry","category-arkiv-nyheter","category-nyheter"],"yoast_head":"<!-- This site is optimized with the Yoast SEO Premium plugin v26.2 (Yoast SEO v28.2) - https:\/\/yoast.com\/product\/yoast-seo-premium-wordpress\/ -->\n<title>\u00c4ndrade \u00f6ppettider vid livsmedelskedjor - Svenska Magasinet<\/title>\n<meta name=\"robots\" content=\"noindex, follow, max-snippet:-1, max-image-preview:large, max-video-preview:-1\" \/>\n<meta property=\"og:locale\" content=\"sv_SE\" \/>\n<meta property=\"og:type\" content=\"article\" \/>\n<meta property=\"og:title\" content=\"\u00c4ndrade \u00f6ppettider vid livsmedelskedjor\" \/>\n<meta property=\"og:description\" content=\"I samband med det utlysta nationella n\u00f6dl\u00e4get s\u00e5 har \u00f6ppettider och s\u00e4kerheten f\u00f6r\u00e4ndras n\u00e5got vid de stora livsmedelskedjorna. Observera att f\u00f6rsiktighets\u00e5tg\u00e4rder har vidtagits f\u00f6r att begr\u00e4nsa antalet kunder f\u00f6r att undvika eventuell smittspridning i samtliga butiker. Det g\u00e4ller \u00e4ven att h\u00e5lla avst\u00e5nd till \u00f6vriga bes\u00f6kare. S\u00e5 h\u00e4r \u00e4r l\u00e4get just nu vid de stora livsmedelsbutikerna: [&hellip;]\" \/>\n<meta property=\"og:url\" content=\"https:\/\/lightweb.dev\/l\/svm-temp\/nyheter\/andrade-oppettider-vid-livsmedelskedjor\/\" \/>\n<meta property=\"og:site_name\" content=\"Svenska Magasinet\" \/>\n<meta property=\"article:publisher\" content=\"https:\/\/www.facebook.com\/svenskamagasinet\" \/>\n<meta property=\"article:published_time\" content=\"2020-03-23T23:00:00+00:00\" \/>\n<meta property=\"og:image\" content=\"https:\/\/lightweb.dev\/l\/svm-temp\/wp-content\/uploads\/2022\/06\/andrade-oppettider-vid-livsmedelskedjor.png\" \/>\n\t<meta property=\"og:image:width\" content=\"700\" \/>\n\t<meta property=\"og:image:height\" content=\"420\" \/>\n\t<meta property=\"og:image:type\" content=\"image\/png\" \/>\n<meta name=\"author\" content=\"Redaktionen SvM\" \/>\n<meta name=\"twitter:card\" content=\"summary_large_image\" \/>\n<meta name=\"twitter:creator\" content=\"@SvenskaMagasine\" \/>\n<meta name=\"twitter:site\" content=\"@SvenskaMagasine\" \/>\n<script type=\"application\/ld+json\" class=\"yoast-schema-graph\">{\"@context\":\"https:\\\/\\\/schema.org\",\"@graph\":[{\"@type\":\"Article\",\"@id\":\"https:\\\/\\\/lightweb.dev\\\/l\\\/svm-temp\\\/nyheter\\\/andrade-oppettider-vid-livsmedelskedjor\\\/#article\",\"isPartOf\":{\"@id\":\"https:\\\/\\\/lightweb.dev\\\/l\\\/svm-temp\\\/nyheter\\\/andrade-oppettider-vid-livsmedelskedjor\\\/\"},\"author\":{\"name\":\"Redaktionen SvM\",\"@id\":\"https:\\\/\\\/lightweb.dev\\\/l\\\/svm-temp\\\/#\\\/schema\\\/person\\\/206a3bda5b607b0c25e1749191e4d837\"},\"headline\":\"\u00c4ndrade \u00f6ppettider vid livsmedelskedjor\",\"datePublished\":\"2020-03-23T23:00:00+00:00\",\"mainEntityOfPage\":{\"@id\":\"https:\\\/\\\/lightweb.dev\\\/l\\\/svm-temp\\\/nyheter\\\/andrade-oppettider-vid-livsmedelskedjor\\\/\"},\"wordCount\":236,\"commentCount\":0,\"publisher\":{\"@id\":\"https:\\\/\\\/lightweb.dev\\\/l\\\/svm-temp\\\/#organization\"},\"image\":{\"@id\":\"https:\\\/\\\/lightweb.dev\\\/l\\\/svm-temp\\\/nyheter\\\/andrade-oppettider-vid-livsmedelskedjor\\\/#primaryimage\"},\"thumbnailUrl\":\"https:\\\/\\\/lightweb.dev\\\/l\\\/svm-temp\\\/wp-content\\\/uploads\\\/2022\\\/06\\\/andrade-oppettider-vid-livsmedelskedjor.png\",\"articleSection\":[\"Arkiv\",\"Nyheter\"],\"inLanguage\":\"sv-SE\"},{\"@type\":\"WebPage\",\"@id\":\"https:\\\/\\\/lightweb.dev\\\/l\\\/svm-temp\\\/nyheter\\\/andrade-oppettider-vid-livsmedelskedjor\\\/\",\"url\":\"https:\\\/\\\/lightweb.dev\\\/l\\\/svm-temp\\\/nyheter\\\/andrade-oppettider-vid-livsmedelskedjor\\\/\",\"name\":\"\u00c4ndrade \u00f6ppettider vid livsmedelskedjor - Svenska Magasinet\",\"isPartOf\":{\"@id\":\"https:\\\/\\\/lightweb.dev\\\/l\\\/svm-temp\\\/#website\"},\"primaryImageOfPage\":{\"@id\":\"https:\\\/\\\/lightweb.dev\\\/l\\\/svm-temp\\\/nyheter\\\/andrade-oppettider-vid-livsmedelskedjor\\\/#primaryimage\"},\"image\":{\"@id\":\"https:\\\/\\\/lightweb.dev\\\/l\\\/svm-temp\\\/nyheter\\\/andrade-oppettider-vid-livsmedelskedjor\\\/#primaryimage\"},\"thumbnailUrl\":\"https:\\\/\\\/lightweb.dev\\\/l\\\/svm-temp\\\/wp-content\\\/uploads\\\/2022\\\/06\\\/andrade-oppettider-vid-livsmedelskedjor.png\",\"datePublished\":\"2020-03-23T23:00:00+00:00\",\"breadcrumb\":{\"@id\":\"https:\\\/\\\/lightweb.dev\\\/l\\\/svm-temp\\\/nyheter\\\/andrade-oppettider-vid-livsmedelskedjor\\\/#breadcrumb\"},\"inLanguage\":\"sv-SE\",\"potentialAction\":[{\"@type\":\"ReadAction\",\"target\":[\"https:\\\/\\\/lightweb.dev\\\/l\\\/svm-temp\\\/nyheter\\\/andrade-oppettider-vid-livsmedelskedjor\\\/\"]}]},{\"@type\":\"ImageObject\",\"inLanguage\":\"sv-SE\",\"@id\":\"https:\\\/\\\/lightweb.dev\\\/l\\\/svm-temp\\\/nyheter\\\/andrade-oppettider-vid-livsmedelskedjor\\\/#primaryimage\",\"url\":\"https:\\\/\\\/lightweb.dev\\\/l\\\/svm-temp\\\/wp-content\\\/uploads\\\/2022\\\/06\\\/andrade-oppettider-vid-livsmedelskedjor.png\",\"contentUrl\":\"https:\\\/\\\/lightweb.dev\\\/l\\\/svm-temp\\\/wp-content\\\/uploads\\\/2022\\\/06\\\/andrade-oppettider-vid-livsmedelskedjor.png\",\"width\":700,\"height\":420},{\"@type\":\"BreadcrumbList\",\"@id\":\"https:\\\/\\\/lightweb.dev\\\/l\\\/svm-temp\\\/nyheter\\\/andrade-oppettider-vid-livsmedelskedjor\\\/#breadcrumb\",\"itemListElement\":[{\"@type\":\"ListItem\",\"position\":1,\"name\":\"Hem\",\"item\":\"https:\\\/\\\/lightweb.dev\\\/l\\\/svm-temp\\\/\"},{\"@type\":\"ListItem\",\"position\":2,\"name\":\"\u00c4ndrade \u00f6ppettider vid livsmedelskedjor\"}]},{\"@type\":\"WebSite\",\"@id\":\"https:\\\/\\\/lightweb.dev\\\/l\\\/svm-temp\\\/#website\",\"url\":\"https:\\\/\\\/lightweb.dev\\\/l\\\/svm-temp\\\/\",\"name\":\"Svenska Magasinet\",\"description\":\"Dina Spanska nyheter p&aring; Svenska\",\"publisher\":{\"@id\":\"https:\\\/\\\/lightweb.dev\\\/l\\\/svm-temp\\\/#organization\"},\"potentialAction\":[{\"@type\":\"SearchAction\",\"target\":{\"@type\":\"EntryPoint\",\"urlTemplate\":\"https:\\\/\\\/lightweb.dev\\\/l\\\/svm-temp\\\/?s={search_term_string}\"},\"query-input\":{\"@type\":\"PropertyValueSpecification\",\"valueRequired\":true,\"valueName\":\"search_term_string\"}}],\"inLanguage\":\"sv-SE\"},{\"@type\":\"Organization\",\"@id\":\"https:\\\/\\\/lightweb.dev\\\/l\\\/svm-temp\\\/#organization\",\"name\":\"Melkerson y Nott SL\",\"alternateName\":\"Svenska Magasinet\",\"url\":\"https:\\\/\\\/lightweb.dev\\\/l\\\/svm-temp\\\/\",\"logo\":{\"@type\":\"ImageObject\",\"inLanguage\":\"sv-SE\",\"@id\":\"https:\\\/\\\/lightweb.dev\\\/l\\\/svm-temp\\\/#\\\/schema\\\/logo\\\/image\\\/\",\"url\":\"https:\\\/\\\/lightweb.dev\\\/l\\\/svm-temp\\\/wp-content\\\/uploads\\\/2025\\\/02\\\/SvM-logo-Xtra-Centrerad-SVART.png\",\"contentUrl\":\"https:\\\/\\\/lightweb.dev\\\/l\\\/svm-temp\\\/wp-content\\\/uploads\\\/2025\\\/02\\\/SvM-logo-Xtra-Centrerad-SVART.png\",\"width\":300,\"height\":99,\"caption\":\"Melkerson y Nott SL\"},\"image\":{\"@id\":\"https:\\\/\\\/lightweb.dev\\\/l\\\/svm-temp\\\/#\\\/schema\\\/logo\\\/image\\\/\"},\"sameAs\":[\"https:\\\/\\\/www.facebook.com\\\/svenskamagasinet\",\"https:\\\/\\\/x.com\\\/SvenskaMagasine\"]},{\"@type\":\"Person\",\"@id\":\"https:\\\/\\\/lightweb.dev\\\/l\\\/svm-temp\\\/#\\\/schema\\\/person\\\/206a3bda5b607b0c25e1749191e4d837\",\"name\":\"Redaktionen SvM\",\"description\":\"Redaktionen\",\"sameAs\":[\"https:\\\/\\\/lightweb.dev\\\/l\\\/svm-temp\"],\"url\":\"https:\\\/\\\/lightweb.dev\\\/l\\\/svm-temp\\\/reporter\\\/redaktionen\\\/\"}]}<\/script>\n<!-- \/ Yoast SEO Premium plugin. -->","yoast_head_json":{"title":"\u00c4ndrade \u00f6ppettider vid livsmedelskedjor - Svenska Magasinet","robots":{"index":"noindex","follow":"follow","max-snippet":"max-snippet:-1","max-image-preview":"max-image-preview:large","max-video-preview":"max-video-preview:-1"},"og_locale":"sv_SE","og_type":"article","og_title":"\u00c4ndrade \u00f6ppettider vid livsmedelskedjor","og_description":"I samband med det utlysta nationella n\u00f6dl\u00e4get s\u00e5 har \u00f6ppettider och s\u00e4kerheten f\u00f6r\u00e4ndras n\u00e5got vid de stora livsmedelskedjorna. Observera att f\u00f6rsiktighets\u00e5tg\u00e4rder har vidtagits f\u00f6r att begr\u00e4nsa antalet kunder f\u00f6r att undvika eventuell smittspridning i samtliga butiker. Det g\u00e4ller \u00e4ven att h\u00e5lla avst\u00e5nd till \u00f6vriga bes\u00f6kare. S\u00e5 h\u00e4r \u00e4r l\u00e4get just nu vid de stora livsmedelsbutikerna: [&hellip;]","og_url":"https:\/\/lightweb.dev\/l\/svm-temp\/nyheter\/andrade-oppettider-vid-livsmedelskedjor\/","og_site_name":"Svenska Magasinet","article_publisher":"https:\/\/www.facebook.com\/svenskamagasinet","article_published_time":"2020-03-23T23:00:00+00:00","og_image":[{"width":700,"height":420,"url":"https:\/\/lightweb.dev\/l\/svm-temp\/wp-content\/uploads\/2022\/06\/andrade-oppettider-vid-livsmedelskedjor.png","type":"image\/png"}],"author":"Redaktionen SvM","twitter_card":"summary_large_image","twitter_creator":"@SvenskaMagasine","twitter_site":"@SvenskaMagasine","schema":{"@context":"https:\/\/schema.org","@graph":[{"@type":"Article","@id":"https:\/\/lightweb.dev\/l\/svm-temp\/nyheter\/andrade-oppettider-vid-livsmedelskedjor\/#article","isPartOf":{"@id":"https:\/\/lightweb.dev\/l\/svm-temp\/nyheter\/andrade-oppettider-vid-livsmedelskedjor\/"},"author":{"name":"Redaktionen SvM","@id":"https:\/\/lightweb.dev\/l\/svm-temp\/#\/schema\/person\/206a3bda5b607b0c25e1749191e4d837"},"headline":"\u00c4ndrade \u00f6ppettider vid livsmedelskedjor","datePublished":"2020-03-23T23:00:00+00:00","mainEntityOfPage":{"@id":"https:\/\/lightweb.dev\/l\/svm-temp\/nyheter\/andrade-oppettider-vid-livsmedelskedjor\/"},"wordCount":236,"commentCount":0,"publisher":{"@id":"https:\/\/lightweb.dev\/l\/svm-temp\/#organization"},"image":{"@id":"https:\/\/lightweb.dev\/l\/svm-temp\/nyheter\/andrade-oppettider-vid-livsmedelskedjor\/#primaryimage"},"thumbnailUrl":"https:\/\/lightweb.dev\/l\/svm-temp\/wp-content\/uploads\/2022\/06\/andrade-oppettider-vid-livsmedelskedjor.png","articleSection":["Arkiv","Nyheter"],"inLanguage":"sv-SE"},{"@type":"WebPage","@id":"https:\/\/lightweb.dev\/l\/svm-temp\/nyheter\/andrade-oppettider-vid-livsmedelskedjor\/","url":"https:\/\/lightweb.dev\/l\/svm-temp\/nyheter\/andrade-oppettider-vid-livsmedelskedjor\/","name":"\u00c4ndrade \u00f6ppettider vid livsmedelskedjor - Svenska Magasinet","isPartOf":{"@id":"https:\/\/lightweb.dev\/l\/svm-temp\/#website"},"primaryImageOfPage":{"@id":"https:\/\/lightweb.dev\/l\/svm-temp\/nyheter\/andrade-oppettider-vid-livsmedelskedjor\/#primaryimage"},"image":{"@id":"https:\/\/lightweb.dev\/l\/svm-temp\/nyheter\/andrade-oppettider-vid-livsmedelskedjor\/#primaryimage"},"thumbnailUrl":"https:\/\/lightweb.dev\/l\/svm-temp\/wp-content\/uploads\/2022\/06\/andrade-oppettider-vid-livsmedelskedjor.png","datePublished":"2020-03-23T23:00:00+00:00","breadcrumb":{"@id":"https:\/\/lightweb.dev\/l\/svm-temp\/nyheter\/andrade-oppettider-vid-livsmedelskedjor\/#breadcrumb"},"inLanguage":"sv-SE","potentialAction":[{"@type":"ReadAction","target":["https:\/\/lightweb.dev\/l\/svm-temp\/nyheter\/andrade-oppettider-vid-livsmedelskedjor\/"]}]},{"@type":"ImageObject","inLanguage":"sv-SE","@id":"https:\/\/lightweb.dev\/l\/svm-temp\/nyheter\/andrade-oppettider-vid-livsmedelskedjor\/#primaryimage","url":"https:\/\/lightweb.dev\/l\/svm-temp\/wp-content\/uploads\/2022\/06\/andrade-oppettider-vid-livsmedelskedjor.png","contentUrl":"https:\/\/lightweb.dev\/l\/svm-temp\/wp-content\/uploads\/2022\/06\/andrade-oppettider-vid-livsmedelskedjor.png","width":700,"height":420},{"@type":"BreadcrumbList","@id":"https:\/\/lightweb.dev\/l\/svm-temp\/nyheter\/andrade-oppettider-vid-livsmedelskedjor\/#breadcrumb","itemListElement":[{"@type":"ListItem","position":1,"name":"Hem","item":"https:\/\/lightweb.dev\/l\/svm-temp\/"},{"@type":"ListItem","position":2,"name":"\u00c4ndrade \u00f6ppettider vid livsmedelskedjor"}]},{"@type":"WebSite","@id":"https:\/\/lightweb.dev\/l\/svm-temp\/#website","url":"https:\/\/lightweb.dev\/l\/svm-temp\/","name":"Svenska Magasinet","description":"Dina Spanska nyheter p&aring; Svenska","publisher":{"@id":"https:\/\/lightweb.dev\/l\/svm-temp\/#organization"},"potentialAction":[{"@type":"SearchAction","target":{"@type":"EntryPoint","urlTemplate":"https:\/\/lightweb.dev\/l\/svm-temp\/?s={search_term_string}"},"query-input":{"@type":"PropertyValueSpecification","valueRequired":true,"valueName":"search_term_string"}}],"inLanguage":"sv-SE"},{"@type":"Organization","@id":"https:\/\/lightweb.dev\/l\/svm-temp\/#organization","name":"Melkerson y Nott SL","alternateName":"Svenska Magasinet","url":"https:\/\/lightweb.dev\/l\/svm-temp\/","logo":{"@type":"ImageObject","inLanguage":"sv-SE","@id":"https:\/\/lightweb.dev\/l\/svm-temp\/#\/schema\/logo\/image\/","url":"https:\/\/lightweb.dev\/l\/svm-temp\/wp-content\/uploads\/2025\/02\/SvM-logo-Xtra-Centrerad-SVART.png","contentUrl":"https:\/\/lightweb.dev\/l\/svm-temp\/wp-content\/uploads\/2025\/02\/SvM-logo-Xtra-Centrerad-SVART.png","width":300,"height":99,"caption":"Melkerson y Nott SL"},"image":{"@id":"https:\/\/lightweb.dev\/l\/svm-temp\/#\/schema\/logo\/image\/"},"sameAs":["https:\/\/www.facebook.com\/svenskamagasinet","https:\/\/x.com\/SvenskaMagasine"]},{"@type":"Person","@id":"https:\/\/lightweb.dev\/l\/svm-temp\/#\/schema\/person\/206a3bda5b607b0c25e1749191e4d837","name":"Redaktionen SvM","description":"Redaktionen","sameAs":["https:\/\/lightweb.dev\/l\/svm-temp"],"url":"https:\/\/lightweb.dev\/l\/svm-temp\/reporter\/redaktionen\/"}]}},"_links":{"self":[{"href":"https:\/\/lightweb.dev\/l\/svm-temp\/wp-json\/wp\/v2\/posts\/14547","targetHints":{"allow":["GET"]}}],"collection":[{"href":"https:\/\/lightweb.dev\/l\/svm-temp\/wp-json\/wp\/v2\/posts"}],"about":[{"href":"https:\/\/lightweb.dev\/l\/svm-temp\/wp-json\/wp\/v2\/types\/post"}],"author":[{"embeddable":true,"href":"https:\/\/lightweb.dev\/l\/svm-temp\/wp-json\/wp\/v2\/users\/8"}],"replies":[{"embeddable":true,"href":"https:\/\/lightweb.dev\/l\/svm-temp\/wp-json\/wp\/v2\/comments?post=14547"}],"version-history":[{"count":0,"href":"https:\/\/lightweb.dev\/l\/svm-temp\/wp-json\/wp\/v2\/posts\/14547\/revisions"}],"wp:featuredmedia":[{"embeddable":true,"href":"https:\/\/lightweb.dev\/l\/svm-temp\/wp-json\/wp\/v2\/media\/14548"}],"wp:attachment":[{"href":"https:\/\/lightweb.dev\/l\/svm-temp\/wp-json\/wp\/v2\/media?parent=14547"}],"wp:term":[{"taxonomy":"category","embeddable":true,"href":"https:\/\/lightweb.dev\/l\/svm-temp\/wp-json\/wp\/v2\/categories?post=14547"},{"taxonomy":"post_tag","embeddable":true,"href":"https:\/\/lightweb.dev\/l\/svm-temp\/wp-json\/wp\/v2\/tags?post=14547"}],"curies":[{"name":"wp","href":"https:\/\/api.w.org\/{rel}","templated":true}]}}