{"id":14549,"date":"2020-03-24T00:00:00","date_gmt":"2020-03-23T23:00:00","guid":{"rendered":"https:\/\/lightweb.dev\/l\/svm-temp\/nyheter\/individbaserat-volontarstod-viktigt-vid-kristider\/"},"modified":"2020-03-24T00:00:00","modified_gmt":"2020-03-23T23:00:00","slug":"individbaserat-volontarstod-viktigt-vid-kristider","status":"publish","type":"post","link":"https:\/\/lightweb.dev\/l\/svm-temp\/nyheter\/individbaserat-volontarstod-viktigt-vid-kristider\/","title":{"rendered":"Individbaserat volont\u00e4rst\u00f6d viktigt vid kristider"},"content":{"rendered":"<p> Vi h\u00e5ller kontakt med de volont\u00e4rer som \u00e4r registrerade. Det \u00e4r en organisation som finns h\u00e4r och som best\u00e5r av svenskar som h\u00e5ller kontakt med sociala myndigheter. Det \u00e4r ett samh\u00e4llsst\u00f6d och krisst\u00f6d i just den tiden vi upplever nu, s\u00e4ger Maria Starborg, Assistent i f\u00f6rsamlingsarbete, som varit p\u00e5 Solkusten sedan 2 januari. Svenska Magasinet har talat med Maria Starborg som ber\u00e4ttar om det kontaktn\u00e4t som sedan tidigare har blivit upparbetat under lugna tider och som fungerar vid kriser. Svenska kyrkan tar emot samtal fr\u00e5n de som \u00f6nskar ha n\u00e5gon att prata med.<\/p>\n<p>&#8211; Vi har s\u00e4kerst\u00e4llt att det finns s\u00e4kra kanaler och volont\u00e4rer som arbetar hemifr\u00e5n. Det g\u00e4ller akuthj\u00e4lp, matdistribution, bes\u00f6k och h\u00e4mtning vid apotek d\u00e4r ombud har med personens id eller pass.<\/p>\n<p>Nyligen \u00f6ppnade Svenska kyrkan en ny sida p\u00e5 n\u00e4tet med namnet \u201dKyrka p\u00e5 n\u00e4tet\u201d.<br \/>\n&#8211; Vi kommer fram\u00f6ver att ut\u00f6ka med en familj och relationssida. Det kan uppst\u00e5 sp\u00e4nningar p\u00e5 hemmaplan n\u00e4r familjen \u00e4r satt i karant\u00e4n och vistas hemma dygnet runt, f\u00f6rklarar Maria Starborg och till\u00e4gger att de kommer att l\u00e4gga upp olika tips fram\u00f6ver.<\/p>\n<p>De registrerade volont\u00e4rerna vet hur de ska skydda dem som de hj\u00e4lper och \u00e4ven skydda sig sj\u00e4lva. Informationen och utbildningen grundar sig p\u00e5 R\u00f6da korset rekommendationer.<\/p>\n<p>Under karant\u00e4ntiden beh\u00f6vs volont\u00e4rer och kommunerna vill att vi anm\u00e4ler oss individuellt som volont\u00e4rer. Du kan h\u00f6ra av dig till din kommun eller till R\u00f6da korset s\u00e5 kan du f\u00e5 hj\u00e4lpa till d\u00e4r.<\/p>\n<p>Efter Svenska Magasinets text under g\u00e5rdagen om att \u00e4ven journalister liksom volont\u00e4rer beh\u00f6ver st\u00f6d kontaktade Maria Starborg redaktionen.<\/p>\n<p>\u201dMed anledning av den uppdatering som kom 16:05 fr\u00e5n er med rubriken om skydd f\u00f6r journalister s\u00e5 g\u00f6r vi oss nu beredda att ta emot samtal fr\u00e5n journalister f\u00f6r st\u00f6dsamtal. Ni liksom volont\u00e4rer kommer troligen att f\u00e5 se h\u00e4ndelser fram\u00f6ver som \u00e4r sv\u00e5ra, och som ingen borde beh\u00f6va f\u00e5 se. Vi st\u00e5r till ert f\u00f6rfogande\u201d.<\/p>\n<p>&#8211; M\u00e5nga grupper som arbetar n\u00e4ra inp\u00e5 coronakrisen f\u00e5r se och h\u00f6ra saker som \u00e4r jobbiga och stressfyllda. Och vi finns till \u00e4ven f\u00f6r denna yrkesgrupp, s\u00e4ger Maria Starborg, Assistent i f\u00f6rsamlingsarbete.<\/p>\n<p>F\u00f6r akuta \u00e4renden kontakta t f kyrkoherden Tuulikki Bylund p\u00e5 643 384 725<\/p>\n","protected":false},"excerpt":{"rendered":"<p>Vi h\u00e5ller kontakt med de volont\u00e4rer som \u00e4r registrerade. Det \u00e4r en organisation som finns h\u00e4r och som best\u00e5r av svenskar som h\u00e5ller kontakt med sociala myndigheter. Det \u00e4r ett samh\u00e4llsst\u00f6d och krisst\u00f6d i just den tiden vi upplever nu, s\u00e4ger Maria Starborg, Assistent i f\u00f6rsamlingsarbete, som varit p\u00e5 Solkusten sedan 2 januari. Svenska Magasinet [&hellip;]<\/p>\n","protected":false},"author":8,"featured_media":14550,"comment_status":"open","ping_status":"open","sticky":false,"template":"","format":"standard","meta":{"_et_pb_use_builder":"","_et_pb_old_content":"","_et_gb_content_width":"","footnotes":""},"categories":[395,3],"tags":[],"class_list":["post-14549","post","type-post","status-publish","format-standard","has-post-thumbnail","hentry","category-arkiv-nyheter","category-nyheter"],"yoast_head":"<!-- This site is optimized with the Yoast SEO Premium plugin v26.2 (Yoast SEO v28.2) - https:\/\/yoast.com\/product\/yoast-seo-premium-wordpress\/ -->\n<title>Individbaserat volont\u00e4rst\u00f6d viktigt vid kristider - Svenska Magasinet<\/title>\n<meta name=\"robots\" content=\"noindex, follow, max-snippet:-1, max-image-preview:large, max-video-preview:-1\" \/>\n<meta property=\"og:locale\" content=\"sv_SE\" \/>\n<meta property=\"og:type\" content=\"article\" \/>\n<meta property=\"og:title\" content=\"Individbaserat volont\u00e4rst\u00f6d viktigt vid kristider\" \/>\n<meta property=\"og:description\" content=\"Vi h\u00e5ller kontakt med de volont\u00e4rer som \u00e4r registrerade. Det \u00e4r en organisation som finns h\u00e4r och som best\u00e5r av svenskar som h\u00e5ller kontakt med sociala myndigheter. Det \u00e4r ett samh\u00e4llsst\u00f6d och krisst\u00f6d i just den tiden vi upplever nu, s\u00e4ger Maria Starborg, Assistent i f\u00f6rsamlingsarbete, som varit p\u00e5 Solkusten sedan 2 januari. Svenska Magasinet [&hellip;]\" \/>\n<meta property=\"og:url\" content=\"https:\/\/lightweb.dev\/l\/svm-temp\/nyheter\/individbaserat-volontarstod-viktigt-vid-kristider\/\" \/>\n<meta property=\"og:site_name\" content=\"Svenska Magasinet\" \/>\n<meta property=\"article:publisher\" content=\"https:\/\/www.facebook.com\/svenskamagasinet\" \/>\n<meta property=\"article:published_time\" content=\"2020-03-23T23:00:00+00:00\" \/>\n<meta property=\"og:image\" content=\"https:\/\/lightweb.dev\/l\/svm-temp\/wp-content\/uploads\/2022\/06\/individbaserat-volontarstod-viktigt-vid-kristider.png\" \/>\n\t<meta property=\"og:image:width\" content=\"700\" \/>\n\t<meta property=\"og:image:height\" content=\"420\" \/>\n\t<meta property=\"og:image:type\" content=\"image\/png\" \/>\n<meta name=\"author\" content=\"Redaktionen SvM\" \/>\n<meta name=\"twitter:card\" content=\"summary_large_image\" \/>\n<meta name=\"twitter:creator\" content=\"@SvenskaMagasine\" \/>\n<meta name=\"twitter:site\" content=\"@SvenskaMagasine\" \/>\n<script type=\"application\/ld+json\" class=\"yoast-schema-graph\">{\"@context\":\"https:\\\/\\\/schema.org\",\"@graph\":[{\"@type\":\"Article\",\"@id\":\"https:\\\/\\\/lightweb.dev\\\/l\\\/svm-temp\\\/nyheter\\\/individbaserat-volontarstod-viktigt-vid-kristider\\\/#article\",\"isPartOf\":{\"@id\":\"https:\\\/\\\/lightweb.dev\\\/l\\\/svm-temp\\\/nyheter\\\/individbaserat-volontarstod-viktigt-vid-kristider\\\/\"},\"author\":{\"name\":\"Redaktionen SvM\",\"@id\":\"https:\\\/\\\/lightweb.dev\\\/l\\\/svm-temp\\\/#\\\/schema\\\/person\\\/206a3bda5b607b0c25e1749191e4d837\"},\"headline\":\"Individbaserat volont\u00e4rst\u00f6d viktigt vid kristider\",\"datePublished\":\"2020-03-23T23:00:00+00:00\",\"mainEntityOfPage\":{\"@id\":\"https:\\\/\\\/lightweb.dev\\\/l\\\/svm-temp\\\/nyheter\\\/individbaserat-volontarstod-viktigt-vid-kristider\\\/\"},\"wordCount\":432,\"commentCount\":0,\"publisher\":{\"@id\":\"https:\\\/\\\/lightweb.dev\\\/l\\\/svm-temp\\\/#organization\"},\"image\":{\"@id\":\"https:\\\/\\\/lightweb.dev\\\/l\\\/svm-temp\\\/nyheter\\\/individbaserat-volontarstod-viktigt-vid-kristider\\\/#primaryimage\"},\"thumbnailUrl\":\"https:\\\/\\\/lightweb.dev\\\/l\\\/svm-temp\\\/wp-content\\\/uploads\\\/2022\\\/06\\\/individbaserat-volontarstod-viktigt-vid-kristider.png\",\"articleSection\":[\"Arkiv\",\"Nyheter\"],\"inLanguage\":\"sv-SE\"},{\"@type\":\"WebPage\",\"@id\":\"https:\\\/\\\/lightweb.dev\\\/l\\\/svm-temp\\\/nyheter\\\/individbaserat-volontarstod-viktigt-vid-kristider\\\/\",\"url\":\"https:\\\/\\\/lightweb.dev\\\/l\\\/svm-temp\\\/nyheter\\\/individbaserat-volontarstod-viktigt-vid-kristider\\\/\",\"name\":\"Individbaserat volont\u00e4rst\u00f6d viktigt vid kristider - Svenska Magasinet\",\"isPartOf\":{\"@id\":\"https:\\\/\\\/lightweb.dev\\\/l\\\/svm-temp\\\/#website\"},\"primaryImageOfPage\":{\"@id\":\"https:\\\/\\\/lightweb.dev\\\/l\\\/svm-temp\\\/nyheter\\\/individbaserat-volontarstod-viktigt-vid-kristider\\\/#primaryimage\"},\"image\":{\"@id\":\"https:\\\/\\\/lightweb.dev\\\/l\\\/svm-temp\\\/nyheter\\\/individbaserat-volontarstod-viktigt-vid-kristider\\\/#primaryimage\"},\"thumbnailUrl\":\"https:\\\/\\\/lightweb.dev\\\/l\\\/svm-temp\\\/wp-content\\\/uploads\\\/2022\\\/06\\\/individbaserat-volontarstod-viktigt-vid-kristider.png\",\"datePublished\":\"2020-03-23T23:00:00+00:00\",\"breadcrumb\":{\"@id\":\"https:\\\/\\\/lightweb.dev\\\/l\\\/svm-temp\\\/nyheter\\\/individbaserat-volontarstod-viktigt-vid-kristider\\\/#breadcrumb\"},\"inLanguage\":\"sv-SE\",\"potentialAction\":[{\"@type\":\"ReadAction\",\"target\":[\"https:\\\/\\\/lightweb.dev\\\/l\\\/svm-temp\\\/nyheter\\\/individbaserat-volontarstod-viktigt-vid-kristider\\\/\"]}]},{\"@type\":\"ImageObject\",\"inLanguage\":\"sv-SE\",\"@id\":\"https:\\\/\\\/lightweb.dev\\\/l\\\/svm-temp\\\/nyheter\\\/individbaserat-volontarstod-viktigt-vid-kristider\\\/#primaryimage\",\"url\":\"https:\\\/\\\/lightweb.dev\\\/l\\\/svm-temp\\\/wp-content\\\/uploads\\\/2022\\\/06\\\/individbaserat-volontarstod-viktigt-vid-kristider.png\",\"contentUrl\":\"https:\\\/\\\/lightweb.dev\\\/l\\\/svm-temp\\\/wp-content\\\/uploads\\\/2022\\\/06\\\/individbaserat-volontarstod-viktigt-vid-kristider.png\",\"width\":700,\"height\":420},{\"@type\":\"BreadcrumbList\",\"@id\":\"https:\\\/\\\/lightweb.dev\\\/l\\\/svm-temp\\\/nyheter\\\/individbaserat-volontarstod-viktigt-vid-kristider\\\/#breadcrumb\",\"itemListElement\":[{\"@type\":\"ListItem\",\"position\":1,\"name\":\"Hem\",\"item\":\"https:\\\/\\\/lightweb.dev\\\/l\\\/svm-temp\\\/\"},{\"@type\":\"ListItem\",\"position\":2,\"name\":\"Individbaserat volont\u00e4rst\u00f6d viktigt vid kristider\"}]},{\"@type\":\"WebSite\",\"@id\":\"https:\\\/\\\/lightweb.dev\\\/l\\\/svm-temp\\\/#website\",\"url\":\"https:\\\/\\\/lightweb.dev\\\/l\\\/svm-temp\\\/\",\"name\":\"Svenska Magasinet\",\"description\":\"Dina Spanska nyheter p&aring; Svenska\",\"publisher\":{\"@id\":\"https:\\\/\\\/lightweb.dev\\\/l\\\/svm-temp\\\/#organization\"},\"potentialAction\":[{\"@type\":\"SearchAction\",\"target\":{\"@type\":\"EntryPoint\",\"urlTemplate\":\"https:\\\/\\\/lightweb.dev\\\/l\\\/svm-temp\\\/?s={search_term_string}\"},\"query-input\":{\"@type\":\"PropertyValueSpecification\",\"valueRequired\":true,\"valueName\":\"search_term_string\"}}],\"inLanguage\":\"sv-SE\"},{\"@type\":\"Organization\",\"@id\":\"https:\\\/\\\/lightweb.dev\\\/l\\\/svm-temp\\\/#organization\",\"name\":\"Melkerson y Nott SL\",\"alternateName\":\"Svenska Magasinet\",\"url\":\"https:\\\/\\\/lightweb.dev\\\/l\\\/svm-temp\\\/\",\"logo\":{\"@type\":\"ImageObject\",\"inLanguage\":\"sv-SE\",\"@id\":\"https:\\\/\\\/lightweb.dev\\\/l\\\/svm-temp\\\/#\\\/schema\\\/logo\\\/image\\\/\",\"url\":\"https:\\\/\\\/lightweb.dev\\\/l\\\/svm-temp\\\/wp-content\\\/uploads\\\/2025\\\/02\\\/SvM-logo-Xtra-Centrerad-SVART.png\",\"contentUrl\":\"https:\\\/\\\/lightweb.dev\\\/l\\\/svm-temp\\\/wp-content\\\/uploads\\\/2025\\\/02\\\/SvM-logo-Xtra-Centrerad-SVART.png\",\"width\":300,\"height\":99,\"caption\":\"Melkerson y Nott SL\"},\"image\":{\"@id\":\"https:\\\/\\\/lightweb.dev\\\/l\\\/svm-temp\\\/#\\\/schema\\\/logo\\\/image\\\/\"},\"sameAs\":[\"https:\\\/\\\/www.facebook.com\\\/svenskamagasinet\",\"https:\\\/\\\/x.com\\\/SvenskaMagasine\"]},{\"@type\":\"Person\",\"@id\":\"https:\\\/\\\/lightweb.dev\\\/l\\\/svm-temp\\\/#\\\/schema\\\/person\\\/206a3bda5b607b0c25e1749191e4d837\",\"name\":\"Redaktionen SvM\",\"description\":\"Redaktionen\",\"sameAs\":[\"https:\\\/\\\/lightweb.dev\\\/l\\\/svm-temp\"],\"url\":\"https:\\\/\\\/lightweb.dev\\\/l\\\/svm-temp\\\/reporter\\\/redaktionen\\\/\"}]}<\/script>\n<!-- \/ Yoast SEO Premium plugin. -->","yoast_head_json":{"title":"Individbaserat volont\u00e4rst\u00f6d viktigt vid kristider - Svenska Magasinet","robots":{"index":"noindex","follow":"follow","max-snippet":"max-snippet:-1","max-image-preview":"max-image-preview:large","max-video-preview":"max-video-preview:-1"},"og_locale":"sv_SE","og_type":"article","og_title":"Individbaserat volont\u00e4rst\u00f6d viktigt vid kristider","og_description":"Vi h\u00e5ller kontakt med de volont\u00e4rer som \u00e4r registrerade. Det \u00e4r en organisation som finns h\u00e4r och som best\u00e5r av svenskar som h\u00e5ller kontakt med sociala myndigheter. Det \u00e4r ett samh\u00e4llsst\u00f6d och krisst\u00f6d i just den tiden vi upplever nu, s\u00e4ger Maria Starborg, Assistent i f\u00f6rsamlingsarbete, som varit p\u00e5 Solkusten sedan 2 januari. Svenska Magasinet [&hellip;]","og_url":"https:\/\/lightweb.dev\/l\/svm-temp\/nyheter\/individbaserat-volontarstod-viktigt-vid-kristider\/","og_site_name":"Svenska Magasinet","article_publisher":"https:\/\/www.facebook.com\/svenskamagasinet","article_published_time":"2020-03-23T23:00:00+00:00","og_image":[{"width":700,"height":420,"url":"https:\/\/lightweb.dev\/l\/svm-temp\/wp-content\/uploads\/2022\/06\/individbaserat-volontarstod-viktigt-vid-kristider.png","type":"image\/png"}],"author":"Redaktionen SvM","twitter_card":"summary_large_image","twitter_creator":"@SvenskaMagasine","twitter_site":"@SvenskaMagasine","schema":{"@context":"https:\/\/schema.org","@graph":[{"@type":"Article","@id":"https:\/\/lightweb.dev\/l\/svm-temp\/nyheter\/individbaserat-volontarstod-viktigt-vid-kristider\/#article","isPartOf":{"@id":"https:\/\/lightweb.dev\/l\/svm-temp\/nyheter\/individbaserat-volontarstod-viktigt-vid-kristider\/"},"author":{"name":"Redaktionen SvM","@id":"https:\/\/lightweb.dev\/l\/svm-temp\/#\/schema\/person\/206a3bda5b607b0c25e1749191e4d837"},"headline":"Individbaserat volont\u00e4rst\u00f6d viktigt vid kristider","datePublished":"2020-03-23T23:00:00+00:00","mainEntityOfPage":{"@id":"https:\/\/lightweb.dev\/l\/svm-temp\/nyheter\/individbaserat-volontarstod-viktigt-vid-kristider\/"},"wordCount":432,"commentCount":0,"publisher":{"@id":"https:\/\/lightweb.dev\/l\/svm-temp\/#organization"},"image":{"@id":"https:\/\/lightweb.dev\/l\/svm-temp\/nyheter\/individbaserat-volontarstod-viktigt-vid-kristider\/#primaryimage"},"thumbnailUrl":"https:\/\/lightweb.dev\/l\/svm-temp\/wp-content\/uploads\/2022\/06\/individbaserat-volontarstod-viktigt-vid-kristider.png","articleSection":["Arkiv","Nyheter"],"inLanguage":"sv-SE"},{"@type":"WebPage","@id":"https:\/\/lightweb.dev\/l\/svm-temp\/nyheter\/individbaserat-volontarstod-viktigt-vid-kristider\/","url":"https:\/\/lightweb.dev\/l\/svm-temp\/nyheter\/individbaserat-volontarstod-viktigt-vid-kristider\/","name":"Individbaserat volont\u00e4rst\u00f6d viktigt vid kristider - Svenska Magasinet","isPartOf":{"@id":"https:\/\/lightweb.dev\/l\/svm-temp\/#website"},"primaryImageOfPage":{"@id":"https:\/\/lightweb.dev\/l\/svm-temp\/nyheter\/individbaserat-volontarstod-viktigt-vid-kristider\/#primaryimage"},"image":{"@id":"https:\/\/lightweb.dev\/l\/svm-temp\/nyheter\/individbaserat-volontarstod-viktigt-vid-kristider\/#primaryimage"},"thumbnailUrl":"https:\/\/lightweb.dev\/l\/svm-temp\/wp-content\/uploads\/2022\/06\/individbaserat-volontarstod-viktigt-vid-kristider.png","datePublished":"2020-03-23T23:00:00+00:00","breadcrumb":{"@id":"https:\/\/lightweb.dev\/l\/svm-temp\/nyheter\/individbaserat-volontarstod-viktigt-vid-kristider\/#breadcrumb"},"inLanguage":"sv-SE","potentialAction":[{"@type":"ReadAction","target":["https:\/\/lightweb.dev\/l\/svm-temp\/nyheter\/individbaserat-volontarstod-viktigt-vid-kristider\/"]}]},{"@type":"ImageObject","inLanguage":"sv-SE","@id":"https:\/\/lightweb.dev\/l\/svm-temp\/nyheter\/individbaserat-volontarstod-viktigt-vid-kristider\/#primaryimage","url":"https:\/\/lightweb.dev\/l\/svm-temp\/wp-content\/uploads\/2022\/06\/individbaserat-volontarstod-viktigt-vid-kristider.png","contentUrl":"https:\/\/lightweb.dev\/l\/svm-temp\/wp-content\/uploads\/2022\/06\/individbaserat-volontarstod-viktigt-vid-kristider.png","width":700,"height":420},{"@type":"BreadcrumbList","@id":"https:\/\/lightweb.dev\/l\/svm-temp\/nyheter\/individbaserat-volontarstod-viktigt-vid-kristider\/#breadcrumb","itemListElement":[{"@type":"ListItem","position":1,"name":"Hem","item":"https:\/\/lightweb.dev\/l\/svm-temp\/"},{"@type":"ListItem","position":2,"name":"Individbaserat volont\u00e4rst\u00f6d viktigt vid kristider"}]},{"@type":"WebSite","@id":"https:\/\/lightweb.dev\/l\/svm-temp\/#website","url":"https:\/\/lightweb.dev\/l\/svm-temp\/","name":"Svenska Magasinet","description":"Dina Spanska nyheter p&aring; Svenska","publisher":{"@id":"https:\/\/lightweb.dev\/l\/svm-temp\/#organization"},"potentialAction":[{"@type":"SearchAction","target":{"@type":"EntryPoint","urlTemplate":"https:\/\/lightweb.dev\/l\/svm-temp\/?s={search_term_string}"},"query-input":{"@type":"PropertyValueSpecification","valueRequired":true,"valueName":"search_term_string"}}],"inLanguage":"sv-SE"},{"@type":"Organization","@id":"https:\/\/lightweb.dev\/l\/svm-temp\/#organization","name":"Melkerson y Nott SL","alternateName":"Svenska Magasinet","url":"https:\/\/lightweb.dev\/l\/svm-temp\/","logo":{"@type":"ImageObject","inLanguage":"sv-SE","@id":"https:\/\/lightweb.dev\/l\/svm-temp\/#\/schema\/logo\/image\/","url":"https:\/\/lightweb.dev\/l\/svm-temp\/wp-content\/uploads\/2025\/02\/SvM-logo-Xtra-Centrerad-SVART.png","contentUrl":"https:\/\/lightweb.dev\/l\/svm-temp\/wp-content\/uploads\/2025\/02\/SvM-logo-Xtra-Centrerad-SVART.png","width":300,"height":99,"caption":"Melkerson y Nott SL"},"image":{"@id":"https:\/\/lightweb.dev\/l\/svm-temp\/#\/schema\/logo\/image\/"},"sameAs":["https:\/\/www.facebook.com\/svenskamagasinet","https:\/\/x.com\/SvenskaMagasine"]},{"@type":"Person","@id":"https:\/\/lightweb.dev\/l\/svm-temp\/#\/schema\/person\/206a3bda5b607b0c25e1749191e4d837","name":"Redaktionen SvM","description":"Redaktionen","sameAs":["https:\/\/lightweb.dev\/l\/svm-temp"],"url":"https:\/\/lightweb.dev\/l\/svm-temp\/reporter\/redaktionen\/"}]}},"_links":{"self":[{"href":"https:\/\/lightweb.dev\/l\/svm-temp\/wp-json\/wp\/v2\/posts\/14549","targetHints":{"allow":["GET"]}}],"collection":[{"href":"https:\/\/lightweb.dev\/l\/svm-temp\/wp-json\/wp\/v2\/posts"}],"about":[{"href":"https:\/\/lightweb.dev\/l\/svm-temp\/wp-json\/wp\/v2\/types\/post"}],"author":[{"embeddable":true,"href":"https:\/\/lightweb.dev\/l\/svm-temp\/wp-json\/wp\/v2\/users\/8"}],"replies":[{"embeddable":true,"href":"https:\/\/lightweb.dev\/l\/svm-temp\/wp-json\/wp\/v2\/comments?post=14549"}],"version-history":[{"count":0,"href":"https:\/\/lightweb.dev\/l\/svm-temp\/wp-json\/wp\/v2\/posts\/14549\/revisions"}],"wp:featuredmedia":[{"embeddable":true,"href":"https:\/\/lightweb.dev\/l\/svm-temp\/wp-json\/wp\/v2\/media\/14550"}],"wp:attachment":[{"href":"https:\/\/lightweb.dev\/l\/svm-temp\/wp-json\/wp\/v2\/media?parent=14549"}],"wp:term":[{"taxonomy":"category","embeddable":true,"href":"https:\/\/lightweb.dev\/l\/svm-temp\/wp-json\/wp\/v2\/categories?post=14549"},{"taxonomy":"post_tag","embeddable":true,"href":"https:\/\/lightweb.dev\/l\/svm-temp\/wp-json\/wp\/v2\/tags?post=14549"}],"curies":[{"name":"wp","href":"https:\/\/api.w.org\/{rel}","templated":true}]}}