{"id":14557,"date":"2020-03-23T00:00:00","date_gmt":"2020-03-22T23:00:00","guid":{"rendered":"https:\/\/lightweb.dev\/l\/svm-temp\/nyheter\/uthyrning-av-semesterbostader-stoppas\/"},"modified":"2020-03-23T00:00:00","modified_gmt":"2020-03-22T23:00:00","slug":"uthyrning-av-semesterbostader-stoppas","status":"publish","type":"post","link":"https:\/\/lightweb.dev\/l\/svm-temp\/nyheter\/uthyrning-av-semesterbostader-stoppas\/","title":{"rendered":"Uthyrning av semesterbost\u00e4der stoppas"},"content":{"rendered":"<p> Den spanska regeringen har inf\u00f6rt ett tillf\u00e4lligt stopp n\u00e4r det g\u00e4ller uthyrning av semesterbost\u00e4der i Spanien f\u00f6r att begr\u00e4nsa risken f\u00f6r turister och bes\u00f6kare kan smittas av coronaviruset. Det nya f\u00f6rbudet g\u00e4ller fr\u00e5n den 19 mars och s\u00e5 l\u00e4nge som Spanien har utlyst nationellt n\u00f6dl\u00e4ge. Under s\u00f6ndagen kom ett beslut om att den perioden f\u00f6rl\u00e4ngs till den 11 april n\u00e5got som kongressen kommer att r\u00f6sta om p\u00e5 onsdag. Beslutet v\u00e4ntas g\u00e5 igenom. Efter att den nya lagen om turistl\u00e4genheter i Andalusien inf\u00f6rdes i februari 2016 har 40.000 bost\u00e4der registrerats i provinsen M\u00e1laga. Det \u00e4r l\u00e4genheter som \u00e4r avsedda f\u00f6r semesteruthyrning p\u00e5 kortare tid upp till tre m\u00e5nader. N\u00e5got som Svenska Magasinet ber\u00e4ttade om den 10 mars.<\/p>\n<p>Det betyder att alla som hyr ut semesterbost\u00e4der har sju dagar p\u00e5 sig fr\u00e5n den 19 mars att avsluta avtalet med sina hyresg\u00e4ster. Om hyresg\u00e4sterna har bokat semesterl\u00e4genhet med utcheckning f\u00f6re 25 mars klockan 23.59 g\u00e4ller det nuvarande f\u00f6rbudet.<\/p>\n<p>F\u00f6r g\u00e4ster som enligt avtalet skulle checka ut efter den 25 mars s\u00e5 m\u00e5ste dessa l\u00e4mna sin semesterbostad senast onsdag.<\/p>\n<p>Advokat Marisa Moreno Castillo, Danmarks honor\u00e4rkonsul i Andalusien skriver att \u201dvi f\u00f6rv\u00e4ntar oss att det nya f\u00f6rbudet kommer att specificeras ytterligare. Vi kommer med en uppdatering s\u00e5 snart vi vet mer\u201d.<\/p>\n<p>Vad \u00e4r det som r\u00e4knas som semesterbostad?<\/p>\n<p>Korttid och mindre \u00e4n tre m\u00e5naders hyreskontrakt r\u00e4knas som semesterbostad, skriver Marisa Moreno Castillo till Svenska Magasinet.<\/p>\n<p>\u201dVi p\u00e5 danska konsulatet i M\u00e1laga \u00e4r i fullg\u00e5ng med att finna l\u00f6sningar till de danska medborgare som efter att hotell, campingplatser och semesterbost\u00e4der st\u00e4nger st\u00e5r utan logi p\u00e5 torsdag den 26 mars\u201d.<\/p>\n<p>\u201dVi kan informera om att vi \u00e4r i kontakt med myndigheterna f\u00f6r att finna en l\u00f6sning som f\u00f6ljer lagen. Vi ber d\u00e4rf\u00f6r danskar som skulle st\u00e5 utan logi p\u00e5 grund av de nya omst\u00e4ndigheterna att kontakta konsulatet via e-post: malaga@umgate.dk&#8221;, skriver Danmarks konsul, advokat Marisa Moreno Castillo.<\/p>\n<p>Det nya tillf\u00e4lliga f\u00f6rbudet till\u00e5ter inte nya hyresavtal (oavsett l\u00e4ngd) om hyresavtalets startdatum \u00e4r inom den period d\u00e5 Spanien st\u00e5r under nationellt n\u00f6dl\u00e4ge. Det vill s\u00e4ga fram till den 11 april i dagsl\u00e4get.<\/p>\n<p>Om den spanska regeringen f\u00f6rl\u00e4nger det nationella n\u00f6dl\u00e4get \u00e4nnu en g\u00e5ng \u00e5terst\u00e5r att se.<\/p>\n<p>Nerjas kommun var f\u00f6rutseende och skickade ut information om detta (bilden).<\/p>\n<p>(Uppdaterad 24\/3\/2020)<\/p>\n","protected":false},"excerpt":{"rendered":"<p>Den spanska regeringen har inf\u00f6rt ett tillf\u00e4lligt stopp n\u00e4r det g\u00e4ller uthyrning av semesterbost\u00e4der i Spanien f\u00f6r att begr\u00e4nsa risken f\u00f6r turister och bes\u00f6kare kan smittas av coronaviruset. Det nya f\u00f6rbudet g\u00e4ller fr\u00e5n den 19 mars och s\u00e5 l\u00e4nge som Spanien har utlyst nationellt n\u00f6dl\u00e4ge. Under s\u00f6ndagen kom ett beslut om att den perioden f\u00f6rl\u00e4ngs [&hellip;]<\/p>\n","protected":false},"author":8,"featured_media":14558,"comment_status":"open","ping_status":"open","sticky":false,"template":"","format":"standard","meta":{"_et_pb_use_builder":"","_et_pb_old_content":"","_et_gb_content_width":"","footnotes":""},"categories":[395,3],"tags":[],"class_list":["post-14557","post","type-post","status-publish","format-standard","has-post-thumbnail","hentry","category-arkiv-nyheter","category-nyheter"],"yoast_head":"<!-- This site is optimized with the Yoast SEO Premium plugin v26.2 (Yoast SEO v28.2) - https:\/\/yoast.com\/product\/yoast-seo-premium-wordpress\/ -->\n<title>Uthyrning av semesterbost\u00e4der stoppas - Svenska Magasinet<\/title>\n<meta name=\"robots\" content=\"noindex, follow, max-snippet:-1, max-image-preview:large, max-video-preview:-1\" \/>\n<meta property=\"og:locale\" content=\"sv_SE\" \/>\n<meta property=\"og:type\" content=\"article\" \/>\n<meta property=\"og:title\" content=\"Uthyrning av semesterbost\u00e4der stoppas\" \/>\n<meta property=\"og:description\" content=\"Den spanska regeringen har inf\u00f6rt ett tillf\u00e4lligt stopp n\u00e4r det g\u00e4ller uthyrning av semesterbost\u00e4der i Spanien f\u00f6r att begr\u00e4nsa risken f\u00f6r turister och bes\u00f6kare kan smittas av coronaviruset. Det nya f\u00f6rbudet g\u00e4ller fr\u00e5n den 19 mars och s\u00e5 l\u00e4nge som Spanien har utlyst nationellt n\u00f6dl\u00e4ge. Under s\u00f6ndagen kom ett beslut om att den perioden f\u00f6rl\u00e4ngs [&hellip;]\" \/>\n<meta property=\"og:url\" content=\"https:\/\/lightweb.dev\/l\/svm-temp\/nyheter\/uthyrning-av-semesterbostader-stoppas\/\" \/>\n<meta property=\"og:site_name\" content=\"Svenska Magasinet\" \/>\n<meta property=\"article:publisher\" content=\"https:\/\/www.facebook.com\/svenskamagasinet\" \/>\n<meta property=\"article:published_time\" content=\"2020-03-22T23:00:00+00:00\" \/>\n<meta property=\"og:image\" content=\"https:\/\/lightweb.dev\/l\/svm-temp\/wp-content\/uploads\/2022\/06\/uthyrning-av-semesterbostader-stoppas.png\" \/>\n\t<meta property=\"og:image:width\" content=\"700\" \/>\n\t<meta property=\"og:image:height\" content=\"421\" \/>\n\t<meta property=\"og:image:type\" content=\"image\/png\" \/>\n<meta name=\"author\" content=\"Redaktionen SvM\" \/>\n<meta name=\"twitter:card\" content=\"summary_large_image\" \/>\n<meta name=\"twitter:creator\" content=\"@SvenskaMagasine\" \/>\n<meta name=\"twitter:site\" content=\"@SvenskaMagasine\" \/>\n<script type=\"application\/ld+json\" class=\"yoast-schema-graph\">{\"@context\":\"https:\\\/\\\/schema.org\",\"@graph\":[{\"@type\":\"Article\",\"@id\":\"https:\\\/\\\/lightweb.dev\\\/l\\\/svm-temp\\\/nyheter\\\/uthyrning-av-semesterbostader-stoppas\\\/#article\",\"isPartOf\":{\"@id\":\"https:\\\/\\\/lightweb.dev\\\/l\\\/svm-temp\\\/nyheter\\\/uthyrning-av-semesterbostader-stoppas\\\/\"},\"author\":{\"name\":\"Redaktionen SvM\",\"@id\":\"https:\\\/\\\/lightweb.dev\\\/l\\\/svm-temp\\\/#\\\/schema\\\/person\\\/206a3bda5b607b0c25e1749191e4d837\"},\"headline\":\"Uthyrning av semesterbost\u00e4der stoppas\",\"datePublished\":\"2020-03-22T23:00:00+00:00\",\"mainEntityOfPage\":{\"@id\":\"https:\\\/\\\/lightweb.dev\\\/l\\\/svm-temp\\\/nyheter\\\/uthyrning-av-semesterbostader-stoppas\\\/\"},\"wordCount\":442,\"commentCount\":0,\"publisher\":{\"@id\":\"https:\\\/\\\/lightweb.dev\\\/l\\\/svm-temp\\\/#organization\"},\"image\":{\"@id\":\"https:\\\/\\\/lightweb.dev\\\/l\\\/svm-temp\\\/nyheter\\\/uthyrning-av-semesterbostader-stoppas\\\/#primaryimage\"},\"thumbnailUrl\":\"https:\\\/\\\/lightweb.dev\\\/l\\\/svm-temp\\\/wp-content\\\/uploads\\\/2022\\\/06\\\/uthyrning-av-semesterbostader-stoppas.png\",\"articleSection\":[\"Arkiv\",\"Nyheter\"],\"inLanguage\":\"sv-SE\"},{\"@type\":\"WebPage\",\"@id\":\"https:\\\/\\\/lightweb.dev\\\/l\\\/svm-temp\\\/nyheter\\\/uthyrning-av-semesterbostader-stoppas\\\/\",\"url\":\"https:\\\/\\\/lightweb.dev\\\/l\\\/svm-temp\\\/nyheter\\\/uthyrning-av-semesterbostader-stoppas\\\/\",\"name\":\"Uthyrning av semesterbost\u00e4der stoppas - Svenska Magasinet\",\"isPartOf\":{\"@id\":\"https:\\\/\\\/lightweb.dev\\\/l\\\/svm-temp\\\/#website\"},\"primaryImageOfPage\":{\"@id\":\"https:\\\/\\\/lightweb.dev\\\/l\\\/svm-temp\\\/nyheter\\\/uthyrning-av-semesterbostader-stoppas\\\/#primaryimage\"},\"image\":{\"@id\":\"https:\\\/\\\/lightweb.dev\\\/l\\\/svm-temp\\\/nyheter\\\/uthyrning-av-semesterbostader-stoppas\\\/#primaryimage\"},\"thumbnailUrl\":\"https:\\\/\\\/lightweb.dev\\\/l\\\/svm-temp\\\/wp-content\\\/uploads\\\/2022\\\/06\\\/uthyrning-av-semesterbostader-stoppas.png\",\"datePublished\":\"2020-03-22T23:00:00+00:00\",\"breadcrumb\":{\"@id\":\"https:\\\/\\\/lightweb.dev\\\/l\\\/svm-temp\\\/nyheter\\\/uthyrning-av-semesterbostader-stoppas\\\/#breadcrumb\"},\"inLanguage\":\"sv-SE\",\"potentialAction\":[{\"@type\":\"ReadAction\",\"target\":[\"https:\\\/\\\/lightweb.dev\\\/l\\\/svm-temp\\\/nyheter\\\/uthyrning-av-semesterbostader-stoppas\\\/\"]}]},{\"@type\":\"ImageObject\",\"inLanguage\":\"sv-SE\",\"@id\":\"https:\\\/\\\/lightweb.dev\\\/l\\\/svm-temp\\\/nyheter\\\/uthyrning-av-semesterbostader-stoppas\\\/#primaryimage\",\"url\":\"https:\\\/\\\/lightweb.dev\\\/l\\\/svm-temp\\\/wp-content\\\/uploads\\\/2022\\\/06\\\/uthyrning-av-semesterbostader-stoppas.png\",\"contentUrl\":\"https:\\\/\\\/lightweb.dev\\\/l\\\/svm-temp\\\/wp-content\\\/uploads\\\/2022\\\/06\\\/uthyrning-av-semesterbostader-stoppas.png\",\"width\":700,\"height\":421},{\"@type\":\"BreadcrumbList\",\"@id\":\"https:\\\/\\\/lightweb.dev\\\/l\\\/svm-temp\\\/nyheter\\\/uthyrning-av-semesterbostader-stoppas\\\/#breadcrumb\",\"itemListElement\":[{\"@type\":\"ListItem\",\"position\":1,\"name\":\"Hem\",\"item\":\"https:\\\/\\\/lightweb.dev\\\/l\\\/svm-temp\\\/\"},{\"@type\":\"ListItem\",\"position\":2,\"name\":\"Uthyrning av semesterbost\u00e4der stoppas\"}]},{\"@type\":\"WebSite\",\"@id\":\"https:\\\/\\\/lightweb.dev\\\/l\\\/svm-temp\\\/#website\",\"url\":\"https:\\\/\\\/lightweb.dev\\\/l\\\/svm-temp\\\/\",\"name\":\"Svenska Magasinet\",\"description\":\"Dina Spanska nyheter p&aring; Svenska\",\"publisher\":{\"@id\":\"https:\\\/\\\/lightweb.dev\\\/l\\\/svm-temp\\\/#organization\"},\"potentialAction\":[{\"@type\":\"SearchAction\",\"target\":{\"@type\":\"EntryPoint\",\"urlTemplate\":\"https:\\\/\\\/lightweb.dev\\\/l\\\/svm-temp\\\/?s={search_term_string}\"},\"query-input\":{\"@type\":\"PropertyValueSpecification\",\"valueRequired\":true,\"valueName\":\"search_term_string\"}}],\"inLanguage\":\"sv-SE\"},{\"@type\":\"Organization\",\"@id\":\"https:\\\/\\\/lightweb.dev\\\/l\\\/svm-temp\\\/#organization\",\"name\":\"Melkerson y Nott SL\",\"alternateName\":\"Svenska Magasinet\",\"url\":\"https:\\\/\\\/lightweb.dev\\\/l\\\/svm-temp\\\/\",\"logo\":{\"@type\":\"ImageObject\",\"inLanguage\":\"sv-SE\",\"@id\":\"https:\\\/\\\/lightweb.dev\\\/l\\\/svm-temp\\\/#\\\/schema\\\/logo\\\/image\\\/\",\"url\":\"https:\\\/\\\/lightweb.dev\\\/l\\\/svm-temp\\\/wp-content\\\/uploads\\\/2025\\\/02\\\/SvM-logo-Xtra-Centrerad-SVART.png\",\"contentUrl\":\"https:\\\/\\\/lightweb.dev\\\/l\\\/svm-temp\\\/wp-content\\\/uploads\\\/2025\\\/02\\\/SvM-logo-Xtra-Centrerad-SVART.png\",\"width\":300,\"height\":99,\"caption\":\"Melkerson y Nott SL\"},\"image\":{\"@id\":\"https:\\\/\\\/lightweb.dev\\\/l\\\/svm-temp\\\/#\\\/schema\\\/logo\\\/image\\\/\"},\"sameAs\":[\"https:\\\/\\\/www.facebook.com\\\/svenskamagasinet\",\"https:\\\/\\\/x.com\\\/SvenskaMagasine\"]},{\"@type\":\"Person\",\"@id\":\"https:\\\/\\\/lightweb.dev\\\/l\\\/svm-temp\\\/#\\\/schema\\\/person\\\/206a3bda5b607b0c25e1749191e4d837\",\"name\":\"Redaktionen SvM\",\"description\":\"Redaktionen\",\"sameAs\":[\"https:\\\/\\\/lightweb.dev\\\/l\\\/svm-temp\"],\"url\":\"https:\\\/\\\/lightweb.dev\\\/l\\\/svm-temp\\\/reporter\\\/redaktionen\\\/\"}]}<\/script>\n<!-- \/ Yoast SEO Premium plugin. -->","yoast_head_json":{"title":"Uthyrning av semesterbost\u00e4der stoppas - Svenska Magasinet","robots":{"index":"noindex","follow":"follow","max-snippet":"max-snippet:-1","max-image-preview":"max-image-preview:large","max-video-preview":"max-video-preview:-1"},"og_locale":"sv_SE","og_type":"article","og_title":"Uthyrning av semesterbost\u00e4der stoppas","og_description":"Den spanska regeringen har inf\u00f6rt ett tillf\u00e4lligt stopp n\u00e4r det g\u00e4ller uthyrning av semesterbost\u00e4der i Spanien f\u00f6r att begr\u00e4nsa risken f\u00f6r turister och bes\u00f6kare kan smittas av coronaviruset. Det nya f\u00f6rbudet g\u00e4ller fr\u00e5n den 19 mars och s\u00e5 l\u00e4nge som Spanien har utlyst nationellt n\u00f6dl\u00e4ge. Under s\u00f6ndagen kom ett beslut om att den perioden f\u00f6rl\u00e4ngs [&hellip;]","og_url":"https:\/\/lightweb.dev\/l\/svm-temp\/nyheter\/uthyrning-av-semesterbostader-stoppas\/","og_site_name":"Svenska Magasinet","article_publisher":"https:\/\/www.facebook.com\/svenskamagasinet","article_published_time":"2020-03-22T23:00:00+00:00","og_image":[{"width":700,"height":421,"url":"https:\/\/lightweb.dev\/l\/svm-temp\/wp-content\/uploads\/2022\/06\/uthyrning-av-semesterbostader-stoppas.png","type":"image\/png"}],"author":"Redaktionen SvM","twitter_card":"summary_large_image","twitter_creator":"@SvenskaMagasine","twitter_site":"@SvenskaMagasine","schema":{"@context":"https:\/\/schema.org","@graph":[{"@type":"Article","@id":"https:\/\/lightweb.dev\/l\/svm-temp\/nyheter\/uthyrning-av-semesterbostader-stoppas\/#article","isPartOf":{"@id":"https:\/\/lightweb.dev\/l\/svm-temp\/nyheter\/uthyrning-av-semesterbostader-stoppas\/"},"author":{"name":"Redaktionen SvM","@id":"https:\/\/lightweb.dev\/l\/svm-temp\/#\/schema\/person\/206a3bda5b607b0c25e1749191e4d837"},"headline":"Uthyrning av semesterbost\u00e4der stoppas","datePublished":"2020-03-22T23:00:00+00:00","mainEntityOfPage":{"@id":"https:\/\/lightweb.dev\/l\/svm-temp\/nyheter\/uthyrning-av-semesterbostader-stoppas\/"},"wordCount":442,"commentCount":0,"publisher":{"@id":"https:\/\/lightweb.dev\/l\/svm-temp\/#organization"},"image":{"@id":"https:\/\/lightweb.dev\/l\/svm-temp\/nyheter\/uthyrning-av-semesterbostader-stoppas\/#primaryimage"},"thumbnailUrl":"https:\/\/lightweb.dev\/l\/svm-temp\/wp-content\/uploads\/2022\/06\/uthyrning-av-semesterbostader-stoppas.png","articleSection":["Arkiv","Nyheter"],"inLanguage":"sv-SE"},{"@type":"WebPage","@id":"https:\/\/lightweb.dev\/l\/svm-temp\/nyheter\/uthyrning-av-semesterbostader-stoppas\/","url":"https:\/\/lightweb.dev\/l\/svm-temp\/nyheter\/uthyrning-av-semesterbostader-stoppas\/","name":"Uthyrning av semesterbost\u00e4der stoppas - Svenska Magasinet","isPartOf":{"@id":"https:\/\/lightweb.dev\/l\/svm-temp\/#website"},"primaryImageOfPage":{"@id":"https:\/\/lightweb.dev\/l\/svm-temp\/nyheter\/uthyrning-av-semesterbostader-stoppas\/#primaryimage"},"image":{"@id":"https:\/\/lightweb.dev\/l\/svm-temp\/nyheter\/uthyrning-av-semesterbostader-stoppas\/#primaryimage"},"thumbnailUrl":"https:\/\/lightweb.dev\/l\/svm-temp\/wp-content\/uploads\/2022\/06\/uthyrning-av-semesterbostader-stoppas.png","datePublished":"2020-03-22T23:00:00+00:00","breadcrumb":{"@id":"https:\/\/lightweb.dev\/l\/svm-temp\/nyheter\/uthyrning-av-semesterbostader-stoppas\/#breadcrumb"},"inLanguage":"sv-SE","potentialAction":[{"@type":"ReadAction","target":["https:\/\/lightweb.dev\/l\/svm-temp\/nyheter\/uthyrning-av-semesterbostader-stoppas\/"]}]},{"@type":"ImageObject","inLanguage":"sv-SE","@id":"https:\/\/lightweb.dev\/l\/svm-temp\/nyheter\/uthyrning-av-semesterbostader-stoppas\/#primaryimage","url":"https:\/\/lightweb.dev\/l\/svm-temp\/wp-content\/uploads\/2022\/06\/uthyrning-av-semesterbostader-stoppas.png","contentUrl":"https:\/\/lightweb.dev\/l\/svm-temp\/wp-content\/uploads\/2022\/06\/uthyrning-av-semesterbostader-stoppas.png","width":700,"height":421},{"@type":"BreadcrumbList","@id":"https:\/\/lightweb.dev\/l\/svm-temp\/nyheter\/uthyrning-av-semesterbostader-stoppas\/#breadcrumb","itemListElement":[{"@type":"ListItem","position":1,"name":"Hem","item":"https:\/\/lightweb.dev\/l\/svm-temp\/"},{"@type":"ListItem","position":2,"name":"Uthyrning av semesterbost\u00e4der stoppas"}]},{"@type":"WebSite","@id":"https:\/\/lightweb.dev\/l\/svm-temp\/#website","url":"https:\/\/lightweb.dev\/l\/svm-temp\/","name":"Svenska Magasinet","description":"Dina Spanska nyheter p&aring; Svenska","publisher":{"@id":"https:\/\/lightweb.dev\/l\/svm-temp\/#organization"},"potentialAction":[{"@type":"SearchAction","target":{"@type":"EntryPoint","urlTemplate":"https:\/\/lightweb.dev\/l\/svm-temp\/?s={search_term_string}"},"query-input":{"@type":"PropertyValueSpecification","valueRequired":true,"valueName":"search_term_string"}}],"inLanguage":"sv-SE"},{"@type":"Organization","@id":"https:\/\/lightweb.dev\/l\/svm-temp\/#organization","name":"Melkerson y Nott SL","alternateName":"Svenska Magasinet","url":"https:\/\/lightweb.dev\/l\/svm-temp\/","logo":{"@type":"ImageObject","inLanguage":"sv-SE","@id":"https:\/\/lightweb.dev\/l\/svm-temp\/#\/schema\/logo\/image\/","url":"https:\/\/lightweb.dev\/l\/svm-temp\/wp-content\/uploads\/2025\/02\/SvM-logo-Xtra-Centrerad-SVART.png","contentUrl":"https:\/\/lightweb.dev\/l\/svm-temp\/wp-content\/uploads\/2025\/02\/SvM-logo-Xtra-Centrerad-SVART.png","width":300,"height":99,"caption":"Melkerson y Nott SL"},"image":{"@id":"https:\/\/lightweb.dev\/l\/svm-temp\/#\/schema\/logo\/image\/"},"sameAs":["https:\/\/www.facebook.com\/svenskamagasinet","https:\/\/x.com\/SvenskaMagasine"]},{"@type":"Person","@id":"https:\/\/lightweb.dev\/l\/svm-temp\/#\/schema\/person\/206a3bda5b607b0c25e1749191e4d837","name":"Redaktionen SvM","description":"Redaktionen","sameAs":["https:\/\/lightweb.dev\/l\/svm-temp"],"url":"https:\/\/lightweb.dev\/l\/svm-temp\/reporter\/redaktionen\/"}]}},"_links":{"self":[{"href":"https:\/\/lightweb.dev\/l\/svm-temp\/wp-json\/wp\/v2\/posts\/14557","targetHints":{"allow":["GET"]}}],"collection":[{"href":"https:\/\/lightweb.dev\/l\/svm-temp\/wp-json\/wp\/v2\/posts"}],"about":[{"href":"https:\/\/lightweb.dev\/l\/svm-temp\/wp-json\/wp\/v2\/types\/post"}],"author":[{"embeddable":true,"href":"https:\/\/lightweb.dev\/l\/svm-temp\/wp-json\/wp\/v2\/users\/8"}],"replies":[{"embeddable":true,"href":"https:\/\/lightweb.dev\/l\/svm-temp\/wp-json\/wp\/v2\/comments?post=14557"}],"version-history":[{"count":0,"href":"https:\/\/lightweb.dev\/l\/svm-temp\/wp-json\/wp\/v2\/posts\/14557\/revisions"}],"wp:featuredmedia":[{"embeddable":true,"href":"https:\/\/lightweb.dev\/l\/svm-temp\/wp-json\/wp\/v2\/media\/14558"}],"wp:attachment":[{"href":"https:\/\/lightweb.dev\/l\/svm-temp\/wp-json\/wp\/v2\/media?parent=14557"}],"wp:term":[{"taxonomy":"category","embeddable":true,"href":"https:\/\/lightweb.dev\/l\/svm-temp\/wp-json\/wp\/v2\/categories?post=14557"},{"taxonomy":"post_tag","embeddable":true,"href":"https:\/\/lightweb.dev\/l\/svm-temp\/wp-json\/wp\/v2\/tags?post=14557"}],"curies":[{"name":"wp","href":"https:\/\/api.w.org\/{rel}","templated":true}]}}