{"id":14559,"date":"2020-03-23T00:00:00","date_gmt":"2020-03-22T23:00:00","guid":{"rendered":"https:\/\/lightweb.dev\/l\/svm-temp\/nyheter\/tillvaxttakten-av-coranafall-backar-pa-kusten\/"},"modified":"2020-03-23T00:00:00","modified_gmt":"2020-03-22T23:00:00","slug":"tillvaxttakten-av-coranafall-backar-pa-kusten","status":"publish","type":"post","link":"https:\/\/lightweb.dev\/l\/svm-temp\/nyheter\/tillvaxttakten-av-coranafall-backar-pa-kusten\/","title":{"rendered":"Tillv\u00e4xttakten av coranafall backar p\u00e5 kusten"},"content":{"rendered":"<p> Provinsen M\u00e1laga och Costa del Sol har i nul\u00e4get 505 registrerade coronafall och 24 bekr\u00e4ftade d\u00f6dsfall vilket g\u00f6r den till den mest drabbade provinsen i Andalusien. Samtidigt finns det tecken som visar att tillv\u00e4xttakten och infektionshastigheten b\u00f6rjar stabiliseras. Enligt officiella siffror fr\u00e5n Folkh\u00e4lsov\u00e5rden i Andalusien l\u00e5g \u00f6kningstakten p\u00e5 21 fler fall under s\u00f6ndagen j\u00e4mf\u00f6rt med l\u00f6rdagen. Det kan j\u00e4mf\u00f6ras med de tv\u00e5 f\u00f6reg\u00e5ende dygnen, fredag och torsdag, som registrerade 60 respektive 63 fler fall. Om det \u00e4r ett trendbrott \u00e5terst\u00e5r att se.<\/p>\n<p>91 personer i Andalusien uppges ha \u00f6vervunnit den akuta fasen av coronasmittan, vilket \u00e4r en \u00f6kning med tolv personer p\u00e5 ett dygn. De har skrivits ut fr\u00e5n sjukhuset och uppf\u00f6ljning g\u00f6rs i deras bostad.<\/p>\n<p>\u00d6kningstakten av coronavirusfall i M\u00e1laga har avtagit lite \u00e4ven om vi m\u00e5ste vara f\u00f6rsiktiga eftersom det faktiska antalet positiva troligtvis \u00e4r mycket h\u00f6gre \u00e4n vad som officiellt rapporteras. Myndigheterna r\u00e4knar med att det finns smittade personer som inte har testats f\u00f6r Covid-19.<\/p>\n<p>Regionalregeringen Junta de Andaluc\u00edas president Juanma Moreno st\u00f6der centralregeringen beslut om f\u00f6rl\u00e4ngt utlyst nationellt n\u00f6dl\u00e4ge fram till den 11 april. Han betonar behovet av att inf\u00f6ra fler tester samt sanitets- och skyddsmaterial till v\u00e5rdsektorn.<\/p>\n<p>Spaniens s\u00f6dra region \u00e4r tillsammans med Murcia de regioner som har f\u00e4rre fall av coronasmittade bland sin befolkning. Och d\u00e5 \u00e4r \u00e4nd\u00e5 Andalusien en av Spaniens mest t\u00e4tbefolkade regioner.<\/p>\n<p>Regionpresidenten Juanma Moreno st\u00f6der den spanske regeringschefen Pedro S\u00e1nchez beslut om att f\u00f6rl\u00e4nga det nationella n\u00f6dl\u00e4get fram till den 11 april. P\u00e5 onsdag v\u00e4ntar kongressen r\u00f6sta igenom beslutet.<\/p>\n<p>Moreno vill \u00e5 andra sidan se ytterligare n\u00e5gra insatser f\u00f6r att minimera riskerna f\u00f6r fortsatt smittspridning. Han vill se ett produktionsstopp i samtliga verksamheter utom viktiga samh\u00e4llsb\u00e4rande sektorer. Han kr\u00e4ver \u00e4ven st\u00e4ngning av hamnar och flygplatser f\u00f6rutom godstransporter. Dessutom en striktare kontroll vid gr\u00e4nserna, s\u00e4rskilt till Gibraltar.<\/p>\n<p>Han kan ocks\u00e5 t\u00e4nka sig att st\u00e4nga gr\u00e4nserna till de regioner i Spanien som har flest fall av corona.<\/p>\n<p>Att inf\u00f6ra fler snabbtester av corona har h\u00f6g prioritet och Juanma Moreno har riktat uppm\u00e4rksamheten p\u00e5 just detta n\u00e4r han har samtalat med Pedro S\u00e1nchez.<\/p>\n<p>Junta de Andalucia vill g\u00f6ra allm\u00e4nheten uppm\u00e4rksam p\u00e5 det snabbtest (bilden) som finns via appen SaludResponde.<\/p>\n<p>Under veckan kommer f\u00f6rhoppningsvis 2,4 miljoner skyddsmasker n\u00e5 fram f\u00f6r att distribueras inom samh\u00e4llsviktiga sektorer i Andalusien.<\/p>\n","protected":false},"excerpt":{"rendered":"<p>Provinsen M\u00e1laga och Costa del Sol har i nul\u00e4get 505 registrerade coronafall och 24 bekr\u00e4ftade d\u00f6dsfall vilket g\u00f6r den till den mest drabbade provinsen i Andalusien. Samtidigt finns det tecken som visar att tillv\u00e4xttakten och infektionshastigheten b\u00f6rjar stabiliseras. Enligt officiella siffror fr\u00e5n Folkh\u00e4lsov\u00e5rden i Andalusien l\u00e5g \u00f6kningstakten p\u00e5 21 fler fall under s\u00f6ndagen j\u00e4mf\u00f6rt med [&hellip;]<\/p>\n","protected":false},"author":8,"featured_media":14560,"comment_status":"open","ping_status":"open","sticky":false,"template":"","format":"standard","meta":{"_et_pb_use_builder":"","_et_pb_old_content":"","_et_gb_content_width":"","footnotes":""},"categories":[395,3],"tags":[],"class_list":["post-14559","post","type-post","status-publish","format-standard","has-post-thumbnail","hentry","category-arkiv-nyheter","category-nyheter"],"yoast_head":"<!-- This site is optimized with the Yoast SEO Premium plugin v26.2 (Yoast SEO v28.2) - https:\/\/yoast.com\/product\/yoast-seo-premium-wordpress\/ -->\n<title>Tillv\u00e4xttakten av coranafall backar p\u00e5 kusten - Svenska Magasinet<\/title>\n<meta name=\"robots\" content=\"noindex, follow, max-snippet:-1, max-image-preview:large, max-video-preview:-1\" \/>\n<meta property=\"og:locale\" content=\"sv_SE\" \/>\n<meta property=\"og:type\" content=\"article\" \/>\n<meta property=\"og:title\" content=\"Tillv\u00e4xttakten av coranafall backar p\u00e5 kusten\" \/>\n<meta property=\"og:description\" content=\"Provinsen M\u00e1laga och Costa del Sol har i nul\u00e4get 505 registrerade coronafall och 24 bekr\u00e4ftade d\u00f6dsfall vilket g\u00f6r den till den mest drabbade provinsen i Andalusien. Samtidigt finns det tecken som visar att tillv\u00e4xttakten och infektionshastigheten b\u00f6rjar stabiliseras. Enligt officiella siffror fr\u00e5n Folkh\u00e4lsov\u00e5rden i Andalusien l\u00e5g \u00f6kningstakten p\u00e5 21 fler fall under s\u00f6ndagen j\u00e4mf\u00f6rt med [&hellip;]\" \/>\n<meta property=\"og:url\" content=\"https:\/\/lightweb.dev\/l\/svm-temp\/nyheter\/tillvaxttakten-av-coranafall-backar-pa-kusten\/\" \/>\n<meta property=\"og:site_name\" content=\"Svenska Magasinet\" \/>\n<meta property=\"article:publisher\" content=\"https:\/\/www.facebook.com\/svenskamagasinet\" \/>\n<meta property=\"article:published_time\" content=\"2020-03-22T23:00:00+00:00\" \/>\n<meta property=\"og:image\" content=\"https:\/\/lightweb.dev\/l\/svm-temp\/wp-content\/uploads\/2022\/06\/tillvaxttakten-av-coranafall-backar-pa-kusten.png\" \/>\n\t<meta property=\"og:image:width\" content=\"700\" \/>\n\t<meta property=\"og:image:height\" content=\"420\" \/>\n\t<meta property=\"og:image:type\" content=\"image\/png\" \/>\n<meta name=\"author\" content=\"Redaktionen SvM\" \/>\n<meta name=\"twitter:card\" content=\"summary_large_image\" \/>\n<meta name=\"twitter:creator\" content=\"@SvenskaMagasine\" \/>\n<meta name=\"twitter:site\" content=\"@SvenskaMagasine\" \/>\n<script type=\"application\/ld+json\" class=\"yoast-schema-graph\">{\"@context\":\"https:\\\/\\\/schema.org\",\"@graph\":[{\"@type\":\"Article\",\"@id\":\"https:\\\/\\\/lightweb.dev\\\/l\\\/svm-temp\\\/nyheter\\\/tillvaxttakten-av-coranafall-backar-pa-kusten\\\/#article\",\"isPartOf\":{\"@id\":\"https:\\\/\\\/lightweb.dev\\\/l\\\/svm-temp\\\/nyheter\\\/tillvaxttakten-av-coranafall-backar-pa-kusten\\\/\"},\"author\":{\"name\":\"Redaktionen SvM\",\"@id\":\"https:\\\/\\\/lightweb.dev\\\/l\\\/svm-temp\\\/#\\\/schema\\\/person\\\/206a3bda5b607b0c25e1749191e4d837\"},\"headline\":\"Tillv\u00e4xttakten av coranafall backar p\u00e5 kusten\",\"datePublished\":\"2020-03-22T23:00:00+00:00\",\"mainEntityOfPage\":{\"@id\":\"https:\\\/\\\/lightweb.dev\\\/l\\\/svm-temp\\\/nyheter\\\/tillvaxttakten-av-coranafall-backar-pa-kusten\\\/\"},\"wordCount\":442,\"commentCount\":0,\"publisher\":{\"@id\":\"https:\\\/\\\/lightweb.dev\\\/l\\\/svm-temp\\\/#organization\"},\"image\":{\"@id\":\"https:\\\/\\\/lightweb.dev\\\/l\\\/svm-temp\\\/nyheter\\\/tillvaxttakten-av-coranafall-backar-pa-kusten\\\/#primaryimage\"},\"thumbnailUrl\":\"https:\\\/\\\/lightweb.dev\\\/l\\\/svm-temp\\\/wp-content\\\/uploads\\\/2022\\\/06\\\/tillvaxttakten-av-coranafall-backar-pa-kusten.png\",\"articleSection\":[\"Arkiv\",\"Nyheter\"],\"inLanguage\":\"sv-SE\"},{\"@type\":\"WebPage\",\"@id\":\"https:\\\/\\\/lightweb.dev\\\/l\\\/svm-temp\\\/nyheter\\\/tillvaxttakten-av-coranafall-backar-pa-kusten\\\/\",\"url\":\"https:\\\/\\\/lightweb.dev\\\/l\\\/svm-temp\\\/nyheter\\\/tillvaxttakten-av-coranafall-backar-pa-kusten\\\/\",\"name\":\"Tillv\u00e4xttakten av coranafall backar p\u00e5 kusten - Svenska Magasinet\",\"isPartOf\":{\"@id\":\"https:\\\/\\\/lightweb.dev\\\/l\\\/svm-temp\\\/#website\"},\"primaryImageOfPage\":{\"@id\":\"https:\\\/\\\/lightweb.dev\\\/l\\\/svm-temp\\\/nyheter\\\/tillvaxttakten-av-coranafall-backar-pa-kusten\\\/#primaryimage\"},\"image\":{\"@id\":\"https:\\\/\\\/lightweb.dev\\\/l\\\/svm-temp\\\/nyheter\\\/tillvaxttakten-av-coranafall-backar-pa-kusten\\\/#primaryimage\"},\"thumbnailUrl\":\"https:\\\/\\\/lightweb.dev\\\/l\\\/svm-temp\\\/wp-content\\\/uploads\\\/2022\\\/06\\\/tillvaxttakten-av-coranafall-backar-pa-kusten.png\",\"datePublished\":\"2020-03-22T23:00:00+00:00\",\"breadcrumb\":{\"@id\":\"https:\\\/\\\/lightweb.dev\\\/l\\\/svm-temp\\\/nyheter\\\/tillvaxttakten-av-coranafall-backar-pa-kusten\\\/#breadcrumb\"},\"inLanguage\":\"sv-SE\",\"potentialAction\":[{\"@type\":\"ReadAction\",\"target\":[\"https:\\\/\\\/lightweb.dev\\\/l\\\/svm-temp\\\/nyheter\\\/tillvaxttakten-av-coranafall-backar-pa-kusten\\\/\"]}]},{\"@type\":\"ImageObject\",\"inLanguage\":\"sv-SE\",\"@id\":\"https:\\\/\\\/lightweb.dev\\\/l\\\/svm-temp\\\/nyheter\\\/tillvaxttakten-av-coranafall-backar-pa-kusten\\\/#primaryimage\",\"url\":\"https:\\\/\\\/lightweb.dev\\\/l\\\/svm-temp\\\/wp-content\\\/uploads\\\/2022\\\/06\\\/tillvaxttakten-av-coranafall-backar-pa-kusten.png\",\"contentUrl\":\"https:\\\/\\\/lightweb.dev\\\/l\\\/svm-temp\\\/wp-content\\\/uploads\\\/2022\\\/06\\\/tillvaxttakten-av-coranafall-backar-pa-kusten.png\",\"width\":700,\"height\":420},{\"@type\":\"BreadcrumbList\",\"@id\":\"https:\\\/\\\/lightweb.dev\\\/l\\\/svm-temp\\\/nyheter\\\/tillvaxttakten-av-coranafall-backar-pa-kusten\\\/#breadcrumb\",\"itemListElement\":[{\"@type\":\"ListItem\",\"position\":1,\"name\":\"Hem\",\"item\":\"https:\\\/\\\/lightweb.dev\\\/l\\\/svm-temp\\\/\"},{\"@type\":\"ListItem\",\"position\":2,\"name\":\"Tillv\u00e4xttakten av coranafall backar p\u00e5 kusten\"}]},{\"@type\":\"WebSite\",\"@id\":\"https:\\\/\\\/lightweb.dev\\\/l\\\/svm-temp\\\/#website\",\"url\":\"https:\\\/\\\/lightweb.dev\\\/l\\\/svm-temp\\\/\",\"name\":\"Svenska Magasinet\",\"description\":\"Dina Spanska nyheter p&aring; Svenska\",\"publisher\":{\"@id\":\"https:\\\/\\\/lightweb.dev\\\/l\\\/svm-temp\\\/#organization\"},\"potentialAction\":[{\"@type\":\"SearchAction\",\"target\":{\"@type\":\"EntryPoint\",\"urlTemplate\":\"https:\\\/\\\/lightweb.dev\\\/l\\\/svm-temp\\\/?s={search_term_string}\"},\"query-input\":{\"@type\":\"PropertyValueSpecification\",\"valueRequired\":true,\"valueName\":\"search_term_string\"}}],\"inLanguage\":\"sv-SE\"},{\"@type\":\"Organization\",\"@id\":\"https:\\\/\\\/lightweb.dev\\\/l\\\/svm-temp\\\/#organization\",\"name\":\"Melkerson y Nott SL\",\"alternateName\":\"Svenska Magasinet\",\"url\":\"https:\\\/\\\/lightweb.dev\\\/l\\\/svm-temp\\\/\",\"logo\":{\"@type\":\"ImageObject\",\"inLanguage\":\"sv-SE\",\"@id\":\"https:\\\/\\\/lightweb.dev\\\/l\\\/svm-temp\\\/#\\\/schema\\\/logo\\\/image\\\/\",\"url\":\"https:\\\/\\\/lightweb.dev\\\/l\\\/svm-temp\\\/wp-content\\\/uploads\\\/2025\\\/02\\\/SvM-logo-Xtra-Centrerad-SVART.png\",\"contentUrl\":\"https:\\\/\\\/lightweb.dev\\\/l\\\/svm-temp\\\/wp-content\\\/uploads\\\/2025\\\/02\\\/SvM-logo-Xtra-Centrerad-SVART.png\",\"width\":300,\"height\":99,\"caption\":\"Melkerson y Nott SL\"},\"image\":{\"@id\":\"https:\\\/\\\/lightweb.dev\\\/l\\\/svm-temp\\\/#\\\/schema\\\/logo\\\/image\\\/\"},\"sameAs\":[\"https:\\\/\\\/www.facebook.com\\\/svenskamagasinet\",\"https:\\\/\\\/x.com\\\/SvenskaMagasine\"]},{\"@type\":\"Person\",\"@id\":\"https:\\\/\\\/lightweb.dev\\\/l\\\/svm-temp\\\/#\\\/schema\\\/person\\\/206a3bda5b607b0c25e1749191e4d837\",\"name\":\"Redaktionen SvM\",\"description\":\"Redaktionen\",\"sameAs\":[\"https:\\\/\\\/lightweb.dev\\\/l\\\/svm-temp\"],\"url\":\"https:\\\/\\\/lightweb.dev\\\/l\\\/svm-temp\\\/reporter\\\/redaktionen\\\/\"}]}<\/script>\n<!-- \/ Yoast SEO Premium plugin. -->","yoast_head_json":{"title":"Tillv\u00e4xttakten av coranafall backar p\u00e5 kusten - Svenska Magasinet","robots":{"index":"noindex","follow":"follow","max-snippet":"max-snippet:-1","max-image-preview":"max-image-preview:large","max-video-preview":"max-video-preview:-1"},"og_locale":"sv_SE","og_type":"article","og_title":"Tillv\u00e4xttakten av coranafall backar p\u00e5 kusten","og_description":"Provinsen M\u00e1laga och Costa del Sol har i nul\u00e4get 505 registrerade coronafall och 24 bekr\u00e4ftade d\u00f6dsfall vilket g\u00f6r den till den mest drabbade provinsen i Andalusien. Samtidigt finns det tecken som visar att tillv\u00e4xttakten och infektionshastigheten b\u00f6rjar stabiliseras. Enligt officiella siffror fr\u00e5n Folkh\u00e4lsov\u00e5rden i Andalusien l\u00e5g \u00f6kningstakten p\u00e5 21 fler fall under s\u00f6ndagen j\u00e4mf\u00f6rt med [&hellip;]","og_url":"https:\/\/lightweb.dev\/l\/svm-temp\/nyheter\/tillvaxttakten-av-coranafall-backar-pa-kusten\/","og_site_name":"Svenska Magasinet","article_publisher":"https:\/\/www.facebook.com\/svenskamagasinet","article_published_time":"2020-03-22T23:00:00+00:00","og_image":[{"width":700,"height":420,"url":"https:\/\/lightweb.dev\/l\/svm-temp\/wp-content\/uploads\/2022\/06\/tillvaxttakten-av-coranafall-backar-pa-kusten.png","type":"image\/png"}],"author":"Redaktionen SvM","twitter_card":"summary_large_image","twitter_creator":"@SvenskaMagasine","twitter_site":"@SvenskaMagasine","schema":{"@context":"https:\/\/schema.org","@graph":[{"@type":"Article","@id":"https:\/\/lightweb.dev\/l\/svm-temp\/nyheter\/tillvaxttakten-av-coranafall-backar-pa-kusten\/#article","isPartOf":{"@id":"https:\/\/lightweb.dev\/l\/svm-temp\/nyheter\/tillvaxttakten-av-coranafall-backar-pa-kusten\/"},"author":{"name":"Redaktionen SvM","@id":"https:\/\/lightweb.dev\/l\/svm-temp\/#\/schema\/person\/206a3bda5b607b0c25e1749191e4d837"},"headline":"Tillv\u00e4xttakten av coranafall backar p\u00e5 kusten","datePublished":"2020-03-22T23:00:00+00:00","mainEntityOfPage":{"@id":"https:\/\/lightweb.dev\/l\/svm-temp\/nyheter\/tillvaxttakten-av-coranafall-backar-pa-kusten\/"},"wordCount":442,"commentCount":0,"publisher":{"@id":"https:\/\/lightweb.dev\/l\/svm-temp\/#organization"},"image":{"@id":"https:\/\/lightweb.dev\/l\/svm-temp\/nyheter\/tillvaxttakten-av-coranafall-backar-pa-kusten\/#primaryimage"},"thumbnailUrl":"https:\/\/lightweb.dev\/l\/svm-temp\/wp-content\/uploads\/2022\/06\/tillvaxttakten-av-coranafall-backar-pa-kusten.png","articleSection":["Arkiv","Nyheter"],"inLanguage":"sv-SE"},{"@type":"WebPage","@id":"https:\/\/lightweb.dev\/l\/svm-temp\/nyheter\/tillvaxttakten-av-coranafall-backar-pa-kusten\/","url":"https:\/\/lightweb.dev\/l\/svm-temp\/nyheter\/tillvaxttakten-av-coranafall-backar-pa-kusten\/","name":"Tillv\u00e4xttakten av coranafall backar p\u00e5 kusten - Svenska Magasinet","isPartOf":{"@id":"https:\/\/lightweb.dev\/l\/svm-temp\/#website"},"primaryImageOfPage":{"@id":"https:\/\/lightweb.dev\/l\/svm-temp\/nyheter\/tillvaxttakten-av-coranafall-backar-pa-kusten\/#primaryimage"},"image":{"@id":"https:\/\/lightweb.dev\/l\/svm-temp\/nyheter\/tillvaxttakten-av-coranafall-backar-pa-kusten\/#primaryimage"},"thumbnailUrl":"https:\/\/lightweb.dev\/l\/svm-temp\/wp-content\/uploads\/2022\/06\/tillvaxttakten-av-coranafall-backar-pa-kusten.png","datePublished":"2020-03-22T23:00:00+00:00","breadcrumb":{"@id":"https:\/\/lightweb.dev\/l\/svm-temp\/nyheter\/tillvaxttakten-av-coranafall-backar-pa-kusten\/#breadcrumb"},"inLanguage":"sv-SE","potentialAction":[{"@type":"ReadAction","target":["https:\/\/lightweb.dev\/l\/svm-temp\/nyheter\/tillvaxttakten-av-coranafall-backar-pa-kusten\/"]}]},{"@type":"ImageObject","inLanguage":"sv-SE","@id":"https:\/\/lightweb.dev\/l\/svm-temp\/nyheter\/tillvaxttakten-av-coranafall-backar-pa-kusten\/#primaryimage","url":"https:\/\/lightweb.dev\/l\/svm-temp\/wp-content\/uploads\/2022\/06\/tillvaxttakten-av-coranafall-backar-pa-kusten.png","contentUrl":"https:\/\/lightweb.dev\/l\/svm-temp\/wp-content\/uploads\/2022\/06\/tillvaxttakten-av-coranafall-backar-pa-kusten.png","width":700,"height":420},{"@type":"BreadcrumbList","@id":"https:\/\/lightweb.dev\/l\/svm-temp\/nyheter\/tillvaxttakten-av-coranafall-backar-pa-kusten\/#breadcrumb","itemListElement":[{"@type":"ListItem","position":1,"name":"Hem","item":"https:\/\/lightweb.dev\/l\/svm-temp\/"},{"@type":"ListItem","position":2,"name":"Tillv\u00e4xttakten av coranafall backar p\u00e5 kusten"}]},{"@type":"WebSite","@id":"https:\/\/lightweb.dev\/l\/svm-temp\/#website","url":"https:\/\/lightweb.dev\/l\/svm-temp\/","name":"Svenska Magasinet","description":"Dina Spanska nyheter p&aring; Svenska","publisher":{"@id":"https:\/\/lightweb.dev\/l\/svm-temp\/#organization"},"potentialAction":[{"@type":"SearchAction","target":{"@type":"EntryPoint","urlTemplate":"https:\/\/lightweb.dev\/l\/svm-temp\/?s={search_term_string}"},"query-input":{"@type":"PropertyValueSpecification","valueRequired":true,"valueName":"search_term_string"}}],"inLanguage":"sv-SE"},{"@type":"Organization","@id":"https:\/\/lightweb.dev\/l\/svm-temp\/#organization","name":"Melkerson y Nott SL","alternateName":"Svenska Magasinet","url":"https:\/\/lightweb.dev\/l\/svm-temp\/","logo":{"@type":"ImageObject","inLanguage":"sv-SE","@id":"https:\/\/lightweb.dev\/l\/svm-temp\/#\/schema\/logo\/image\/","url":"https:\/\/lightweb.dev\/l\/svm-temp\/wp-content\/uploads\/2025\/02\/SvM-logo-Xtra-Centrerad-SVART.png","contentUrl":"https:\/\/lightweb.dev\/l\/svm-temp\/wp-content\/uploads\/2025\/02\/SvM-logo-Xtra-Centrerad-SVART.png","width":300,"height":99,"caption":"Melkerson y Nott SL"},"image":{"@id":"https:\/\/lightweb.dev\/l\/svm-temp\/#\/schema\/logo\/image\/"},"sameAs":["https:\/\/www.facebook.com\/svenskamagasinet","https:\/\/x.com\/SvenskaMagasine"]},{"@type":"Person","@id":"https:\/\/lightweb.dev\/l\/svm-temp\/#\/schema\/person\/206a3bda5b607b0c25e1749191e4d837","name":"Redaktionen SvM","description":"Redaktionen","sameAs":["https:\/\/lightweb.dev\/l\/svm-temp"],"url":"https:\/\/lightweb.dev\/l\/svm-temp\/reporter\/redaktionen\/"}]}},"_links":{"self":[{"href":"https:\/\/lightweb.dev\/l\/svm-temp\/wp-json\/wp\/v2\/posts\/14559","targetHints":{"allow":["GET"]}}],"collection":[{"href":"https:\/\/lightweb.dev\/l\/svm-temp\/wp-json\/wp\/v2\/posts"}],"about":[{"href":"https:\/\/lightweb.dev\/l\/svm-temp\/wp-json\/wp\/v2\/types\/post"}],"author":[{"embeddable":true,"href":"https:\/\/lightweb.dev\/l\/svm-temp\/wp-json\/wp\/v2\/users\/8"}],"replies":[{"embeddable":true,"href":"https:\/\/lightweb.dev\/l\/svm-temp\/wp-json\/wp\/v2\/comments?post=14559"}],"version-history":[{"count":0,"href":"https:\/\/lightweb.dev\/l\/svm-temp\/wp-json\/wp\/v2\/posts\/14559\/revisions"}],"wp:featuredmedia":[{"embeddable":true,"href":"https:\/\/lightweb.dev\/l\/svm-temp\/wp-json\/wp\/v2\/media\/14560"}],"wp:attachment":[{"href":"https:\/\/lightweb.dev\/l\/svm-temp\/wp-json\/wp\/v2\/media?parent=14559"}],"wp:term":[{"taxonomy":"category","embeddable":true,"href":"https:\/\/lightweb.dev\/l\/svm-temp\/wp-json\/wp\/v2\/categories?post=14559"},{"taxonomy":"post_tag","embeddable":true,"href":"https:\/\/lightweb.dev\/l\/svm-temp\/wp-json\/wp\/v2\/tags?post=14559"}],"curies":[{"name":"wp","href":"https:\/\/api.w.org\/{rel}","templated":true}]}}